{"id":100842,"date":"2016-11-05T18:26:11","date_gmt":"2016-11-05T17:26:11","guid":{"rendered":"http:\/\/www.visit-ulcinj.com\/blog\/?p=100842"},"modified":"2016-11-05T18:26:11","modified_gmt":"2016-11-05T17:26:11","slug":"cungu-cekamo-zvanicnu-ponudu-opozicije","status":"publish","type":"post","link":"https:\/\/www.visit-ulcinj.com\/blog\/2016\/11\/05\/cungu-cekamo-zvanicnu-ponudu-opozicije\/","title":{"rendered":"Cungu: \u010cekamo zvani\u010dnu ponudu opozicije"},"content":{"rendered":"<p><a href=\"http:\/\/www.visit-ulcinj.com\/blog\/wp-content\/uploads\/2016\/10\/Nazif-Cungu-Forca.jpg\"><img loading=\"lazy\" class=\"alignleft wp-image-100570\" src=\"http:\/\/www.visit-ulcinj.com\/blog\/wp-content\/uploads\/2016\/10\/Nazif-Cungu-Forca.jpg\" alt=\"Nazif-Cungu-Forca\" width=\"508\" height=\"339\" srcset=\"https:\/\/www.visit-ulcinj.com\/blog\/wp-content\/uploads\/2016\/10\/Nazif-Cungu-Forca.jpg 960w, https:\/\/www.visit-ulcinj.com\/blog\/wp-content\/uploads\/2016\/10\/Nazif-Cungu-Forca-300x200.jpg 300w, https:\/\/www.visit-ulcinj.com\/blog\/wp-content\/uploads\/2016\/10\/Nazif-Cungu-Forca-768x512.jpg 768w\" sizes=\"(max-width: 508px) 100vw, 508px\" \/><\/a>Predstavnici koalicija Albanci odlu\u010dno \u010dekaju ponudu opozicije za razgovore o formiranju vlasti na dr\u017eavnom nivou, ali o njoj sino\u0107 nijesu raspravljali, jer nije zvani\u010dno poslata, saop\u0161tio je predstavnik te koalicije, Nazif Cungu.<\/p>\n<p>&#8220;Nikakvu ponudu ili poziv za razgovore od opozicije nijesmo dobili. O\u010deklivali smo tokom dana da \u0107e poziv sti\u0107i, ali ni\u0161ta nijesmo dobili. Zbog toga na sastanku \u010dlanica koalicije Albanci odlu\u010dno nijesmo ni mogli razgovarati o ponudi opozicije&#8221;, rekao je Cungu za Dan.<\/p>\n<p>O tome, kako je rekao, znaju samo na osnovu onog \u0161to su saznali iz medija.<\/p>\n<p>&#8220;Kad dobijemo zvani\u010dnu ponudu, odnosno poziv, onda \u0107emo se izjasniti&#8221;, rekao je Cungu, navode\u0107i po planu ide i priprema zajedni\u010dke platforme manjinskih stranaka.<\/p>\n<p>TVCG<\/p>\n","protected":false},"excerpt":{"rendered":"<p>Predstavnici koalicija Albanci odlu\u010dno \u010dekaju ponudu opozicije za razgovore o formiranju vlasti na dr\u017eavnom nivou, ali o njoj sino\u0107 nijesu raspravljali, jer nije zvani\u010dno poslata, saop\u0161tio je predstavnik te koalicije, Nazif Cungu. &#8220;Nikakvu ponudu ili poziv za razgovore od opozicije nijesmo dobili. O\u010deklivali smo tokom dana da \u0107e poziv sti\u0107i, ali ni\u0161ta nijesmo dobili. Zbog [&hellip;]<\/p>\n","protected":false},"author":1,"featured_media":0,"comment_status":"closed","ping_status":"closed","sticky":false,"template":"","format":"standard","meta":{"spay_email":"","jetpack_publicize_message":"","jetpack_is_tweetstorm":false,"jetpack_publicize_feature_enabled":true},"categories":[6950],"tags":[],"jetpack_publicize_connections":[],"yoast_head":"<!-- This site is optimized with the Yoast SEO plugin v19.1 - https:\/\/yoast.com\/wordpress\/plugins\/seo\/ -->\n<title>Cungu: \u010cekamo zvani\u010dnu ponudu opozicije - Lajme nga Ulqini<\/title>\n<meta name=\"description\" content=\"Predstavnici koalicija Albanci odlu\u010dno \u010dekaju ponudu opozicije za razgovore o formiranju vlasti na dr\u017eavnom nivou, ali o njoj sino\u0107 nijesu raspravljali,\" \/>\n<meta name=\"robots\" content=\"index, follow, max-snippet:-1, max-image-preview:large, max-video-preview:-1\" \/>\n<link rel=\"canonical\" href=\"https:\/\/www.visit-ulcinj.com\/blog\/2016\/11\/05\/cungu-cekamo-zvanicnu-ponudu-opozicije\/\" \/>\n<meta property=\"og:locale\" content=\"en_US\" \/>\n<meta property=\"og:type\" content=\"article\" \/>\n<meta property=\"og:title\" content=\"Cungu: \u010cekamo zvani\u010dnu ponudu opozicije - Lajme nga Ulqini\" \/>\n<meta property=\"og:description\" content=\"Predstavnici koalicija Albanci odlu\u010dno \u010dekaju ponudu opozicije za razgovore o formiranju vlasti na dr\u017eavnom nivou, ali o njoj sino\u0107 nijesu raspravljali,\" \/>\n<meta property=\"og:url\" content=\"https:\/\/www.visit-ulcinj.com\/blog\/2016\/11\/05\/cungu-cekamo-zvanicnu-ponudu-opozicije\/\" \/>\n<meta property=\"og:site_name\" content=\"Lajme nga Ulqini\" \/>\n<meta property=\"article:published_time\" content=\"2016-11-05T17:26:11+00:00\" \/>\n<meta property=\"og:image\" content=\"http:\/\/www.visit-ulcinj.com\/blog\/wp-content\/uploads\/2016\/10\/Nazif-Cungu-Forca.jpg\" \/>\n<meta name=\"twitter:label1\" content=\"Written by\" \/>\n\t<meta name=\"twitter:data1\" content=\"ulqini\" \/>\n\t<meta name=\"twitter:label2\" content=\"Est. reading time\" \/>\n\t<meta name=\"twitter:data2\" content=\"1 minute\" \/>\n<script type=\"application\/ld+json\" class=\"yoast-schema-graph\">{\"@context\":\"https:\/\/schema.org\",\"@graph\":[{\"@type\":\"WebSite\",\"@id\":\"https:\/\/www.visit-ulcinj.com\/blog\/#website\",\"url\":\"https:\/\/www.visit-ulcinj.com\/blog\/\",\"name\":\"Lajme nga Ulqini\",\"description\":\"Lajme,Vijesti,Ulqini,Ulqin,Crna Gora,Mali i Zi\",\"potentialAction\":[{\"@type\":\"SearchAction\",\"target\":{\"@type\":\"EntryPoint\",\"urlTemplate\":\"https:\/\/www.visit-ulcinj.com\/blog\/?s={search_term_string}\"},\"query-input\":\"required name=search_term_string\"}],\"inLanguage\":\"en-US\"},{\"@type\":\"ImageObject\",\"inLanguage\":\"en-US\",\"@id\":\"https:\/\/www.visit-ulcinj.com\/blog\/2016\/11\/05\/cungu-cekamo-zvanicnu-ponudu-opozicije\/#primaryimage\",\"url\":\"https:\/\/www.visit-ulcinj.com\/blog\/wp-content\/uploads\/2016\/10\/Nazif-Cungu-Forca.jpg\",\"contentUrl\":\"https:\/\/www.visit-ulcinj.com\/blog\/wp-content\/uploads\/2016\/10\/Nazif-Cungu-Forca.jpg\",\"width\":960,\"height\":640},{\"@type\":\"WebPage\",\"@id\":\"https:\/\/www.visit-ulcinj.com\/blog\/2016\/11\/05\/cungu-cekamo-zvanicnu-ponudu-opozicije\/#webpage\",\"url\":\"https:\/\/www.visit-ulcinj.com\/blog\/2016\/11\/05\/cungu-cekamo-zvanicnu-ponudu-opozicije\/\",\"name\":\"Cungu: \u010cekamo zvani\u010dnu ponudu opozicije - Lajme nga Ulqini\",\"isPartOf\":{\"@id\":\"https:\/\/www.visit-ulcinj.com\/blog\/#website\"},\"primaryImageOfPage\":{\"@id\":\"https:\/\/www.visit-ulcinj.com\/blog\/2016\/11\/05\/cungu-cekamo-zvanicnu-ponudu-opozicije\/#primaryimage\"},\"datePublished\":\"2016-11-05T17:26:11+00:00\",\"dateModified\":\"2016-11-05T17:26:11+00:00\",\"author\":{\"@id\":\"https:\/\/www.visit-ulcinj.com\/blog\/#\/schema\/person\/dcab619c614d3038751c63bc2aadc06d\"},\"description\":\"Predstavnici koalicija Albanci odlu\u010dno \u010dekaju ponudu opozicije za razgovore o formiranju vlasti na dr\u017eavnom nivou, ali o njoj sino\u0107 nijesu raspravljali,\",\"breadcrumb\":{\"@id\":\"https:\/\/www.visit-ulcinj.com\/blog\/2016\/11\/05\/cungu-cekamo-zvanicnu-ponudu-opozicije\/#breadcrumb\"},\"inLanguage\":\"en-US\",\"potentialAction\":[{\"@type\":\"ReadAction\",\"target\":[\"https:\/\/www.visit-ulcinj.com\/blog\/2016\/11\/05\/cungu-cekamo-zvanicnu-ponudu-opozicije\/\"]}]},{\"@type\":\"BreadcrumbList\",\"@id\":\"https:\/\/www.visit-ulcinj.com\/blog\/2016\/11\/05\/cungu-cekamo-zvanicnu-ponudu-opozicije\/#breadcrumb\",\"itemListElement\":[{\"@type\":\"ListItem\",\"position\":1,\"name\":\"Cungu: \u010cekamo zvani\u010dnu ponudu opozicije\"}]},{\"@type\":\"Person\",\"@id\":\"https:\/\/www.visit-ulcinj.com\/blog\/#\/schema\/person\/dcab619c614d3038751c63bc2aadc06d\",\"name\":\"ulqini\",\"sameAs\":[\"http:\/\/www.visit-ulcinj.com\"],\"url\":\"https:\/\/www.visit-ulcinj.com\/blog\/author\/admin\/\"}]}<\/script>\n<!-- \/ Yoast SEO plugin. -->","yoast_head_json":{"title":"Cungu: \u010cekamo zvani\u010dnu ponudu opozicije - Lajme nga Ulqini","description":"Predstavnici koalicija Albanci odlu\u010dno \u010dekaju ponudu opozicije za razgovore o formiranju vlasti na dr\u017eavnom nivou, ali o njoj sino\u0107 nijesu raspravljali,","robots":{"index":"index","follow":"follow","max-snippet":"max-snippet:-1","max-image-preview":"max-image-preview:large","max-video-preview":"max-video-preview:-1"},"canonical":"https:\/\/www.visit-ulcinj.com\/blog\/2016\/11\/05\/cungu-cekamo-zvanicnu-ponudu-opozicije\/","og_locale":"en_US","og_type":"article","og_title":"Cungu: \u010cekamo zvani\u010dnu ponudu opozicije - Lajme nga Ulqini","og_description":"Predstavnici koalicija Albanci odlu\u010dno \u010dekaju ponudu opozicije za razgovore o formiranju vlasti na dr\u017eavnom nivou, ali o njoj sino\u0107 nijesu raspravljali,","og_url":"https:\/\/www.visit-ulcinj.com\/blog\/2016\/11\/05\/cungu-cekamo-zvanicnu-ponudu-opozicije\/","og_site_name":"Lajme nga Ulqini","article_published_time":"2016-11-05T17:26:11+00:00","og_image":[{"url":"http:\/\/www.visit-ulcinj.com\/blog\/wp-content\/uploads\/2016\/10\/Nazif-Cungu-Forca.jpg"}],"twitter_misc":{"Written by":"ulqini","Est. reading time":"1 minute"},"schema":{"@context":"https:\/\/schema.org","@graph":[{"@type":"WebSite","@id":"https:\/\/www.visit-ulcinj.com\/blog\/#website","url":"https:\/\/www.visit-ulcinj.com\/blog\/","name":"Lajme nga Ulqini","description":"Lajme,Vijesti,Ulqini,Ulqin,Crna Gora,Mali i Zi","potentialAction":[{"@type":"SearchAction","target":{"@type":"EntryPoint","urlTemplate":"https:\/\/www.visit-ulcinj.com\/blog\/?s={search_term_string}"},"query-input":"required name=search_term_string"}],"inLanguage":"en-US"},{"@type":"ImageObject","inLanguage":"en-US","@id":"https:\/\/www.visit-ulcinj.com\/blog\/2016\/11\/05\/cungu-cekamo-zvanicnu-ponudu-opozicije\/#primaryimage","url":"https:\/\/www.visit-ulcinj.com\/blog\/wp-content\/uploads\/2016\/10\/Nazif-Cungu-Forca.jpg","contentUrl":"https:\/\/www.visit-ulcinj.com\/blog\/wp-content\/uploads\/2016\/10\/Nazif-Cungu-Forca.jpg","width":960,"height":640},{"@type":"WebPage","@id":"https:\/\/www.visit-ulcinj.com\/blog\/2016\/11\/05\/cungu-cekamo-zvanicnu-ponudu-opozicije\/#webpage","url":"https:\/\/www.visit-ulcinj.com\/blog\/2016\/11\/05\/cungu-cekamo-zvanicnu-ponudu-opozicije\/","name":"Cungu: \u010cekamo zvani\u010dnu ponudu opozicije - Lajme nga Ulqini","isPartOf":{"@id":"https:\/\/www.visit-ulcinj.com\/blog\/#website"},"primaryImageOfPage":{"@id":"https:\/\/www.visit-ulcinj.com\/blog\/2016\/11\/05\/cungu-cekamo-zvanicnu-ponudu-opozicije\/#primaryimage"},"datePublished":"2016-11-05T17:26:11+00:00","dateModified":"2016-11-05T17:26:11+00:00","author":{"@id":"https:\/\/www.visit-ulcinj.com\/blog\/#\/schema\/person\/dcab619c614d3038751c63bc2aadc06d"},"description":"Predstavnici koalicija Albanci odlu\u010dno \u010dekaju ponudu opozicije za razgovore o formiranju vlasti na dr\u017eavnom nivou, ali o njoj sino\u0107 nijesu raspravljali,","breadcrumb":{"@id":"https:\/\/www.visit-ulcinj.com\/blog\/2016\/11\/05\/cungu-cekamo-zvanicnu-ponudu-opozicije\/#breadcrumb"},"inLanguage":"en-US","potentialAction":[{"@type":"ReadAction","target":["https:\/\/www.visit-ulcinj.com\/blog\/2016\/11\/05\/cungu-cekamo-zvanicnu-ponudu-opozicije\/"]}]},{"@type":"BreadcrumbList","@id":"https:\/\/www.visit-ulcinj.com\/blog\/2016\/11\/05\/cungu-cekamo-zvanicnu-ponudu-opozicije\/#breadcrumb","itemListElement":[{"@type":"ListItem","position":1,"name":"Cungu: \u010cekamo zvani\u010dnu ponudu opozicije"}]},{"@type":"Person","@id":"https:\/\/www.visit-ulcinj.com\/blog\/#\/schema\/person\/dcab619c614d3038751c63bc2aadc06d","name":"ulqini","sameAs":["http:\/\/www.visit-ulcinj.com"],"url":"https:\/\/www.visit-ulcinj.com\/blog\/author\/admin\/"}]}},"jetpack_featured_media_url":"","jetpack_sharing_enabled":true,"jetpack_shortlink":"https:\/\/wp.me\/pe6lTn-qeu","_links":{"self":[{"href":"https:\/\/www.visit-ulcinj.com\/blog\/wp-json\/wp\/v2\/posts\/100842"}],"collection":[{"href":"https:\/\/www.visit-ulcinj.com\/blog\/wp-json\/wp\/v2\/posts"}],"about":[{"href":"https:\/\/www.visit-ulcinj.com\/blog\/wp-json\/wp\/v2\/types\/post"}],"author":[{"embeddable":true,"href":"https:\/\/www.visit-ulcinj.com\/blog\/wp-json\/wp\/v2\/users\/1"}],"replies":[{"embeddable":true,"href":"https:\/\/www.visit-ulcinj.com\/blog\/wp-json\/wp\/v2\/comments?post=100842"}],"version-history":[{"count":1,"href":"https:\/\/www.visit-ulcinj.com\/blog\/wp-json\/wp\/v2\/posts\/100842\/revisions"}],"predecessor-version":[{"id":100843,"href":"https:\/\/www.visit-ulcinj.com\/blog\/wp-json\/wp\/v2\/posts\/100842\/revisions\/100843"}],"wp:attachment":[{"href":"https:\/\/www.visit-ulcinj.com\/blog\/wp-json\/wp\/v2\/media?parent=100842"}],"wp:term":[{"taxonomy":"category","embeddable":true,"href":"https:\/\/www.visit-ulcinj.com\/blog\/wp-json\/wp\/v2\/categories?post=100842"},{"taxonomy":"post_tag","embeddable":true,"href":"https:\/\/www.visit-ulcinj.com\/blog\/wp-json\/wp\/v2\/tags?post=100842"}],"curies":[{"name":"wp","href":"https:\/\/api.w.org\/{rel}","templated":true}]}}