{"id":100844,"date":"2016-11-05T18:42:26","date_gmt":"2016-11-05T17:42:26","guid":{"rendered":"http:\/\/www.visit-ulcinj.com\/blog\/?p=100844"},"modified":"2016-11-05T18:42:26","modified_gmt":"2016-11-05T17:42:26","slug":"interviste-mark-gjonaj-dhe-pritshmerite-e-takimit-per-diasporen","status":"publish","type":"post","link":"https:\/\/www.visit-ulcinj.com\/blog\/2016\/11\/05\/interviste-mark-gjonaj-dhe-pritshmerite-e-takimit-per-diasporen\/","title":{"rendered":"Intervist\u00eb me Mark Gjonaj, dhe pritshm\u00ebrit\u00eb e takimit p\u00ebr diaspor\u00ebn"},"content":{"rendered":"<p><a href=\"http:\/\/www.visit-ulcinj.com\/blog\/wp-content\/uploads\/2016\/11\/Intervist\u00eb-me-Mark-Gjonaj.jpg\"><img loading=\"lazy\" class=\"alignleft wp-image-100845\" src=\"http:\/\/www.visit-ulcinj.com\/blog\/wp-content\/uploads\/2016\/11\/Intervist\u00eb-me-Mark-Gjonaj.jpg\" alt=\"Intervist\u00eb me Mark Gjonaj\" width=\"508\" height=\"364\" srcset=\"https:\/\/www.visit-ulcinj.com\/blog\/wp-content\/uploads\/2016\/11\/Intervist\u00eb-me-Mark-Gjonaj.jpg 774w, https:\/\/www.visit-ulcinj.com\/blog\/wp-content\/uploads\/2016\/11\/Intervist\u00eb-me-Mark-Gjonaj-300x215.jpg 300w, https:\/\/www.visit-ulcinj.com\/blog\/wp-content\/uploads\/2016\/11\/Intervist\u00eb-me-Mark-Gjonaj-768x551.jpg 768w\" sizes=\"(max-width: 508px) 100vw, 508px\" \/><\/a>M\u00eb 18 n\u00ebntor qeveria shqiptare do t\u00eb organizoj\u00eb n\u00eb Tiran\u00eb takimin e diasporave shqiptare nga mbar\u00eb bota, me synimin p\u00ebr t\u00eb forcuar lidhjet dhe shtuar ndihmes\u00ebn e diaspor\u00ebs p\u00ebr atdheun e origjin\u00ebs.<\/p>\n<p>An\u00ebtari i asambles\u00eb s\u00eb Nju Jorkut, Mark Gjonaj, do t\u00eb jet\u00eb nj\u00eb prej atyre q\u00eb do t\u00eb marrin pjes\u00eb n\u00eb takim. N\u00eb nj\u00eb intervist\u00eb p\u00ebr Z\u00ebrin e Amerik\u00ebs, ligjven\u00ebsi Gjonaj flet p\u00ebr pritshm\u00ebrit\u00eb dhe propozimet q\u00eb i ka paraqitur qeveris\u00eb shqiptare p\u00ebr t\u00eb angazhuar diaspor\u00ebn.<\/p>\n<div class=\"body-container\">\n<div class=\"row\">\n<div class=\"col-xs-12 col-sm-12 col-md-10 col-lg-10 pull-right\">\n<div class=\"row\">\n<div class=\"col-xs-12 col-sm-12 col-md-8 col-lg-8 pull-left bottom-offset content-offset\">\n<div>\n<div class=\"wysiwyg\">\n<p><strong>Z\u00ebri i Amerik\u00ebs:<\/strong> Zoti Gjonaj pas pak dit\u00ebsh qeveria shqiptare do t\u00eb organizoj\u00eb nj\u00eb takim me pjes\u00ebmarrjen e diaspor\u00ebs shqiptare nga mbar\u00eb bota. Ju do t\u00eb merrni pjes\u00eb n\u00eb t\u00eb. Cila \u00ebsht\u00eb pritshm\u00ebria juaj nga takimi?<\/p>\n<p><strong>Mark Gjonaj: <\/strong>Jam i k\u00ebnaqur q\u00eb ky \u00ebsht\u00eb takimi i par\u00eb p\u00ebr disapor\u00ebn shqiptare. N\u00eb se quhet samiti i diaspor\u00ebs, i emigrant\u00ebve, ose thjesht samiti i shqiptar\u00ebve, un\u00eb ndihem i inkurajuar nga mund\u00ebsit\u00eb q\u00eb mund t\u00eb ofroj\u00eb ky takim. S\u00eb pari un\u00eb pres q\u00eb qeveria e Shqip\u00ebris\u00eb, udh\u00ebheq\u00ebsit e saj t\u00eb njohin dhe pranojn\u00eb sakrificat e diaspor\u00ebs, faktin q\u00eb kjo diaspor\u00eb ka ruajtur gjuh\u00ebn, traditat, kultur\u00ebn, duke mbajtur t\u00eb gjall\u00eb identitetin ton\u00eb n\u00eb vendet q\u00eb jan\u00eb atdheu yn\u00eb i dyt\u00eb.<\/p>\n<p><strong>Z\u00ebri i Amerik\u00ebs: <\/strong>Z\u00ebri i Amerik\u00ebs, pyeti edhe ambasadorin amerikan n\u00eb Tiran\u00eb, Donald Lu p\u00ebr rolin q\u00eb mund t\u00eb luajn\u00eb shqiptaro-amerikan\u00ebt, se si diaspora mund t\u00eb ndihmoj\u00eb vendin e saj t\u00eb origjin\u00ebs. Ta ndjekim p\u00ebr nj\u00eb moment:<\/p>\n<p><strong>Donald Lu: <\/strong><em>\u201cDhjetra shqiptaro-amerikan\u00eb po planifikojn\u00eb t\u00eb vijn\u00eb. Ata vijn\u00eb nga sektor\u00eb t\u00eb ndrysh\u00ebm, nga biznesi, artet, ka aktor\u00eb t\u00eb njohur, dhe njer\u00ebz t\u00eb shumt\u00eb q\u00eb mund t\u2019i japin shum\u00eb vendit. Ata mund t\u00eb takohen me an\u00ebtar\u00eb t\u00eb tjer\u00eb t\u00eb diaspor\u00ebs nga vende t\u00eb tjera. \u00cbsht\u00eb nj\u00eb rast i mir\u00eb t\u00eb flasin se \u00e7\u2019mund t\u00eb b\u00ebj\u00eb Shqip\u00ebria m\u00eb shum\u00eb p\u00ebr t\u2019i t\u00ebrhequr n\u00eb pun\u00ebt q\u00eb b\u00ebhen k\u00ebtu, por po ashtu si mund t\u00eb punoj\u00eb diaspora p\u00ebr t\u00eb bashkuar shqiptar\u00ebt n\u00eb vende t\u00eb ndryshme, n\u00eb Zvic\u00ebr, n\u00eb Amerik\u00eb, n\u00eb Franc\u00eb, apo Kosov\u00eb p\u00ebr projekte n\u00eb interes t\u00eb komunitetit\u201d. <\/em><\/p>\n<p><strong>Mark Gjonaj: <\/strong>Pra zoti Gjonaj \u00e7\u2019mendoni se mund t\u00eb b\u00ebj\u00eb Shqip\u00ebria m\u00eb shum\u00eb p\u00ebr t\u00eb t\u00ebrhequr diaspor\u00ebn, q\u00eb t\u2019i t\u00ebrheq\u00eb m\u00eb shum\u00eb shqiptaro-amerikan\u00ebt?<\/p>\n<p><strong>Z\u00ebri i Amerik\u00ebs: <\/strong>Jam dakord me ato q\u00eb tha amabasadori Lu. Ne kemi punuar s\u00eb bashku p\u00ebr samitin dhe p\u00ebr ato q\u00eb shpresojm\u00eb se do t\u00eb dalin nga ky takim. Takimi ka mund\u00ebsin\u00eb dhe baz\u00ebn p\u00ebr t\u2019u kthyer n\u00eb di\u00e7ka m\u00eb t\u00eb madhe dhe simbolike. Kjo p\u00ebrfshin jo vet\u00ebm bashkimin e diaspor\u00ebs q\u00eb ne t\u00eb jemi m\u00eb t\u00eb fort\u00eb n\u00eb vendet ku jetojm\u00eb, por po ashtu t\u00eb ndihmojm\u00eb atdheun nga vijm\u00eb. Ne shpresojm\u00eb q\u00eb kryeministri do t\u2019i konkretizoj\u00eb nj\u00eb s\u00ebr\u00eb projektesh p\u00ebr t\u00eb cilat kemi diskutuar, si p\u00ebr shembull: q\u00eb diaspora t\u00eb ket\u00eb mund\u00ebsi t\u00eb marr\u00eb pjes\u00eb n\u00eb votime n\u00eb vendin ku jeton, t\u00eb b\u00ebhet regjistrimi i shqiptar\u00ebve kudo q\u00eb jetojn\u00eb, t\u00eb krijohet nj\u00eb K\u00ebshill i Diaspsor\u00ebs, q\u00eb do t\u00eb ishte i pavarur nga partit\u00eb politike dhe ndikimi i tyre, t\u00eb em\u00ebrohej nj\u00eb minist\u00ebr p\u00ebr diaspor\u00ebn, qeveria t\u00eb angazhohej p\u00ebr t\u00eb krijuar dhe investuar jo vet\u00ebm n\u00eb qendrat komunitare por p\u00ebr artin dhe arsimin q\u00eb ndihmojn\u00eb p\u00ebr t\u00eb ruajtur gjuh\u00ebn dhe kultur\u00ebn ton\u00eb. Por m\u00eb e r\u00ebnd\u00ebsishmja dhe gjat\u00eb jav\u00ebve t\u00eb fundit un\u00eb e kam diskutuar k\u00ebt\u00eb me kryeministrin dhe ambsadorin Lu, \u00ebsht\u00eb zhvillimi ekonomik dhe roli q\u00eb mund t\u00eb luaj\u00eb diaspora p\u00ebr t\u00eb. Shum\u00eb shpesh firmat shqiptare konkurojn\u00eb me firma t\u00eb huaja p\u00ebr projekte infrastrukturore. Kjo \u00ebsht\u00eb nj\u00eb padrejt\u00ebsi q\u00eb u b\u00ebhet shqiptar\u00ebve. Parat\u00eb duhet t\u00eb mbahen n\u00eb Shqip\u00ebri. Shpresoj t\u00eb miratohet nj\u00eb ligj q\u00eb t\u2019i lejonte firmat shqiptare t\u00eb p\u00ebrfitonin dhe t\u00eb shiheshin me p\u00ebrpar\u00ebsi n\u00eb procesin e tenderimit ndaj firmave t\u00eb huaja. Kjo do t\u00eb siguronte q\u00eb kapitali jo vet\u00ebm t\u00eb q\u00ebndronte dhe qarkullonte n\u00eb Shqip\u00ebpri, por t\u00eb ri-investohej atje. N\u00eb se tenderin e fitojn\u00eb firmat e huaja, duhet t\u00eb ket\u00eb parashikime ligjore q\u00eb 25 p\u00ebr qind e vler\u00ebs t\u00eb p\u00ebrdoret p\u00ebr blerje materialesh nga firma n\u00eb Shqip\u00ebri, apo t\u00eb diaspor\u00ebs shqiptare. Po ashtu duhet punuar p\u00ebr t\u00eb mbrojtur investimet dhe kjo p\u00ebrfshin investimet e diaspsor\u00ebs si dhe leht\u00ebsimin e procesit t\u00eb dy-shtet\u00ebsis\u00eb p\u00ebr ata q\u00eb u takon ligj\u00ebrisht.<\/p>\n<p><strong>Z\u00ebri i Amerik\u00ebs: <\/strong>K\u00ebto q\u00eb ju p\u00ebrmend\u00ebt jan\u00eb disa sfida jo t\u00eb lehta p\u00ebr autoritetet shqiptare p\u00ebr t\u2019i plot\u00ebsuar. A jeni optimist se k\u00ebto mund t\u00eb realizohen?<\/p>\n<p><strong>Mark Gjonaj: <\/strong>Ne po punojm\u00eb q\u00eb marr\u00ebdh\u00ebniet t\u00eb p\u00ebrmir\u00ebsohen jo vet\u00ebm p\u00ebr njer\u00ebzit n\u00eb Shqip\u00ebri, por edhe p\u00ebr diaspor\u00ebn. N\u00eb se krijohet nj\u00eb baz\u00eb q\u00eb ne t\u00eb investojm\u00eb n\u00eb atdheun ton\u00eb, kjo do ta b\u00ebnte at\u00eb nj\u00eb vend m\u00eb t\u00eb mir\u00eb, nj\u00eb komb m\u00eb t\u00eb mir\u00eb p\u00ebr gjith\u00eb shqiptar\u00ebt. Duhet t\u00eb mos harrojm\u00eb se ka m\u00eb shum\u00eb shqiptar\u00eb q\u00eb jetojn\u00eb jasht\u00eb vendit se sa brenda vendit. Mendoj se ne mund t\u00eb ushtrojm\u00eb presionin e duhur q\u00eb qeveria dhe partit\u00eb politike t\u00eb mbajn\u00eb fjal\u00ebn, dhe t\u2019i mbajm\u00eb p\u00ebrgjegj\u00ebs p\u00ebr realizimin e premtimeve q\u00eb b\u00ebjn\u00eb.<\/p>\n<p><strong>Z\u00ebri i Amerik\u00ebs: <\/strong>A mendoni se komuniteti shqiptaro-amerikan \u00ebsht\u00eb i gatshm\u00ebm dhe ka vullnetin p\u00ebr t\u00eb b\u00ebr\u00eb m\u00eb shum\u00eb?<\/p>\n<p><strong>Mark Gjonaj: <\/strong>Ne e kemi provuar vazhdimisht se jo vet\u00ebm kemi vullnetin, por e kemi b\u00ebr\u00eb me vepra dhe do t\u00eb vazhdojm\u00eb t\u00eb b\u00ebjm\u00eb m\u00eb shum\u00eb p\u00ebr atdheun nga vijm\u00eb, por po ashtu duhet t\u00eb fokusohemi edhe n\u00eb vendet e reja ku jetojm\u00eb, t\u00eb mb\u00ebshtesim komunitetet n\u00eb shtetet e ndryshme, q\u00eb t\u00eb bashkohemi dhe t\u00eb b\u00ebhemi m\u00eb t\u00eb fuqish\u00ebm dhe m\u00eb t\u00eb suksessh\u00ebm n\u00eb vendet ku jetojm\u00eb, \u00e7\u2019ka do t\u00eb na b\u00ebnte m\u00eb t\u00eb fuqish\u00ebm dhe me m\u00eb ndikim n\u00eb atdheun e origjin\u00ebs. P\u00ebrkufizimi i \u00e7menduris\u00eb \u00ebsht\u00eb t\u00eb b\u00ebsh t\u00eb njejt\u00ebn gj\u00eb vazhdimisht, e vazhdimisht e vazhdimisht dhe t\u00eb shpresosh p\u00ebr nj\u00eb rezultat t\u00eb ndrysh\u00ebm. Ne duhet t\u00eb m\u00ebsojm\u00eb nga historia, t\u00eb planifikojm\u00eb p\u00ebr nes\u00ebr dhe t\u00eb b\u00ebjm\u00eb histori. Dua t\u2019u kujtoj t\u00eb gjith\u00ebve, se diaspora nuk egziston p\u00ebr t\u2019i sh\u00ebrbyer qeveris\u00eb, por qeveria egziston p\u00ebr t\u2019i sh\u00ebrbyer popullit dhe n\u00eb k\u00ebt\u00eb rast kjo p\u00ebrfshin edhe diaspsor\u00ebn. Forca e popullit \u00ebsht\u00eb m\u00eb e fuqishme se njer\u00ebzit n\u00eb pushtet.<\/p>\n<p><strong>Z\u00ebri i Amerik\u00ebs: <\/strong>Ka kritik\u00eb q\u00eb thon\u00eb se takimi i diaspor\u00ebs \u00ebsht\u00eb thjesht nj\u00eb shfaqje, se sa nj\u00eb p\u00ebrpjekje serioze e autoriteteve p\u00ebr t\u00eb angazhuar seriozisht diaspor\u00ebn. Cili \u00ebsht\u00eb mendimi juaj p\u00ebr k\u00ebt\u00eb?<\/p>\n<p><strong>Mark Gjonaj: <\/strong>Un\u00eb jam krenar t\u00eb mb\u00ebshtes \u00e7do nism\u00eb nga e cila do t\u00eb p\u00ebrfitonin komunitetet shqiptare, kudo q\u00eb t\u00eb jen\u00eb. N\u00eb se ky samit na b\u00ebn nj\u00eb komunitet m\u00eb t\u00eb mir\u00eb dhe rikrijon lidhjet kudo q\u00eb t\u00eb jemi n\u00eb bot\u00eb, un\u00eb e mb\u00ebshtes at\u00eb. N\u00eb se \u00ebsht\u00eb kryeministri, presidenti, n\u00eb se \u00ebsht\u00eb Partia Demokratike, Partia Socialiste, apo LSI, p\u00ebr mua nuk ka r\u00ebnd\u00ebsi. Un\u00eb nuk promovoj asnj\u00eb parti, ose udh\u00ebheq\u00ebs. Un\u00eb dua t\u00eb promovoj m\u00eb t\u00eb mir\u00ebn n\u00eb interes t\u00eb diaspor\u00ebs. N\u00eb se ky takim do t\u00eb jet\u00eb fillimi i k\u00ebsaj, un\u00eb do t\u2019u b\u00ebja thirrje t\u00eb tjer\u00ebve t\u00eb merrnin pjes\u00eb. Ky nuk do t\u00eb jet\u00eb nj\u00eb samit i p\u00ebrkryer, si\u00e7 e thot\u00eb edhe shprehja \u201cnj\u00eb plan i mir\u00eb sot \u00ebsht\u00eb m\u00eb i mir\u00eb se nj\u00eb plan i p\u00ebrkyer nes\u00ebr\u201d dhe ne kemi nevoj\u00eb t\u00eb filloj\u00eb diku.<\/p>\n<p><strong>Z\u00ebri i Amerik\u00ebs: <\/strong>Zoti Gjonaj faleminderit, apo d\u00ebshironi t\u00eb shtoni di\u00e7ka tjet\u00ebr?<\/p>\n<p><strong>Mark Gjonaj<\/strong>: Un\u00eb besoj se roli i qeveris\u00eb p\u00ebr diaspor\u00ebn \u00ebsht\u00eb t\u00eb ndihmoj\u00eb t\u00eb ruaj\u00eb thesaret konb\u00ebtare dhe kjo do t\u00eb thot\u00eb t\u00eb mbroj\u00eb gjuh\u00ebn, identitetin dhe shtet\u00ebsin\u00eb shqiptare. Diaspora nga ana e saj duhet t\u00eb luaj\u00eb rolin e opozit\u00ebs kur nj\u00eb parti, nj\u00eb udh\u00ebheq\u00ebs nuk vepron n\u00eb interesin m\u00eb t\u00eb mir\u00eb t\u00eb popullit, vendit apo \u00e7\u00ebshtjes komb\u00ebtare.<\/p>\n<p><strong>VAO<\/strong><\/p>\n<!--YouTube Error: bad URL entered-->\n<\/div>\n<\/div>\n<\/div>\n<\/div>\n<\/div>\n<\/div>\n<\/div>\n<div class=\"comments-container\"><\/div>\n","protected":false},"excerpt":{"rendered":"<p>M\u00eb 18 n\u00ebntor qeveria shqiptare do t\u00eb organizoj\u00eb n\u00eb Tiran\u00eb takimin e diasporave shqiptare nga mbar\u00eb bota, me synimin p\u00ebr t\u00eb forcuar lidhjet dhe shtuar ndihmes\u00ebn e diaspor\u00ebs p\u00ebr atdheun e origjin\u00ebs. An\u00ebtari i asambles\u00eb s\u00eb Nju Jorkut, Mark Gjonaj, do t\u00eb jet\u00eb nj\u00eb prej atyre q\u00eb do t\u00eb marrin pjes\u00eb n\u00eb takim. N\u00eb nj\u00eb [&hellip;]<\/p>\n","protected":false},"author":1,"featured_media":0,"comment_status":"closed","ping_status":"closed","sticky":false,"template":"","format":"standard","meta":{"spay_email":"","jetpack_publicize_message":"","jetpack_is_tweetstorm":false,"jetpack_publicize_feature_enabled":true},"categories":[5],"tags":[],"jetpack_publicize_connections":[],"yoast_head":"<!-- This site is optimized with the Yoast SEO plugin v19.1 - https:\/\/yoast.com\/wordpress\/plugins\/seo\/ -->\n<title>Intervist\u00eb me Mark Gjonaj, dhe pritshm\u00ebrit\u00eb e takimit p\u00ebr diaspor\u00ebn - Lajme nga Ulqini<\/title>\n<meta name=\"description\" content=\"M\u00eb 18 n\u00ebntor qeveria shqiptare do t\u00eb organizoj\u00eb n\u00eb Tiran\u00eb takimin e diasporave shqiptare nga mbar\u00eb bota, me synimin p\u00ebr t\u00eb forcuar lidhjet dhe shtuar\" \/>\n<meta name=\"robots\" content=\"index, follow, max-snippet:-1, max-image-preview:large, max-video-preview:-1\" \/>\n<link rel=\"canonical\" href=\"https:\/\/www.visit-ulcinj.com\/blog\/2016\/11\/05\/interviste-mark-gjonaj-dhe-pritshmerite-e-takimit-per-diasporen\/\" \/>\n<meta property=\"og:locale\" content=\"en_US\" \/>\n<meta property=\"og:type\" content=\"article\" \/>\n<meta property=\"og:title\" content=\"Intervist\u00eb me Mark Gjonaj, dhe pritshm\u00ebrit\u00eb e takimit p\u00ebr diaspor\u00ebn - Lajme nga Ulqini\" \/>\n<meta property=\"og:description\" content=\"M\u00eb 18 n\u00ebntor qeveria shqiptare do t\u00eb organizoj\u00eb n\u00eb Tiran\u00eb takimin e diasporave shqiptare nga mbar\u00eb bota, me synimin p\u00ebr t\u00eb forcuar lidhjet dhe shtuar\" \/>\n<meta property=\"og:url\" content=\"https:\/\/www.visit-ulcinj.com\/blog\/2016\/11\/05\/interviste-mark-gjonaj-dhe-pritshmerite-e-takimit-per-diasporen\/\" \/>\n<meta property=\"og:site_name\" content=\"Lajme nga Ulqini\" \/>\n<meta property=\"article:published_time\" content=\"2016-11-05T17:42:26+00:00\" \/>\n<meta name=\"twitter:label1\" content=\"Written by\" \/>\n\t<meta name=\"twitter:data1\" content=\"ulqini\" \/>\n\t<meta name=\"twitter:label2\" content=\"Est. reading time\" \/>\n\t<meta name=\"twitter:data2\" content=\"7 minutes\" \/>\n<script type=\"application\/ld+json\" class=\"yoast-schema-graph\">{\"@context\":\"https:\/\/schema.org\",\"@graph\":[{\"@type\":\"WebSite\",\"@id\":\"https:\/\/www.visit-ulcinj.com\/blog\/#website\",\"url\":\"https:\/\/www.visit-ulcinj.com\/blog\/\",\"name\":\"Lajme nga Ulqini\",\"description\":\"Lajme,Vijesti,Ulqini,Ulqin,Crna Gora,Mali i Zi\",\"potentialAction\":[{\"@type\":\"SearchAction\",\"target\":{\"@type\":\"EntryPoint\",\"urlTemplate\":\"https:\/\/www.visit-ulcinj.com\/blog\/?s={search_term_string}\"},\"query-input\":\"required name=search_term_string\"}],\"inLanguage\":\"en-US\"},{\"@type\":\"WebPage\",\"@id\":\"https:\/\/www.visit-ulcinj.com\/blog\/2016\/11\/05\/interviste-mark-gjonaj-dhe-pritshmerite-e-takimit-per-diasporen\/#webpage\",\"url\":\"https:\/\/www.visit-ulcinj.com\/blog\/2016\/11\/05\/interviste-mark-gjonaj-dhe-pritshmerite-e-takimit-per-diasporen\/\",\"name\":\"Intervist\u00eb me Mark Gjonaj, dhe pritshm\u00ebrit\u00eb e takimit p\u00ebr diaspor\u00ebn - Lajme nga Ulqini\",\"isPartOf\":{\"@id\":\"https:\/\/www.visit-ulcinj.com\/blog\/#website\"},\"datePublished\":\"2016-11-05T17:42:26+00:00\",\"dateModified\":\"2016-11-05T17:42:26+00:00\",\"author\":{\"@id\":\"https:\/\/www.visit-ulcinj.com\/blog\/#\/schema\/person\/dcab619c614d3038751c63bc2aadc06d\"},\"description\":\"M\u00eb 18 n\u00ebntor qeveria shqiptare do t\u00eb organizoj\u00eb n\u00eb Tiran\u00eb takimin e diasporave shqiptare nga mbar\u00eb bota, me synimin p\u00ebr t\u00eb forcuar lidhjet dhe shtuar\",\"breadcrumb\":{\"@id\":\"https:\/\/www.visit-ulcinj.com\/blog\/2016\/11\/05\/interviste-mark-gjonaj-dhe-pritshmerite-e-takimit-per-diasporen\/#breadcrumb\"},\"inLanguage\":\"en-US\",\"potentialAction\":[{\"@type\":\"ReadAction\",\"target\":[\"https:\/\/www.visit-ulcinj.com\/blog\/2016\/11\/05\/interviste-mark-gjonaj-dhe-pritshmerite-e-takimit-per-diasporen\/\"]}]},{\"@type\":\"BreadcrumbList\",\"@id\":\"https:\/\/www.visit-ulcinj.com\/blog\/2016\/11\/05\/interviste-mark-gjonaj-dhe-pritshmerite-e-takimit-per-diasporen\/#breadcrumb\",\"itemListElement\":[{\"@type\":\"ListItem\",\"position\":1,\"name\":\"Intervist\u00eb me Mark Gjonaj, dhe pritshm\u00ebrit\u00eb e takimit p\u00ebr diaspor\u00ebn\"}]},{\"@type\":\"Person\",\"@id\":\"https:\/\/www.visit-ulcinj.com\/blog\/#\/schema\/person\/dcab619c614d3038751c63bc2aadc06d\",\"name\":\"ulqini\",\"sameAs\":[\"http:\/\/www.visit-ulcinj.com\"],\"url\":\"https:\/\/www.visit-ulcinj.com\/blog\/author\/admin\/\"}]}<\/script>\n<!-- \/ Yoast SEO plugin. -->","yoast_head_json":{"title":"Intervist\u00eb me Mark Gjonaj, dhe pritshm\u00ebrit\u00eb e takimit p\u00ebr diaspor\u00ebn - Lajme nga Ulqini","description":"M\u00eb 18 n\u00ebntor qeveria shqiptare do t\u00eb organizoj\u00eb n\u00eb Tiran\u00eb takimin e diasporave shqiptare nga mbar\u00eb bota, me synimin p\u00ebr t\u00eb forcuar lidhjet dhe shtuar","robots":{"index":"index","follow":"follow","max-snippet":"max-snippet:-1","max-image-preview":"max-image-preview:large","max-video-preview":"max-video-preview:-1"},"canonical":"https:\/\/www.visit-ulcinj.com\/blog\/2016\/11\/05\/interviste-mark-gjonaj-dhe-pritshmerite-e-takimit-per-diasporen\/","og_locale":"en_US","og_type":"article","og_title":"Intervist\u00eb me Mark Gjonaj, dhe pritshm\u00ebrit\u00eb e takimit p\u00ebr diaspor\u00ebn - Lajme nga Ulqini","og_description":"M\u00eb 18 n\u00ebntor qeveria shqiptare do t\u00eb organizoj\u00eb n\u00eb Tiran\u00eb takimin e diasporave shqiptare nga mbar\u00eb bota, me synimin p\u00ebr t\u00eb forcuar lidhjet dhe shtuar","og_url":"https:\/\/www.visit-ulcinj.com\/blog\/2016\/11\/05\/interviste-mark-gjonaj-dhe-pritshmerite-e-takimit-per-diasporen\/","og_site_name":"Lajme nga Ulqini","article_published_time":"2016-11-05T17:42:26+00:00","twitter_misc":{"Written by":"ulqini","Est. reading time":"7 minutes"},"schema":{"@context":"https:\/\/schema.org","@graph":[{"@type":"WebSite","@id":"https:\/\/www.visit-ulcinj.com\/blog\/#website","url":"https:\/\/www.visit-ulcinj.com\/blog\/","name":"Lajme nga Ulqini","description":"Lajme,Vijesti,Ulqini,Ulqin,Crna Gora,Mali i Zi","potentialAction":[{"@type":"SearchAction","target":{"@type":"EntryPoint","urlTemplate":"https:\/\/www.visit-ulcinj.com\/blog\/?s={search_term_string}"},"query-input":"required name=search_term_string"}],"inLanguage":"en-US"},{"@type":"WebPage","@id":"https:\/\/www.visit-ulcinj.com\/blog\/2016\/11\/05\/interviste-mark-gjonaj-dhe-pritshmerite-e-takimit-per-diasporen\/#webpage","url":"https:\/\/www.visit-ulcinj.com\/blog\/2016\/11\/05\/interviste-mark-gjonaj-dhe-pritshmerite-e-takimit-per-diasporen\/","name":"Intervist\u00eb me Mark Gjonaj, dhe pritshm\u00ebrit\u00eb e takimit p\u00ebr diaspor\u00ebn - Lajme nga Ulqini","isPartOf":{"@id":"https:\/\/www.visit-ulcinj.com\/blog\/#website"},"datePublished":"2016-11-05T17:42:26+00:00","dateModified":"2016-11-05T17:42:26+00:00","author":{"@id":"https:\/\/www.visit-ulcinj.com\/blog\/#\/schema\/person\/dcab619c614d3038751c63bc2aadc06d"},"description":"M\u00eb 18 n\u00ebntor qeveria shqiptare do t\u00eb organizoj\u00eb n\u00eb Tiran\u00eb takimin e diasporave shqiptare nga mbar\u00eb bota, me synimin p\u00ebr t\u00eb forcuar lidhjet dhe shtuar","breadcrumb":{"@id":"https:\/\/www.visit-ulcinj.com\/blog\/2016\/11\/05\/interviste-mark-gjonaj-dhe-pritshmerite-e-takimit-per-diasporen\/#breadcrumb"},"inLanguage":"en-US","potentialAction":[{"@type":"ReadAction","target":["https:\/\/www.visit-ulcinj.com\/blog\/2016\/11\/05\/interviste-mark-gjonaj-dhe-pritshmerite-e-takimit-per-diasporen\/"]}]},{"@type":"BreadcrumbList","@id":"https:\/\/www.visit-ulcinj.com\/blog\/2016\/11\/05\/interviste-mark-gjonaj-dhe-pritshmerite-e-takimit-per-diasporen\/#breadcrumb","itemListElement":[{"@type":"ListItem","position":1,"name":"Intervist\u00eb me Mark Gjonaj, dhe pritshm\u00ebrit\u00eb e takimit p\u00ebr diaspor\u00ebn"}]},{"@type":"Person","@id":"https:\/\/www.visit-ulcinj.com\/blog\/#\/schema\/person\/dcab619c614d3038751c63bc2aadc06d","name":"ulqini","sameAs":["http:\/\/www.visit-ulcinj.com"],"url":"https:\/\/www.visit-ulcinj.com\/blog\/author\/admin\/"}]}},"jetpack_featured_media_url":"","jetpack_sharing_enabled":true,"jetpack_shortlink":"https:\/\/wp.me\/pe6lTn-qew","_links":{"self":[{"href":"https:\/\/www.visit-ulcinj.com\/blog\/wp-json\/wp\/v2\/posts\/100844"}],"collection":[{"href":"https:\/\/www.visit-ulcinj.com\/blog\/wp-json\/wp\/v2\/posts"}],"about":[{"href":"https:\/\/www.visit-ulcinj.com\/blog\/wp-json\/wp\/v2\/types\/post"}],"author":[{"embeddable":true,"href":"https:\/\/www.visit-ulcinj.com\/blog\/wp-json\/wp\/v2\/users\/1"}],"replies":[{"embeddable":true,"href":"https:\/\/www.visit-ulcinj.com\/blog\/wp-json\/wp\/v2\/comments?post=100844"}],"version-history":[{"count":1,"href":"https:\/\/www.visit-ulcinj.com\/blog\/wp-json\/wp\/v2\/posts\/100844\/revisions"}],"predecessor-version":[{"id":100846,"href":"https:\/\/www.visit-ulcinj.com\/blog\/wp-json\/wp\/v2\/posts\/100844\/revisions\/100846"}],"wp:attachment":[{"href":"https:\/\/www.visit-ulcinj.com\/blog\/wp-json\/wp\/v2\/media?parent=100844"}],"wp:term":[{"taxonomy":"category","embeddable":true,"href":"https:\/\/www.visit-ulcinj.com\/blog\/wp-json\/wp\/v2\/categories?post=100844"},{"taxonomy":"post_tag","embeddable":true,"href":"https:\/\/www.visit-ulcinj.com\/blog\/wp-json\/wp\/v2\/tags?post=100844"}],"curies":[{"name":"wp","href":"https:\/\/api.w.org\/{rel}","templated":true}]}}