{"id":10085,"date":"2009-01-30T18:23:27","date_gmt":"2009-01-30T17:23:27","guid":{"rendered":"http:\/\/www.visit-ulcinj.com\/blog\/?p=10085"},"modified":"2009-01-30T18:46:42","modified_gmt":"2009-01-30T17:46:42","slug":"ferhat-dinosa-do-aprila-kvota-za-albance","status":"publish","type":"post","link":"https:\/\/www.visit-ulcinj.com\/blog\/2009\/01\/30\/ferhat-dinosa-do-aprila-kvota-za-albance\/","title":{"rendered":"Ferhat Dino\u0161a: Do aprila kvota za Albance"},"content":{"rendered":"<p><strong><a rel=\"attachment wp-att-10101\" href=\"http:\/\/www.visit-ulcinj.com\/blog\/2009\/01\/30\/ferhat-dinosa-do-aprila-kvota-za-albance\/ferhat-dinosha3\/\"><img loading=\"lazy\" class=\"alignleft size-full wp-image-10101\" title=\"ferhat-dinosha3\" src=\"http:\/\/www.visit-ulcinj.com\/blog\/wp-content\/uploads\/2009\/01\/ferhat-dinosha3.jpg\" alt=\"ferhat-dinosha3\" width=\"276\" height=\"196\" \/><\/a>Vijesti prije 5 godina<\/strong><br \/>\nPredsjednik DUA Ferhat Dino\u0161a najavio je da ?e novim zakonom o pravima manjina, &#8220;koji ?e biti ura?en u prvom kvartalu ove godine&#8221;, biti predvi?ena kvota albanskih poslanika u crnogorskom parlamentu. On je kazao da ?e se ta kvota odnositi isklju?ivo na predstavnike albanskih nacionalnih stranaka, i da Albanci, koji ?e eventualno biti izabrani na listama drugih partija, ne?e ulaziti u taj broj. Dino\u0161a je naglasio da Albanci u Crnoj Gori ne \u017eele secesiju, ve? &#8220;integracije u dr\u017eavne strukture&#8221;&#8230; Na pitanje \u0161ta je prije godinu dana obe?ano Albancima da bi glasali za predsjedni?kog kandidata DPS Filipa Vujanovi?a, Dino\u0161a je kazao da je to op\u0161tina Tuzi, dom kulture i porodili\u0161te u Ulcinju, te da o?ekuje da &#8220;obe?ano bude ispunjeno&#8221;.<\/p>\n<p><strong>Vijesti prije 10 godina<br \/>\n<\/strong><br \/>\n<strong>Vlada ho?e kontrolu<\/strong><br \/>\nPredsjednik CHK Slobodan Franovi? tra\u017eio je od predsjednika Mila ?ukanovi?a da uti?e da se iz predloga zakona o NVO i politi?kim organizacijama uklone &#8220;neustavna rje\u0161enja i ugrade me?unarodni standardi&#8221;. \u201cO?igledno je Vlada htjela da ograni?i civilni sektor i da NVO stavi pod svoju kontrolu\u201d, ocijenio je on kritikuju?i odredbu da vlada daje novac za finansiranje NVO.<\/p>\n<p><strong>Vijesti<\/strong><\/p>\n","protected":false},"excerpt":{"rendered":"<p>Vijesti prije 5 godina Predsjednik DUA Ferhat Dino\u0161a najavio je da ?e novim zakonom o pravima manjina, &#8220;koji ?e biti ura?en u prvom kvartalu ove godine&#8221;, biti predvi?ena kvota albanskih poslanika u crnogorskom parlamentu. On je kazao da ?e se ta kvota odnositi isklju?ivo na predstavnike albanskih nacionalnih stranaka, i da Albanci, koji ?e eventualno [&hellip;]<\/p>\n","protected":false},"author":1,"featured_media":0,"comment_status":"open","ping_status":"closed","sticky":false,"template":"","format":"standard","meta":{"spay_email":"","jetpack_publicize_message":"","jetpack_is_tweetstorm":false,"jetpack_publicize_feature_enabled":true},"categories":[12],"tags":[6228,6231,6229,88,1955,6230,6227,6226],"jetpack_publicize_connections":[],"yoast_head":"<!-- This site is optimized with the Yoast SEO plugin v19.1 - https:\/\/yoast.com\/wordpress\/plugins\/seo\/ -->\n<title>Ferhat Dino\u0161a: Do aprila kvota za Albance - Lajme nga Ulqini<\/title>\n<meta name=\"description\" content=\"Vijesti prije 5 godina Predsjednik DUA Ferhat Dino\u0161a najavio je da ?e novim zakonom o pravima manjina, &quot;koji ?e biti ura?en u prvom kvartalu ove godine&quot;,\" \/>\n<meta name=\"robots\" content=\"index, follow, max-snippet:-1, max-image-preview:large, max-video-preview:-1\" \/>\n<link rel=\"canonical\" href=\"https:\/\/www.visit-ulcinj.com\/blog\/2009\/01\/30\/ferhat-dinosa-do-aprila-kvota-za-albance\/\" \/>\n<meta property=\"og:locale\" content=\"en_US\" \/>\n<meta property=\"og:type\" content=\"article\" \/>\n<meta property=\"og:title\" content=\"Ferhat Dino\u0161a: Do aprila kvota za Albance - Lajme nga Ulqini\" \/>\n<meta property=\"og:description\" content=\"Vijesti prije 5 godina Predsjednik DUA Ferhat Dino\u0161a najavio je da ?e novim zakonom o pravima manjina, &quot;koji ?e biti ura?en u prvom kvartalu ove godine&quot;,\" \/>\n<meta property=\"og:url\" content=\"https:\/\/www.visit-ulcinj.com\/blog\/2009\/01\/30\/ferhat-dinosa-do-aprila-kvota-za-albance\/\" \/>\n<meta property=\"og:site_name\" content=\"Lajme nga Ulqini\" \/>\n<meta property=\"article:published_time\" content=\"2009-01-30T17:23:27+00:00\" \/>\n<meta property=\"article:modified_time\" content=\"2009-01-30T17:46:42+00:00\" \/>\n<meta property=\"og:image\" content=\"http:\/\/www.visit-ulcinj.com\/blog\/wp-content\/uploads\/2009\/01\/ferhat-dinosha3.jpg\" \/>\n<meta name=\"twitter:label1\" content=\"Written by\" \/>\n\t<meta name=\"twitter:data1\" content=\"ulqini\" \/>\n\t<meta name=\"twitter:label2\" content=\"Est. reading time\" \/>\n\t<meta name=\"twitter:data2\" content=\"1 minute\" \/>\n<script type=\"application\/ld+json\" class=\"yoast-schema-graph\">{\"@context\":\"https:\/\/schema.org\",\"@graph\":[{\"@type\":\"WebSite\",\"@id\":\"https:\/\/www.visit-ulcinj.com\/blog\/#website\",\"url\":\"https:\/\/www.visit-ulcinj.com\/blog\/\",\"name\":\"Lajme nga Ulqini\",\"description\":\"Lajme,Vijesti,Ulqini,Ulqin,Crna Gora,Mali i Zi\",\"potentialAction\":[{\"@type\":\"SearchAction\",\"target\":{\"@type\":\"EntryPoint\",\"urlTemplate\":\"https:\/\/www.visit-ulcinj.com\/blog\/?s={search_term_string}\"},\"query-input\":\"required name=search_term_string\"}],\"inLanguage\":\"en-US\"},{\"@type\":\"ImageObject\",\"inLanguage\":\"en-US\",\"@id\":\"https:\/\/www.visit-ulcinj.com\/blog\/2009\/01\/30\/ferhat-dinosa-do-aprila-kvota-za-albance\/#primaryimage\",\"url\":\"https:\/\/www.visit-ulcinj.com\/blog\/wp-content\/uploads\/2009\/01\/ferhat-dinosha3.jpg\",\"contentUrl\":\"https:\/\/www.visit-ulcinj.com\/blog\/wp-content\/uploads\/2009\/01\/ferhat-dinosha3.jpg\",\"width\":\"227\",\"height\":\"169\"},{\"@type\":\"WebPage\",\"@id\":\"https:\/\/www.visit-ulcinj.com\/blog\/2009\/01\/30\/ferhat-dinosa-do-aprila-kvota-za-albance\/#webpage\",\"url\":\"https:\/\/www.visit-ulcinj.com\/blog\/2009\/01\/30\/ferhat-dinosa-do-aprila-kvota-za-albance\/\",\"name\":\"Ferhat Dino\u0161a: Do aprila kvota za Albance - Lajme nga Ulqini\",\"isPartOf\":{\"@id\":\"https:\/\/www.visit-ulcinj.com\/blog\/#website\"},\"primaryImageOfPage\":{\"@id\":\"https:\/\/www.visit-ulcinj.com\/blog\/2009\/01\/30\/ferhat-dinosa-do-aprila-kvota-za-albance\/#primaryimage\"},\"datePublished\":\"2009-01-30T17:23:27+00:00\",\"dateModified\":\"2009-01-30T17:46:42+00:00\",\"author\":{\"@id\":\"https:\/\/www.visit-ulcinj.com\/blog\/#\/schema\/person\/dcab619c614d3038751c63bc2aadc06d\"},\"description\":\"Vijesti prije 5 godina Predsjednik DUA Ferhat Dino\u0161a najavio je da ?e novim zakonom o pravima manjina, \\\"koji ?e biti ura?en u prvom kvartalu ove godine\\\",\",\"breadcrumb\":{\"@id\":\"https:\/\/www.visit-ulcinj.com\/blog\/2009\/01\/30\/ferhat-dinosa-do-aprila-kvota-za-albance\/#breadcrumb\"},\"inLanguage\":\"en-US\",\"potentialAction\":[{\"@type\":\"ReadAction\",\"target\":[\"https:\/\/www.visit-ulcinj.com\/blog\/2009\/01\/30\/ferhat-dinosa-do-aprila-kvota-za-albance\/\"]}]},{\"@type\":\"BreadcrumbList\",\"@id\":\"https:\/\/www.visit-ulcinj.com\/blog\/2009\/01\/30\/ferhat-dinosa-do-aprila-kvota-za-albance\/#breadcrumb\",\"itemListElement\":[{\"@type\":\"ListItem\",\"position\":1,\"name\":\"Ferhat Dino\u0161a: Do aprila kvota za Albance\"}]},{\"@type\":\"Person\",\"@id\":\"https:\/\/www.visit-ulcinj.com\/blog\/#\/schema\/person\/dcab619c614d3038751c63bc2aadc06d\",\"name\":\"ulqini\",\"sameAs\":[\"http:\/\/www.visit-ulcinj.com\"],\"url\":\"https:\/\/www.visit-ulcinj.com\/blog\/author\/admin\/\"}]}<\/script>\n<!-- \/ Yoast SEO plugin. -->","yoast_head_json":{"title":"Ferhat Dino\u0161a: Do aprila kvota za Albance - Lajme nga Ulqini","description":"Vijesti prije 5 godina Predsjednik DUA Ferhat Dino\u0161a najavio je da ?e novim zakonom o pravima manjina, \"koji ?e biti ura?en u prvom kvartalu ove godine\",","robots":{"index":"index","follow":"follow","max-snippet":"max-snippet:-1","max-image-preview":"max-image-preview:large","max-video-preview":"max-video-preview:-1"},"canonical":"https:\/\/www.visit-ulcinj.com\/blog\/2009\/01\/30\/ferhat-dinosa-do-aprila-kvota-za-albance\/","og_locale":"en_US","og_type":"article","og_title":"Ferhat Dino\u0161a: Do aprila kvota za Albance - Lajme nga Ulqini","og_description":"Vijesti prije 5 godina Predsjednik DUA Ferhat Dino\u0161a najavio je da ?e novim zakonom o pravima manjina, \"koji ?e biti ura?en u prvom kvartalu ove godine\",","og_url":"https:\/\/www.visit-ulcinj.com\/blog\/2009\/01\/30\/ferhat-dinosa-do-aprila-kvota-za-albance\/","og_site_name":"Lajme nga Ulqini","article_published_time":"2009-01-30T17:23:27+00:00","article_modified_time":"2009-01-30T17:46:42+00:00","og_image":[{"url":"http:\/\/www.visit-ulcinj.com\/blog\/wp-content\/uploads\/2009\/01\/ferhat-dinosha3.jpg"}],"twitter_misc":{"Written by":"ulqini","Est. reading time":"1 minute"},"schema":{"@context":"https:\/\/schema.org","@graph":[{"@type":"WebSite","@id":"https:\/\/www.visit-ulcinj.com\/blog\/#website","url":"https:\/\/www.visit-ulcinj.com\/blog\/","name":"Lajme nga Ulqini","description":"Lajme,Vijesti,Ulqini,Ulqin,Crna Gora,Mali i Zi","potentialAction":[{"@type":"SearchAction","target":{"@type":"EntryPoint","urlTemplate":"https:\/\/www.visit-ulcinj.com\/blog\/?s={search_term_string}"},"query-input":"required name=search_term_string"}],"inLanguage":"en-US"},{"@type":"ImageObject","inLanguage":"en-US","@id":"https:\/\/www.visit-ulcinj.com\/blog\/2009\/01\/30\/ferhat-dinosa-do-aprila-kvota-za-albance\/#primaryimage","url":"https:\/\/www.visit-ulcinj.com\/blog\/wp-content\/uploads\/2009\/01\/ferhat-dinosha3.jpg","contentUrl":"https:\/\/www.visit-ulcinj.com\/blog\/wp-content\/uploads\/2009\/01\/ferhat-dinosha3.jpg","width":"227","height":"169"},{"@type":"WebPage","@id":"https:\/\/www.visit-ulcinj.com\/blog\/2009\/01\/30\/ferhat-dinosa-do-aprila-kvota-za-albance\/#webpage","url":"https:\/\/www.visit-ulcinj.com\/blog\/2009\/01\/30\/ferhat-dinosa-do-aprila-kvota-za-albance\/","name":"Ferhat Dino\u0161a: Do aprila kvota za Albance - Lajme nga Ulqini","isPartOf":{"@id":"https:\/\/www.visit-ulcinj.com\/blog\/#website"},"primaryImageOfPage":{"@id":"https:\/\/www.visit-ulcinj.com\/blog\/2009\/01\/30\/ferhat-dinosa-do-aprila-kvota-za-albance\/#primaryimage"},"datePublished":"2009-01-30T17:23:27+00:00","dateModified":"2009-01-30T17:46:42+00:00","author":{"@id":"https:\/\/www.visit-ulcinj.com\/blog\/#\/schema\/person\/dcab619c614d3038751c63bc2aadc06d"},"description":"Vijesti prije 5 godina Predsjednik DUA Ferhat Dino\u0161a najavio je da ?e novim zakonom o pravima manjina, \"koji ?e biti ura?en u prvom kvartalu ove godine\",","breadcrumb":{"@id":"https:\/\/www.visit-ulcinj.com\/blog\/2009\/01\/30\/ferhat-dinosa-do-aprila-kvota-za-albance\/#breadcrumb"},"inLanguage":"en-US","potentialAction":[{"@type":"ReadAction","target":["https:\/\/www.visit-ulcinj.com\/blog\/2009\/01\/30\/ferhat-dinosa-do-aprila-kvota-za-albance\/"]}]},{"@type":"BreadcrumbList","@id":"https:\/\/www.visit-ulcinj.com\/blog\/2009\/01\/30\/ferhat-dinosa-do-aprila-kvota-za-albance\/#breadcrumb","itemListElement":[{"@type":"ListItem","position":1,"name":"Ferhat Dino\u0161a: Do aprila kvota za Albance"}]},{"@type":"Person","@id":"https:\/\/www.visit-ulcinj.com\/blog\/#\/schema\/person\/dcab619c614d3038751c63bc2aadc06d","name":"ulqini","sameAs":["http:\/\/www.visit-ulcinj.com"],"url":"https:\/\/www.visit-ulcinj.com\/blog\/author\/admin\/"}]}},"jetpack_featured_media_url":"","jetpack_sharing_enabled":true,"jetpack_shortlink":"https:\/\/wp.me\/pe6lTn-2CF","_links":{"self":[{"href":"https:\/\/www.visit-ulcinj.com\/blog\/wp-json\/wp\/v2\/posts\/10085"}],"collection":[{"href":"https:\/\/www.visit-ulcinj.com\/blog\/wp-json\/wp\/v2\/posts"}],"about":[{"href":"https:\/\/www.visit-ulcinj.com\/blog\/wp-json\/wp\/v2\/types\/post"}],"author":[{"embeddable":true,"href":"https:\/\/www.visit-ulcinj.com\/blog\/wp-json\/wp\/v2\/users\/1"}],"replies":[{"embeddable":true,"href":"https:\/\/www.visit-ulcinj.com\/blog\/wp-json\/wp\/v2\/comments?post=10085"}],"version-history":[{"count":0,"href":"https:\/\/www.visit-ulcinj.com\/blog\/wp-json\/wp\/v2\/posts\/10085\/revisions"}],"wp:attachment":[{"href":"https:\/\/www.visit-ulcinj.com\/blog\/wp-json\/wp\/v2\/media?parent=10085"}],"wp:term":[{"taxonomy":"category","embeddable":true,"href":"https:\/\/www.visit-ulcinj.com\/blog\/wp-json\/wp\/v2\/categories?post=10085"},{"taxonomy":"post_tag","embeddable":true,"href":"https:\/\/www.visit-ulcinj.com\/blog\/wp-json\/wp\/v2\/tags?post=10085"}],"curies":[{"name":"wp","href":"https:\/\/api.w.org\/{rel}","templated":true}]}}