{"id":100851,"date":"2016-11-06T13:39:09","date_gmt":"2016-11-06T12:39:09","guid":{"rendered":"http:\/\/www.visit-ulcinj.com\/blog\/?p=100851"},"modified":"2016-11-06T13:39:09","modified_gmt":"2016-11-06T12:39:09","slug":"mustafa-canka-morsko-dobro-ponovo-ujedinilo-ulcinjane","status":"publish","type":"post","link":"https:\/\/www.visit-ulcinj.com\/blog\/2016\/11\/06\/mustafa-canka-morsko-dobro-ponovo-ujedinilo-ulcinjane\/","title":{"rendered":"Mustafa Canka: \u201eMorsko dobro\u201c ponovo ujedinilo Ulcinjane"},"content":{"rendered":"<p><a href=\"http:\/\/www.visit-ulcinj.com\/blog\/wp-content\/uploads\/2016\/04\/Masline-Valdanos-Mustafa-Canka.jpg\"><img loading=\"lazy\" class=\"alignleft wp-image-95986\" src=\"http:\/\/www.visit-ulcinj.com\/blog\/wp-content\/uploads\/2016\/04\/Masline-Valdanos-Mustafa-Canka.jpg\" alt=\"Masline-Valdanos -Mustafa-Canka\" width=\"508\" height=\"384\" srcset=\"https:\/\/www.visit-ulcinj.com\/blog\/wp-content\/uploads\/2016\/04\/Masline-Valdanos-Mustafa-Canka.jpg 635w, https:\/\/www.visit-ulcinj.com\/blog\/wp-content\/uploads\/2016\/04\/Masline-Valdanos-Mustafa-Canka-300x227.jpg 300w\" sizes=\"(max-width: 508px) 100vw, 508px\" \/><\/a>Zbog \u010dinjenice da je Katalog privremenih objekata nezakonito usvojen, jer nije pro\u0161ao javnu raspravu, pravni zastupnici ribara sa Bojane \u0107e zatra\u017eiti od Upravnog suda da poni\u0161ti odluku o raspisivanju tendera za izdavanje ku\u0107ica na obalama te rijeke, zaklju\u010deno je na sastanku koji je odr\u017ean u utorak u Velikoj sali Skup\u0161tine op\u0161tine Ulcinj.<\/p>\n<p>Za takvu odluku ribari su dobili podr\u0161ku predstavnika Op\u0161tine i velikog broja politi\u010dkih stranaka. O\u010dekuje se tako\u0111e da \u0107e inicijativu za ocjenu ustavnosti i zakonitosti pokrenuti lokalna uprava.<\/p>\n<p>Ve\u0107 je dogovoreno da se 14. novembra u ulcinjskom parlamentu podr\u017ee zahtjevi ribara. \u201eSvjedoci smo da ovih dana ulcinjski ribari, pa i drugi korisnici, skoro svakodnevno iskazuju nezadovoljstvo prema Javnom preduze\u0107u za upravljanje morskim dobrom, odnosno na\u010dinom na koji se ta institucija odnosi prema njima kao i prema najvrijednijim resursima na teritoriji Op\u0161tine Ulcinj\u201c, isti\u010de se u inicijativi za stavljanje na dnevni red ta\u010dke povodom \u201eotvaranja Javnog poziva za zakup zemlji\u0161ta na obalama rijeke Bojane prema Planu objekata privremenog karaktera u zoni morskog dobra\u201c.<\/p>\n<p>\u201eTakav postupak otvara mogu\u0107nost da sada\u0161nji vlasnici postanu biv\u0161i vlasnici ako novi vlasnik ponudi ve\u0107u cijenu, iako se radi o mje\u0161tanima koji decenijama \u010duvaju tradiciju te rijeke, a ribolovom poku\u0161avaju da pre\u017eive\u201c, navodi se u inicijativi i dodaje da se Op\u0161tina Ulcinj usprotivila usvajanju Kataloga privremenih objekata na obalama rijeke Bojane.<\/p>\n<p>Po rije\u010dima potpredsjednice Op\u0161tine <strong>Hadid\u017ee \u0110oni<\/strong>, Katalog morskog dobra je u suprotnosti sa najva\u017enijim strate\u0161kim dokumentima ove dr\u017eave:\u00a0 Strategijom razvoja turizma do 2020. godine, Inoviranim Master planom razvoja turizma u Crnoj Gori iz 2008. Godine, te Strate\u0161kim planom Op\u0161tine Ulcinj, koji je u prolje\u0107e ove godine usvojio lokalni parlament.<\/p>\n<p>\u201eDakle, ovaj akt je ura\u0111en bez uva\u017eavanja navedenih dokumenata i mi\u0161ljenja Op\u0161tine Ulcinj. On je tako\u0111e ura\u0111en na krajnje netransparentan na\u010din i nema na\u0161u podr\u0161ku\u201c, kazala je \u0110oni za <em>Monitor<\/em> navode\u0107i da se javnim pozivom moraju predvidjeti mnogo kvalitetniji za\u0161titni mehanizmi za ulcinjske ribare.<\/p>\n<p>A upravo su oni \u2013 du\u0161a Bojane. Oni koji su stalno tu, koji daju \u017eivot tom predivnom prostoru, oni mali, vrijedni ljudi koji odr\u017eavaju tradiciju, oni koji uz pomo\u0107 ulova iz te rijeke ili iz akvatorijuma Ade, samo poku\u0161avaju da pre\u017eive.<\/p>\n<p>Zato je raspisivanje tendera za iznajmljivanje ribarskih ku\u0107ica posljednji udar na njihovu egzistenciju i istovremeno na \u017eive simbole Ulcinja uz ga\u017eenje me\u0111unarodnih konvencija koje se odnose na nu\u017enost konsultovanja lokalne zajednice kada sae donose takvi planovi.<\/p>\n<p>\u201cNa\u017ealost, iz razgovora sa najodgovornijim li\u010dnostima u Morskom dobru uvjerio sam se da oni niti znaju niti razumiju problematiku Bojane. Ta\u010dnije, malo ih sve ovo interesuje\u201d, ka\u017ee predsjednik Udru\u017eenja ribara Ulcinja <strong>Ivo Kne\u017eevi\u0107<\/strong>.<\/p>\n<p>U tom gradu je, ina\u010de, nepodijeljeno mi\u0161ljenje da je ova institucija najve\u0107i krivac za haos na obalama Bojane. Niko im ne vjeruje da, najzad, \u017eele da dovedu ne\u0161to u red, jer vi\u0161e od dvije decenije gotovo ni\u0161ta nijesu ulo\u017eili na tom prostoru, a koji sada \u017eele pretvoriti u \u2013 difuzni hotel!? Kolateralna \u0161teta u tom naumu da se prigrabi \u0161to vi\u0161e novaca sa obala ove rijeke bili bi \u2013 ribari.<\/p>\n<p>\u201cVe\u0107 godinama je u Morskom dobru prisutna tendencija da se Bojana izdvoji iz teritorije Op\u0161tine Ulcinj. Ovim Planom se to nastoji realizovati u praksi\u201d, ka\u017ee nevladin aktivist <strong>D\u017eabir Hod\u017ei\u0107<\/strong>.<\/p>\n<p>Takve namjere i \u010dinjenica da to javno preduze\u0107e sa sjedi\u0161tem u Budvi gazduje sa \u010dak 33 miliona metara kvadrata najkvalitetnijeg zemlji\u0161ta u Ulcinju, odnosno sa 12,7 odsto teritorije ove op\u0161tine, da ostvaruje milionske prihode, a da su ulaganja\u00a0 u pore\u0111enju sa tim veoma mala, uslovila je da se Morsko dobro u javnosti percipira kao najnepopularnija institucija.<\/p>\n<p>Tome uop\u0161te nije pomogla ni \u010dinjenica da se visoki funkcioner Nove demokratske snage \u2013 Forca <strong>D\u017eaudet Cakuli<\/strong> ve\u0107 godinama nalazi na \u010delu Upravnog odbora tog preduze\u0107a. Zato su pojedini ribari tra\u017eili javno od njega da podnese ostavku na tu funkciju, \u0161to on odbija da u\u010dini. Cakuli ka\u017ee da nije glasao za usvajanje Kataloga na sjednici UO Morskog dobra, te navodi da se Bojana mora vratiti u nadle\u017enost op\u0161tine, jer nigdje obale rijeke nijesu morsko dobro.<\/p>\n<p>Istovremeno su iz koalicije \u201cAlbanci zajedno\u201d, \u010diji je i Forca konstituent, saop\u0161tili da \u0107e u platformi o pregovorima za sastav budu\u0107e crnogorske Vlade biti i pitanje linije morskog dobra u Ulcinju. \u201cOna se mora vratiti u zakonske okvire, a ne da Ulcinj bude diskriminisan u odnosu na druge op\u0161tine na Primorju\u201d, ka\u017eu iz tog politi\u010dkog saveza.<\/p>\n<p>Istovremeno su iz Op\u0161tinskog odbora Gra\u0111anskog pokreta URA ocijenili da Javno preduze\u0107e za upravljanje morskim dobrom treba temeljito redefinisati, pa mo\u017eda i ukinuti, u skladu sa principom decentralizaciju vlasti na svim nivoima.<\/p>\n<p>\u201cU tom smislu, na\u0161 cilj je ukidanje tog preduze\u0107a i vra\u0107anje morskog dobra na upravljanje primorskim op\u0161tinama\u201d, ka\u017eu u toj politi\u010dkoj grupaciji i isti\u010du \u201cda bi se na taj na\u010din obezbjedio opstanak op\u0161tinama i istovremeno bi lokalne uprave imale potpunu odgovornost za u\u010dinjeno ili neu\u010dinjeno\u201d.<\/p>\n<p>\u201cOvako se loptica prebacuje, niko nije odgovoran, a gradovi propadaju ili pak stradaju najranjiviji dijelovi populacije \u2013 autohtono stanovni\u0161tvo, a u posljednjem slu\u010daju u Ulcinju, ribari na Bojani\u201d, dodaju iz URE.<\/p>\n<p>No, uz \u0161iroki konsenzus u Ulcinju, sve ve\u0107u podr\u0161ku koju dobijaju, sopstvenu odlu\u010dnost i dobar politi\u010dki momenat, ribari ne pokazuju spremnost da popu\u0161te namjerama Ministarstva odr\u017eivog razvoja i turizma da ih najprije namame u svoju igru i onda na\u0107eraju da igraju po njihovim pravilima.<\/p>\n<p>Ovaj nezakonito raspisani tender je, ina\u010de, otvoren do 11. novembra i primjetna je nervoza na objema stranama. Ribari su spremni za duge proteste i upozoravaju da mo\u017ee do\u0107i do ne\u017eeljenih posljedica ukoliko se njihove ku\u0107ice na\u0111u na licitaciji.<\/p>\n<p>Na potezu su sada oni koji su silom u\u0161li u ovaj postupak. Ili pak Upravni sud koji dr\u017eavne organe treba dovesti <em>k poznaniju prava<\/em>. (<em>Monitor<\/em>)<\/p>\n<p>&nbsp;<\/p>\n","protected":false},"excerpt":{"rendered":"<p>Zbog \u010dinjenice da je Katalog privremenih objekata nezakonito usvojen, jer nije pro\u0161ao javnu raspravu, pravni zastupnici ribara sa Bojane \u0107e zatra\u017eiti od Upravnog suda da poni\u0161ti odluku o raspisivanju tendera za izdavanje ku\u0107ica na obalama te rijeke, zaklju\u010deno je na sastanku koji je odr\u017ean u utorak u Velikoj sali Skup\u0161tine op\u0161tine Ulcinj. Za takvu odluku [&hellip;]<\/p>\n","protected":false},"author":1,"featured_media":0,"comment_status":"closed","ping_status":"closed","sticky":false,"template":"","format":"standard","meta":{"spay_email":"","jetpack_publicize_message":"","jetpack_is_tweetstorm":false,"jetpack_publicize_feature_enabled":true},"categories":[8337],"tags":[],"jetpack_publicize_connections":[],"yoast_head":"<!-- This site is optimized with the Yoast SEO plugin v19.1 - https:\/\/yoast.com\/wordpress\/plugins\/seo\/ -->\n<title>Mustafa Canka: \u201eMorsko dobro\u201c ponovo ujedinilo Ulcinjane - Lajme nga Ulqini<\/title>\n<meta name=\"description\" content=\"Zbog \u010dinjenice da je Katalog privremenih objekata nezakonito usvojen, jer nije pro\u0161ao javnu raspravu, pravni zastupnici ribara sa Bojane \u0107e zatra\u017eiti od\" \/>\n<meta name=\"robots\" content=\"index, follow, max-snippet:-1, max-image-preview:large, max-video-preview:-1\" \/>\n<link rel=\"canonical\" href=\"https:\/\/www.visit-ulcinj.com\/blog\/2016\/11\/06\/mustafa-canka-morsko-dobro-ponovo-ujedinilo-ulcinjane\/\" \/>\n<meta property=\"og:locale\" content=\"en_US\" \/>\n<meta property=\"og:type\" content=\"article\" \/>\n<meta property=\"og:title\" content=\"Mustafa Canka: \u201eMorsko dobro\u201c ponovo ujedinilo Ulcinjane - Lajme nga Ulqini\" \/>\n<meta property=\"og:description\" content=\"Zbog \u010dinjenice da je Katalog privremenih objekata nezakonito usvojen, jer nije pro\u0161ao javnu raspravu, pravni zastupnici ribara sa Bojane \u0107e zatra\u017eiti od\" \/>\n<meta property=\"og:url\" content=\"https:\/\/www.visit-ulcinj.com\/blog\/2016\/11\/06\/mustafa-canka-morsko-dobro-ponovo-ujedinilo-ulcinjane\/\" \/>\n<meta property=\"og:site_name\" content=\"Lajme nga Ulqini\" \/>\n<meta property=\"article:published_time\" content=\"2016-11-06T12:39:09+00:00\" \/>\n<meta property=\"og:image\" content=\"http:\/\/www.visit-ulcinj.com\/blog\/wp-content\/uploads\/2016\/04\/Masline-Valdanos-Mustafa-Canka.jpg\" \/>\n<meta name=\"twitter:label1\" content=\"Written by\" \/>\n\t<meta name=\"twitter:data1\" content=\"ulqini\" \/>\n\t<meta name=\"twitter:label2\" content=\"Est. reading time\" \/>\n\t<meta name=\"twitter:data2\" content=\"5 minutes\" \/>\n<script type=\"application\/ld+json\" class=\"yoast-schema-graph\">{\"@context\":\"https:\/\/schema.org\",\"@graph\":[{\"@type\":\"WebSite\",\"@id\":\"https:\/\/www.visit-ulcinj.com\/blog\/#website\",\"url\":\"https:\/\/www.visit-ulcinj.com\/blog\/\",\"name\":\"Lajme nga Ulqini\",\"description\":\"Lajme,Vijesti,Ulqini,Ulqin,Crna Gora,Mali i Zi\",\"potentialAction\":[{\"@type\":\"SearchAction\",\"target\":{\"@type\":\"EntryPoint\",\"urlTemplate\":\"https:\/\/www.visit-ulcinj.com\/blog\/?s={search_term_string}\"},\"query-input\":\"required name=search_term_string\"}],\"inLanguage\":\"en-US\"},{\"@type\":\"ImageObject\",\"inLanguage\":\"en-US\",\"@id\":\"https:\/\/www.visit-ulcinj.com\/blog\/2016\/11\/06\/mustafa-canka-morsko-dobro-ponovo-ujedinilo-ulcinjane\/#primaryimage\",\"url\":\"https:\/\/www.visit-ulcinj.com\/blog\/wp-content\/uploads\/2016\/04\/Masline-Valdanos-Mustafa-Canka.jpg\",\"contentUrl\":\"https:\/\/www.visit-ulcinj.com\/blog\/wp-content\/uploads\/2016\/04\/Masline-Valdanos-Mustafa-Canka.jpg\",\"width\":635,\"height\":480},{\"@type\":\"WebPage\",\"@id\":\"https:\/\/www.visit-ulcinj.com\/blog\/2016\/11\/06\/mustafa-canka-morsko-dobro-ponovo-ujedinilo-ulcinjane\/#webpage\",\"url\":\"https:\/\/www.visit-ulcinj.com\/blog\/2016\/11\/06\/mustafa-canka-morsko-dobro-ponovo-ujedinilo-ulcinjane\/\",\"name\":\"Mustafa Canka: \u201eMorsko dobro\u201c ponovo ujedinilo Ulcinjane - Lajme nga Ulqini\",\"isPartOf\":{\"@id\":\"https:\/\/www.visit-ulcinj.com\/blog\/#website\"},\"primaryImageOfPage\":{\"@id\":\"https:\/\/www.visit-ulcinj.com\/blog\/2016\/11\/06\/mustafa-canka-morsko-dobro-ponovo-ujedinilo-ulcinjane\/#primaryimage\"},\"datePublished\":\"2016-11-06T12:39:09+00:00\",\"dateModified\":\"2016-11-06T12:39:09+00:00\",\"author\":{\"@id\":\"https:\/\/www.visit-ulcinj.com\/blog\/#\/schema\/person\/dcab619c614d3038751c63bc2aadc06d\"},\"description\":\"Zbog \u010dinjenice da je Katalog privremenih objekata nezakonito usvojen, jer nije pro\u0161ao javnu raspravu, pravni zastupnici ribara sa Bojane \u0107e zatra\u017eiti od\",\"breadcrumb\":{\"@id\":\"https:\/\/www.visit-ulcinj.com\/blog\/2016\/11\/06\/mustafa-canka-morsko-dobro-ponovo-ujedinilo-ulcinjane\/#breadcrumb\"},\"inLanguage\":\"en-US\",\"potentialAction\":[{\"@type\":\"ReadAction\",\"target\":[\"https:\/\/www.visit-ulcinj.com\/blog\/2016\/11\/06\/mustafa-canka-morsko-dobro-ponovo-ujedinilo-ulcinjane\/\"]}]},{\"@type\":\"BreadcrumbList\",\"@id\":\"https:\/\/www.visit-ulcinj.com\/blog\/2016\/11\/06\/mustafa-canka-morsko-dobro-ponovo-ujedinilo-ulcinjane\/#breadcrumb\",\"itemListElement\":[{\"@type\":\"ListItem\",\"position\":1,\"name\":\"Mustafa Canka: \u201eMorsko dobro\u201c ponovo ujedinilo Ulcinjane\"}]},{\"@type\":\"Person\",\"@id\":\"https:\/\/www.visit-ulcinj.com\/blog\/#\/schema\/person\/dcab619c614d3038751c63bc2aadc06d\",\"name\":\"ulqini\",\"sameAs\":[\"http:\/\/www.visit-ulcinj.com\"],\"url\":\"https:\/\/www.visit-ulcinj.com\/blog\/author\/admin\/\"}]}<\/script>\n<!-- \/ Yoast SEO plugin. -->","yoast_head_json":{"title":"Mustafa Canka: \u201eMorsko dobro\u201c ponovo ujedinilo Ulcinjane - Lajme nga Ulqini","description":"Zbog \u010dinjenice da je Katalog privremenih objekata nezakonito usvojen, jer nije pro\u0161ao javnu raspravu, pravni zastupnici ribara sa Bojane \u0107e zatra\u017eiti od","robots":{"index":"index","follow":"follow","max-snippet":"max-snippet:-1","max-image-preview":"max-image-preview:large","max-video-preview":"max-video-preview:-1"},"canonical":"https:\/\/www.visit-ulcinj.com\/blog\/2016\/11\/06\/mustafa-canka-morsko-dobro-ponovo-ujedinilo-ulcinjane\/","og_locale":"en_US","og_type":"article","og_title":"Mustafa Canka: \u201eMorsko dobro\u201c ponovo ujedinilo Ulcinjane - Lajme nga Ulqini","og_description":"Zbog \u010dinjenice da je Katalog privremenih objekata nezakonito usvojen, jer nije pro\u0161ao javnu raspravu, pravni zastupnici ribara sa Bojane \u0107e zatra\u017eiti od","og_url":"https:\/\/www.visit-ulcinj.com\/blog\/2016\/11\/06\/mustafa-canka-morsko-dobro-ponovo-ujedinilo-ulcinjane\/","og_site_name":"Lajme nga Ulqini","article_published_time":"2016-11-06T12:39:09+00:00","og_image":[{"url":"http:\/\/www.visit-ulcinj.com\/blog\/wp-content\/uploads\/2016\/04\/Masline-Valdanos-Mustafa-Canka.jpg"}],"twitter_misc":{"Written by":"ulqini","Est. reading time":"5 minutes"},"schema":{"@context":"https:\/\/schema.org","@graph":[{"@type":"WebSite","@id":"https:\/\/www.visit-ulcinj.com\/blog\/#website","url":"https:\/\/www.visit-ulcinj.com\/blog\/","name":"Lajme nga Ulqini","description":"Lajme,Vijesti,Ulqini,Ulqin,Crna Gora,Mali i Zi","potentialAction":[{"@type":"SearchAction","target":{"@type":"EntryPoint","urlTemplate":"https:\/\/www.visit-ulcinj.com\/blog\/?s={search_term_string}"},"query-input":"required name=search_term_string"}],"inLanguage":"en-US"},{"@type":"ImageObject","inLanguage":"en-US","@id":"https:\/\/www.visit-ulcinj.com\/blog\/2016\/11\/06\/mustafa-canka-morsko-dobro-ponovo-ujedinilo-ulcinjane\/#primaryimage","url":"https:\/\/www.visit-ulcinj.com\/blog\/wp-content\/uploads\/2016\/04\/Masline-Valdanos-Mustafa-Canka.jpg","contentUrl":"https:\/\/www.visit-ulcinj.com\/blog\/wp-content\/uploads\/2016\/04\/Masline-Valdanos-Mustafa-Canka.jpg","width":635,"height":480},{"@type":"WebPage","@id":"https:\/\/www.visit-ulcinj.com\/blog\/2016\/11\/06\/mustafa-canka-morsko-dobro-ponovo-ujedinilo-ulcinjane\/#webpage","url":"https:\/\/www.visit-ulcinj.com\/blog\/2016\/11\/06\/mustafa-canka-morsko-dobro-ponovo-ujedinilo-ulcinjane\/","name":"Mustafa Canka: \u201eMorsko dobro\u201c ponovo ujedinilo Ulcinjane - Lajme nga Ulqini","isPartOf":{"@id":"https:\/\/www.visit-ulcinj.com\/blog\/#website"},"primaryImageOfPage":{"@id":"https:\/\/www.visit-ulcinj.com\/blog\/2016\/11\/06\/mustafa-canka-morsko-dobro-ponovo-ujedinilo-ulcinjane\/#primaryimage"},"datePublished":"2016-11-06T12:39:09+00:00","dateModified":"2016-11-06T12:39:09+00:00","author":{"@id":"https:\/\/www.visit-ulcinj.com\/blog\/#\/schema\/person\/dcab619c614d3038751c63bc2aadc06d"},"description":"Zbog \u010dinjenice da je Katalog privremenih objekata nezakonito usvojen, jer nije pro\u0161ao javnu raspravu, pravni zastupnici ribara sa Bojane \u0107e zatra\u017eiti od","breadcrumb":{"@id":"https:\/\/www.visit-ulcinj.com\/blog\/2016\/11\/06\/mustafa-canka-morsko-dobro-ponovo-ujedinilo-ulcinjane\/#breadcrumb"},"inLanguage":"en-US","potentialAction":[{"@type":"ReadAction","target":["https:\/\/www.visit-ulcinj.com\/blog\/2016\/11\/06\/mustafa-canka-morsko-dobro-ponovo-ujedinilo-ulcinjane\/"]}]},{"@type":"BreadcrumbList","@id":"https:\/\/www.visit-ulcinj.com\/blog\/2016\/11\/06\/mustafa-canka-morsko-dobro-ponovo-ujedinilo-ulcinjane\/#breadcrumb","itemListElement":[{"@type":"ListItem","position":1,"name":"Mustafa Canka: \u201eMorsko dobro\u201c ponovo ujedinilo Ulcinjane"}]},{"@type":"Person","@id":"https:\/\/www.visit-ulcinj.com\/blog\/#\/schema\/person\/dcab619c614d3038751c63bc2aadc06d","name":"ulqini","sameAs":["http:\/\/www.visit-ulcinj.com"],"url":"https:\/\/www.visit-ulcinj.com\/blog\/author\/admin\/"}]}},"jetpack_featured_media_url":"","jetpack_sharing_enabled":true,"jetpack_shortlink":"https:\/\/wp.me\/pe6lTn-qeD","_links":{"self":[{"href":"https:\/\/www.visit-ulcinj.com\/blog\/wp-json\/wp\/v2\/posts\/100851"}],"collection":[{"href":"https:\/\/www.visit-ulcinj.com\/blog\/wp-json\/wp\/v2\/posts"}],"about":[{"href":"https:\/\/www.visit-ulcinj.com\/blog\/wp-json\/wp\/v2\/types\/post"}],"author":[{"embeddable":true,"href":"https:\/\/www.visit-ulcinj.com\/blog\/wp-json\/wp\/v2\/users\/1"}],"replies":[{"embeddable":true,"href":"https:\/\/www.visit-ulcinj.com\/blog\/wp-json\/wp\/v2\/comments?post=100851"}],"version-history":[{"count":1,"href":"https:\/\/www.visit-ulcinj.com\/blog\/wp-json\/wp\/v2\/posts\/100851\/revisions"}],"predecessor-version":[{"id":100852,"href":"https:\/\/www.visit-ulcinj.com\/blog\/wp-json\/wp\/v2\/posts\/100851\/revisions\/100852"}],"wp:attachment":[{"href":"https:\/\/www.visit-ulcinj.com\/blog\/wp-json\/wp\/v2\/media?parent=100851"}],"wp:term":[{"taxonomy":"category","embeddable":true,"href":"https:\/\/www.visit-ulcinj.com\/blog\/wp-json\/wp\/v2\/categories?post=100851"},{"taxonomy":"post_tag","embeddable":true,"href":"https:\/\/www.visit-ulcinj.com\/blog\/wp-json\/wp\/v2\/tags?post=100851"}],"curies":[{"name":"wp","href":"https:\/\/api.w.org\/{rel}","templated":true}]}}