{"id":100862,"date":"2016-11-07T11:22:16","date_gmt":"2016-11-07T10:22:16","guid":{"rendered":"http:\/\/www.visit-ulcinj.com\/blog\/?p=100862"},"modified":"2016-11-07T17:29:41","modified_gmt":"2016-11-07T16:29:41","slug":"hapet-tenderi-per-qiradhenien-e-shtepizave-ne-brigjet-e-lumit-buna","status":"publish","type":"post","link":"https:\/\/www.visit-ulcinj.com\/blog\/2016\/11\/07\/hapet-tenderi-per-qiradhenien-e-shtepizave-ne-brigjet-e-lumit-buna\/","title":{"rendered":"Hapet tenderi p\u00ebr qiradh\u00ebnien e sht\u00ebpizave ne brigjet e Lumit Buna"},"content":{"rendered":"<p><a href=\"http:\/\/www.mrt.gov.me\/ResourceManager\/FileDownload.aspx?rId=253617&amp;rType=2\"><img loading=\"lazy\" class=\"alignleft wp-image-100863\" src=\"http:\/\/www.visit-ulcinj.com\/blog\/wp-content\/uploads\/2016\/11\/FOTO-KATALOG-ADA-BOJANA-ULCINJ-ULQIN.jpg\" alt=\"FOTO-KATALOG-ADA-BOJANA-ULCINJ-ULQIN\" width=\"508\" height=\"316\" srcset=\"https:\/\/www.visit-ulcinj.com\/blog\/wp-content\/uploads\/2016\/11\/FOTO-KATALOG-ADA-BOJANA-ULCINJ-ULQIN.jpg 916w, https:\/\/www.visit-ulcinj.com\/blog\/wp-content\/uploads\/2016\/11\/FOTO-KATALOG-ADA-BOJANA-ULCINJ-ULQIN-300x187.jpg 300w, https:\/\/www.visit-ulcinj.com\/blog\/wp-content\/uploads\/2016\/11\/FOTO-KATALOG-ADA-BOJANA-ULCINJ-ULQIN-768x478.jpg 768w\" sizes=\"(max-width: 508px) 100vw, 508px\" \/><\/a><\/p>\n<p>&nbsp;<\/p>\n<p><a href=\"http:\/\/www.mrt.gov.me\/ResourceManager\/FileDownload.aspx?rId=253617&amp;rType=2\"><strong>P\u00ebr \u00e7eljen e katalogut kliko n\u00eb fotograf<\/strong><strong>i<\/strong><\/a><\/p>\n<p>Me iniciative te Kryetarit te Bordit drejtues te Mirave detare te MZ, z. Xhaudet Cakuli , ne Mbledhjen e Bordit drejtuaes te te Mirave detare te mbajtur te merkuren, me 2 Nentor u aprovua Perfundimi qe lokacionet dhe objektet e \u00a0e peshkatareve, gjegjesisht te pronareve te objekteve te cilet ne vitin 2015 kishin lejen per peshkim afarist apo sportiv, te mos perfshihen ne thirrjet vijuese publike (Tendera), por te lihen per fundin e ketije procesi, deri sa te kryhet procedura e perfshirjes se ketyre objekteve ne Katalog (Plan), si objekte me karakter te \u00a0vecuar (te previlegjuar).<\/p>\n<p>Ne mbledhjen elektronike te zhvilluar dje, me 5 nentor, Bordi drejtues aprovoi \u00a0vendimin per amendim\u00a0e Thirrjes publike (tenderit) nr. 0207-1377\/1, date 26.10.2016, \u00a0per dhenien me qira te shtepizave ne Bune,.<\/p>\n<p>Me kete amendim\u00a0nga Thirrja publike fshihen 34 lokacione dhe objekte te peshkatareve, gjegjesisht te pronareve te objekteve te cilet ne vitin 2015 kishin lejen per peshkim afarist apo sportiv.<\/p>\n<p>Lokacionet dhe objektet te cilet jane fshi nga Thirrja publike (Tenderi) do te perfshihen me thirjet publike shtese sipas kushteve dhe procedures e cila do te precizohet permes Ndryshimit te Vendimit per shpalljen e Thirrjes publike, e cila duhet te kaloje proceduren e marrjes se Pelqimit nga Qeveria e MZ.<\/p>\n<p>Gjitahshtu, ne bashkepunim me Ministrine e puneve te brendshme te MZ, me qellim te krijimit te kushteve qe edhe shtetasit te huaj te marrin pjese ne procesin e tenderimit, eshte dhene mundesia shtese qe shtetasi \u00a0i huaj te parashtroje \u00a0Verrtetimin qe e ka dorezuar kerkesen per lejimin e qendrimit te perkohshem ne MZ, konform Ligjit per te huajt ( Zakon o strancima ).<\/p>\n<p>Ulqin, me 06.11.2016 Kryetari \u00a0i BD MD,<\/p>\n<p><strong>Lajm.me<\/strong><\/p>\n<p><strong>Ja pra edhe katalogu i sht\u00ebpizave n\u00eb t\u00ebrsi KLIKO N\u00cb : <a href=\"http:\/\/www.mrt.gov.me\/ResourceManager\/FileDownload.aspx?rId=253617&amp;rType=2\" target=\"_blank\">Katalog (evidencija) privremenih objekata i lokacija na obali rijeke Bojane<\/a><\/strong><\/p>\n<p><a href=\"http:\/\/www.visit-ulcinj.com\/blog\/wp-content\/uploads\/2016\/11\/ADA-BOJANA-ULCINJ-ULQIN.jpg\"><img loading=\"lazy\" class=\"alignleft wp-image-100870\" src=\"http:\/\/www.visit-ulcinj.com\/blog\/wp-content\/uploads\/2016\/11\/ADA-BOJANA-ULCINJ-ULQIN.jpg\" alt=\"ADA-BOJANA-ULCINJ-ULQIN\" width=\"508\" height=\"376\" srcset=\"https:\/\/www.visit-ulcinj.com\/blog\/wp-content\/uploads\/2016\/11\/ADA-BOJANA-ULCINJ-ULQIN.jpg 754w, https:\/\/www.visit-ulcinj.com\/blog\/wp-content\/uploads\/2016\/11\/ADA-BOJANA-ULCINJ-ULQIN-300x222.jpg 300w\" sizes=\"(max-width: 508px) 100vw, 508px\" \/><\/a><\/p>\n","protected":false},"excerpt":{"rendered":"<p>&nbsp; P\u00ebr \u00e7eljen e katalogut kliko n\u00eb fotografi Me iniciative te Kryetarit te Bordit drejtues te Mirave detare te MZ, z. Xhaudet Cakuli , ne Mbledhjen e Bordit drejtuaes te te Mirave detare te mbajtur te merkuren, me 2 Nentor u aprovua Perfundimi qe lokacionet dhe objektet e \u00a0e peshkatareve, gjegjesisht te pronareve te objekteve [&hellip;]<\/p>\n","protected":false},"author":1,"featured_media":0,"comment_status":"closed","ping_status":"closed","sticky":false,"template":"","format":"standard","meta":{"spay_email":"","jetpack_publicize_message":"","jetpack_is_tweetstorm":false,"jetpack_publicize_feature_enabled":true},"categories":[1,12],"tags":[],"jetpack_publicize_connections":[],"yoast_head":"<!-- This site is optimized with the Yoast SEO plugin v19.1 - https:\/\/yoast.com\/wordpress\/plugins\/seo\/ -->\n<title>Hapet tenderi p\u00ebr qiradh\u00ebnien e sht\u00ebpizave ne brigjet e Lumit Buna - Lajme nga Ulqini<\/title>\n<meta name=\"description\" content=\"&nbsp; P\u00ebr \u00e7eljen e katalogut kliko n\u00eb fotografi Me iniciative te Kryetarit te Bordit drejtues te Mirave detare te MZ, z. Xhaudet Cakuli , ne Mbledhjen e\" \/>\n<meta name=\"robots\" content=\"index, follow, max-snippet:-1, max-image-preview:large, max-video-preview:-1\" \/>\n<link rel=\"canonical\" href=\"https:\/\/www.visit-ulcinj.com\/blog\/2016\/11\/07\/hapet-tenderi-per-qiradhenien-e-shtepizave-ne-brigjet-e-lumit-buna\/\" \/>\n<meta property=\"og:locale\" content=\"en_US\" \/>\n<meta property=\"og:type\" content=\"article\" \/>\n<meta property=\"og:title\" content=\"Hapet tenderi p\u00ebr qiradh\u00ebnien e sht\u00ebpizave ne brigjet e Lumit Buna - Lajme nga Ulqini\" \/>\n<meta property=\"og:description\" content=\"&nbsp; P\u00ebr \u00e7eljen e katalogut kliko n\u00eb fotografi Me iniciative te Kryetarit te Bordit drejtues te Mirave detare te MZ, z. Xhaudet Cakuli , ne Mbledhjen e\" \/>\n<meta property=\"og:url\" content=\"https:\/\/www.visit-ulcinj.com\/blog\/2016\/11\/07\/hapet-tenderi-per-qiradhenien-e-shtepizave-ne-brigjet-e-lumit-buna\/\" \/>\n<meta property=\"og:site_name\" content=\"Lajme nga Ulqini\" \/>\n<meta property=\"article:published_time\" content=\"2016-11-07T10:22:16+00:00\" \/>\n<meta property=\"article:modified_time\" content=\"2016-11-07T16:29:41+00:00\" \/>\n<meta property=\"og:image\" content=\"http:\/\/www.visit-ulcinj.com\/blog\/wp-content\/uploads\/2016\/11\/FOTO-KATALOG-ADA-BOJANA-ULCINJ-ULQIN.jpg\" \/>\n<meta name=\"twitter:label1\" content=\"Written by\" \/>\n\t<meta name=\"twitter:data1\" content=\"ulqini\" \/>\n\t<meta name=\"twitter:label2\" content=\"Est. reading time\" \/>\n\t<meta name=\"twitter:data2\" content=\"2 minutes\" \/>\n<script type=\"application\/ld+json\" class=\"yoast-schema-graph\">{\"@context\":\"https:\/\/schema.org\",\"@graph\":[{\"@type\":\"WebSite\",\"@id\":\"https:\/\/www.visit-ulcinj.com\/blog\/#website\",\"url\":\"https:\/\/www.visit-ulcinj.com\/blog\/\",\"name\":\"Lajme nga Ulqini\",\"description\":\"Lajme,Vijesti,Ulqini,Ulqin,Crna Gora,Mali i Zi\",\"potentialAction\":[{\"@type\":\"SearchAction\",\"target\":{\"@type\":\"EntryPoint\",\"urlTemplate\":\"https:\/\/www.visit-ulcinj.com\/blog\/?s={search_term_string}\"},\"query-input\":\"required name=search_term_string\"}],\"inLanguage\":\"en-US\"},{\"@type\":\"ImageObject\",\"inLanguage\":\"en-US\",\"@id\":\"https:\/\/www.visit-ulcinj.com\/blog\/2016\/11\/07\/hapet-tenderi-per-qiradhenien-e-shtepizave-ne-brigjet-e-lumit-buna\/#primaryimage\",\"url\":\"https:\/\/www.visit-ulcinj.com\/blog\/wp-content\/uploads\/2016\/11\/FOTO-KATALOG-ADA-BOJANA-ULCINJ-ULQIN.jpg\",\"contentUrl\":\"https:\/\/www.visit-ulcinj.com\/blog\/wp-content\/uploads\/2016\/11\/FOTO-KATALOG-ADA-BOJANA-ULCINJ-ULQIN.jpg\",\"width\":916,\"height\":570},{\"@type\":\"WebPage\",\"@id\":\"https:\/\/www.visit-ulcinj.com\/blog\/2016\/11\/07\/hapet-tenderi-per-qiradhenien-e-shtepizave-ne-brigjet-e-lumit-buna\/#webpage\",\"url\":\"https:\/\/www.visit-ulcinj.com\/blog\/2016\/11\/07\/hapet-tenderi-per-qiradhenien-e-shtepizave-ne-brigjet-e-lumit-buna\/\",\"name\":\"Hapet tenderi p\u00ebr qiradh\u00ebnien e sht\u00ebpizave ne brigjet e Lumit Buna - Lajme nga Ulqini\",\"isPartOf\":{\"@id\":\"https:\/\/www.visit-ulcinj.com\/blog\/#website\"},\"primaryImageOfPage\":{\"@id\":\"https:\/\/www.visit-ulcinj.com\/blog\/2016\/11\/07\/hapet-tenderi-per-qiradhenien-e-shtepizave-ne-brigjet-e-lumit-buna\/#primaryimage\"},\"datePublished\":\"2016-11-07T10:22:16+00:00\",\"dateModified\":\"2016-11-07T16:29:41+00:00\",\"author\":{\"@id\":\"https:\/\/www.visit-ulcinj.com\/blog\/#\/schema\/person\/dcab619c614d3038751c63bc2aadc06d\"},\"description\":\"&nbsp; P\u00ebr \u00e7eljen e katalogut kliko n\u00eb fotografi Me iniciative te Kryetarit te Bordit drejtues te Mirave detare te MZ, z. Xhaudet Cakuli , ne Mbledhjen e\",\"breadcrumb\":{\"@id\":\"https:\/\/www.visit-ulcinj.com\/blog\/2016\/11\/07\/hapet-tenderi-per-qiradhenien-e-shtepizave-ne-brigjet-e-lumit-buna\/#breadcrumb\"},\"inLanguage\":\"en-US\",\"potentialAction\":[{\"@type\":\"ReadAction\",\"target\":[\"https:\/\/www.visit-ulcinj.com\/blog\/2016\/11\/07\/hapet-tenderi-per-qiradhenien-e-shtepizave-ne-brigjet-e-lumit-buna\/\"]}]},{\"@type\":\"BreadcrumbList\",\"@id\":\"https:\/\/www.visit-ulcinj.com\/blog\/2016\/11\/07\/hapet-tenderi-per-qiradhenien-e-shtepizave-ne-brigjet-e-lumit-buna\/#breadcrumb\",\"itemListElement\":[{\"@type\":\"ListItem\",\"position\":1,\"name\":\"Hapet tenderi p\u00ebr qiradh\u00ebnien e sht\u00ebpizave ne brigjet e Lumit Buna\"}]},{\"@type\":\"Person\",\"@id\":\"https:\/\/www.visit-ulcinj.com\/blog\/#\/schema\/person\/dcab619c614d3038751c63bc2aadc06d\",\"name\":\"ulqini\",\"sameAs\":[\"http:\/\/www.visit-ulcinj.com\"],\"url\":\"https:\/\/www.visit-ulcinj.com\/blog\/author\/admin\/\"}]}<\/script>\n<!-- \/ Yoast SEO plugin. -->","yoast_head_json":{"title":"Hapet tenderi p\u00ebr qiradh\u00ebnien e sht\u00ebpizave ne brigjet e Lumit Buna - Lajme nga Ulqini","description":"&nbsp; P\u00ebr \u00e7eljen e katalogut kliko n\u00eb fotografi Me iniciative te Kryetarit te Bordit drejtues te Mirave detare te MZ, z. Xhaudet Cakuli , ne Mbledhjen e","robots":{"index":"index","follow":"follow","max-snippet":"max-snippet:-1","max-image-preview":"max-image-preview:large","max-video-preview":"max-video-preview:-1"},"canonical":"https:\/\/www.visit-ulcinj.com\/blog\/2016\/11\/07\/hapet-tenderi-per-qiradhenien-e-shtepizave-ne-brigjet-e-lumit-buna\/","og_locale":"en_US","og_type":"article","og_title":"Hapet tenderi p\u00ebr qiradh\u00ebnien e sht\u00ebpizave ne brigjet e Lumit Buna - Lajme nga Ulqini","og_description":"&nbsp; P\u00ebr \u00e7eljen e katalogut kliko n\u00eb fotografi Me iniciative te Kryetarit te Bordit drejtues te Mirave detare te MZ, z. Xhaudet Cakuli , ne Mbledhjen e","og_url":"https:\/\/www.visit-ulcinj.com\/blog\/2016\/11\/07\/hapet-tenderi-per-qiradhenien-e-shtepizave-ne-brigjet-e-lumit-buna\/","og_site_name":"Lajme nga Ulqini","article_published_time":"2016-11-07T10:22:16+00:00","article_modified_time":"2016-11-07T16:29:41+00:00","og_image":[{"url":"http:\/\/www.visit-ulcinj.com\/blog\/wp-content\/uploads\/2016\/11\/FOTO-KATALOG-ADA-BOJANA-ULCINJ-ULQIN.jpg"}],"twitter_misc":{"Written by":"ulqini","Est. reading time":"2 minutes"},"schema":{"@context":"https:\/\/schema.org","@graph":[{"@type":"WebSite","@id":"https:\/\/www.visit-ulcinj.com\/blog\/#website","url":"https:\/\/www.visit-ulcinj.com\/blog\/","name":"Lajme nga Ulqini","description":"Lajme,Vijesti,Ulqini,Ulqin,Crna Gora,Mali i Zi","potentialAction":[{"@type":"SearchAction","target":{"@type":"EntryPoint","urlTemplate":"https:\/\/www.visit-ulcinj.com\/blog\/?s={search_term_string}"},"query-input":"required name=search_term_string"}],"inLanguage":"en-US"},{"@type":"ImageObject","inLanguage":"en-US","@id":"https:\/\/www.visit-ulcinj.com\/blog\/2016\/11\/07\/hapet-tenderi-per-qiradhenien-e-shtepizave-ne-brigjet-e-lumit-buna\/#primaryimage","url":"https:\/\/www.visit-ulcinj.com\/blog\/wp-content\/uploads\/2016\/11\/FOTO-KATALOG-ADA-BOJANA-ULCINJ-ULQIN.jpg","contentUrl":"https:\/\/www.visit-ulcinj.com\/blog\/wp-content\/uploads\/2016\/11\/FOTO-KATALOG-ADA-BOJANA-ULCINJ-ULQIN.jpg","width":916,"height":570},{"@type":"WebPage","@id":"https:\/\/www.visit-ulcinj.com\/blog\/2016\/11\/07\/hapet-tenderi-per-qiradhenien-e-shtepizave-ne-brigjet-e-lumit-buna\/#webpage","url":"https:\/\/www.visit-ulcinj.com\/blog\/2016\/11\/07\/hapet-tenderi-per-qiradhenien-e-shtepizave-ne-brigjet-e-lumit-buna\/","name":"Hapet tenderi p\u00ebr qiradh\u00ebnien e sht\u00ebpizave ne brigjet e Lumit Buna - Lajme nga Ulqini","isPartOf":{"@id":"https:\/\/www.visit-ulcinj.com\/blog\/#website"},"primaryImageOfPage":{"@id":"https:\/\/www.visit-ulcinj.com\/blog\/2016\/11\/07\/hapet-tenderi-per-qiradhenien-e-shtepizave-ne-brigjet-e-lumit-buna\/#primaryimage"},"datePublished":"2016-11-07T10:22:16+00:00","dateModified":"2016-11-07T16:29:41+00:00","author":{"@id":"https:\/\/www.visit-ulcinj.com\/blog\/#\/schema\/person\/dcab619c614d3038751c63bc2aadc06d"},"description":"&nbsp; P\u00ebr \u00e7eljen e katalogut kliko n\u00eb fotografi Me iniciative te Kryetarit te Bordit drejtues te Mirave detare te MZ, z. Xhaudet Cakuli , ne Mbledhjen e","breadcrumb":{"@id":"https:\/\/www.visit-ulcinj.com\/blog\/2016\/11\/07\/hapet-tenderi-per-qiradhenien-e-shtepizave-ne-brigjet-e-lumit-buna\/#breadcrumb"},"inLanguage":"en-US","potentialAction":[{"@type":"ReadAction","target":["https:\/\/www.visit-ulcinj.com\/blog\/2016\/11\/07\/hapet-tenderi-per-qiradhenien-e-shtepizave-ne-brigjet-e-lumit-buna\/"]}]},{"@type":"BreadcrumbList","@id":"https:\/\/www.visit-ulcinj.com\/blog\/2016\/11\/07\/hapet-tenderi-per-qiradhenien-e-shtepizave-ne-brigjet-e-lumit-buna\/#breadcrumb","itemListElement":[{"@type":"ListItem","position":1,"name":"Hapet tenderi p\u00ebr qiradh\u00ebnien e sht\u00ebpizave ne brigjet e Lumit Buna"}]},{"@type":"Person","@id":"https:\/\/www.visit-ulcinj.com\/blog\/#\/schema\/person\/dcab619c614d3038751c63bc2aadc06d","name":"ulqini","sameAs":["http:\/\/www.visit-ulcinj.com"],"url":"https:\/\/www.visit-ulcinj.com\/blog\/author\/admin\/"}]}},"jetpack_featured_media_url":"","jetpack_sharing_enabled":true,"jetpack_shortlink":"https:\/\/wp.me\/pe6lTn-qeO","_links":{"self":[{"href":"https:\/\/www.visit-ulcinj.com\/blog\/wp-json\/wp\/v2\/posts\/100862"}],"collection":[{"href":"https:\/\/www.visit-ulcinj.com\/blog\/wp-json\/wp\/v2\/posts"}],"about":[{"href":"https:\/\/www.visit-ulcinj.com\/blog\/wp-json\/wp\/v2\/types\/post"}],"author":[{"embeddable":true,"href":"https:\/\/www.visit-ulcinj.com\/blog\/wp-json\/wp\/v2\/users\/1"}],"replies":[{"embeddable":true,"href":"https:\/\/www.visit-ulcinj.com\/blog\/wp-json\/wp\/v2\/comments?post=100862"}],"version-history":[{"count":7,"href":"https:\/\/www.visit-ulcinj.com\/blog\/wp-json\/wp\/v2\/posts\/100862\/revisions"}],"predecessor-version":[{"id":100871,"href":"https:\/\/www.visit-ulcinj.com\/blog\/wp-json\/wp\/v2\/posts\/100862\/revisions\/100871"}],"wp:attachment":[{"href":"https:\/\/www.visit-ulcinj.com\/blog\/wp-json\/wp\/v2\/media?parent=100862"}],"wp:term":[{"taxonomy":"category","embeddable":true,"href":"https:\/\/www.visit-ulcinj.com\/blog\/wp-json\/wp\/v2\/categories?post=100862"},{"taxonomy":"post_tag","embeddable":true,"href":"https:\/\/www.visit-ulcinj.com\/blog\/wp-json\/wp\/v2\/tags?post=100862"}],"curies":[{"name":"wp","href":"https:\/\/api.w.org\/{rel}","templated":true}]}}