{"id":100872,"date":"2016-11-07T12:17:25","date_gmt":"2016-11-07T11:17:25","guid":{"rendered":"http:\/\/www.visit-ulcinj.com\/blog\/?p=100872"},"modified":"2016-11-07T12:18:25","modified_gmt":"2016-11-07T11:18:25","slug":"panairi-i-punimeve-artizanale-ne-tetove-edhe-nga-ulqini","status":"publish","type":"post","link":"https:\/\/www.visit-ulcinj.com\/blog\/2016\/11\/07\/panairi-i-punimeve-artizanale-ne-tetove-edhe-nga-ulqini\/","title":{"rendered":"Panairi i punimeve artizanale n\u00eb Tetov\u00eb edhe nga Ulqini"},"content":{"rendered":"<div id=\"moz-reader-content\" class=\"line-height4\">\n<div id=\"readability-page-1\" class=\"page\">\n<div class=\"text\">\n<p><a href=\"http:\/\/www.visit-ulcinj.com\/blog\/wp-content\/uploads\/2016\/11\/Panairi-i-punimeve-artizanale-n\u00eb-Tetov\u00eb-edhe-nga-Ulqini.jpg\"><img loading=\"lazy\" class=\"alignleft wp-image-100873\" src=\"http:\/\/www.visit-ulcinj.com\/blog\/wp-content\/uploads\/2016\/11\/Panairi-i-punimeve-artizanale-n\u00eb-Tetov\u00eb-edhe-nga-Ulqini.jpg\" alt=\"Panairi i punimeve artizanale n\u00eb Tetov\u00eb edhe nga Ulqini\" width=\"508\" height=\"294\" srcset=\"https:\/\/www.visit-ulcinj.com\/blog\/wp-content\/uploads\/2016\/11\/Panairi-i-punimeve-artizanale-n\u00eb-Tetov\u00eb-edhe-nga-Ulqini.jpg 637w, https:\/\/www.visit-ulcinj.com\/blog\/wp-content\/uploads\/2016\/11\/Panairi-i-punimeve-artizanale-n\u00eb-Tetov\u00eb-edhe-nga-Ulqini-300x174.jpg 300w\" sizes=\"(max-width: 508px) 100vw, 508px\" \/><\/a>Artizan\u00eb nga Kruja, Durr\u00ebsi, Shkodra, Saranda, Gjirokastra e Ulqini, tashm\u00eb disa dit\u00eb kan\u00eb ekspozuar n\u00eb Tetov\u00eb veshjet tradicionale t\u00eb trojeve shqiptare, zbukurime p\u00ebr veshje pun\u00eb dore, si dhe artin e p\u00ebrpunimit t\u00eb perlave nga Saranda e Vlora. K\u00ebndi m\u00eb i bukur i k\u00ebtij panairi q\u00eb organizohet n\u00eb kuad\u00ebr t\u00eb festave t\u00eb N\u00ebntorit \u00ebsht\u00eb ai i Shkodr\u00ebs, tek i cili, p\u00ebrve\u00e7 qilimave, frekuentuesit mund t\u00eb shohin edhe veshjet tradicionale qindra vje\u00e7are t\u00eb Zadrimes e Mirdit\u00ebs.<\/p>\n<p>\u201cPunimet e tyre jan\u00eb gjithmon\u00eb punimet n\u00eb dor\u00eb, pra nga ana e Shkodr\u00ebs jan\u00eb punimet e qilimave, \u00e7anta q\u00eb punohen n\u00eb dor\u00eb nga materiale t\u00eb ndryshme nga leshi, dhe po ashtu punimet e argjendit t\u00eb njohur q\u00eb punohen n\u00eb dor\u00eb nga artizan\u00ebt e Shkodr\u00ebs si dhe punimet e perlave q\u00eb jan\u00eb shum\u00eb t\u00eb njohura nga bregdeti Jon, Sarand\u00eb\u201d, deklaroi Ramiz Hajdari, Kryetar i Shoqat\u00ebs Globus Art Ulqin.<\/p>\n<p>\u201cUn\u00eb vij prej Shkodre. Un\u00eb kam sjell tesha q\u00eb mbulojn\u00eb pjes\u00ebn e Zadrim\u00ebs, Mirditoren kryesisht t\u00eb krahin\u00ebs s\u00eb veriut. Jan\u00eb tana pun\u00eb dore, tesha tradicionale q\u00eb i b\u00ebjn\u00eb n\u00eb tesena\u201d, tha Mark Ndoci nga Shkodra.<\/p>\n<p>Vizitor\u00ebt thon\u00eb se ky panair pos q\u00eb \u00ebsht\u00eb ur\u00eb lidh\u00ebse mes kulturave t\u00eb nj\u00eb populli, por edhe mund\u00ebsi e mir\u00eb p\u00ebr tu njohur me tradicionalen e trevave tjera shqipfol\u00ebse.<\/p>\n<p>\u201cT\u00eb them drejt\u00eb m\u00eb p\u00eblqen shum\u00eb se ka shum\u00eb gj\u00ebra t\u00eb elementeve komb\u00ebtare pra \u00e7do tregtar \u00ebsht\u00eb i mir\u00ebseardhur n\u00eb Tetov\u00eb, sepse ne kemi ca gj\u00ebra por nuk i posedojm\u00eb disa elemente t\u00eb artizanatave q\u00eb jan\u00eb e q\u00eb vijn\u00eb nga Shqip\u00ebria por edhe nga Kosova si\u00e7 shoh ka. Nj\u00eb form\u00eb e k\u00ebtill\u00eb besoj e ruan tradit\u00ebn dhe duhet t\u00eb kultivohet\u201d<\/p>\n<p>\u201cGjithsesi se kjo \u00ebsht\u00eb edhe nj\u00eb far\u00eb lidhje mes nj\u00eb populli por t\u00eb rajoneve t\u00eb ndryshme. Kjo \u00ebsht\u00eb edhe nj\u00eb kultur\u00eb q\u00eb neve n\u00eb Tetov\u00eb na nevojitet\u201d<\/p>\n<p>Ky \u00ebsht\u00eb panairi tet\u00eb me radh\u00eb q\u00eb n\u00eb kuad\u00ebr t\u00eb festave t\u00eb N\u00ebntorit, n\u00eb Tetov\u00eb sjell artizan\u00eb nga t\u00eb gjitha trojet shqiptare.<\/p>\n<p><strong>Bashkim Sulejmani<\/strong><\/p>\n<p><strong>Alsat-m.tv<\/strong><\/p>\n<!--YouTube Error: bad URL entered-->\n<\/div>\n<\/div>\n<\/div>\n","protected":false},"excerpt":{"rendered":"<p>Artizan\u00eb nga Kruja, Durr\u00ebsi, Shkodra, Saranda, Gjirokastra e Ulqini, tashm\u00eb disa dit\u00eb kan\u00eb ekspozuar n\u00eb Tetov\u00eb veshjet tradicionale t\u00eb trojeve shqiptare, zbukurime p\u00ebr veshje pun\u00eb dore, si dhe artin e p\u00ebrpunimit t\u00eb perlave nga Saranda e Vlora. K\u00ebndi m\u00eb i bukur i k\u00ebtij panairi q\u00eb organizohet n\u00eb kuad\u00ebr t\u00eb festave t\u00eb N\u00ebntorit \u00ebsht\u00eb ai i [&hellip;]<\/p>\n","protected":false},"author":1,"featured_media":0,"comment_status":"closed","ping_status":"closed","sticky":false,"template":"","format":"standard","meta":{"spay_email":"","jetpack_publicize_message":"","jetpack_is_tweetstorm":false,"jetpack_publicize_feature_enabled":true},"categories":[14],"tags":[],"jetpack_publicize_connections":[],"yoast_head":"<!-- This site is optimized with the Yoast SEO plugin v19.1 - https:\/\/yoast.com\/wordpress\/plugins\/seo\/ -->\n<title>Panairi i punimeve artizanale n\u00eb Tetov\u00eb edhe nga Ulqini - Lajme nga Ulqini<\/title>\n<meta name=\"description\" content=\"Artizan\u00eb nga Kruja, Durr\u00ebsi, Shkodra, Saranda, Gjirokastra e Ulqini, tashm\u00eb disa dit\u00eb kan\u00eb ekspozuar n\u00eb Tetov\u00eb veshjet tradicionale t\u00eb trojeve shqiptare,\" \/>\n<meta name=\"robots\" content=\"index, follow, max-snippet:-1, max-image-preview:large, max-video-preview:-1\" \/>\n<link rel=\"canonical\" href=\"https:\/\/www.visit-ulcinj.com\/blog\/2016\/11\/07\/panairi-i-punimeve-artizanale-ne-tetove-edhe-nga-ulqini\/\" \/>\n<meta property=\"og:locale\" content=\"en_US\" \/>\n<meta property=\"og:type\" content=\"article\" \/>\n<meta property=\"og:title\" content=\"Panairi i punimeve artizanale n\u00eb Tetov\u00eb edhe nga Ulqini - Lajme nga Ulqini\" \/>\n<meta property=\"og:description\" content=\"Artizan\u00eb nga Kruja, Durr\u00ebsi, Shkodra, Saranda, Gjirokastra e Ulqini, tashm\u00eb disa dit\u00eb kan\u00eb ekspozuar n\u00eb Tetov\u00eb veshjet tradicionale t\u00eb trojeve shqiptare,\" \/>\n<meta property=\"og:url\" content=\"https:\/\/www.visit-ulcinj.com\/blog\/2016\/11\/07\/panairi-i-punimeve-artizanale-ne-tetove-edhe-nga-ulqini\/\" \/>\n<meta property=\"og:site_name\" content=\"Lajme nga Ulqini\" \/>\n<meta property=\"article:published_time\" content=\"2016-11-07T11:17:25+00:00\" \/>\n<meta property=\"article:modified_time\" content=\"2016-11-07T11:18:25+00:00\" \/>\n<meta name=\"twitter:label1\" content=\"Written by\" \/>\n\t<meta name=\"twitter:data1\" content=\"ulqini\" \/>\n\t<meta name=\"twitter:label2\" content=\"Est. reading time\" \/>\n\t<meta name=\"twitter:data2\" content=\"2 minutes\" \/>\n<script type=\"application\/ld+json\" class=\"yoast-schema-graph\">{\"@context\":\"https:\/\/schema.org\",\"@graph\":[{\"@type\":\"WebSite\",\"@id\":\"https:\/\/www.visit-ulcinj.com\/blog\/#website\",\"url\":\"https:\/\/www.visit-ulcinj.com\/blog\/\",\"name\":\"Lajme nga Ulqini\",\"description\":\"Lajme,Vijesti,Ulqini,Ulqin,Crna Gora,Mali i Zi\",\"potentialAction\":[{\"@type\":\"SearchAction\",\"target\":{\"@type\":\"EntryPoint\",\"urlTemplate\":\"https:\/\/www.visit-ulcinj.com\/blog\/?s={search_term_string}\"},\"query-input\":\"required name=search_term_string\"}],\"inLanguage\":\"en-US\"},{\"@type\":\"WebPage\",\"@id\":\"https:\/\/www.visit-ulcinj.com\/blog\/2016\/11\/07\/panairi-i-punimeve-artizanale-ne-tetove-edhe-nga-ulqini\/#webpage\",\"url\":\"https:\/\/www.visit-ulcinj.com\/blog\/2016\/11\/07\/panairi-i-punimeve-artizanale-ne-tetove-edhe-nga-ulqini\/\",\"name\":\"Panairi i punimeve artizanale n\u00eb Tetov\u00eb edhe nga Ulqini - Lajme nga Ulqini\",\"isPartOf\":{\"@id\":\"https:\/\/www.visit-ulcinj.com\/blog\/#website\"},\"datePublished\":\"2016-11-07T11:17:25+00:00\",\"dateModified\":\"2016-11-07T11:18:25+00:00\",\"author\":{\"@id\":\"https:\/\/www.visit-ulcinj.com\/blog\/#\/schema\/person\/dcab619c614d3038751c63bc2aadc06d\"},\"description\":\"Artizan\u00eb nga Kruja, Durr\u00ebsi, Shkodra, Saranda, Gjirokastra e Ulqini, tashm\u00eb disa dit\u00eb kan\u00eb ekspozuar n\u00eb Tetov\u00eb veshjet tradicionale t\u00eb trojeve shqiptare,\",\"breadcrumb\":{\"@id\":\"https:\/\/www.visit-ulcinj.com\/blog\/2016\/11\/07\/panairi-i-punimeve-artizanale-ne-tetove-edhe-nga-ulqini\/#breadcrumb\"},\"inLanguage\":\"en-US\",\"potentialAction\":[{\"@type\":\"ReadAction\",\"target\":[\"https:\/\/www.visit-ulcinj.com\/blog\/2016\/11\/07\/panairi-i-punimeve-artizanale-ne-tetove-edhe-nga-ulqini\/\"]}]},{\"@type\":\"BreadcrumbList\",\"@id\":\"https:\/\/www.visit-ulcinj.com\/blog\/2016\/11\/07\/panairi-i-punimeve-artizanale-ne-tetove-edhe-nga-ulqini\/#breadcrumb\",\"itemListElement\":[{\"@type\":\"ListItem\",\"position\":1,\"name\":\"Panairi i punimeve artizanale n\u00eb Tetov\u00eb edhe nga Ulqini\"}]},{\"@type\":\"Person\",\"@id\":\"https:\/\/www.visit-ulcinj.com\/blog\/#\/schema\/person\/dcab619c614d3038751c63bc2aadc06d\",\"name\":\"ulqini\",\"sameAs\":[\"http:\/\/www.visit-ulcinj.com\"],\"url\":\"https:\/\/www.visit-ulcinj.com\/blog\/author\/admin\/\"}]}<\/script>\n<!-- \/ Yoast SEO plugin. -->","yoast_head_json":{"title":"Panairi i punimeve artizanale n\u00eb Tetov\u00eb edhe nga Ulqini - Lajme nga Ulqini","description":"Artizan\u00eb nga Kruja, Durr\u00ebsi, Shkodra, Saranda, Gjirokastra e Ulqini, tashm\u00eb disa dit\u00eb kan\u00eb ekspozuar n\u00eb Tetov\u00eb veshjet tradicionale t\u00eb trojeve shqiptare,","robots":{"index":"index","follow":"follow","max-snippet":"max-snippet:-1","max-image-preview":"max-image-preview:large","max-video-preview":"max-video-preview:-1"},"canonical":"https:\/\/www.visit-ulcinj.com\/blog\/2016\/11\/07\/panairi-i-punimeve-artizanale-ne-tetove-edhe-nga-ulqini\/","og_locale":"en_US","og_type":"article","og_title":"Panairi i punimeve artizanale n\u00eb Tetov\u00eb edhe nga Ulqini - Lajme nga Ulqini","og_description":"Artizan\u00eb nga Kruja, Durr\u00ebsi, Shkodra, Saranda, Gjirokastra e Ulqini, tashm\u00eb disa dit\u00eb kan\u00eb ekspozuar n\u00eb Tetov\u00eb veshjet tradicionale t\u00eb trojeve shqiptare,","og_url":"https:\/\/www.visit-ulcinj.com\/blog\/2016\/11\/07\/panairi-i-punimeve-artizanale-ne-tetove-edhe-nga-ulqini\/","og_site_name":"Lajme nga Ulqini","article_published_time":"2016-11-07T11:17:25+00:00","article_modified_time":"2016-11-07T11:18:25+00:00","twitter_misc":{"Written by":"ulqini","Est. reading time":"2 minutes"},"schema":{"@context":"https:\/\/schema.org","@graph":[{"@type":"WebSite","@id":"https:\/\/www.visit-ulcinj.com\/blog\/#website","url":"https:\/\/www.visit-ulcinj.com\/blog\/","name":"Lajme nga Ulqini","description":"Lajme,Vijesti,Ulqini,Ulqin,Crna Gora,Mali i Zi","potentialAction":[{"@type":"SearchAction","target":{"@type":"EntryPoint","urlTemplate":"https:\/\/www.visit-ulcinj.com\/blog\/?s={search_term_string}"},"query-input":"required name=search_term_string"}],"inLanguage":"en-US"},{"@type":"WebPage","@id":"https:\/\/www.visit-ulcinj.com\/blog\/2016\/11\/07\/panairi-i-punimeve-artizanale-ne-tetove-edhe-nga-ulqini\/#webpage","url":"https:\/\/www.visit-ulcinj.com\/blog\/2016\/11\/07\/panairi-i-punimeve-artizanale-ne-tetove-edhe-nga-ulqini\/","name":"Panairi i punimeve artizanale n\u00eb Tetov\u00eb edhe nga Ulqini - Lajme nga Ulqini","isPartOf":{"@id":"https:\/\/www.visit-ulcinj.com\/blog\/#website"},"datePublished":"2016-11-07T11:17:25+00:00","dateModified":"2016-11-07T11:18:25+00:00","author":{"@id":"https:\/\/www.visit-ulcinj.com\/blog\/#\/schema\/person\/dcab619c614d3038751c63bc2aadc06d"},"description":"Artizan\u00eb nga Kruja, Durr\u00ebsi, Shkodra, Saranda, Gjirokastra e Ulqini, tashm\u00eb disa dit\u00eb kan\u00eb ekspozuar n\u00eb Tetov\u00eb veshjet tradicionale t\u00eb trojeve shqiptare,","breadcrumb":{"@id":"https:\/\/www.visit-ulcinj.com\/blog\/2016\/11\/07\/panairi-i-punimeve-artizanale-ne-tetove-edhe-nga-ulqini\/#breadcrumb"},"inLanguage":"en-US","potentialAction":[{"@type":"ReadAction","target":["https:\/\/www.visit-ulcinj.com\/blog\/2016\/11\/07\/panairi-i-punimeve-artizanale-ne-tetove-edhe-nga-ulqini\/"]}]},{"@type":"BreadcrumbList","@id":"https:\/\/www.visit-ulcinj.com\/blog\/2016\/11\/07\/panairi-i-punimeve-artizanale-ne-tetove-edhe-nga-ulqini\/#breadcrumb","itemListElement":[{"@type":"ListItem","position":1,"name":"Panairi i punimeve artizanale n\u00eb Tetov\u00eb edhe nga Ulqini"}]},{"@type":"Person","@id":"https:\/\/www.visit-ulcinj.com\/blog\/#\/schema\/person\/dcab619c614d3038751c63bc2aadc06d","name":"ulqini","sameAs":["http:\/\/www.visit-ulcinj.com"],"url":"https:\/\/www.visit-ulcinj.com\/blog\/author\/admin\/"}]}},"jetpack_featured_media_url":"","jetpack_sharing_enabled":true,"jetpack_shortlink":"https:\/\/wp.me\/pe6lTn-qeY","_links":{"self":[{"href":"https:\/\/www.visit-ulcinj.com\/blog\/wp-json\/wp\/v2\/posts\/100872"}],"collection":[{"href":"https:\/\/www.visit-ulcinj.com\/blog\/wp-json\/wp\/v2\/posts"}],"about":[{"href":"https:\/\/www.visit-ulcinj.com\/blog\/wp-json\/wp\/v2\/types\/post"}],"author":[{"embeddable":true,"href":"https:\/\/www.visit-ulcinj.com\/blog\/wp-json\/wp\/v2\/users\/1"}],"replies":[{"embeddable":true,"href":"https:\/\/www.visit-ulcinj.com\/blog\/wp-json\/wp\/v2\/comments?post=100872"}],"version-history":[{"count":2,"href":"https:\/\/www.visit-ulcinj.com\/blog\/wp-json\/wp\/v2\/posts\/100872\/revisions"}],"predecessor-version":[{"id":100875,"href":"https:\/\/www.visit-ulcinj.com\/blog\/wp-json\/wp\/v2\/posts\/100872\/revisions\/100875"}],"wp:attachment":[{"href":"https:\/\/www.visit-ulcinj.com\/blog\/wp-json\/wp\/v2\/media?parent=100872"}],"wp:term":[{"taxonomy":"category","embeddable":true,"href":"https:\/\/www.visit-ulcinj.com\/blog\/wp-json\/wp\/v2\/categories?post=100872"},{"taxonomy":"post_tag","embeddable":true,"href":"https:\/\/www.visit-ulcinj.com\/blog\/wp-json\/wp\/v2\/tags?post=100872"}],"curies":[{"name":"wp","href":"https:\/\/api.w.org\/{rel}","templated":true}]}}