{"id":100890,"date":"2016-11-07T19:01:09","date_gmt":"2016-11-07T18:01:09","guid":{"rendered":"http:\/\/www.visit-ulcinj.com\/blog\/?p=100890"},"modified":"2016-11-08T16:19:52","modified_gmt":"2016-11-08T15:19:52","slug":"alarm-meteo-ne-mal-te-zi","status":"publish","type":"post","link":"https:\/\/www.visit-ulcinj.com\/blog\/2016\/11\/07\/alarm-meteo-ne-mal-te-zi\/","title":{"rendered":"Alarm Meteo n\u00eb Mal t\u00eb Zi"},"content":{"rendered":"<p><a href=\"http:\/\/www.meteoalarm.eu\/en_UK\/0\/0\/ME-Montenegro.html\"><img loading=\"lazy\" class=\"alignleft wp-image-100891 size-medium\" src=\"http:\/\/www.visit-ulcinj.com\/blog\/wp-content\/uploads\/2016\/11\/Meteo-Alarm-Mali-Zi--218x300.jpg\" alt=\"Meteo-Alarm-Mali-Zi-\" width=\"218\" height=\"300\" srcset=\"https:\/\/www.visit-ulcinj.com\/blog\/wp-content\/uploads\/2016\/11\/Meteo-Alarm-Mali-Zi--218x300.jpg 218w, https:\/\/www.visit-ulcinj.com\/blog\/wp-content\/uploads\/2016\/11\/Meteo-Alarm-Mali-Zi-.jpg 421w\" sizes=\"(max-width: 218px) 100vw, 218px\" \/><\/a><strong>Niveli i ujit n\u00eb lumin Buna \u00ebsht\u00eb rritur 6 cm<\/strong><\/p>\n<p>Mali i Zi do t\u00eb jet\u00eb e\u00a0 p\u00ebrfshir\u00eb nga rreshjet e dendura t\u00eb shiut n\u00eb pjes\u00ebn q\u00ebndrore t\u00eb saj.<\/p>\n<p>Sinoptikan\u00ebt japin alarmin se or\u00ebt n\u00eb vijim do t\u00eb sjellin stuhi e re dhe shiu duke shtuar rrezikun e p\u00ebrmbytjeve n\u00eb shum\u00eb qytete n\u00eb pjes\u00ebn qendrore t\u00eb saj\u00ebn. E till\u00eb situata do t\u00eb jet\u00eb deri n\u00eb mesjav\u00eb.<\/p>\n<p>N\u00eb Mal t\u00eb Zi fundjava do t\u00eb sjell\u00eb p\u00ebrmir\u00ebsim t\u00eb kushteve t\u00eb motit, por dhe ulje t\u00eb temperaturave.<\/p>\n<p><strong>Kliko n\u00eb Fotografi<\/strong><\/p>\n<p><iframe loading=\"lazy\" src=\"https:\/\/www.facebook.com\/plugins\/video.php?href=https%3A%2F%2Fwww.facebook.com%2Fzeriamerikes%2Fvideos%2F10154610600584536%2F&#038;show_text=0&#038;width=508\" width=\"508\" height=\"360\" style=\"border:none;overflow:hidden\" scrolling=\"no\" frameborder=\"0\" allowTransparency=\"true\" allowFullScreen=\"true\"><\/iframe><\/p>\n","protected":false},"excerpt":{"rendered":"<p>Niveli i ujit n\u00eb lumin Buna \u00ebsht\u00eb rritur 6 cm Mali i Zi do t\u00eb jet\u00eb e\u00a0 p\u00ebrfshir\u00eb nga rreshjet e dendura t\u00eb shiut n\u00eb pjes\u00ebn q\u00ebndrore t\u00eb saj. Sinoptikan\u00ebt japin alarmin se or\u00ebt n\u00eb vijim do t\u00eb sjellin stuhi e re dhe shiu duke shtuar rrezikun e p\u00ebrmbytjeve n\u00eb shum\u00eb qytete n\u00eb pjes\u00ebn qendrore [&hellip;]<\/p>\n","protected":false},"author":1,"featured_media":0,"comment_status":"closed","ping_status":"closed","sticky":false,"template":"","format":"standard","meta":{"spay_email":"","jetpack_publicize_message":"","jetpack_is_tweetstorm":false,"jetpack_publicize_feature_enabled":true},"categories":[6950],"tags":[],"jetpack_publicize_connections":[],"yoast_head":"<!-- This site is optimized with the Yoast SEO plugin v19.1 - https:\/\/yoast.com\/wordpress\/plugins\/seo\/ -->\n<title>Alarm Meteo n\u00eb Mal t\u00eb Zi - Lajme nga Ulqini<\/title>\n<meta name=\"description\" content=\"Niveli i ujit n\u00eb lumin Buna \u00ebsht\u00eb rritur 6 cm Mali i Zi do t\u00eb jet\u00eb e\u00a0 p\u00ebrfshir\u00eb nga rreshjet e dendura t\u00eb shiut n\u00eb pjes\u00ebn q\u00ebndrore t\u00eb saj. Sinoptikan\u00ebt\" \/>\n<meta name=\"robots\" content=\"index, follow, max-snippet:-1, max-image-preview:large, max-video-preview:-1\" \/>\n<link rel=\"canonical\" href=\"https:\/\/www.visit-ulcinj.com\/blog\/2016\/11\/07\/alarm-meteo-ne-mal-te-zi\/\" \/>\n<meta property=\"og:locale\" content=\"en_US\" \/>\n<meta property=\"og:type\" content=\"article\" \/>\n<meta property=\"og:title\" content=\"Alarm Meteo n\u00eb Mal t\u00eb Zi - Lajme nga Ulqini\" \/>\n<meta property=\"og:description\" content=\"Niveli i ujit n\u00eb lumin Buna \u00ebsht\u00eb rritur 6 cm Mali i Zi do t\u00eb jet\u00eb e\u00a0 p\u00ebrfshir\u00eb nga rreshjet e dendura t\u00eb shiut n\u00eb pjes\u00ebn q\u00ebndrore t\u00eb saj. Sinoptikan\u00ebt\" \/>\n<meta property=\"og:url\" content=\"https:\/\/www.visit-ulcinj.com\/blog\/2016\/11\/07\/alarm-meteo-ne-mal-te-zi\/\" \/>\n<meta property=\"og:site_name\" content=\"Lajme nga Ulqini\" \/>\n<meta property=\"article:published_time\" content=\"2016-11-07T18:01:09+00:00\" \/>\n<meta property=\"article:modified_time\" content=\"2016-11-08T15:19:52+00:00\" \/>\n<meta property=\"og:image\" content=\"http:\/\/www.visit-ulcinj.com\/blog\/wp-content\/uploads\/2016\/11\/Meteo-Alarm-Mali-Zi--218x300.jpg\" \/>\n<meta name=\"twitter:label1\" content=\"Written by\" \/>\n\t<meta name=\"twitter:data1\" content=\"ulqini\" \/>\n<script type=\"application\/ld+json\" class=\"yoast-schema-graph\">{\"@context\":\"https:\/\/schema.org\",\"@graph\":[{\"@type\":\"WebSite\",\"@id\":\"https:\/\/www.visit-ulcinj.com\/blog\/#website\",\"url\":\"https:\/\/www.visit-ulcinj.com\/blog\/\",\"name\":\"Lajme nga Ulqini\",\"description\":\"Lajme,Vijesti,Ulqini,Ulqin,Crna Gora,Mali i Zi\",\"potentialAction\":[{\"@type\":\"SearchAction\",\"target\":{\"@type\":\"EntryPoint\",\"urlTemplate\":\"https:\/\/www.visit-ulcinj.com\/blog\/?s={search_term_string}\"},\"query-input\":\"required name=search_term_string\"}],\"inLanguage\":\"en-US\"},{\"@type\":\"ImageObject\",\"inLanguage\":\"en-US\",\"@id\":\"https:\/\/www.visit-ulcinj.com\/blog\/2016\/11\/07\/alarm-meteo-ne-mal-te-zi\/#primaryimage\",\"url\":\"https:\/\/www.visit-ulcinj.com\/blog\/wp-content\/uploads\/2016\/11\/Meteo-Alarm-Mali-Zi-.jpg\",\"contentUrl\":\"https:\/\/www.visit-ulcinj.com\/blog\/wp-content\/uploads\/2016\/11\/Meteo-Alarm-Mali-Zi-.jpg\",\"width\":421,\"height\":579},{\"@type\":\"WebPage\",\"@id\":\"https:\/\/www.visit-ulcinj.com\/blog\/2016\/11\/07\/alarm-meteo-ne-mal-te-zi\/#webpage\",\"url\":\"https:\/\/www.visit-ulcinj.com\/blog\/2016\/11\/07\/alarm-meteo-ne-mal-te-zi\/\",\"name\":\"Alarm Meteo n\u00eb Mal t\u00eb Zi - Lajme nga Ulqini\",\"isPartOf\":{\"@id\":\"https:\/\/www.visit-ulcinj.com\/blog\/#website\"},\"primaryImageOfPage\":{\"@id\":\"https:\/\/www.visit-ulcinj.com\/blog\/2016\/11\/07\/alarm-meteo-ne-mal-te-zi\/#primaryimage\"},\"datePublished\":\"2016-11-07T18:01:09+00:00\",\"dateModified\":\"2016-11-08T15:19:52+00:00\",\"author\":{\"@id\":\"https:\/\/www.visit-ulcinj.com\/blog\/#\/schema\/person\/dcab619c614d3038751c63bc2aadc06d\"},\"description\":\"Niveli i ujit n\u00eb lumin Buna \u00ebsht\u00eb rritur 6 cm Mali i Zi do t\u00eb jet\u00eb e\u00a0 p\u00ebrfshir\u00eb nga rreshjet e dendura t\u00eb shiut n\u00eb pjes\u00ebn q\u00ebndrore t\u00eb saj. Sinoptikan\u00ebt\",\"breadcrumb\":{\"@id\":\"https:\/\/www.visit-ulcinj.com\/blog\/2016\/11\/07\/alarm-meteo-ne-mal-te-zi\/#breadcrumb\"},\"inLanguage\":\"en-US\",\"potentialAction\":[{\"@type\":\"ReadAction\",\"target\":[\"https:\/\/www.visit-ulcinj.com\/blog\/2016\/11\/07\/alarm-meteo-ne-mal-te-zi\/\"]}]},{\"@type\":\"BreadcrumbList\",\"@id\":\"https:\/\/www.visit-ulcinj.com\/blog\/2016\/11\/07\/alarm-meteo-ne-mal-te-zi\/#breadcrumb\",\"itemListElement\":[{\"@type\":\"ListItem\",\"position\":1,\"name\":\"Alarm Meteo n\u00eb Mal t\u00eb Zi\"}]},{\"@type\":\"Person\",\"@id\":\"https:\/\/www.visit-ulcinj.com\/blog\/#\/schema\/person\/dcab619c614d3038751c63bc2aadc06d\",\"name\":\"ulqini\",\"sameAs\":[\"http:\/\/www.visit-ulcinj.com\"],\"url\":\"https:\/\/www.visit-ulcinj.com\/blog\/author\/admin\/\"}]}<\/script>\n<!-- \/ Yoast SEO plugin. -->","yoast_head_json":{"title":"Alarm Meteo n\u00eb Mal t\u00eb Zi - Lajme nga Ulqini","description":"Niveli i ujit n\u00eb lumin Buna \u00ebsht\u00eb rritur 6 cm Mali i Zi do t\u00eb jet\u00eb e\u00a0 p\u00ebrfshir\u00eb nga rreshjet e dendura t\u00eb shiut n\u00eb pjes\u00ebn q\u00ebndrore t\u00eb saj. Sinoptikan\u00ebt","robots":{"index":"index","follow":"follow","max-snippet":"max-snippet:-1","max-image-preview":"max-image-preview:large","max-video-preview":"max-video-preview:-1"},"canonical":"https:\/\/www.visit-ulcinj.com\/blog\/2016\/11\/07\/alarm-meteo-ne-mal-te-zi\/","og_locale":"en_US","og_type":"article","og_title":"Alarm Meteo n\u00eb Mal t\u00eb Zi - Lajme nga Ulqini","og_description":"Niveli i ujit n\u00eb lumin Buna \u00ebsht\u00eb rritur 6 cm Mali i Zi do t\u00eb jet\u00eb e\u00a0 p\u00ebrfshir\u00eb nga rreshjet e dendura t\u00eb shiut n\u00eb pjes\u00ebn q\u00ebndrore t\u00eb saj. Sinoptikan\u00ebt","og_url":"https:\/\/www.visit-ulcinj.com\/blog\/2016\/11\/07\/alarm-meteo-ne-mal-te-zi\/","og_site_name":"Lajme nga Ulqini","article_published_time":"2016-11-07T18:01:09+00:00","article_modified_time":"2016-11-08T15:19:52+00:00","og_image":[{"url":"http:\/\/www.visit-ulcinj.com\/blog\/wp-content\/uploads\/2016\/11\/Meteo-Alarm-Mali-Zi--218x300.jpg"}],"twitter_misc":{"Written by":"ulqini"},"schema":{"@context":"https:\/\/schema.org","@graph":[{"@type":"WebSite","@id":"https:\/\/www.visit-ulcinj.com\/blog\/#website","url":"https:\/\/www.visit-ulcinj.com\/blog\/","name":"Lajme nga Ulqini","description":"Lajme,Vijesti,Ulqini,Ulqin,Crna Gora,Mali i Zi","potentialAction":[{"@type":"SearchAction","target":{"@type":"EntryPoint","urlTemplate":"https:\/\/www.visit-ulcinj.com\/blog\/?s={search_term_string}"},"query-input":"required name=search_term_string"}],"inLanguage":"en-US"},{"@type":"ImageObject","inLanguage":"en-US","@id":"https:\/\/www.visit-ulcinj.com\/blog\/2016\/11\/07\/alarm-meteo-ne-mal-te-zi\/#primaryimage","url":"https:\/\/www.visit-ulcinj.com\/blog\/wp-content\/uploads\/2016\/11\/Meteo-Alarm-Mali-Zi-.jpg","contentUrl":"https:\/\/www.visit-ulcinj.com\/blog\/wp-content\/uploads\/2016\/11\/Meteo-Alarm-Mali-Zi-.jpg","width":421,"height":579},{"@type":"WebPage","@id":"https:\/\/www.visit-ulcinj.com\/blog\/2016\/11\/07\/alarm-meteo-ne-mal-te-zi\/#webpage","url":"https:\/\/www.visit-ulcinj.com\/blog\/2016\/11\/07\/alarm-meteo-ne-mal-te-zi\/","name":"Alarm Meteo n\u00eb Mal t\u00eb Zi - Lajme nga Ulqini","isPartOf":{"@id":"https:\/\/www.visit-ulcinj.com\/blog\/#website"},"primaryImageOfPage":{"@id":"https:\/\/www.visit-ulcinj.com\/blog\/2016\/11\/07\/alarm-meteo-ne-mal-te-zi\/#primaryimage"},"datePublished":"2016-11-07T18:01:09+00:00","dateModified":"2016-11-08T15:19:52+00:00","author":{"@id":"https:\/\/www.visit-ulcinj.com\/blog\/#\/schema\/person\/dcab619c614d3038751c63bc2aadc06d"},"description":"Niveli i ujit n\u00eb lumin Buna \u00ebsht\u00eb rritur 6 cm Mali i Zi do t\u00eb jet\u00eb e\u00a0 p\u00ebrfshir\u00eb nga rreshjet e dendura t\u00eb shiut n\u00eb pjes\u00ebn q\u00ebndrore t\u00eb saj. Sinoptikan\u00ebt","breadcrumb":{"@id":"https:\/\/www.visit-ulcinj.com\/blog\/2016\/11\/07\/alarm-meteo-ne-mal-te-zi\/#breadcrumb"},"inLanguage":"en-US","potentialAction":[{"@type":"ReadAction","target":["https:\/\/www.visit-ulcinj.com\/blog\/2016\/11\/07\/alarm-meteo-ne-mal-te-zi\/"]}]},{"@type":"BreadcrumbList","@id":"https:\/\/www.visit-ulcinj.com\/blog\/2016\/11\/07\/alarm-meteo-ne-mal-te-zi\/#breadcrumb","itemListElement":[{"@type":"ListItem","position":1,"name":"Alarm Meteo n\u00eb Mal t\u00eb Zi"}]},{"@type":"Person","@id":"https:\/\/www.visit-ulcinj.com\/blog\/#\/schema\/person\/dcab619c614d3038751c63bc2aadc06d","name":"ulqini","sameAs":["http:\/\/www.visit-ulcinj.com"],"url":"https:\/\/www.visit-ulcinj.com\/blog\/author\/admin\/"}]}},"jetpack_featured_media_url":"","jetpack_sharing_enabled":true,"jetpack_shortlink":"https:\/\/wp.me\/pe6lTn-qfg","_links":{"self":[{"href":"https:\/\/www.visit-ulcinj.com\/blog\/wp-json\/wp\/v2\/posts\/100890"}],"collection":[{"href":"https:\/\/www.visit-ulcinj.com\/blog\/wp-json\/wp\/v2\/posts"}],"about":[{"href":"https:\/\/www.visit-ulcinj.com\/blog\/wp-json\/wp\/v2\/types\/post"}],"author":[{"embeddable":true,"href":"https:\/\/www.visit-ulcinj.com\/blog\/wp-json\/wp\/v2\/users\/1"}],"replies":[{"embeddable":true,"href":"https:\/\/www.visit-ulcinj.com\/blog\/wp-json\/wp\/v2\/comments?post=100890"}],"version-history":[{"count":7,"href":"https:\/\/www.visit-ulcinj.com\/blog\/wp-json\/wp\/v2\/posts\/100890\/revisions"}],"predecessor-version":[{"id":100916,"href":"https:\/\/www.visit-ulcinj.com\/blog\/wp-json\/wp\/v2\/posts\/100890\/revisions\/100916"}],"wp:attachment":[{"href":"https:\/\/www.visit-ulcinj.com\/blog\/wp-json\/wp\/v2\/media?parent=100890"}],"wp:term":[{"taxonomy":"category","embeddable":true,"href":"https:\/\/www.visit-ulcinj.com\/blog\/wp-json\/wp\/v2\/categories?post=100890"},{"taxonomy":"post_tag","embeddable":true,"href":"https:\/\/www.visit-ulcinj.com\/blog\/wp-json\/wp\/v2\/tags?post=100890"}],"curies":[{"name":"wp","href":"https:\/\/api.w.org\/{rel}","templated":true}]}}