{"id":100896,"date":"2016-11-07T19:13:04","date_gmt":"2016-11-07T18:13:04","guid":{"rendered":"http:\/\/www.visit-ulcinj.com\/blog\/?p=100896"},"modified":"2016-11-07T19:26:27","modified_gmt":"2016-11-07T18:26:27","slug":"ovako-je-jutros-izgledala-mala-plaza-ulcinj","status":"publish","type":"post","link":"https:\/\/www.visit-ulcinj.com\/blog\/2016\/11\/07\/ovako-je-jutros-izgledala-mala-plaza-ulcinj\/","title":{"rendered":"Ovako je jutros izgledala Mala pla\u017ea Ulcinj &#8211; Video"},"content":{"rendered":"<p id=\"js_4u\" class=\"_5pbw _5vra\" data-ft=\"{&quot;tn&quot;:&quot;C&quot;}\"><strong><span class=\"fwn fcg\"><span class=\"fcg\"><span class=\"fwb\"><a href=\"http:\/\/www.visit-ulcinj.com\/blog\/wp-content\/uploads\/2016\/11\/Ovako-je-jutros-izgledala-Mala-plaza-Ulcinj-2.jpg\"><img loading=\"lazy\" class=\"alignleft wp-image-100897\" src=\"http:\/\/www.visit-ulcinj.com\/blog\/wp-content\/uploads\/2016\/11\/Ovako-je-jutros-izgledala-Mala-plaza-Ulcinj-2.jpg\" alt=\"Ovako je jutros izgledala Mala plaza Ulcinj-2\" width=\"508\" height=\"381\" srcset=\"https:\/\/www.visit-ulcinj.com\/blog\/wp-content\/uploads\/2016\/11\/Ovako-je-jutros-izgledala-Mala-plaza-Ulcinj-2.jpg 960w, https:\/\/www.visit-ulcinj.com\/blog\/wp-content\/uploads\/2016\/11\/Ovako-je-jutros-izgledala-Mala-plaza-Ulcinj-2-300x225.jpg 300w, https:\/\/www.visit-ulcinj.com\/blog\/wp-content\/uploads\/2016\/11\/Ovako-je-jutros-izgledala-Mala-plaza-Ulcinj-2-768x576.jpg 768w\" sizes=\"(max-width: 508px) 100vw, 508px\" \/><\/a><a class=\"profileLink\" href=\"https:\/\/www.facebook.com\/ismet.karamanaga?hc_ref=NEWSFEED\" data-ft=\"{&quot;tn&quot;:&quot;l&quot;}\" data-hovercard=\"\/ajax\/hovercard\/user.php?id=1359492972&amp;extragetparams=%7B%22hc_ref%22%3A%22NEWSFEED%22%7D\">Ismet Karamanaga Facebook<\/a><\/span><\/span><\/span><\/strong><\/p>\n<p>07.11.2016.<\/p>\n<p>Ovako je jutros oko sedam sati izgledao put do Pristani\u0161ta, Mala pla\u017ea, i more. Pristani\u0161te nijesam namjerno fotografisao, jer tamo je ve\u0107 &#8220;Jugo&#8221; u\u010dinio svoje.<br \/>\nDok je produkcijska ku\u0107a &#8220;Working progress&#8221; iz Beograda gradila brod za snimanje rimejka filma &#8220;Papillon&#8221;, molili smo Boga da ne bude &#8220;Juga&#8221;, s obzirom da mi znamo \u0161ta bi se dogodilo. Imali su sre\u0107e i sve je proteklo u najboljem redu. Potro\u0161ene su velike pare, od kojih je vrlo malo ostalo kod nas, ak<span class=\"text_exposed_show\">o se pretpostavljam, nije malo potro\u0161ilo na hranu i na stra\u017eare koji su \u010duvali &#8220;Veliku Skelu&#8221; i opremu od nas.<\/span><\/p>\n<p><span class=\"text_exposed_show\"><a href=\"http:\/\/www.visit-ulcinj.com\/blog\/wp-content\/uploads\/2016\/11\/Ovako-je-jutros-izgledala-Mala-plaza-Ulcinj-4.jpg\"><img loading=\"lazy\" class=\"alignleft wp-image-100898\" src=\"http:\/\/www.visit-ulcinj.com\/blog\/wp-content\/uploads\/2016\/11\/Ovako-je-jutros-izgledala-Mala-plaza-Ulcinj-4.jpg\" alt=\"Ovako je jutros izgledala Mala plaza Ulcinj-4\" width=\"508\" height=\"381\" srcset=\"https:\/\/www.visit-ulcinj.com\/blog\/wp-content\/uploads\/2016\/11\/Ovako-je-jutros-izgledala-Mala-plaza-Ulcinj-4.jpg 960w, https:\/\/www.visit-ulcinj.com\/blog\/wp-content\/uploads\/2016\/11\/Ovako-je-jutros-izgledala-Mala-plaza-Ulcinj-4-300x225.jpg 300w, https:\/\/www.visit-ulcinj.com\/blog\/wp-content\/uploads\/2016\/11\/Ovako-je-jutros-izgledala-Mala-plaza-Ulcinj-4-768x576.jpg 768w\" sizes=\"(max-width: 508px) 100vw, 508px\" \/><\/a><br \/>\nJa nijesam sudija, niti optu\u017eujem bilo koga. Me\u0111utim kao \u010dovjek koji \u017eivi u Starom gradu i koji svakodnevno vi\u0161e puta prolazi tuda, imam ljudsko i moralno pravo da izrazim negodovanje.Ne sla\u017eem se sa mi\u0161ljenjem jednog gospodina iz te produkcijske ku\u0107e, koji skida odgovornost od njih. Gospodin bi morao da zna, da su nam dugo okupirali Pristani\u0161te, morao bi da zna da su nam branili da ulazimo tamo, \u010dak su nama koji \u017eivimo gore u Starom gradu, branili da se priblli\u017eavamo zidinama. Nakon dva dana snimanja jednostavno su ostavili sve. Da ne govorimo o posljedicama, koje \u0107e sav taj materijal ostaviti na Kacemu i na Malu Pla\u017eu nakon &#8220;Juga&#8221;<br \/>\nDodu\u0161e, izgradili su nam dio broda, koji je budio lijepe uspomene kod nas, i \u0161to \u0107e vjerovatno film, ukoliko negdje bude zabilje\u017eeno da je sniman i u Ulcinju, biti dobra reklama za na\u0161 grad. Ni\u0161ta vi\u0161e od toga..<br \/>\nTo \u0161to su prodali ili, dogovorili se da neko drugi ukloni daske, gvo\u017e\u0111e i sve ostalo, ne mo\u017ee ih opravdati. Naravno, nema opravdanja ni za gospodina ili &#8220;kompaniju&#8221; koji je preuzeo ili preuzela obavezu da ukloni sav taj materijal. Morao je da zna, ili su morali da znaju da je &#8220;Jugo&#8221; ovdje u stanju da odnese i kamene blokove sa Pristani\u0161ta, a kamoli daske, grede i sve ostalo, koje je sada na ulici, na pla\u017ei ili pod pijeskom. Dugo vremena je bilo mirno more, tako da je bilo dovoljno vremena da se na vrijeme ukloni sve&#8230;<\/span><\/p>\n<p><strong><span class=\"fwn fcg\"><span class=\"fcg\"><span class=\"fwb\"><a class=\"profileLink\" href=\"https:\/\/www.facebook.com\/ismet.karamanaga?hc_ref=NEWSFEED\" data-ft=\"{&quot;tn&quot;:&quot;l&quot;}\" data-hovercard=\"\/ajax\/hovercard\/user.php?id=1359492972&amp;extragetparams=%7B%22hc_ref%22%3A%22NEWSFEED%22%7D\">Ismet Karamanaga Facebook<\/a><\/span><\/span><\/span><\/strong><\/p>\n<p><iframe loading=\"lazy\" src=\"https:\/\/www.facebook.com\/plugins\/video.php?href=https%3A%2F%2Fwww.facebook.com%2Fplanbpubul%2Fvideos%2F1634360003256960%2F&#038;show_text=0&#038;width=400\" width=\"508\" height=\"360\" style=\"border:none;overflow:hidden\" scrolling=\"no\" frameborder=\"0\" allowTransparency=\"true\" allowFullScreen=\"true\"><\/iframe><\/p>\n<p><a href=\"http:\/\/www.visit-ulcinj.com\/blog\/wp-content\/uploads\/2016\/11\/Ovako-je-jutros-izgledala-Mala-plaza-Ulcinj.jpg\"><img loading=\"lazy\" class=\"alignleft wp-image-100899\" src=\"http:\/\/www.visit-ulcinj.com\/blog\/wp-content\/uploads\/2016\/11\/Ovako-je-jutros-izgledala-Mala-plaza-Ulcinj.jpg\" alt=\"Ovako je jutros izgledala Mala plaza Ulcinj\" width=\"508\" height=\"381\" srcset=\"https:\/\/www.visit-ulcinj.com\/blog\/wp-content\/uploads\/2016\/11\/Ovako-je-jutros-izgledala-Mala-plaza-Ulcinj.jpg 960w, https:\/\/www.visit-ulcinj.com\/blog\/wp-content\/uploads\/2016\/11\/Ovako-je-jutros-izgledala-Mala-plaza-Ulcinj-300x225.jpg 300w, https:\/\/www.visit-ulcinj.com\/blog\/wp-content\/uploads\/2016\/11\/Ovako-je-jutros-izgledala-Mala-plaza-Ulcinj-768x576.jpg 768w\" sizes=\"(max-width: 508px) 100vw, 508px\" \/><\/a> <a href=\"http:\/\/www.visit-ulcinj.com\/blog\/wp-content\/uploads\/2016\/11\/Ovako-je-jutros-izgledala-Mala-plaza-Ulcinj-1.jpg\"><img loading=\"lazy\" class=\"alignleft wp-image-100900\" src=\"http:\/\/www.visit-ulcinj.com\/blog\/wp-content\/uploads\/2016\/11\/Ovako-je-jutros-izgledala-Mala-plaza-Ulcinj-1.jpg\" alt=\"Ovako je jutros izgledala Mala plaza Ulcinj-1\" width=\"508\" height=\"381\" srcset=\"https:\/\/www.visit-ulcinj.com\/blog\/wp-content\/uploads\/2016\/11\/Ovako-je-jutros-izgledala-Mala-plaza-Ulcinj-1.jpg 960w, https:\/\/www.visit-ulcinj.com\/blog\/wp-content\/uploads\/2016\/11\/Ovako-je-jutros-izgledala-Mala-plaza-Ulcinj-1-300x225.jpg 300w, https:\/\/www.visit-ulcinj.com\/blog\/wp-content\/uploads\/2016\/11\/Ovako-je-jutros-izgledala-Mala-plaza-Ulcinj-1-768x576.jpg 768w\" sizes=\"(max-width: 508px) 100vw, 508px\" \/><\/a> <a href=\"http:\/\/www.visit-ulcinj.com\/blog\/wp-content\/uploads\/2016\/11\/Ovako-je-jutros-izgledala-Mala-plaza-Ulcinj-3.jpg\"><img loading=\"lazy\" class=\"alignleft wp-image-100901\" src=\"http:\/\/www.visit-ulcinj.com\/blog\/wp-content\/uploads\/2016\/11\/Ovako-je-jutros-izgledala-Mala-plaza-Ulcinj-3.jpg\" alt=\"Ovako je jutros izgledala Mala plaza Ulcinj-3\" width=\"508\" height=\"381\" srcset=\"https:\/\/www.visit-ulcinj.com\/blog\/wp-content\/uploads\/2016\/11\/Ovako-je-jutros-izgledala-Mala-plaza-Ulcinj-3.jpg 960w, https:\/\/www.visit-ulcinj.com\/blog\/wp-content\/uploads\/2016\/11\/Ovako-je-jutros-izgledala-Mala-plaza-Ulcinj-3-300x225.jpg 300w, https:\/\/www.visit-ulcinj.com\/blog\/wp-content\/uploads\/2016\/11\/Ovako-je-jutros-izgledala-Mala-plaza-Ulcinj-3-768x576.jpg 768w\" sizes=\"(max-width: 508px) 100vw, 508px\" \/><\/a><\/p>\n<p>&nbsp;<\/p>\n","protected":false},"excerpt":{"rendered":"<p>Ismet Karamanaga Facebook 07.11.2016. Ovako je jutros oko sedam sati izgledao put do Pristani\u0161ta, Mala pla\u017ea, i more. Pristani\u0161te nijesam namjerno fotografisao, jer tamo je ve\u0107 &#8220;Jugo&#8221; u\u010dinio svoje. Dok je produkcijska ku\u0107a &#8220;Working progress&#8221; iz Beograda gradila brod za snimanje rimejka filma &#8220;Papillon&#8221;, molili smo Boga da ne bude &#8220;Juga&#8221;, s obzirom da mi [&hellip;]<\/p>\n","protected":false},"author":1,"featured_media":0,"comment_status":"closed","ping_status":"closed","sticky":false,"template":"","format":"standard","meta":{"spay_email":"","jetpack_publicize_message":"","jetpack_is_tweetstorm":false,"jetpack_publicize_feature_enabled":true},"categories":[8337],"tags":[],"jetpack_publicize_connections":[],"yoast_head":"<!-- This site is optimized with the Yoast SEO plugin v19.1 - https:\/\/yoast.com\/wordpress\/plugins\/seo\/ -->\n<title>Ovako je jutros izgledala Mala pla\u017ea Ulcinj - Video - Lajme nga Ulqini<\/title>\n<meta name=\"description\" content=\"Ismet Karamanaga Facebook 07.11.2016. Ovako je jutros oko sedam sati izgledao put do Pristani\u0161ta, Mala pla\u017ea, i more. Pristani\u0161te nijesam namjerno\" \/>\n<meta name=\"robots\" content=\"index, follow, max-snippet:-1, max-image-preview:large, max-video-preview:-1\" \/>\n<link rel=\"canonical\" href=\"https:\/\/www.visit-ulcinj.com\/blog\/2016\/11\/07\/ovako-je-jutros-izgledala-mala-plaza-ulcinj\/\" \/>\n<meta property=\"og:locale\" content=\"en_US\" \/>\n<meta property=\"og:type\" content=\"article\" \/>\n<meta property=\"og:title\" content=\"Ovako je jutros izgledala Mala pla\u017ea Ulcinj - Video - Lajme nga Ulqini\" \/>\n<meta property=\"og:description\" content=\"Ismet Karamanaga Facebook 07.11.2016. Ovako je jutros oko sedam sati izgledao put do Pristani\u0161ta, Mala pla\u017ea, i more. Pristani\u0161te nijesam namjerno\" \/>\n<meta property=\"og:url\" content=\"https:\/\/www.visit-ulcinj.com\/blog\/2016\/11\/07\/ovako-je-jutros-izgledala-mala-plaza-ulcinj\/\" \/>\n<meta property=\"og:site_name\" content=\"Lajme nga Ulqini\" \/>\n<meta property=\"article:published_time\" content=\"2016-11-07T18:13:04+00:00\" \/>\n<meta property=\"article:modified_time\" content=\"2016-11-07T18:26:27+00:00\" \/>\n<meta property=\"og:image\" content=\"http:\/\/www.visit-ulcinj.com\/blog\/wp-content\/uploads\/2016\/11\/Ovako-je-jutros-izgledala-Mala-plaza-Ulcinj-2.jpg\" \/>\n<meta name=\"twitter:label1\" content=\"Written by\" \/>\n\t<meta name=\"twitter:data1\" content=\"ulqini\" \/>\n\t<meta name=\"twitter:label2\" content=\"Est. reading time\" \/>\n\t<meta name=\"twitter:data2\" content=\"2 minutes\" \/>\n<script type=\"application\/ld+json\" class=\"yoast-schema-graph\">{\"@context\":\"https:\/\/schema.org\",\"@graph\":[{\"@type\":\"WebSite\",\"@id\":\"https:\/\/www.visit-ulcinj.com\/blog\/#website\",\"url\":\"https:\/\/www.visit-ulcinj.com\/blog\/\",\"name\":\"Lajme nga Ulqini\",\"description\":\"Lajme,Vijesti,Ulqini,Ulqin,Crna Gora,Mali i Zi\",\"potentialAction\":[{\"@type\":\"SearchAction\",\"target\":{\"@type\":\"EntryPoint\",\"urlTemplate\":\"https:\/\/www.visit-ulcinj.com\/blog\/?s={search_term_string}\"},\"query-input\":\"required name=search_term_string\"}],\"inLanguage\":\"en-US\"},{\"@type\":\"ImageObject\",\"inLanguage\":\"en-US\",\"@id\":\"https:\/\/www.visit-ulcinj.com\/blog\/2016\/11\/07\/ovako-je-jutros-izgledala-mala-plaza-ulcinj\/#primaryimage\",\"url\":\"https:\/\/www.visit-ulcinj.com\/blog\/wp-content\/uploads\/2016\/11\/Ovako-je-jutros-izgledala-Mala-plaza-Ulcinj-2.jpg\",\"contentUrl\":\"https:\/\/www.visit-ulcinj.com\/blog\/wp-content\/uploads\/2016\/11\/Ovako-je-jutros-izgledala-Mala-plaza-Ulcinj-2.jpg\",\"width\":960,\"height\":720},{\"@type\":\"WebPage\",\"@id\":\"https:\/\/www.visit-ulcinj.com\/blog\/2016\/11\/07\/ovako-je-jutros-izgledala-mala-plaza-ulcinj\/#webpage\",\"url\":\"https:\/\/www.visit-ulcinj.com\/blog\/2016\/11\/07\/ovako-je-jutros-izgledala-mala-plaza-ulcinj\/\",\"name\":\"Ovako je jutros izgledala Mala pla\u017ea Ulcinj - Video - Lajme nga Ulqini\",\"isPartOf\":{\"@id\":\"https:\/\/www.visit-ulcinj.com\/blog\/#website\"},\"primaryImageOfPage\":{\"@id\":\"https:\/\/www.visit-ulcinj.com\/blog\/2016\/11\/07\/ovako-je-jutros-izgledala-mala-plaza-ulcinj\/#primaryimage\"},\"datePublished\":\"2016-11-07T18:13:04+00:00\",\"dateModified\":\"2016-11-07T18:26:27+00:00\",\"author\":{\"@id\":\"https:\/\/www.visit-ulcinj.com\/blog\/#\/schema\/person\/dcab619c614d3038751c63bc2aadc06d\"},\"description\":\"Ismet Karamanaga Facebook 07.11.2016. Ovako je jutros oko sedam sati izgledao put do Pristani\u0161ta, Mala pla\u017ea, i more. Pristani\u0161te nijesam namjerno\",\"breadcrumb\":{\"@id\":\"https:\/\/www.visit-ulcinj.com\/blog\/2016\/11\/07\/ovako-je-jutros-izgledala-mala-plaza-ulcinj\/#breadcrumb\"},\"inLanguage\":\"en-US\",\"potentialAction\":[{\"@type\":\"ReadAction\",\"target\":[\"https:\/\/www.visit-ulcinj.com\/blog\/2016\/11\/07\/ovako-je-jutros-izgledala-mala-plaza-ulcinj\/\"]}]},{\"@type\":\"BreadcrumbList\",\"@id\":\"https:\/\/www.visit-ulcinj.com\/blog\/2016\/11\/07\/ovako-je-jutros-izgledala-mala-plaza-ulcinj\/#breadcrumb\",\"itemListElement\":[{\"@type\":\"ListItem\",\"position\":1,\"name\":\"Ovako je jutros izgledala Mala pla\u017ea Ulcinj &#8211; Video\"}]},{\"@type\":\"Person\",\"@id\":\"https:\/\/www.visit-ulcinj.com\/blog\/#\/schema\/person\/dcab619c614d3038751c63bc2aadc06d\",\"name\":\"ulqini\",\"sameAs\":[\"http:\/\/www.visit-ulcinj.com\"],\"url\":\"https:\/\/www.visit-ulcinj.com\/blog\/author\/admin\/\"}]}<\/script>\n<!-- \/ Yoast SEO plugin. -->","yoast_head_json":{"title":"Ovako je jutros izgledala Mala pla\u017ea Ulcinj - Video - Lajme nga Ulqini","description":"Ismet Karamanaga Facebook 07.11.2016. Ovako je jutros oko sedam sati izgledao put do Pristani\u0161ta, Mala pla\u017ea, i more. Pristani\u0161te nijesam namjerno","robots":{"index":"index","follow":"follow","max-snippet":"max-snippet:-1","max-image-preview":"max-image-preview:large","max-video-preview":"max-video-preview:-1"},"canonical":"https:\/\/www.visit-ulcinj.com\/blog\/2016\/11\/07\/ovako-je-jutros-izgledala-mala-plaza-ulcinj\/","og_locale":"en_US","og_type":"article","og_title":"Ovako je jutros izgledala Mala pla\u017ea Ulcinj - Video - Lajme nga Ulqini","og_description":"Ismet Karamanaga Facebook 07.11.2016. Ovako je jutros oko sedam sati izgledao put do Pristani\u0161ta, Mala pla\u017ea, i more. Pristani\u0161te nijesam namjerno","og_url":"https:\/\/www.visit-ulcinj.com\/blog\/2016\/11\/07\/ovako-je-jutros-izgledala-mala-plaza-ulcinj\/","og_site_name":"Lajme nga Ulqini","article_published_time":"2016-11-07T18:13:04+00:00","article_modified_time":"2016-11-07T18:26:27+00:00","og_image":[{"url":"http:\/\/www.visit-ulcinj.com\/blog\/wp-content\/uploads\/2016\/11\/Ovako-je-jutros-izgledala-Mala-plaza-Ulcinj-2.jpg"}],"twitter_misc":{"Written by":"ulqini","Est. reading time":"2 minutes"},"schema":{"@context":"https:\/\/schema.org","@graph":[{"@type":"WebSite","@id":"https:\/\/www.visit-ulcinj.com\/blog\/#website","url":"https:\/\/www.visit-ulcinj.com\/blog\/","name":"Lajme nga Ulqini","description":"Lajme,Vijesti,Ulqini,Ulqin,Crna Gora,Mali i Zi","potentialAction":[{"@type":"SearchAction","target":{"@type":"EntryPoint","urlTemplate":"https:\/\/www.visit-ulcinj.com\/blog\/?s={search_term_string}"},"query-input":"required name=search_term_string"}],"inLanguage":"en-US"},{"@type":"ImageObject","inLanguage":"en-US","@id":"https:\/\/www.visit-ulcinj.com\/blog\/2016\/11\/07\/ovako-je-jutros-izgledala-mala-plaza-ulcinj\/#primaryimage","url":"https:\/\/www.visit-ulcinj.com\/blog\/wp-content\/uploads\/2016\/11\/Ovako-je-jutros-izgledala-Mala-plaza-Ulcinj-2.jpg","contentUrl":"https:\/\/www.visit-ulcinj.com\/blog\/wp-content\/uploads\/2016\/11\/Ovako-je-jutros-izgledala-Mala-plaza-Ulcinj-2.jpg","width":960,"height":720},{"@type":"WebPage","@id":"https:\/\/www.visit-ulcinj.com\/blog\/2016\/11\/07\/ovako-je-jutros-izgledala-mala-plaza-ulcinj\/#webpage","url":"https:\/\/www.visit-ulcinj.com\/blog\/2016\/11\/07\/ovako-je-jutros-izgledala-mala-plaza-ulcinj\/","name":"Ovako je jutros izgledala Mala pla\u017ea Ulcinj - Video - Lajme nga Ulqini","isPartOf":{"@id":"https:\/\/www.visit-ulcinj.com\/blog\/#website"},"primaryImageOfPage":{"@id":"https:\/\/www.visit-ulcinj.com\/blog\/2016\/11\/07\/ovako-je-jutros-izgledala-mala-plaza-ulcinj\/#primaryimage"},"datePublished":"2016-11-07T18:13:04+00:00","dateModified":"2016-11-07T18:26:27+00:00","author":{"@id":"https:\/\/www.visit-ulcinj.com\/blog\/#\/schema\/person\/dcab619c614d3038751c63bc2aadc06d"},"description":"Ismet Karamanaga Facebook 07.11.2016. Ovako je jutros oko sedam sati izgledao put do Pristani\u0161ta, Mala pla\u017ea, i more. Pristani\u0161te nijesam namjerno","breadcrumb":{"@id":"https:\/\/www.visit-ulcinj.com\/blog\/2016\/11\/07\/ovako-je-jutros-izgledala-mala-plaza-ulcinj\/#breadcrumb"},"inLanguage":"en-US","potentialAction":[{"@type":"ReadAction","target":["https:\/\/www.visit-ulcinj.com\/blog\/2016\/11\/07\/ovako-je-jutros-izgledala-mala-plaza-ulcinj\/"]}]},{"@type":"BreadcrumbList","@id":"https:\/\/www.visit-ulcinj.com\/blog\/2016\/11\/07\/ovako-je-jutros-izgledala-mala-plaza-ulcinj\/#breadcrumb","itemListElement":[{"@type":"ListItem","position":1,"name":"Ovako je jutros izgledala Mala pla\u017ea Ulcinj &#8211; Video"}]},{"@type":"Person","@id":"https:\/\/www.visit-ulcinj.com\/blog\/#\/schema\/person\/dcab619c614d3038751c63bc2aadc06d","name":"ulqini","sameAs":["http:\/\/www.visit-ulcinj.com"],"url":"https:\/\/www.visit-ulcinj.com\/blog\/author\/admin\/"}]}},"jetpack_featured_media_url":"","jetpack_sharing_enabled":true,"jetpack_shortlink":"https:\/\/wp.me\/pe6lTn-qfm","_links":{"self":[{"href":"https:\/\/www.visit-ulcinj.com\/blog\/wp-json\/wp\/v2\/posts\/100896"}],"collection":[{"href":"https:\/\/www.visit-ulcinj.com\/blog\/wp-json\/wp\/v2\/posts"}],"about":[{"href":"https:\/\/www.visit-ulcinj.com\/blog\/wp-json\/wp\/v2\/types\/post"}],"author":[{"embeddable":true,"href":"https:\/\/www.visit-ulcinj.com\/blog\/wp-json\/wp\/v2\/users\/1"}],"replies":[{"embeddable":true,"href":"https:\/\/www.visit-ulcinj.com\/blog\/wp-json\/wp\/v2\/comments?post=100896"}],"version-history":[{"count":2,"href":"https:\/\/www.visit-ulcinj.com\/blog\/wp-json\/wp\/v2\/posts\/100896\/revisions"}],"predecessor-version":[{"id":100903,"href":"https:\/\/www.visit-ulcinj.com\/blog\/wp-json\/wp\/v2\/posts\/100896\/revisions\/100903"}],"wp:attachment":[{"href":"https:\/\/www.visit-ulcinj.com\/blog\/wp-json\/wp\/v2\/media?parent=100896"}],"wp:term":[{"taxonomy":"category","embeddable":true,"href":"https:\/\/www.visit-ulcinj.com\/blog\/wp-json\/wp\/v2\/categories?post=100896"},{"taxonomy":"post_tag","embeddable":true,"href":"https:\/\/www.visit-ulcinj.com\/blog\/wp-json\/wp\/v2\/tags?post=100896"}],"curies":[{"name":"wp","href":"https:\/\/api.w.org\/{rel}","templated":true}]}}