{"id":100911,"date":"2016-11-08T16:01:55","date_gmt":"2016-11-08T15:01:55","guid":{"rendered":"http:\/\/www.visit-ulcinj.com\/blog\/?p=100911"},"modified":"2016-11-08T18:05:44","modified_gmt":"2016-11-08T17:05:44","slug":"nika-kush-na-shet-dhe-kush-na-blene","status":"publish","type":"post","link":"https:\/\/www.visit-ulcinj.com\/blog\/2016\/11\/08\/nika-kush-na-shet-dhe-kush-na-blene\/","title":{"rendered":"Nika: Kush na shet dhe kush na blen\u00eb&#8230;?"},"content":{"rendered":"<p><strong><em>Shkruan Muhamet Nika<\/em><\/strong><\/p>\n<p><strong><em>N\u00ebse k\u00ebt\u00eb k\u00ebng\u00eb Cungu- ma k\u00ebndonte\u00a0 mua n\u00eb pushtet \u2013 si kryetar Kuvendi-\u00a0 q\u00eb s\u2019kisha lidhje me Hajdinag\u00ebn n\u00eb shitje : tash ne (un\u00eb) po ia k\u00ebndoj(kujtoj) atij \u00a0,\u00a0 por \u00a0un\u00eb nuk shita \u00a0&#8230;?!!<\/em><\/strong><\/p>\n<p>Duke\u00a0 mos dashur t\u2019 ju lodhim m\u00eb me k\u00ebso lajmesh t\u00eb shitjes s\u00eb Kripores , por vet\u00ebm p\u00ebr t\u00eb ndihmuar\u00a0 , po shtojm\u00eb vet\u00ebm at\u00eb q\u00eb duhet t\u00eb thuhet , p\u00ebr lajm ku thuhet: \u201c<strong>Prona n\u00eb shitje: Fusha e kripores s\u00eb \u00a0Ulqinit p\u00ebr \u00a0900.000.000 \u20ac<\/strong><\/p>\n<p>NOVEMBER 7, 2016\u00a0\u00a0\u00a0|\u00a0<a href=\"http:\/\/www.visit-ulcinj.com\/blog\/category\/lajmet\/\">LAJMET \/ VIJESTI<\/a><\/p>\n<p><a href=\"http:\/\/www.visit-ulcinj.com\/blog\/wp-content\/uploads\/2016\/11\/Na-prostoru-Solane-u-Ulcinju-nekretnina.jpg\"><img loading=\"lazy\" class=\"alignleft wp-image-100882\" src=\"http:\/\/www.visit-ulcinj.com\/blog\/wp-content\/uploads\/2016\/11\/Na-prostoru-Solane-u-Ulcinju-nekretnina.jpg\" alt=\"Na prostoru Solane u Ulcinju nekretnina\" width=\"508\" height=\"356\" srcset=\"https:\/\/www.visit-ulcinj.com\/blog\/wp-content\/uploads\/2016\/11\/Na-prostoru-Solane-u-Ulcinju-nekretnina.jpg 600w, https:\/\/www.visit-ulcinj.com\/blog\/wp-content\/uploads\/2016\/11\/Na-prostoru-Solane-u-Ulcinju-nekretnina-300x210.jpg 300w\" sizes=\"(max-width: 508px) 100vw, 508px\" \/><\/a><\/p>\n<p>se toka e kripores\u00a0 s\u00eb Ulqinit \u00ebsht\u00eb n\u00ebn hipotek\u00ebn e bankave ku pjes\u00ebn m\u00eb t\u00eb madhe t\u00eb kredis\u00eb e ka Prva Banka, kurse n\u00eb shpallje p\u00ebr shitjen e saj\u00eb nuk ceket kush asht\u00eb administratori duke shikuar shpalljen n\u00eb websajtin\u00a0\u00a0<a href=\"http:\/\/www.premiernekretnine.com\/cg\/details\/2600-ulcinj-ulcinj-prodaja-poslovni-prostor\"><strong>Premier Nekretnine<\/strong><\/a>.?!<\/p>\n<p>P\u00ebr at\u00eb q\u00eb thuhet n\u00eb test, do t\u00eb mund t\u00eb shkruhej nj\u00eb lib\u00ebr i t\u00ebr\u00eb &#8230;, por prap\u00eb se prap\u00eb do ish i lexuar nj\u00eb her\u00eb dhe si i till\u00eb\u00a0 i m\u00ebrzitsh\u00ebm &#8230;?! Andaj po ndalemi vet\u00ebm n\u00eb\u00a0 analiz\u00eb t\u00eb vet\u00ebm nj\u00eb fjalie.<\/p>\n<p>Mendojm\u00eb se \u00e7\u00ebshtjet duhet t\u00eb shtroheshin k\u00ebshtu<\/p>\n<ul>\n<li>P\u00ebr dilem\u00ebn e lindur se kush \u00ebsht\u00eb administrator i kripores , mendojm\u00eb se fillimisht\u00a0 duhet\u00a0 t\u00eb\u00a0 shtrojm\u00eb pyetjen <strong><em><u>: Kush jan\u00eb shit\u00ebsit :<\/u><\/em><\/strong><\/li>\n<li>Pasi fjala \u00ebsht\u00eb p\u00ebr kompleks toke ( me ndikim shteti), brenda territorit t\u00eb komun\u00ebs s\u00eb Ulqinit, \u00a0me ligj shitjen\u00a0 e pasuris\u00eb e b\u00ebn\u00eb kryeministri i Malit t\u00eb Zi( kush do q\u00eb \u00a0t\u00eb jet\u00eb) dhe Kryetari i Komun\u00ebs s\u00eb Ulqinit ,\u00a0 Nazif Cungu.<\/li>\n<li>Pse komuna nuk \u00ebsht\u00eb administratore- p\u00ebrgjigja: Kur u b\u00eb privatizimi i saj n\u00eb koh\u00eb lufte &#8211; vitet e para \u00a0\u00a0t\u00eb 90-t\u00ebs, Gjukanoviq\u00a0 , i pyeti\u00a0 per\u00ebndimoret , \u00e7far\u00eb t\u00eb b\u00ebj\u00eb me firmat ekonomike shtet\u00ebrore komuniste\u00a0 q\u00eb duhen t\u00eb transformohen n\u00eb \u201c kapitaliste\u201d?! P\u00ebrgjigja \u00a0ish: \u00a0jepe at\u00eb\u00a0 njer\u00ebzve\u00a0 q\u00eb kan\u00eb kuptim p\u00ebr biznes( po themi si puna e Cungut me shok\u00eb( q\u00eb nuk ka t\u00eb keq)?! Por Gjukanoviq\u00a0 , k\u00ebt\u00eb iu ndau \u201c Kumarive..\u201d, q\u00eb s\u2019kishin\u00a0 lidhje me biznes \u00a0as sa\u00a0 un\u00eb e Bardhi ?!\u00a0 Privatizimi d\u00ebshtoi<\/li>\n<li>Po pse komuna nuk mori hisen e saj n\u00eb Kripore dhe n\u00eb gjith\u00eb kapitalin tjet\u00ebr, ashtu si komunat tjera dhe mbet\u00ebm \u00a0pa hise?! Po \u00a0sqarojm\u00eb, po kush na pyeste si komun\u00eb- \u00a0ve\u00e7 kishte filluar fronti i Dubrovnikut dhe disa nga serbo-malazez\u00ebt\u00a0 kishin caktuar , si\u00e7 thuhej, se n\u00eb cil\u00ebn sht\u00ebpi shqiptar\u00ebsh n\u00eb Ulqin \u00a0do t\u00eb futeshin pasi t\u00eb na kishin p\u00ebrz\u00ebn\u00eb. At\u00ebher\u00eb kujtojm\u00eb\u00a0 se k\u00ebndohej k\u00ebnga : Slobodane, samo reci \u2013 leti \u0107emo kao mesci\/\u00a0 Slobodane samo kreni\u00a0 , do\u00a0 Tirane\u00a0 svi smo spremni&#8230; ?!Prandaj\u00a0 edhe t\u00eb huajt e dinin se privatizimi ishte i dhunsh\u00ebm..?! dhe nuk parap\u00eblqejn\u00eb\u00a0 t\u00eb blejn\u00eb di\u00e7 n\u00eb Ulqin , pa pyetur Kuvendin e Loros dhe Komun\u00ebn e Cungut. T\u00eb cil\u00ebn ishalla\u00a0 nuk e nd\u00ebrron me Cungu Kompani&#8230;?!!<\/li>\n<li>A mund ta b\u00ebnte shitjen Gjukanoviq , n\u00eb k\u00ebt\u00eb koh\u00eb &#8211; me ligj jo?! Sepse\u00a0 ligji duhej t\u00eb zyrtarizohej\u00a0 me n\u00ebnshkrim \u00a0t\u00eb presidentit Bullatoviq \u2013 q\u00eb i p\u00eblqenin k\u00ebng\u00ebt e p\u00ebrmendura, por q\u00eb \u00a0ishte \u00a0edhe kund\u00ebr shitjes q\u00eb propozonin per\u00ebndimoret&#8230;.?!<\/li>\n<li>Komuna \u2013Bardhi *Ld n\u00eb Mz, si shumic\u00eb n\u00eb kuvend, ish kundra privatizimit t\u00eb k\u00ebtill\u00eb dhe n\u00eb rrethana t\u00eb k\u00ebtilla-\u00a0 duke var\u00eb shpresat te presidenti Bullatoviq dhe rryma e tij n\u00eb<\/li>\n<li>Por Cungu me shok\u00eb, politik\u00ebn ton\u00eb t\u00eb Lidhjes e shpalli koh\u00eb t\u00eb kaluar\u00a0 ashtu si b\u00ebn\u00eb edhe sot&#8230;?! Kurse\u00a0 tjer\u00ebt-\u00a0 un\u00eb, duhet t\u00eb pres ndo nj\u00eb \u201cdever..\u201d tjet\u00ebr.., pa\u00a0 na ardhur koha&#8230;?!\u00a0 E Cungu\u00a0 , po duket e pranoi privatizimin \u2013 pa p\u00eblqim t\u00eb komun\u00ebs dhe bleu e shiti\u00a0 sa mujti&#8230;?!!<\/li>\n<li>Kush pritet t\u00eb jet\u00eb bler\u00ebsi: Pasi nuk\u00a0 u buz\u00ebqeshi fati n\u00eb shitje t\u00eb saj, para investitor\u00ebve t\u00eb huaj . Tashti mbase mendohet t\u00eb gjenden\u00a0\u00a0\u00a0 ndonj\u00eb\u00a0 nga biznesmen \u00ebt me origjin\u00eb shqiptaro\u00a0 amerikane(per\u00ebndimore) dhe p\u00ebr\u00a0 \u201ct\u00eb\u00a0 siguruar ..\u201d k\u00ebt\u00eb mbase nevojitet\u00a0 ndonj\u00eb ministri p\u00ebr bashk\u00ebpunim\u00a0 me diaspor(dh)\u00eb.., le\u00a0 t\u00eb m\u00eb fal\u00eb diaspora, por k\u00ebshtu\u00a0 vet\u00eb i p\u00ebrjetoj disa q\u00eb n\u00eb em\u00ebr t\u00eb diaspor\u00ebs \u2013shohin \u00ebndrra\u00a0\u00a0 se si\u00a0 t\u00eb privatizojn\u00eb at\u00eb\u00a0 \u00e7ka mbeti \u2013 madje edhe vet\u00eb \u00a0vlerat\u00a0 e trash\u00ebgimis\u00eb\u00a0 kulturore n\u00eb Ulqin&#8230;?! E kriporja\u00a0 \u00ebsht\u00eb nj\u00eb e till\u00eb &#8230;., nuk ka shum\u00eb n\u00eb Adriatik dhe nuk ka\u00a0 familje n\u00eb Ulqin q\u00eb t\u00eb mos jet\u00eb \u201c rritur..\u201d\u00a0 duke shijuar\u00a0 krip\u00ebn e saj , \u201cbio..\u201d\u00a0 dhe \u00ebsht\u00eb b\u00ebr\u00eb\u00a0 substanc\u00eb n\u00eb gjakun ton\u00eb t\u00eb atyre q\u00eb lam\u00eb dhe atyre q\u00eb vijn\u00eb&#8230;?!!<\/li>\n<li>Pse del pronare vet\u00ebm Prva\u00a0 Banka\u00a0 dhe aspak komuna?! Politika nacionale n\u00eb Ulqin, pa p\u00ebrjashtim\u00a0 , me politik\u00ebn e Gjukanoviqit, po duket \u00a0\u2013 \u00a0shahet dhe shahej dit\u00ebn\u00a0 e puthej \u00a0e puthet nat\u00ebn..?!<\/li>\n<li>Pse e themi k\u00ebt\u00eb: Sepse pasi kaluan t\u00eb gjitha fazat e privatizimit dhe kur . psh. dyqani i fundit \u00a0i Kripores\u00a0 p\u00ebr shirjen e krip\u00ebs n\u00eb Ulqin &#8211; Sollan\u00ebs \u201c iu gjet pronari..\u201d?! \u00a0Pra kur \u00a0u b\u00eb \u201cSollaris..\u201d, u nxor ligji , q\u00eb ish nd\u00ebrmarrjet shtet\u00ebrore t\u00eb privatizuara\u00a0 ishin t\u00eb nj\u00ebjta , p\u00ebr politik\u00ebn tatimore t\u00eb shtetit\u00a0 n\u00eb tretman t\u00eb pages\u00ebs. \u00a0K\u00ebshtu \u00ebsht\u00eb edhe sot.Pra edhe kriporja. Kujtojm\u00eb se \u201c Rudnik Ugla , i detyrohet komun\u00ebs s\u00eb Plevl\u00ebs , diku\u00a0 rreth nj\u00eb milion euro n\u00eb vit. Po kriporja b\u00ebn p\u00ebrjashtim.<br \/>\n<a href=\"http:\/\/www.visit-ulcinj.com\/blog\/wp-content\/uploads\/2016\/11\/Nika-Hajdinaga.jpg\"><img loading=\"lazy\" class=\"alignleft size-full wp-image-100912\" src=\"http:\/\/www.visit-ulcinj.com\/blog\/wp-content\/uploads\/2016\/11\/Nika-Hajdinaga.jpg\" alt=\"Nika-Hajdinaga\" width=\"508\" height=\"387\" srcset=\"https:\/\/www.visit-ulcinj.com\/blog\/wp-content\/uploads\/2016\/11\/Nika-Hajdinaga.jpg 508w, https:\/\/www.visit-ulcinj.com\/blog\/wp-content\/uploads\/2016\/11\/Nika-Hajdinaga-300x229.jpg 300w\" sizes=\"(max-width: 508px) 100vw, 508px\" \/><\/a><strong><em>nj\u00eb lidhje \u201c pa lidhje n\u00eb shikim&#8230;\u201c \u2013 Nika , Hajdinaga..?!<\/em><\/strong><strong>\u00a0E p\u00ebrbashk\u00ebta \u00a0ime me t\u00eb , ishte se edhe ky si un\u00eb , b\u00ebri gabimin fatal t\u00eb karrier\u00ebs dhe ambasadorit Mur i tha se nuk shesim resurse pa pyetur ulqinak\u00ebt. Fotografia ishte e b\u00ebr\u00eb pas sh\u00ebtitjes son\u00eb n\u00eb det\u00eb: Hajdinaga \u2013 Nika dhe Mur , gjat\u00eb nj\u00eb vizite t\u00eb nj\u00ebsis\u00eb speciale policore kufitare e cila tranohej n\u00eb luft\u00ebn kund\u00ebr trafikut t\u00eb pa ligjsh\u00ebm kufitar me Shqip\u00ebri n\u00eb Zogaj&#8230;?!<\/strong><\/p>\n<p><strong><em>\u00a0<\/em><\/strong><\/p>\n<ul>\n<li>Mos e besoni po deshe , po parat\u00eb e fundit q\u00eb pagoi pas disa viteve n\u00eb em\u00ebr t\u00eb k\u00ebtyre taksave ishin vet\u00ebm \u00a0ata t\u00eb koh\u00ebs s\u00eb Skender\u00a0 Hoxhes- kryetar komune diku rreth 200-300 mij\u00eb euro, por q\u00eb shkuan si detyrim n\u00eb em\u00ebr t\u00eb borxhit \u00a0t\u00eb\u201d mushkajave..\u201d me vendim gjykate&#8230;?! Kurse pas k\u00ebsaj kohe nuk mendoj q\u00eb Kriporja\u00a0 t\u00eb ket\u00eb paguar tatime komun\u00ebs , por as q\u00eb komuna t\u00eb ia ket\u00eb faturuar\u00a0 \u00a0borxhin asaj&#8230;?!!<\/li>\n<li>Me ligj , ka pasur t\u00eb drejt\u00eb dhe ka. E si ndodh\u00eb kjo , \u00a0q\u00eb t\u00eb mos faturohej,do duhej nj\u00eb shpjegim tjet\u00ebr.<\/li>\n<li>Q\u00eb do t\u00eb thot\u00eb , ashtu si ia mori Prva Banka , pron\u00ebn , basenet n\u00eb em\u00ebr t\u00eb kredive t\u00eb marra , ka pasur t\u00eb drejt\u00eb edhe komuna ti marr\u00eb nga nj\u00eb pjes\u00eb bazeni kripe n\u00eb em\u00ebr t\u00eb tatimeve&#8230;.?! E kjo form\u00eb e tatimit \u2013 komun\u00ebn do ta kish b\u00ebr\u00eb \u00a0s\u00ebrish\u00a0 pronare dhe ADMINISTRATORE\u00a0 q\u00eb , po kujtohet\u00a0 e pyet dikush&#8230;?!!<\/li>\n<li>Me ligj , kur borxhet nuk faturohen p\u00ebr nj\u00eb koh\u00eb t\u00eb gjat\u00eb ata edhe trajtohen t\u00eb falura ..?! Andaj as t\u00eb mos presim q\u00eb t\u00eb jemi administrator\u00eb. Kot se shkojm\u00eb e protestojm\u00eb si pun\u00ebtor\u00eb t\u00eb Kripores para qeveris\u00eb dhe kot se d\u00ebgjojm\u00eb Cungun , q\u00eb fton ish pun\u00ebtoret e saj ashtu si edhe ish ullishtar\u00ebt\u00a0 t\u00eb protestojn\u00eb para komune dhe n\u00eb komun\u00eb( madje edhe p\u00ebr Bajram)&#8230;?!\u00a0 Ai m\u00eb duket\u00a0 se v\u00ebrtet\u00eb \u00a0nuk e kupton koh\u00ebn, q\u00eb i erdhi dhe jeton si pozit\u00eb &#8230;, q\u00eb \u00ebsht\u00eb shumic\u00eb , q\u00eb ka kuvend dhe q\u00eb\u00a0 mund t\u00eb nxjerr\u00eb vendime. Dhe ata vendime t\u2019ia dor\u00ebzoj\u00eb ministris\u00eb\u00a0 ,kuvendit e gjith\u00eb instancave shtet\u00ebrore\u00a0 &#8211; deri t\u00eb gjykata kushtetuese\u00a0 e asaj t\u00eb Strazburit&#8230;?!! Por jo si Cungu Compani dhe tregtar asetesh , por si qytetar\u00eb t\u00eb Ulqinit &#8230;?!!!<\/li>\n<\/ul>\n<\/li>\n<\/ul>\n","protected":false},"excerpt":{"rendered":"<p>Shkruan Muhamet Nika N\u00ebse k\u00ebt\u00eb k\u00ebng\u00eb Cungu- ma k\u00ebndonte\u00a0 mua n\u00eb pushtet \u2013 si kryetar Kuvendi-\u00a0 q\u00eb s\u2019kisha lidhje me Hajdinag\u00ebn n\u00eb shitje : tash ne (un\u00eb) po ia k\u00ebndoj(kujtoj) atij \u00a0,\u00a0 por \u00a0un\u00eb nuk shita \u00a0&#8230;?!! Duke\u00a0 mos dashur t\u2019 ju lodhim m\u00eb me k\u00ebso lajmesh t\u00eb shitjes s\u00eb Kripores , por vet\u00ebm p\u00ebr [&hellip;]<\/p>\n","protected":false},"author":1,"featured_media":0,"comment_status":"closed","ping_status":"closed","sticky":false,"template":"","format":"standard","meta":{"spay_email":"","jetpack_publicize_message":"","jetpack_is_tweetstorm":false,"jetpack_publicize_feature_enabled":true},"categories":[1,14249],"tags":[],"jetpack_publicize_connections":[],"yoast_head":"<!-- This site is optimized with the Yoast SEO plugin v19.1 - https:\/\/yoast.com\/wordpress\/plugins\/seo\/ -->\n<title>Nika: Kush na shet dhe kush na blen\u00eb...? - Lajme nga Ulqini<\/title>\n<meta name=\"description\" content=\"Shkruan Muhamet Nika N\u00ebse k\u00ebt\u00eb k\u00ebng\u00eb Cungu- ma k\u00ebndonte\u00a0 mua n\u00eb pushtet \u2013 si kryetar Kuvendi-\u00a0 q\u00eb s\u2019kisha lidhje me Hajdinag\u00ebn n\u00eb shitje : tash ne (un\u00eb)\" \/>\n<meta name=\"robots\" content=\"index, follow, max-snippet:-1, max-image-preview:large, max-video-preview:-1\" \/>\n<link rel=\"canonical\" href=\"https:\/\/www.visit-ulcinj.com\/blog\/2016\/11\/08\/nika-kush-na-shet-dhe-kush-na-blene\/\" \/>\n<meta property=\"og:locale\" content=\"en_US\" \/>\n<meta property=\"og:type\" content=\"article\" \/>\n<meta property=\"og:title\" content=\"Nika: Kush na shet dhe kush na blen\u00eb...? - Lajme nga Ulqini\" \/>\n<meta property=\"og:description\" content=\"Shkruan Muhamet Nika N\u00ebse k\u00ebt\u00eb k\u00ebng\u00eb Cungu- ma k\u00ebndonte\u00a0 mua n\u00eb pushtet \u2013 si kryetar Kuvendi-\u00a0 q\u00eb s\u2019kisha lidhje me Hajdinag\u00ebn n\u00eb shitje : tash ne (un\u00eb)\" \/>\n<meta property=\"og:url\" content=\"https:\/\/www.visit-ulcinj.com\/blog\/2016\/11\/08\/nika-kush-na-shet-dhe-kush-na-blene\/\" \/>\n<meta property=\"og:site_name\" content=\"Lajme nga Ulqini\" \/>\n<meta property=\"article:published_time\" content=\"2016-11-08T15:01:55+00:00\" \/>\n<meta property=\"article:modified_time\" content=\"2016-11-08T17:05:44+00:00\" \/>\n<meta property=\"og:image\" content=\"http:\/\/www.visit-ulcinj.com\/blog\/wp-content\/uploads\/2016\/11\/Na-prostoru-Solane-u-Ulcinju-nekretnina.jpg\" \/>\n<meta name=\"twitter:label1\" content=\"Written by\" \/>\n\t<meta name=\"twitter:data1\" content=\"ulqini\" \/>\n\t<meta name=\"twitter:label2\" content=\"Est. reading time\" \/>\n\t<meta name=\"twitter:data2\" content=\"6 minutes\" \/>\n<script type=\"application\/ld+json\" class=\"yoast-schema-graph\">{\"@context\":\"https:\/\/schema.org\",\"@graph\":[{\"@type\":\"WebSite\",\"@id\":\"https:\/\/www.visit-ulcinj.com\/blog\/#website\",\"url\":\"https:\/\/www.visit-ulcinj.com\/blog\/\",\"name\":\"Lajme nga Ulqini\",\"description\":\"Lajme,Vijesti,Ulqini,Ulqin,Crna Gora,Mali i Zi\",\"potentialAction\":[{\"@type\":\"SearchAction\",\"target\":{\"@type\":\"EntryPoint\",\"urlTemplate\":\"https:\/\/www.visit-ulcinj.com\/blog\/?s={search_term_string}\"},\"query-input\":\"required name=search_term_string\"}],\"inLanguage\":\"en-US\"},{\"@type\":\"ImageObject\",\"inLanguage\":\"en-US\",\"@id\":\"https:\/\/www.visit-ulcinj.com\/blog\/2016\/11\/08\/nika-kush-na-shet-dhe-kush-na-blene\/#primaryimage\",\"url\":\"https:\/\/www.visit-ulcinj.com\/blog\/wp-content\/uploads\/2016\/11\/Na-prostoru-Solane-u-Ulcinju-nekretnina.jpg\",\"contentUrl\":\"https:\/\/www.visit-ulcinj.com\/blog\/wp-content\/uploads\/2016\/11\/Na-prostoru-Solane-u-Ulcinju-nekretnina.jpg\",\"width\":600,\"height\":420},{\"@type\":\"WebPage\",\"@id\":\"https:\/\/www.visit-ulcinj.com\/blog\/2016\/11\/08\/nika-kush-na-shet-dhe-kush-na-blene\/#webpage\",\"url\":\"https:\/\/www.visit-ulcinj.com\/blog\/2016\/11\/08\/nika-kush-na-shet-dhe-kush-na-blene\/\",\"name\":\"Nika: Kush na shet dhe kush na blen\u00eb...? - Lajme nga Ulqini\",\"isPartOf\":{\"@id\":\"https:\/\/www.visit-ulcinj.com\/blog\/#website\"},\"primaryImageOfPage\":{\"@id\":\"https:\/\/www.visit-ulcinj.com\/blog\/2016\/11\/08\/nika-kush-na-shet-dhe-kush-na-blene\/#primaryimage\"},\"datePublished\":\"2016-11-08T15:01:55+00:00\",\"dateModified\":\"2016-11-08T17:05:44+00:00\",\"author\":{\"@id\":\"https:\/\/www.visit-ulcinj.com\/blog\/#\/schema\/person\/dcab619c614d3038751c63bc2aadc06d\"},\"description\":\"Shkruan Muhamet Nika N\u00ebse k\u00ebt\u00eb k\u00ebng\u00eb Cungu- ma k\u00ebndonte\u00a0 mua n\u00eb pushtet \u2013 si kryetar Kuvendi-\u00a0 q\u00eb s\u2019kisha lidhje me Hajdinag\u00ebn n\u00eb shitje : tash ne (un\u00eb)\",\"breadcrumb\":{\"@id\":\"https:\/\/www.visit-ulcinj.com\/blog\/2016\/11\/08\/nika-kush-na-shet-dhe-kush-na-blene\/#breadcrumb\"},\"inLanguage\":\"en-US\",\"potentialAction\":[{\"@type\":\"ReadAction\",\"target\":[\"https:\/\/www.visit-ulcinj.com\/blog\/2016\/11\/08\/nika-kush-na-shet-dhe-kush-na-blene\/\"]}]},{\"@type\":\"BreadcrumbList\",\"@id\":\"https:\/\/www.visit-ulcinj.com\/blog\/2016\/11\/08\/nika-kush-na-shet-dhe-kush-na-blene\/#breadcrumb\",\"itemListElement\":[{\"@type\":\"ListItem\",\"position\":1,\"name\":\"Nika: Kush na shet dhe kush na blen\u00eb&#8230;?\"}]},{\"@type\":\"Person\",\"@id\":\"https:\/\/www.visit-ulcinj.com\/blog\/#\/schema\/person\/dcab619c614d3038751c63bc2aadc06d\",\"name\":\"ulqini\",\"sameAs\":[\"http:\/\/www.visit-ulcinj.com\"],\"url\":\"https:\/\/www.visit-ulcinj.com\/blog\/author\/admin\/\"}]}<\/script>\n<!-- \/ Yoast SEO plugin. -->","yoast_head_json":{"title":"Nika: Kush na shet dhe kush na blen\u00eb...? - Lajme nga Ulqini","description":"Shkruan Muhamet Nika N\u00ebse k\u00ebt\u00eb k\u00ebng\u00eb Cungu- ma k\u00ebndonte\u00a0 mua n\u00eb pushtet \u2013 si kryetar Kuvendi-\u00a0 q\u00eb s\u2019kisha lidhje me Hajdinag\u00ebn n\u00eb shitje : tash ne (un\u00eb)","robots":{"index":"index","follow":"follow","max-snippet":"max-snippet:-1","max-image-preview":"max-image-preview:large","max-video-preview":"max-video-preview:-1"},"canonical":"https:\/\/www.visit-ulcinj.com\/blog\/2016\/11\/08\/nika-kush-na-shet-dhe-kush-na-blene\/","og_locale":"en_US","og_type":"article","og_title":"Nika: Kush na shet dhe kush na blen\u00eb...? - Lajme nga Ulqini","og_description":"Shkruan Muhamet Nika N\u00ebse k\u00ebt\u00eb k\u00ebng\u00eb Cungu- ma k\u00ebndonte\u00a0 mua n\u00eb pushtet \u2013 si kryetar Kuvendi-\u00a0 q\u00eb s\u2019kisha lidhje me Hajdinag\u00ebn n\u00eb shitje : tash ne (un\u00eb)","og_url":"https:\/\/www.visit-ulcinj.com\/blog\/2016\/11\/08\/nika-kush-na-shet-dhe-kush-na-blene\/","og_site_name":"Lajme nga Ulqini","article_published_time":"2016-11-08T15:01:55+00:00","article_modified_time":"2016-11-08T17:05:44+00:00","og_image":[{"url":"http:\/\/www.visit-ulcinj.com\/blog\/wp-content\/uploads\/2016\/11\/Na-prostoru-Solane-u-Ulcinju-nekretnina.jpg"}],"twitter_misc":{"Written by":"ulqini","Est. reading time":"6 minutes"},"schema":{"@context":"https:\/\/schema.org","@graph":[{"@type":"WebSite","@id":"https:\/\/www.visit-ulcinj.com\/blog\/#website","url":"https:\/\/www.visit-ulcinj.com\/blog\/","name":"Lajme nga Ulqini","description":"Lajme,Vijesti,Ulqini,Ulqin,Crna Gora,Mali i Zi","potentialAction":[{"@type":"SearchAction","target":{"@type":"EntryPoint","urlTemplate":"https:\/\/www.visit-ulcinj.com\/blog\/?s={search_term_string}"},"query-input":"required name=search_term_string"}],"inLanguage":"en-US"},{"@type":"ImageObject","inLanguage":"en-US","@id":"https:\/\/www.visit-ulcinj.com\/blog\/2016\/11\/08\/nika-kush-na-shet-dhe-kush-na-blene\/#primaryimage","url":"https:\/\/www.visit-ulcinj.com\/blog\/wp-content\/uploads\/2016\/11\/Na-prostoru-Solane-u-Ulcinju-nekretnina.jpg","contentUrl":"https:\/\/www.visit-ulcinj.com\/blog\/wp-content\/uploads\/2016\/11\/Na-prostoru-Solane-u-Ulcinju-nekretnina.jpg","width":600,"height":420},{"@type":"WebPage","@id":"https:\/\/www.visit-ulcinj.com\/blog\/2016\/11\/08\/nika-kush-na-shet-dhe-kush-na-blene\/#webpage","url":"https:\/\/www.visit-ulcinj.com\/blog\/2016\/11\/08\/nika-kush-na-shet-dhe-kush-na-blene\/","name":"Nika: Kush na shet dhe kush na blen\u00eb...? - Lajme nga Ulqini","isPartOf":{"@id":"https:\/\/www.visit-ulcinj.com\/blog\/#website"},"primaryImageOfPage":{"@id":"https:\/\/www.visit-ulcinj.com\/blog\/2016\/11\/08\/nika-kush-na-shet-dhe-kush-na-blene\/#primaryimage"},"datePublished":"2016-11-08T15:01:55+00:00","dateModified":"2016-11-08T17:05:44+00:00","author":{"@id":"https:\/\/www.visit-ulcinj.com\/blog\/#\/schema\/person\/dcab619c614d3038751c63bc2aadc06d"},"description":"Shkruan Muhamet Nika N\u00ebse k\u00ebt\u00eb k\u00ebng\u00eb Cungu- ma k\u00ebndonte\u00a0 mua n\u00eb pushtet \u2013 si kryetar Kuvendi-\u00a0 q\u00eb s\u2019kisha lidhje me Hajdinag\u00ebn n\u00eb shitje : tash ne (un\u00eb)","breadcrumb":{"@id":"https:\/\/www.visit-ulcinj.com\/blog\/2016\/11\/08\/nika-kush-na-shet-dhe-kush-na-blene\/#breadcrumb"},"inLanguage":"en-US","potentialAction":[{"@type":"ReadAction","target":["https:\/\/www.visit-ulcinj.com\/blog\/2016\/11\/08\/nika-kush-na-shet-dhe-kush-na-blene\/"]}]},{"@type":"BreadcrumbList","@id":"https:\/\/www.visit-ulcinj.com\/blog\/2016\/11\/08\/nika-kush-na-shet-dhe-kush-na-blene\/#breadcrumb","itemListElement":[{"@type":"ListItem","position":1,"name":"Nika: Kush na shet dhe kush na blen\u00eb&#8230;?"}]},{"@type":"Person","@id":"https:\/\/www.visit-ulcinj.com\/blog\/#\/schema\/person\/dcab619c614d3038751c63bc2aadc06d","name":"ulqini","sameAs":["http:\/\/www.visit-ulcinj.com"],"url":"https:\/\/www.visit-ulcinj.com\/blog\/author\/admin\/"}]}},"jetpack_featured_media_url":"","jetpack_sharing_enabled":true,"jetpack_shortlink":"https:\/\/wp.me\/pe6lTn-qfB","_links":{"self":[{"href":"https:\/\/www.visit-ulcinj.com\/blog\/wp-json\/wp\/v2\/posts\/100911"}],"collection":[{"href":"https:\/\/www.visit-ulcinj.com\/blog\/wp-json\/wp\/v2\/posts"}],"about":[{"href":"https:\/\/www.visit-ulcinj.com\/blog\/wp-json\/wp\/v2\/types\/post"}],"author":[{"embeddable":true,"href":"https:\/\/www.visit-ulcinj.com\/blog\/wp-json\/wp\/v2\/users\/1"}],"replies":[{"embeddable":true,"href":"https:\/\/www.visit-ulcinj.com\/blog\/wp-json\/wp\/v2\/comments?post=100911"}],"version-history":[{"count":2,"href":"https:\/\/www.visit-ulcinj.com\/blog\/wp-json\/wp\/v2\/posts\/100911\/revisions"}],"predecessor-version":[{"id":100925,"href":"https:\/\/www.visit-ulcinj.com\/blog\/wp-json\/wp\/v2\/posts\/100911\/revisions\/100925"}],"wp:attachment":[{"href":"https:\/\/www.visit-ulcinj.com\/blog\/wp-json\/wp\/v2\/media?parent=100911"}],"wp:term":[{"taxonomy":"category","embeddable":true,"href":"https:\/\/www.visit-ulcinj.com\/blog\/wp-json\/wp\/v2\/categories?post=100911"},{"taxonomy":"post_tag","embeddable":true,"href":"https:\/\/www.visit-ulcinj.com\/blog\/wp-json\/wp\/v2\/tags?post=100911"}],"curies":[{"name":"wp","href":"https:\/\/api.w.org\/{rel}","templated":true}]}}