{"id":100914,"date":"2016-11-08T16:13:19","date_gmt":"2016-11-08T15:13:19","guid":{"rendered":"http:\/\/www.visit-ulcinj.com\/blog\/?p=100914"},"modified":"2016-11-08T16:13:19","modified_gmt":"2016-11-08T15:13:19","slug":"nika-kuvendi-te-henen-debaton-per-buxhet-te-vitit-2014-dhe-2015","status":"publish","type":"post","link":"https:\/\/www.visit-ulcinj.com\/blog\/2016\/11\/08\/nika-kuvendi-te-henen-debaton-per-buxhet-te-vitit-2014-dhe-2015\/","title":{"rendered":"Nika: Kuvendi t\u00eb h\u00ebn\u00ebn debaton p\u00ebr buxhet t\u00eb vitit 2014 dhe 2015 ?!"},"content":{"rendered":"<p><strong><em><a href=\"http:\/\/www.visit-ulcinj.com\/blog\/wp-content\/uploads\/2016\/07\/Kuvendi-Komunal-Ulqin.jpg\"><img loading=\"lazy\" class=\"alignleft wp-image-98445\" src=\"http:\/\/www.visit-ulcinj.com\/blog\/wp-content\/uploads\/2016\/07\/Kuvendi-Komunal-Ulqin.jpg\" alt=\"Kuvendi-Komunal-Ulqin\" width=\"508\" height=\"243\" srcset=\"https:\/\/www.visit-ulcinj.com\/blog\/wp-content\/uploads\/2016\/07\/Kuvendi-Komunal-Ulqin.jpg 702w, https:\/\/www.visit-ulcinj.com\/blog\/wp-content\/uploads\/2016\/07\/Kuvendi-Komunal-Ulqin-300x144.jpg 300w\" sizes=\"(max-width: 508px) 100vw, 508px\" \/><\/a>Shkruan Muhamet Nika<\/em><\/strong><\/p>\n<p>Nj\u00eb \u00a0lajm shum\u00eb interesant\u00eb ?! Merret vesh ( q\u00eb nuk merret vesh..), se \u00a0Cungu \u2013 pranoi t\u00eb pajtohet\u00a0 me Gjek\u00ebn dhe Gjeka me Cungun , p\u00ebr pun\u00eb\u00a0 se si e ku i harxhuan parat\u00eb e buxhetit t\u00eb\u00a0 \u00a0vitit 2014 dhe vitit 2015.\u00a0 Edhe pse n\u00ebp\u00ebr portale \u201cpartiake , k\u00ebto t\u00eb Cungut , e pyesnin \u00a0shpesh Gjeken: Ku i \u00e7ove paret ; sa pica e sa birra pive &#8230;, sa tombobila bleve , sa xhaketa l\u00ebkure..?! Ku deshe mi vu shtyllat e ndri\u00e7imit publik e shum\u00eb e shum\u00eb pun\u00eb si k\u00ebto , sidomos \u00a0rreth do ndihmave\u00a0 q\u00eb ai iu kish dh\u00ebn\u00eb do personave t\u00eb dyshimt\u00eb dhe klubeve t\u00eb ndryshme e shoqatave etj, etj.\u00a0 q\u00eb ishin shkak , p\u00ebr mos pranim t\u00eb raportit t\u00eb pun\u00eb s\u00eb tij dhe rr\u00ebzim t\u00eb tijin..?! E tash ti, po duket\u00a0 se gjet\u00ebn\u00a0 gjuh\u00eb t\u00eb p\u00ebrbashk\u00ebt edhe p\u00ebr llogarin\u00eb p\u00ebrfundimtare t\u00eb vitit 2015?!<\/p>\n<p>Pleq\u00ebrin\u00eb n\u00eb mes t\u00eb k\u00ebtyre dyve po duket\u00a0 e ndau vet\u00eb kryetari i parlamentit Loro Ndrekiq , q\u00eb \u201c i\u00a0 m\u00ebsoi \u00a0se si t\u00eb votohet\u201d p\u00ebr bor\u00ebn e vjeme dhe t\u00eb parvjetme..\u201d. Kurse, p\u00ebr bor\u00ebn e sivjetme do t\u00eb flasim , kur t\u00eb bien edhe nja dy bora tjera..?!<\/p>\n<p><strong><em>Ka edhe m\u00eb keq?!<\/em><\/strong><\/p>\n<p>Por mos harroni , kish edhe m\u00eb \u00a0keq. N\u00eb koh\u00ebn ton\u00eb\u00a0 , kur e pyet\u00ebm\u00a0 ish kryetarin e\u00a0 at\u00ebhersh\u00ebm , Fuad Nimanin, se ku i kish \u00e7uar paret e vitit 2005- pasi nuk miratoi fare \u00a0buxhet\u00a0 &#8230;.?! Ai \u00a0at\u00ebher\u00eb na tha-\u00a0 midis kuvendit : Nuk iu kall\u00ebzoj as sot as nes\u00ebr, as pasnes\u00ebr..?!<\/p>\n<p>T\u00eb pakt\u00ebn k\u00ebta t\u00eb dy :\u00a0 Gjeka e Cungu, po iu kall\u00ebzojn\u00eb pas dy fjet\u00ebve ( vjet\u00ebve) \u00a0k\u00ebshilltar\u00ebve se ku i kan\u00eb shpenzuar\u00a0 parat\u00eb&#8230;?!!!<\/p>\n","protected":false},"excerpt":{"rendered":"<p>Shkruan Muhamet Nika Nj\u00eb \u00a0lajm shum\u00eb interesant\u00eb ?! Merret vesh ( q\u00eb nuk merret vesh..), se \u00a0Cungu \u2013 pranoi t\u00eb pajtohet\u00a0 me Gjek\u00ebn dhe Gjeka me Cungun , p\u00ebr pun\u00eb\u00a0 se si e ku i harxhuan parat\u00eb e buxhetit t\u00eb\u00a0 \u00a0vitit 2014 dhe vitit 2015.\u00a0 Edhe pse n\u00ebp\u00ebr portale \u201cpartiake , k\u00ebto t\u00eb Cungut , [&hellip;]<\/p>\n","protected":false},"author":1,"featured_media":0,"comment_status":"closed","ping_status":"closed","sticky":false,"template":"","format":"standard","meta":{"spay_email":"","jetpack_publicize_message":"","jetpack_is_tweetstorm":false,"jetpack_publicize_feature_enabled":true},"categories":[6],"tags":[],"jetpack_publicize_connections":[],"yoast_head":"<!-- This site is optimized with the Yoast SEO plugin v19.1 - https:\/\/yoast.com\/wordpress\/plugins\/seo\/ -->\n<title>Nika: Kuvendi t\u00eb h\u00ebn\u00ebn debaton p\u00ebr buxhet t\u00eb vitit 2014 dhe 2015 ?! - Lajme nga Ulqini<\/title>\n<meta name=\"description\" content=\"Shkruan Muhamet Nika Nj\u00eb \u00a0lajm shum\u00eb interesant\u00eb ?! Merret vesh ( q\u00eb nuk merret vesh..), se \u00a0Cungu \u2013 pranoi t\u00eb pajtohet\u00a0 me Gjek\u00ebn dhe Gjeka me Cungun ,\" \/>\n<meta name=\"robots\" content=\"index, follow, max-snippet:-1, max-image-preview:large, max-video-preview:-1\" \/>\n<link rel=\"canonical\" href=\"https:\/\/www.visit-ulcinj.com\/blog\/2016\/11\/08\/nika-kuvendi-te-henen-debaton-per-buxhet-te-vitit-2014-dhe-2015\/\" \/>\n<meta property=\"og:locale\" content=\"en_US\" \/>\n<meta property=\"og:type\" content=\"article\" \/>\n<meta property=\"og:title\" content=\"Nika: Kuvendi t\u00eb h\u00ebn\u00ebn debaton p\u00ebr buxhet t\u00eb vitit 2014 dhe 2015 ?! - Lajme nga Ulqini\" \/>\n<meta property=\"og:description\" content=\"Shkruan Muhamet Nika Nj\u00eb \u00a0lajm shum\u00eb interesant\u00eb ?! Merret vesh ( q\u00eb nuk merret vesh..), se \u00a0Cungu \u2013 pranoi t\u00eb pajtohet\u00a0 me Gjek\u00ebn dhe Gjeka me Cungun ,\" \/>\n<meta property=\"og:url\" content=\"https:\/\/www.visit-ulcinj.com\/blog\/2016\/11\/08\/nika-kuvendi-te-henen-debaton-per-buxhet-te-vitit-2014-dhe-2015\/\" \/>\n<meta property=\"og:site_name\" content=\"Lajme nga Ulqini\" \/>\n<meta property=\"article:published_time\" content=\"2016-11-08T15:13:19+00:00\" \/>\n<meta property=\"og:image\" content=\"http:\/\/www.visit-ulcinj.com\/blog\/wp-content\/uploads\/2016\/07\/Kuvendi-Komunal-Ulqin.jpg\" \/>\n<meta name=\"twitter:label1\" content=\"Written by\" \/>\n\t<meta name=\"twitter:data1\" content=\"ulqini\" \/>\n\t<meta name=\"twitter:label2\" content=\"Est. reading time\" \/>\n\t<meta name=\"twitter:data2\" content=\"1 minute\" \/>\n<script type=\"application\/ld+json\" class=\"yoast-schema-graph\">{\"@context\":\"https:\/\/schema.org\",\"@graph\":[{\"@type\":\"WebSite\",\"@id\":\"https:\/\/www.visit-ulcinj.com\/blog\/#website\",\"url\":\"https:\/\/www.visit-ulcinj.com\/blog\/\",\"name\":\"Lajme nga Ulqini\",\"description\":\"Lajme,Vijesti,Ulqini,Ulqin,Crna Gora,Mali i Zi\",\"potentialAction\":[{\"@type\":\"SearchAction\",\"target\":{\"@type\":\"EntryPoint\",\"urlTemplate\":\"https:\/\/www.visit-ulcinj.com\/blog\/?s={search_term_string}\"},\"query-input\":\"required name=search_term_string\"}],\"inLanguage\":\"en-US\"},{\"@type\":\"ImageObject\",\"inLanguage\":\"en-US\",\"@id\":\"https:\/\/www.visit-ulcinj.com\/blog\/2016\/11\/08\/nika-kuvendi-te-henen-debaton-per-buxhet-te-vitit-2014-dhe-2015\/#primaryimage\",\"url\":\"https:\/\/www.visit-ulcinj.com\/blog\/wp-content\/uploads\/2016\/07\/Kuvendi-Komunal-Ulqin.jpg\",\"contentUrl\":\"https:\/\/www.visit-ulcinj.com\/blog\/wp-content\/uploads\/2016\/07\/Kuvendi-Komunal-Ulqin.jpg\",\"width\":702,\"height\":336},{\"@type\":\"WebPage\",\"@id\":\"https:\/\/www.visit-ulcinj.com\/blog\/2016\/11\/08\/nika-kuvendi-te-henen-debaton-per-buxhet-te-vitit-2014-dhe-2015\/#webpage\",\"url\":\"https:\/\/www.visit-ulcinj.com\/blog\/2016\/11\/08\/nika-kuvendi-te-henen-debaton-per-buxhet-te-vitit-2014-dhe-2015\/\",\"name\":\"Nika: Kuvendi t\u00eb h\u00ebn\u00ebn debaton p\u00ebr buxhet t\u00eb vitit 2014 dhe 2015 ?! - Lajme nga Ulqini\",\"isPartOf\":{\"@id\":\"https:\/\/www.visit-ulcinj.com\/blog\/#website\"},\"primaryImageOfPage\":{\"@id\":\"https:\/\/www.visit-ulcinj.com\/blog\/2016\/11\/08\/nika-kuvendi-te-henen-debaton-per-buxhet-te-vitit-2014-dhe-2015\/#primaryimage\"},\"datePublished\":\"2016-11-08T15:13:19+00:00\",\"dateModified\":\"2016-11-08T15:13:19+00:00\",\"author\":{\"@id\":\"https:\/\/www.visit-ulcinj.com\/blog\/#\/schema\/person\/dcab619c614d3038751c63bc2aadc06d\"},\"description\":\"Shkruan Muhamet Nika Nj\u00eb \u00a0lajm shum\u00eb interesant\u00eb ?! Merret vesh ( q\u00eb nuk merret vesh..), se \u00a0Cungu \u2013 pranoi t\u00eb pajtohet\u00a0 me Gjek\u00ebn dhe Gjeka me Cungun ,\",\"breadcrumb\":{\"@id\":\"https:\/\/www.visit-ulcinj.com\/blog\/2016\/11\/08\/nika-kuvendi-te-henen-debaton-per-buxhet-te-vitit-2014-dhe-2015\/#breadcrumb\"},\"inLanguage\":\"en-US\",\"potentialAction\":[{\"@type\":\"ReadAction\",\"target\":[\"https:\/\/www.visit-ulcinj.com\/blog\/2016\/11\/08\/nika-kuvendi-te-henen-debaton-per-buxhet-te-vitit-2014-dhe-2015\/\"]}]},{\"@type\":\"BreadcrumbList\",\"@id\":\"https:\/\/www.visit-ulcinj.com\/blog\/2016\/11\/08\/nika-kuvendi-te-henen-debaton-per-buxhet-te-vitit-2014-dhe-2015\/#breadcrumb\",\"itemListElement\":[{\"@type\":\"ListItem\",\"position\":1,\"name\":\"Nika: Kuvendi t\u00eb h\u00ebn\u00ebn debaton p\u00ebr buxhet t\u00eb vitit 2014 dhe 2015 ?!\"}]},{\"@type\":\"Person\",\"@id\":\"https:\/\/www.visit-ulcinj.com\/blog\/#\/schema\/person\/dcab619c614d3038751c63bc2aadc06d\",\"name\":\"ulqini\",\"sameAs\":[\"http:\/\/www.visit-ulcinj.com\"],\"url\":\"https:\/\/www.visit-ulcinj.com\/blog\/author\/admin\/\"}]}<\/script>\n<!-- \/ Yoast SEO plugin. -->","yoast_head_json":{"title":"Nika: Kuvendi t\u00eb h\u00ebn\u00ebn debaton p\u00ebr buxhet t\u00eb vitit 2014 dhe 2015 ?! - Lajme nga Ulqini","description":"Shkruan Muhamet Nika Nj\u00eb \u00a0lajm shum\u00eb interesant\u00eb ?! Merret vesh ( q\u00eb nuk merret vesh..), se \u00a0Cungu \u2013 pranoi t\u00eb pajtohet\u00a0 me Gjek\u00ebn dhe Gjeka me Cungun ,","robots":{"index":"index","follow":"follow","max-snippet":"max-snippet:-1","max-image-preview":"max-image-preview:large","max-video-preview":"max-video-preview:-1"},"canonical":"https:\/\/www.visit-ulcinj.com\/blog\/2016\/11\/08\/nika-kuvendi-te-henen-debaton-per-buxhet-te-vitit-2014-dhe-2015\/","og_locale":"en_US","og_type":"article","og_title":"Nika: Kuvendi t\u00eb h\u00ebn\u00ebn debaton p\u00ebr buxhet t\u00eb vitit 2014 dhe 2015 ?! - Lajme nga Ulqini","og_description":"Shkruan Muhamet Nika Nj\u00eb \u00a0lajm shum\u00eb interesant\u00eb ?! Merret vesh ( q\u00eb nuk merret vesh..), se \u00a0Cungu \u2013 pranoi t\u00eb pajtohet\u00a0 me Gjek\u00ebn dhe Gjeka me Cungun ,","og_url":"https:\/\/www.visit-ulcinj.com\/blog\/2016\/11\/08\/nika-kuvendi-te-henen-debaton-per-buxhet-te-vitit-2014-dhe-2015\/","og_site_name":"Lajme nga Ulqini","article_published_time":"2016-11-08T15:13:19+00:00","og_image":[{"url":"http:\/\/www.visit-ulcinj.com\/blog\/wp-content\/uploads\/2016\/07\/Kuvendi-Komunal-Ulqin.jpg"}],"twitter_misc":{"Written by":"ulqini","Est. reading time":"1 minute"},"schema":{"@context":"https:\/\/schema.org","@graph":[{"@type":"WebSite","@id":"https:\/\/www.visit-ulcinj.com\/blog\/#website","url":"https:\/\/www.visit-ulcinj.com\/blog\/","name":"Lajme nga Ulqini","description":"Lajme,Vijesti,Ulqini,Ulqin,Crna Gora,Mali i Zi","potentialAction":[{"@type":"SearchAction","target":{"@type":"EntryPoint","urlTemplate":"https:\/\/www.visit-ulcinj.com\/blog\/?s={search_term_string}"},"query-input":"required name=search_term_string"}],"inLanguage":"en-US"},{"@type":"ImageObject","inLanguage":"en-US","@id":"https:\/\/www.visit-ulcinj.com\/blog\/2016\/11\/08\/nika-kuvendi-te-henen-debaton-per-buxhet-te-vitit-2014-dhe-2015\/#primaryimage","url":"https:\/\/www.visit-ulcinj.com\/blog\/wp-content\/uploads\/2016\/07\/Kuvendi-Komunal-Ulqin.jpg","contentUrl":"https:\/\/www.visit-ulcinj.com\/blog\/wp-content\/uploads\/2016\/07\/Kuvendi-Komunal-Ulqin.jpg","width":702,"height":336},{"@type":"WebPage","@id":"https:\/\/www.visit-ulcinj.com\/blog\/2016\/11\/08\/nika-kuvendi-te-henen-debaton-per-buxhet-te-vitit-2014-dhe-2015\/#webpage","url":"https:\/\/www.visit-ulcinj.com\/blog\/2016\/11\/08\/nika-kuvendi-te-henen-debaton-per-buxhet-te-vitit-2014-dhe-2015\/","name":"Nika: Kuvendi t\u00eb h\u00ebn\u00ebn debaton p\u00ebr buxhet t\u00eb vitit 2014 dhe 2015 ?! - Lajme nga Ulqini","isPartOf":{"@id":"https:\/\/www.visit-ulcinj.com\/blog\/#website"},"primaryImageOfPage":{"@id":"https:\/\/www.visit-ulcinj.com\/blog\/2016\/11\/08\/nika-kuvendi-te-henen-debaton-per-buxhet-te-vitit-2014-dhe-2015\/#primaryimage"},"datePublished":"2016-11-08T15:13:19+00:00","dateModified":"2016-11-08T15:13:19+00:00","author":{"@id":"https:\/\/www.visit-ulcinj.com\/blog\/#\/schema\/person\/dcab619c614d3038751c63bc2aadc06d"},"description":"Shkruan Muhamet Nika Nj\u00eb \u00a0lajm shum\u00eb interesant\u00eb ?! Merret vesh ( q\u00eb nuk merret vesh..), se \u00a0Cungu \u2013 pranoi t\u00eb pajtohet\u00a0 me Gjek\u00ebn dhe Gjeka me Cungun ,","breadcrumb":{"@id":"https:\/\/www.visit-ulcinj.com\/blog\/2016\/11\/08\/nika-kuvendi-te-henen-debaton-per-buxhet-te-vitit-2014-dhe-2015\/#breadcrumb"},"inLanguage":"en-US","potentialAction":[{"@type":"ReadAction","target":["https:\/\/www.visit-ulcinj.com\/blog\/2016\/11\/08\/nika-kuvendi-te-henen-debaton-per-buxhet-te-vitit-2014-dhe-2015\/"]}]},{"@type":"BreadcrumbList","@id":"https:\/\/www.visit-ulcinj.com\/blog\/2016\/11\/08\/nika-kuvendi-te-henen-debaton-per-buxhet-te-vitit-2014-dhe-2015\/#breadcrumb","itemListElement":[{"@type":"ListItem","position":1,"name":"Nika: Kuvendi t\u00eb h\u00ebn\u00ebn debaton p\u00ebr buxhet t\u00eb vitit 2014 dhe 2015 ?!"}]},{"@type":"Person","@id":"https:\/\/www.visit-ulcinj.com\/blog\/#\/schema\/person\/dcab619c614d3038751c63bc2aadc06d","name":"ulqini","sameAs":["http:\/\/www.visit-ulcinj.com"],"url":"https:\/\/www.visit-ulcinj.com\/blog\/author\/admin\/"}]}},"jetpack_featured_media_url":"","jetpack_sharing_enabled":true,"jetpack_shortlink":"https:\/\/wp.me\/pe6lTn-qfE","_links":{"self":[{"href":"https:\/\/www.visit-ulcinj.com\/blog\/wp-json\/wp\/v2\/posts\/100914"}],"collection":[{"href":"https:\/\/www.visit-ulcinj.com\/blog\/wp-json\/wp\/v2\/posts"}],"about":[{"href":"https:\/\/www.visit-ulcinj.com\/blog\/wp-json\/wp\/v2\/types\/post"}],"author":[{"embeddable":true,"href":"https:\/\/www.visit-ulcinj.com\/blog\/wp-json\/wp\/v2\/users\/1"}],"replies":[{"embeddable":true,"href":"https:\/\/www.visit-ulcinj.com\/blog\/wp-json\/wp\/v2\/comments?post=100914"}],"version-history":[{"count":1,"href":"https:\/\/www.visit-ulcinj.com\/blog\/wp-json\/wp\/v2\/posts\/100914\/revisions"}],"predecessor-version":[{"id":100915,"href":"https:\/\/www.visit-ulcinj.com\/blog\/wp-json\/wp\/v2\/posts\/100914\/revisions\/100915"}],"wp:attachment":[{"href":"https:\/\/www.visit-ulcinj.com\/blog\/wp-json\/wp\/v2\/media?parent=100914"}],"wp:term":[{"taxonomy":"category","embeddable":true,"href":"https:\/\/www.visit-ulcinj.com\/blog\/wp-json\/wp\/v2\/categories?post=100914"},{"taxonomy":"post_tag","embeddable":true,"href":"https:\/\/www.visit-ulcinj.com\/blog\/wp-json\/wp\/v2\/tags?post=100914"}],"curies":[{"name":"wp","href":"https:\/\/api.w.org\/{rel}","templated":true}]}}