{"id":100926,"date":"2016-11-08T18:13:28","date_gmt":"2016-11-08T17:13:28","guid":{"rendered":"http:\/\/www.visit-ulcinj.com\/blog\/?p=100926"},"modified":"2016-11-08T18:13:47","modified_gmt":"2016-11-08T17:13:47","slug":"veseli-zhvilloi-takim-ambasadorin-e-malit-te-zi-ferhat-dinosha","status":"publish","type":"post","link":"https:\/\/www.visit-ulcinj.com\/blog\/2016\/11\/08\/veseli-zhvilloi-takim-ambasadorin-e-malit-te-zi-ferhat-dinosha\/","title":{"rendered":"Veseli zhvilloi takim me ambasadorin e Malit t\u00eb Zi, Ferhat Dinosha"},"content":{"rendered":"<p><a href=\"http:\/\/www.visit-ulcinj.com\/blog\/wp-content\/uploads\/2016\/11\/Kadri-Veselili-takon-Ambasadorin-Ferhat-Dinosha.jpg\"><img loading=\"lazy\" class=\"alignleft wp-image-100927\" src=\"http:\/\/www.visit-ulcinj.com\/blog\/wp-content\/uploads\/2016\/11\/Kadri-Veselili-takon-Ambasadorin-Ferhat-Dinosha.jpg\" alt=\"Kadri-Veselili-takon-Ambasadorin -Ferhat-Dinosha\" width=\"508\" height=\"276\" srcset=\"https:\/\/www.visit-ulcinj.com\/blog\/wp-content\/uploads\/2016\/11\/Kadri-Veselili-takon-Ambasadorin-Ferhat-Dinosha.jpg 735w, https:\/\/www.visit-ulcinj.com\/blog\/wp-content\/uploads\/2016\/11\/Kadri-Veselili-takon-Ambasadorin-Ferhat-Dinosha-300x163.jpg 300w\" sizes=\"(max-width: 508px) 100vw, 508px\" \/><\/a>Kryeparlamentari Veseli dhe ambasadori Dinosha vler\u00ebsuan se marr\u00ebdh\u00ebniet midis dy vendeve jan\u00eb t\u00eb shk\u00eblqyera, nd\u00ebrsa shpreh\u00ebn p\u00ebrkushtimin q\u00eb bashk\u00ebpunimi nd\u00ebrshtet\u00ebror t\u00eb thellohet edhe m\u00eb tej n\u00eb t\u00eb ardhmen, n\u00eb frym\u00ebn e orientimit t\u00eb p\u00ebrbashk\u00ebt euro-atlantik.<\/p>\n<p>N\u00eb k\u00ebt\u00eb funksion, kryetari i Kuvendit t\u00eb Kosov\u00ebs shtroi nevoj\u00ebn e forcimit t\u00eb bashk\u00ebpunimin n\u00eb fush\u00ebn e arsimit dhe t\u00eb rritjes s\u00eb shk\u00ebmbimeve tregtare, n\u00eb interes t\u00eb t\u00eb dyjave vendeve. Po ashtu, kryetari Veseli theksoi r\u00ebnd\u00ebsin\u00eb e realizimit sa m\u00eb t\u00eb shpejt\u00eb t\u00eb rrug\u00ebs De\u00e7an-Plav\u00eb, si nj\u00eb arterie shum\u00eb e r\u00ebnd\u00ebsishme e bashk\u00ebpunimit nd\u00ebrshtet\u00ebror dhe e qarkullimit t\u00eb qytetar\u00ebve n\u00eb t\u00eb dy an\u00ebt e kufirit.<\/p>\n<p>Kryeparlamentari Veseli tha se \u00e7\u00ebshtja e demarkacionit, i cili nuk ka p\u00ebrfunduar ende si proces, nuk ka ndikuar n\u00eb marr\u00ebdh\u00ebniet e mira nd\u00ebrfqinj\u00ebsore, n\u00eb t\u00eb cil\u00ebn Mali i Zi ka treguar konstruktivitet.<\/p>\n<p><a href=\"http:\/\/www.visit-ulcinj.com\/blog\/wp-content\/uploads\/2016\/11\/Kadri-Veselili-takon-Ambasadorin-Ferhat-Dinosha-1.jpg\"><img loading=\"lazy\" class=\"alignleft wp-image-100928\" src=\"http:\/\/www.visit-ulcinj.com\/blog\/wp-content\/uploads\/2016\/11\/Kadri-Veselili-takon-Ambasadorin-Ferhat-Dinosha-1.jpg\" alt=\"Kadri-Veselili-takon-Ambasadorin -Ferhat-Dinosha-1\" width=\"508\" height=\"354\" srcset=\"https:\/\/www.visit-ulcinj.com\/blog\/wp-content\/uploads\/2016\/11\/Kadri-Veselili-takon-Ambasadorin-Ferhat-Dinosha-1.jpg 1024w, https:\/\/www.visit-ulcinj.com\/blog\/wp-content\/uploads\/2016\/11\/Kadri-Veselili-takon-Ambasadorin-Ferhat-Dinosha-1-300x209.jpg 300w, https:\/\/www.visit-ulcinj.com\/blog\/wp-content\/uploads\/2016\/11\/Kadri-Veselili-takon-Ambasadorin-Ferhat-Dinosha-1-768x536.jpg 768w\" sizes=\"(max-width: 508px) 100vw, 508px\" \/><\/a><\/p>\n<p>Veseli dhe ambasadori Dinosha diskutuan edhe p\u00ebr pozit\u00ebn e komunitetit malazez n\u00eb Kosov\u00eb, si dhe p\u00ebr thellimin e bashk\u00ebpunimit midis institucioneve t\u00eb Kosov\u00ebs dhe p\u00ebrfaq\u00ebsuesve t\u00eb komunitetit malazez n\u00eb vendin ton\u00eb.<\/p>\n<p>\u201cMalazez\u00ebt e Kosov\u00ebs do ta ken\u00eb vendin e merituar n\u00eb shoq\u00ebrin\u00eb dhe institucionet e Kosov\u00ebs, si qytetar\u00eb te respektuar t\u00eb Republik\u00ebs se Kosov\u00ebs\u201d, theksoi kryetari Veseli.<\/p>\n<p>Lajm.net<\/p>\n","protected":false},"excerpt":{"rendered":"<p>Kryeparlamentari Veseli dhe ambasadori Dinosha vler\u00ebsuan se marr\u00ebdh\u00ebniet midis dy vendeve jan\u00eb t\u00eb shk\u00eblqyera, nd\u00ebrsa shpreh\u00ebn p\u00ebrkushtimin q\u00eb bashk\u00ebpunimi nd\u00ebrshtet\u00ebror t\u00eb thellohet edhe m\u00eb tej n\u00eb t\u00eb ardhmen, n\u00eb frym\u00ebn e orientimit t\u00eb p\u00ebrbashk\u00ebt euro-atlantik. N\u00eb k\u00ebt\u00eb funksion, kryetari i Kuvendit t\u00eb Kosov\u00ebs shtroi nevoj\u00ebn e forcimit t\u00eb bashk\u00ebpunimin n\u00eb fush\u00ebn e arsimit dhe t\u00eb [&hellip;]<\/p>\n","protected":false},"author":1,"featured_media":0,"comment_status":"closed","ping_status":"closed","sticky":false,"template":"","format":"standard","meta":{"spay_email":"","jetpack_publicize_message":"","jetpack_is_tweetstorm":false,"jetpack_publicize_feature_enabled":true},"categories":[14],"tags":[],"jetpack_publicize_connections":[],"yoast_head":"<!-- This site is optimized with the Yoast SEO plugin v19.1 - https:\/\/yoast.com\/wordpress\/plugins\/seo\/ -->\n<title>Veseli zhvilloi takim me ambasadorin e Malit t\u00eb Zi, Ferhat Dinosha - Lajme nga Ulqini<\/title>\n<meta name=\"description\" content=\"Kryeparlamentari Veseli dhe ambasadori Dinosha vler\u00ebsuan se marr\u00ebdh\u00ebniet midis dy vendeve jan\u00eb t\u00eb shk\u00eblqyera, nd\u00ebrsa shpreh\u00ebn p\u00ebrkushtimin q\u00eb bashk\u00ebpunimi\" \/>\n<meta name=\"robots\" content=\"index, follow, max-snippet:-1, max-image-preview:large, max-video-preview:-1\" \/>\n<link rel=\"canonical\" href=\"https:\/\/www.visit-ulcinj.com\/blog\/2016\/11\/08\/veseli-zhvilloi-takim-ambasadorin-e-malit-te-zi-ferhat-dinosha\/\" \/>\n<meta property=\"og:locale\" content=\"en_US\" \/>\n<meta property=\"og:type\" content=\"article\" \/>\n<meta property=\"og:title\" content=\"Veseli zhvilloi takim me ambasadorin e Malit t\u00eb Zi, Ferhat Dinosha - Lajme nga Ulqini\" \/>\n<meta property=\"og:description\" content=\"Kryeparlamentari Veseli dhe ambasadori Dinosha vler\u00ebsuan se marr\u00ebdh\u00ebniet midis dy vendeve jan\u00eb t\u00eb shk\u00eblqyera, nd\u00ebrsa shpreh\u00ebn p\u00ebrkushtimin q\u00eb bashk\u00ebpunimi\" \/>\n<meta property=\"og:url\" content=\"https:\/\/www.visit-ulcinj.com\/blog\/2016\/11\/08\/veseli-zhvilloi-takim-ambasadorin-e-malit-te-zi-ferhat-dinosha\/\" \/>\n<meta property=\"og:site_name\" content=\"Lajme nga Ulqini\" \/>\n<meta property=\"article:published_time\" content=\"2016-11-08T17:13:28+00:00\" \/>\n<meta property=\"article:modified_time\" content=\"2016-11-08T17:13:47+00:00\" \/>\n<meta property=\"og:image\" content=\"http:\/\/www.visit-ulcinj.com\/blog\/wp-content\/uploads\/2016\/11\/Kadri-Veselili-takon-Ambasadorin-Ferhat-Dinosha.jpg\" \/>\n<meta name=\"twitter:label1\" content=\"Written by\" \/>\n\t<meta name=\"twitter:data1\" content=\"ulqini\" \/>\n\t<meta name=\"twitter:label2\" content=\"Est. reading time\" \/>\n\t<meta name=\"twitter:data2\" content=\"1 minute\" \/>\n<script type=\"application\/ld+json\" class=\"yoast-schema-graph\">{\"@context\":\"https:\/\/schema.org\",\"@graph\":[{\"@type\":\"WebSite\",\"@id\":\"https:\/\/www.visit-ulcinj.com\/blog\/#website\",\"url\":\"https:\/\/www.visit-ulcinj.com\/blog\/\",\"name\":\"Lajme nga Ulqini\",\"description\":\"Lajme,Vijesti,Ulqini,Ulqin,Crna Gora,Mali i Zi\",\"potentialAction\":[{\"@type\":\"SearchAction\",\"target\":{\"@type\":\"EntryPoint\",\"urlTemplate\":\"https:\/\/www.visit-ulcinj.com\/blog\/?s={search_term_string}\"},\"query-input\":\"required name=search_term_string\"}],\"inLanguage\":\"en-US\"},{\"@type\":\"ImageObject\",\"inLanguage\":\"en-US\",\"@id\":\"https:\/\/www.visit-ulcinj.com\/blog\/2016\/11\/08\/veseli-zhvilloi-takim-ambasadorin-e-malit-te-zi-ferhat-dinosha\/#primaryimage\",\"url\":\"https:\/\/www.visit-ulcinj.com\/blog\/wp-content\/uploads\/2016\/11\/Kadri-Veselili-takon-Ambasadorin-Ferhat-Dinosha.jpg\",\"contentUrl\":\"https:\/\/www.visit-ulcinj.com\/blog\/wp-content\/uploads\/2016\/11\/Kadri-Veselili-takon-Ambasadorin-Ferhat-Dinosha.jpg\",\"width\":735,\"height\":400},{\"@type\":\"WebPage\",\"@id\":\"https:\/\/www.visit-ulcinj.com\/blog\/2016\/11\/08\/veseli-zhvilloi-takim-ambasadorin-e-malit-te-zi-ferhat-dinosha\/#webpage\",\"url\":\"https:\/\/www.visit-ulcinj.com\/blog\/2016\/11\/08\/veseli-zhvilloi-takim-ambasadorin-e-malit-te-zi-ferhat-dinosha\/\",\"name\":\"Veseli zhvilloi takim me ambasadorin e Malit t\u00eb Zi, Ferhat Dinosha - Lajme nga Ulqini\",\"isPartOf\":{\"@id\":\"https:\/\/www.visit-ulcinj.com\/blog\/#website\"},\"primaryImageOfPage\":{\"@id\":\"https:\/\/www.visit-ulcinj.com\/blog\/2016\/11\/08\/veseli-zhvilloi-takim-ambasadorin-e-malit-te-zi-ferhat-dinosha\/#primaryimage\"},\"datePublished\":\"2016-11-08T17:13:28+00:00\",\"dateModified\":\"2016-11-08T17:13:47+00:00\",\"author\":{\"@id\":\"https:\/\/www.visit-ulcinj.com\/blog\/#\/schema\/person\/dcab619c614d3038751c63bc2aadc06d\"},\"description\":\"Kryeparlamentari Veseli dhe ambasadori Dinosha vler\u00ebsuan se marr\u00ebdh\u00ebniet midis dy vendeve jan\u00eb t\u00eb shk\u00eblqyera, nd\u00ebrsa shpreh\u00ebn p\u00ebrkushtimin q\u00eb bashk\u00ebpunimi\",\"breadcrumb\":{\"@id\":\"https:\/\/www.visit-ulcinj.com\/blog\/2016\/11\/08\/veseli-zhvilloi-takim-ambasadorin-e-malit-te-zi-ferhat-dinosha\/#breadcrumb\"},\"inLanguage\":\"en-US\",\"potentialAction\":[{\"@type\":\"ReadAction\",\"target\":[\"https:\/\/www.visit-ulcinj.com\/blog\/2016\/11\/08\/veseli-zhvilloi-takim-ambasadorin-e-malit-te-zi-ferhat-dinosha\/\"]}]},{\"@type\":\"BreadcrumbList\",\"@id\":\"https:\/\/www.visit-ulcinj.com\/blog\/2016\/11\/08\/veseli-zhvilloi-takim-ambasadorin-e-malit-te-zi-ferhat-dinosha\/#breadcrumb\",\"itemListElement\":[{\"@type\":\"ListItem\",\"position\":1,\"name\":\"Veseli zhvilloi takim me ambasadorin e Malit t\u00eb Zi, Ferhat Dinosha\"}]},{\"@type\":\"Person\",\"@id\":\"https:\/\/www.visit-ulcinj.com\/blog\/#\/schema\/person\/dcab619c614d3038751c63bc2aadc06d\",\"name\":\"ulqini\",\"sameAs\":[\"http:\/\/www.visit-ulcinj.com\"],\"url\":\"https:\/\/www.visit-ulcinj.com\/blog\/author\/admin\/\"}]}<\/script>\n<!-- \/ Yoast SEO plugin. -->","yoast_head_json":{"title":"Veseli zhvilloi takim me ambasadorin e Malit t\u00eb Zi, Ferhat Dinosha - Lajme nga Ulqini","description":"Kryeparlamentari Veseli dhe ambasadori Dinosha vler\u00ebsuan se marr\u00ebdh\u00ebniet midis dy vendeve jan\u00eb t\u00eb shk\u00eblqyera, nd\u00ebrsa shpreh\u00ebn p\u00ebrkushtimin q\u00eb bashk\u00ebpunimi","robots":{"index":"index","follow":"follow","max-snippet":"max-snippet:-1","max-image-preview":"max-image-preview:large","max-video-preview":"max-video-preview:-1"},"canonical":"https:\/\/www.visit-ulcinj.com\/blog\/2016\/11\/08\/veseli-zhvilloi-takim-ambasadorin-e-malit-te-zi-ferhat-dinosha\/","og_locale":"en_US","og_type":"article","og_title":"Veseli zhvilloi takim me ambasadorin e Malit t\u00eb Zi, Ferhat Dinosha - Lajme nga Ulqini","og_description":"Kryeparlamentari Veseli dhe ambasadori Dinosha vler\u00ebsuan se marr\u00ebdh\u00ebniet midis dy vendeve jan\u00eb t\u00eb shk\u00eblqyera, nd\u00ebrsa shpreh\u00ebn p\u00ebrkushtimin q\u00eb bashk\u00ebpunimi","og_url":"https:\/\/www.visit-ulcinj.com\/blog\/2016\/11\/08\/veseli-zhvilloi-takim-ambasadorin-e-malit-te-zi-ferhat-dinosha\/","og_site_name":"Lajme nga Ulqini","article_published_time":"2016-11-08T17:13:28+00:00","article_modified_time":"2016-11-08T17:13:47+00:00","og_image":[{"url":"http:\/\/www.visit-ulcinj.com\/blog\/wp-content\/uploads\/2016\/11\/Kadri-Veselili-takon-Ambasadorin-Ferhat-Dinosha.jpg"}],"twitter_misc":{"Written by":"ulqini","Est. reading time":"1 minute"},"schema":{"@context":"https:\/\/schema.org","@graph":[{"@type":"WebSite","@id":"https:\/\/www.visit-ulcinj.com\/blog\/#website","url":"https:\/\/www.visit-ulcinj.com\/blog\/","name":"Lajme nga Ulqini","description":"Lajme,Vijesti,Ulqini,Ulqin,Crna Gora,Mali i Zi","potentialAction":[{"@type":"SearchAction","target":{"@type":"EntryPoint","urlTemplate":"https:\/\/www.visit-ulcinj.com\/blog\/?s={search_term_string}"},"query-input":"required name=search_term_string"}],"inLanguage":"en-US"},{"@type":"ImageObject","inLanguage":"en-US","@id":"https:\/\/www.visit-ulcinj.com\/blog\/2016\/11\/08\/veseli-zhvilloi-takim-ambasadorin-e-malit-te-zi-ferhat-dinosha\/#primaryimage","url":"https:\/\/www.visit-ulcinj.com\/blog\/wp-content\/uploads\/2016\/11\/Kadri-Veselili-takon-Ambasadorin-Ferhat-Dinosha.jpg","contentUrl":"https:\/\/www.visit-ulcinj.com\/blog\/wp-content\/uploads\/2016\/11\/Kadri-Veselili-takon-Ambasadorin-Ferhat-Dinosha.jpg","width":735,"height":400},{"@type":"WebPage","@id":"https:\/\/www.visit-ulcinj.com\/blog\/2016\/11\/08\/veseli-zhvilloi-takim-ambasadorin-e-malit-te-zi-ferhat-dinosha\/#webpage","url":"https:\/\/www.visit-ulcinj.com\/blog\/2016\/11\/08\/veseli-zhvilloi-takim-ambasadorin-e-malit-te-zi-ferhat-dinosha\/","name":"Veseli zhvilloi takim me ambasadorin e Malit t\u00eb Zi, Ferhat Dinosha - Lajme nga Ulqini","isPartOf":{"@id":"https:\/\/www.visit-ulcinj.com\/blog\/#website"},"primaryImageOfPage":{"@id":"https:\/\/www.visit-ulcinj.com\/blog\/2016\/11\/08\/veseli-zhvilloi-takim-ambasadorin-e-malit-te-zi-ferhat-dinosha\/#primaryimage"},"datePublished":"2016-11-08T17:13:28+00:00","dateModified":"2016-11-08T17:13:47+00:00","author":{"@id":"https:\/\/www.visit-ulcinj.com\/blog\/#\/schema\/person\/dcab619c614d3038751c63bc2aadc06d"},"description":"Kryeparlamentari Veseli dhe ambasadori Dinosha vler\u00ebsuan se marr\u00ebdh\u00ebniet midis dy vendeve jan\u00eb t\u00eb shk\u00eblqyera, nd\u00ebrsa shpreh\u00ebn p\u00ebrkushtimin q\u00eb bashk\u00ebpunimi","breadcrumb":{"@id":"https:\/\/www.visit-ulcinj.com\/blog\/2016\/11\/08\/veseli-zhvilloi-takim-ambasadorin-e-malit-te-zi-ferhat-dinosha\/#breadcrumb"},"inLanguage":"en-US","potentialAction":[{"@type":"ReadAction","target":["https:\/\/www.visit-ulcinj.com\/blog\/2016\/11\/08\/veseli-zhvilloi-takim-ambasadorin-e-malit-te-zi-ferhat-dinosha\/"]}]},{"@type":"BreadcrumbList","@id":"https:\/\/www.visit-ulcinj.com\/blog\/2016\/11\/08\/veseli-zhvilloi-takim-ambasadorin-e-malit-te-zi-ferhat-dinosha\/#breadcrumb","itemListElement":[{"@type":"ListItem","position":1,"name":"Veseli zhvilloi takim me ambasadorin e Malit t\u00eb Zi, Ferhat Dinosha"}]},{"@type":"Person","@id":"https:\/\/www.visit-ulcinj.com\/blog\/#\/schema\/person\/dcab619c614d3038751c63bc2aadc06d","name":"ulqini","sameAs":["http:\/\/www.visit-ulcinj.com"],"url":"https:\/\/www.visit-ulcinj.com\/blog\/author\/admin\/"}]}},"jetpack_featured_media_url":"","jetpack_sharing_enabled":true,"jetpack_shortlink":"https:\/\/wp.me\/pe6lTn-qfQ","_links":{"self":[{"href":"https:\/\/www.visit-ulcinj.com\/blog\/wp-json\/wp\/v2\/posts\/100926"}],"collection":[{"href":"https:\/\/www.visit-ulcinj.com\/blog\/wp-json\/wp\/v2\/posts"}],"about":[{"href":"https:\/\/www.visit-ulcinj.com\/blog\/wp-json\/wp\/v2\/types\/post"}],"author":[{"embeddable":true,"href":"https:\/\/www.visit-ulcinj.com\/blog\/wp-json\/wp\/v2\/users\/1"}],"replies":[{"embeddable":true,"href":"https:\/\/www.visit-ulcinj.com\/blog\/wp-json\/wp\/v2\/comments?post=100926"}],"version-history":[{"count":1,"href":"https:\/\/www.visit-ulcinj.com\/blog\/wp-json\/wp\/v2\/posts\/100926\/revisions"}],"predecessor-version":[{"id":100929,"href":"https:\/\/www.visit-ulcinj.com\/blog\/wp-json\/wp\/v2\/posts\/100926\/revisions\/100929"}],"wp:attachment":[{"href":"https:\/\/www.visit-ulcinj.com\/blog\/wp-json\/wp\/v2\/media?parent=100926"}],"wp:term":[{"taxonomy":"category","embeddable":true,"href":"https:\/\/www.visit-ulcinj.com\/blog\/wp-json\/wp\/v2\/categories?post=100926"},{"taxonomy":"post_tag","embeddable":true,"href":"https:\/\/www.visit-ulcinj.com\/blog\/wp-json\/wp\/v2\/tags?post=100926"}],"curies":[{"name":"wp","href":"https:\/\/api.w.org\/{rel}","templated":true}]}}