{"id":100952,"date":"2016-11-09T21:54:56","date_gmt":"2016-11-09T20:54:56","guid":{"rendered":"http:\/\/www.visit-ulcinj.com\/blog\/?p=100952"},"modified":"2016-11-09T21:57:39","modified_gmt":"2016-11-09T20:57:39","slug":"bardhi-dergon-telegram-ngushellimi-kryetarit-te-levizjes-vetevendosje-visar-ymerit","status":"publish","type":"post","link":"https:\/\/www.visit-ulcinj.com\/blog\/2016\/11\/09\/bardhi-dergon-telegram-ngushellimi-kryetarit-te-levizjes-vetevendosje-visar-ymerit\/","title":{"rendered":"Bardhi i d\u00ebrgon telegram ngush\u00ebllimi kryetarit  t\u00eb l\u00ebvizjes vet\u00ebvendosje! Visar Ymerit"},"content":{"rendered":"<div id=\"attachment_45815\" style=\"width: 518px\" class=\"wp-caption alignleft\"><a href=\"http:\/\/www.visit-ulcinj.com\/blog\/wp-content\/uploads\/2011\/04\/Mehmet-Bardhi.jpg\"><img aria-describedby=\"caption-attachment-45815\" loading=\"lazy\" class=\"wp-image-45815\" src=\"http:\/\/www.visit-ulcinj.com\/blog\/wp-content\/uploads\/2011\/04\/Mehmet-Bardhi.jpg\" alt=\"Mehmet Bardhi (Foto: Arhiva Vijesti)\" width=\"508\" height=\"330\" srcset=\"https:\/\/www.visit-ulcinj.com\/blog\/wp-content\/uploads\/2011\/04\/Mehmet-Bardhi.jpg 1000w, https:\/\/www.visit-ulcinj.com\/blog\/wp-content\/uploads\/2011\/04\/Mehmet-Bardhi-300x195.jpg 300w\" sizes=\"(max-width: 508px) 100vw, 508px\" \/><\/a><p id=\"caption-attachment-45815\" class=\"wp-caption-text\">Mehmet Bardhi (Foto: Arhiva Vijesti)<\/p><\/div>\n<p><strong>Me rastin e vdekjes s\u00eb aktivistit Astrit DEHARI, n\u00eb rrethana ende t\u00eb pazbardhura n\u00eb Qendr\u00ebn e Paraburgimit n\u00eb Prizren<\/strong><\/p>\n<p><strong>Ulqin, 7 n\u00ebntor 2016<\/strong><\/p>\n<p>&nbsp;<\/p>\n<p>&nbsp;<\/p>\n<p>&nbsp;<\/p>\n<p>N\u00eb telegramin e ngush\u00ebllimit, n\u00eb mes t\u00eb tjerave thuhet:<\/p>\n<p>&nbsp;<\/p>\n<p><strong>L\u00ebvizja VET\u00cbVENDOSJE!<\/strong><\/p>\n<p><strong>Kryetarit VISAR YMERI<\/strong><\/p>\n<p><strong>\u00a0<\/strong><\/p>\n<p><strong>P r i s h t i n \u00eb<\/strong><\/p>\n<p><strong>\u00a0<\/strong><\/p>\n<p><strong>I nderuari zotni Kryetar Visar Ymeri,<\/strong><\/p>\n<p><strong>\u00a0<\/strong><\/p>\n<p><strong>Vdekja e aktivistit t\u00eb L\u00ebvizjes VET\u00cbVENDOSJE!, ASTRIT DEHARI, student i Mjek\u00ebsis\u00eb, t\u00eb shtun\u00ebn pasdite, m\u00eb 5 n\u00ebntor 2016,\u00a0 n\u00eb Qenr\u00ebn e Paraburgimit n\u00eb Prizren, n\u00eb rrethana ende t\u00eb pazbardhura, i cili s\u00eb bashku me pes\u00eb aktivist\u00eb t\u00eb tjer\u00eb t\u00eb L\u00ebvizjes VET\u00cbVENDOSJE!, \u00ebsht\u00eb arrestuar\u00a0 m\u00eb 30 gusht 2016, si i dyshuar se ka(n\u00eb) kryer\u00a0 sulmin ndaj nd\u00ebrtes\u00ebs s\u00eb Kuvendit t\u00eb Kosov\u00ebs, m\u00eb 3 gusht 2016, na tronditi thell\u00eb t\u00eb gjith\u00ebve, an\u00ebtar\u00ebt e Lidhjes Demokratike n\u00eb Mal t\u00eb Zi dhe qytetar\u00ebt e tjer\u00eb, shqiptar\u00ebt n\u00eb trojet e veta etnike, sot n\u00eb Malin e Zi. <\/strong><\/p>\n<p><strong>Zotni Ymeri, pranoni ngush\u00ebllimet tona m\u00eb t\u00eb sinqerta.<\/strong><\/p>\n<p><strong>Kjo vdekje \u00ebsht\u00eb nj\u00eb tragjedi e thell\u00eb,\u00a0 jo vet\u00ebm p\u00ebr familjen e t\u00eb ndjerit Dehari e L\u00ebvizjen VET\u00cbVENDOSJE!, por edhe m\u00eb gjer\u00eb. U shua nj\u00eb jet\u00eb e nj\u00eb t\u00eb riu, nj\u00eb aktivisti dhe nj\u00eb mjeku t\u00eb ardhsh\u00ebm.\u00a0 Vdekje kjo e cila ndaj institucioneve t\u00eb Kosov\u00ebs\u00a0 e atyre nd\u00ebrkomb\u00ebtare, dhe jo vet\u00ebm, e sidomos para\u00a0 dhe\u00a0 ndaj atyre t\u00eb Drejt\u00ebsis\u00eb n\u00eb Kosov\u00eb hap nj\u00eb varg pyetjesh, t\u00eb cilat k\u00ebrkojn\u00eb p\u00ebrgjigje urgjente, t\u00eb v\u00ebrteta, t\u00eb sakta e objektive. <\/strong><\/p>\n<p><strong>Pasojat e k\u00ebsaj vdekjeje dhe t\u00eb k\u00ebsaj tragjedie mund t\u00eb jen\u00eb t\u00eb paparashikueshme. <\/strong><\/p>\n<p><strong>\u00a0<\/strong><\/p>\n<p><strong>Zoni Kryetar Ymeri, ju lusim q\u00eb ngush\u00ebllimet tona t\u2019ja p\u00ebrcillni familjes s\u00eb Astritit: bab\u00ebs Avni, n\u00ebn\u00ebs dhe farefisit.<\/strong><\/p>\n<p><strong>\u00a0 <\/strong><\/p>\n<p><strong>\u00a0<\/strong><\/p>\n<p><strong>\u00a0<\/strong><\/p>\n<p><strong>\u00a0<\/strong><\/p>\n<p><strong>Mehmet BARDHI, kryetar i LD n\u00eb MZ<\/strong><\/p>\n<p><strong>\u00a0<\/strong><\/p>\n<p><strong>\u00a0<\/strong><\/p>\n<p><strong>N\u00eb Ulqin,\u00a0 m\u00eb 7 n\u00ebntor 2016<\/strong><\/p>\n<p>&nbsp;<\/p>\n","protected":false},"excerpt":{"rendered":"<p>Me rastin e vdekjes s\u00eb aktivistit Astrit DEHARI, n\u00eb rrethana ende t\u00eb pazbardhura n\u00eb Qendr\u00ebn e Paraburgimit n\u00eb Prizren Ulqin, 7 n\u00ebntor 2016 &nbsp; &nbsp; &nbsp; N\u00eb telegramin e ngush\u00ebllimit, n\u00eb mes t\u00eb tjerave thuhet: &nbsp; L\u00ebvizja VET\u00cbVENDOSJE! Kryetarit VISAR YMERI \u00a0 P r i s h t i n \u00eb \u00a0 I nderuari zotni [&hellip;]<\/p>\n","protected":false},"author":1,"featured_media":0,"comment_status":"closed","ping_status":"closed","sticky":false,"template":"","format":"standard","meta":{"spay_email":"","jetpack_publicize_message":"","jetpack_is_tweetstorm":false,"jetpack_publicize_feature_enabled":true},"categories":[6950],"tags":[],"jetpack_publicize_connections":[],"yoast_head":"<!-- This site is optimized with the Yoast SEO plugin v19.1 - https:\/\/yoast.com\/wordpress\/plugins\/seo\/ -->\n<title>Bardhi i d\u00ebrgon telegram ngush\u00ebllimi kryetarit t\u00eb l\u00ebvizjes vet\u00ebvendosje! Visar Ymerit - Lajme nga Ulqini<\/title>\n<meta name=\"description\" content=\"Me rastin e vdekjes s\u00eb aktivistit Astrit DEHARI, n\u00eb rrethana ende t\u00eb pazbardhura n\u00eb Qendr\u00ebn e Paraburgimit n\u00eb Prizren Ulqin, 7 n\u00ebntor 2016 &nbsp;\" \/>\n<meta name=\"robots\" content=\"index, follow, max-snippet:-1, max-image-preview:large, max-video-preview:-1\" \/>\n<link rel=\"canonical\" href=\"https:\/\/www.visit-ulcinj.com\/blog\/2016\/11\/09\/bardhi-dergon-telegram-ngushellimi-kryetarit-te-levizjes-vetevendosje-visar-ymerit\/\" \/>\n<meta property=\"og:locale\" content=\"en_US\" \/>\n<meta property=\"og:type\" content=\"article\" \/>\n<meta property=\"og:title\" content=\"Bardhi i d\u00ebrgon telegram ngush\u00ebllimi kryetarit t\u00eb l\u00ebvizjes vet\u00ebvendosje! Visar Ymerit - Lajme nga Ulqini\" \/>\n<meta property=\"og:description\" content=\"Me rastin e vdekjes s\u00eb aktivistit Astrit DEHARI, n\u00eb rrethana ende t\u00eb pazbardhura n\u00eb Qendr\u00ebn e Paraburgimit n\u00eb Prizren Ulqin, 7 n\u00ebntor 2016 &nbsp;\" \/>\n<meta property=\"og:url\" content=\"https:\/\/www.visit-ulcinj.com\/blog\/2016\/11\/09\/bardhi-dergon-telegram-ngushellimi-kryetarit-te-levizjes-vetevendosje-visar-ymerit\/\" \/>\n<meta property=\"og:site_name\" content=\"Lajme nga Ulqini\" \/>\n<meta property=\"article:published_time\" content=\"2016-11-09T20:54:56+00:00\" \/>\n<meta property=\"article:modified_time\" content=\"2016-11-09T20:57:39+00:00\" \/>\n<meta property=\"og:image\" content=\"http:\/\/www.visit-ulcinj.com\/blog\/wp-content\/uploads\/2011\/04\/Mehmet-Bardhi.jpg\" \/>\n<meta name=\"twitter:label1\" content=\"Written by\" \/>\n\t<meta name=\"twitter:data1\" content=\"ulqini\" \/>\n\t<meta name=\"twitter:label2\" content=\"Est. reading time\" \/>\n\t<meta name=\"twitter:data2\" content=\"2 minutes\" \/>\n<script type=\"application\/ld+json\" class=\"yoast-schema-graph\">{\"@context\":\"https:\/\/schema.org\",\"@graph\":[{\"@type\":\"WebSite\",\"@id\":\"https:\/\/www.visit-ulcinj.com\/blog\/#website\",\"url\":\"https:\/\/www.visit-ulcinj.com\/blog\/\",\"name\":\"Lajme nga Ulqini\",\"description\":\"Lajme,Vijesti,Ulqini,Ulqin,Crna Gora,Mali i Zi\",\"potentialAction\":[{\"@type\":\"SearchAction\",\"target\":{\"@type\":\"EntryPoint\",\"urlTemplate\":\"https:\/\/www.visit-ulcinj.com\/blog\/?s={search_term_string}\"},\"query-input\":\"required name=search_term_string\"}],\"inLanguage\":\"en-US\"},{\"@type\":\"ImageObject\",\"inLanguage\":\"en-US\",\"@id\":\"https:\/\/www.visit-ulcinj.com\/blog\/2016\/11\/09\/bardhi-dergon-telegram-ngushellimi-kryetarit-te-levizjes-vetevendosje-visar-ymerit\/#primaryimage\",\"url\":\"https:\/\/www.visit-ulcinj.com\/blog\/wp-content\/uploads\/2011\/04\/Mehmet-Bardhi.jpg\",\"contentUrl\":\"https:\/\/www.visit-ulcinj.com\/blog\/wp-content\/uploads\/2011\/04\/Mehmet-Bardhi.jpg\",\"width\":\"1000\",\"height\":\"650\",\"caption\":\"Mehmet Bardhi (Foto: Arhiva Vijesti)\"},{\"@type\":\"WebPage\",\"@id\":\"https:\/\/www.visit-ulcinj.com\/blog\/2016\/11\/09\/bardhi-dergon-telegram-ngushellimi-kryetarit-te-levizjes-vetevendosje-visar-ymerit\/#webpage\",\"url\":\"https:\/\/www.visit-ulcinj.com\/blog\/2016\/11\/09\/bardhi-dergon-telegram-ngushellimi-kryetarit-te-levizjes-vetevendosje-visar-ymerit\/\",\"name\":\"Bardhi i d\u00ebrgon telegram ngush\u00ebllimi kryetarit t\u00eb l\u00ebvizjes vet\u00ebvendosje! Visar Ymerit - Lajme nga Ulqini\",\"isPartOf\":{\"@id\":\"https:\/\/www.visit-ulcinj.com\/blog\/#website\"},\"primaryImageOfPage\":{\"@id\":\"https:\/\/www.visit-ulcinj.com\/blog\/2016\/11\/09\/bardhi-dergon-telegram-ngushellimi-kryetarit-te-levizjes-vetevendosje-visar-ymerit\/#primaryimage\"},\"datePublished\":\"2016-11-09T20:54:56+00:00\",\"dateModified\":\"2016-11-09T20:57:39+00:00\",\"author\":{\"@id\":\"https:\/\/www.visit-ulcinj.com\/blog\/#\/schema\/person\/dcab619c614d3038751c63bc2aadc06d\"},\"description\":\"Me rastin e vdekjes s\u00eb aktivistit Astrit DEHARI, n\u00eb rrethana ende t\u00eb pazbardhura n\u00eb Qendr\u00ebn e Paraburgimit n\u00eb Prizren Ulqin, 7 n\u00ebntor 2016 &nbsp;\",\"breadcrumb\":{\"@id\":\"https:\/\/www.visit-ulcinj.com\/blog\/2016\/11\/09\/bardhi-dergon-telegram-ngushellimi-kryetarit-te-levizjes-vetevendosje-visar-ymerit\/#breadcrumb\"},\"inLanguage\":\"en-US\",\"potentialAction\":[{\"@type\":\"ReadAction\",\"target\":[\"https:\/\/www.visit-ulcinj.com\/blog\/2016\/11\/09\/bardhi-dergon-telegram-ngushellimi-kryetarit-te-levizjes-vetevendosje-visar-ymerit\/\"]}]},{\"@type\":\"BreadcrumbList\",\"@id\":\"https:\/\/www.visit-ulcinj.com\/blog\/2016\/11\/09\/bardhi-dergon-telegram-ngushellimi-kryetarit-te-levizjes-vetevendosje-visar-ymerit\/#breadcrumb\",\"itemListElement\":[{\"@type\":\"ListItem\",\"position\":1,\"name\":\"Bardhi i d\u00ebrgon telegram ngush\u00ebllimi kryetarit t\u00eb l\u00ebvizjes vet\u00ebvendosje! Visar Ymerit\"}]},{\"@type\":\"Person\",\"@id\":\"https:\/\/www.visit-ulcinj.com\/blog\/#\/schema\/person\/dcab619c614d3038751c63bc2aadc06d\",\"name\":\"ulqini\",\"sameAs\":[\"http:\/\/www.visit-ulcinj.com\"],\"url\":\"https:\/\/www.visit-ulcinj.com\/blog\/author\/admin\/\"}]}<\/script>\n<!-- \/ Yoast SEO plugin. -->","yoast_head_json":{"title":"Bardhi i d\u00ebrgon telegram ngush\u00ebllimi kryetarit t\u00eb l\u00ebvizjes vet\u00ebvendosje! Visar Ymerit - Lajme nga Ulqini","description":"Me rastin e vdekjes s\u00eb aktivistit Astrit DEHARI, n\u00eb rrethana ende t\u00eb pazbardhura n\u00eb Qendr\u00ebn e Paraburgimit n\u00eb Prizren Ulqin, 7 n\u00ebntor 2016 &nbsp;","robots":{"index":"index","follow":"follow","max-snippet":"max-snippet:-1","max-image-preview":"max-image-preview:large","max-video-preview":"max-video-preview:-1"},"canonical":"https:\/\/www.visit-ulcinj.com\/blog\/2016\/11\/09\/bardhi-dergon-telegram-ngushellimi-kryetarit-te-levizjes-vetevendosje-visar-ymerit\/","og_locale":"en_US","og_type":"article","og_title":"Bardhi i d\u00ebrgon telegram ngush\u00ebllimi kryetarit t\u00eb l\u00ebvizjes vet\u00ebvendosje! Visar Ymerit - Lajme nga Ulqini","og_description":"Me rastin e vdekjes s\u00eb aktivistit Astrit DEHARI, n\u00eb rrethana ende t\u00eb pazbardhura n\u00eb Qendr\u00ebn e Paraburgimit n\u00eb Prizren Ulqin, 7 n\u00ebntor 2016 &nbsp;","og_url":"https:\/\/www.visit-ulcinj.com\/blog\/2016\/11\/09\/bardhi-dergon-telegram-ngushellimi-kryetarit-te-levizjes-vetevendosje-visar-ymerit\/","og_site_name":"Lajme nga Ulqini","article_published_time":"2016-11-09T20:54:56+00:00","article_modified_time":"2016-11-09T20:57:39+00:00","og_image":[{"url":"http:\/\/www.visit-ulcinj.com\/blog\/wp-content\/uploads\/2011\/04\/Mehmet-Bardhi.jpg"}],"twitter_misc":{"Written by":"ulqini","Est. reading time":"2 minutes"},"schema":{"@context":"https:\/\/schema.org","@graph":[{"@type":"WebSite","@id":"https:\/\/www.visit-ulcinj.com\/blog\/#website","url":"https:\/\/www.visit-ulcinj.com\/blog\/","name":"Lajme nga Ulqini","description":"Lajme,Vijesti,Ulqini,Ulqin,Crna Gora,Mali i Zi","potentialAction":[{"@type":"SearchAction","target":{"@type":"EntryPoint","urlTemplate":"https:\/\/www.visit-ulcinj.com\/blog\/?s={search_term_string}"},"query-input":"required name=search_term_string"}],"inLanguage":"en-US"},{"@type":"ImageObject","inLanguage":"en-US","@id":"https:\/\/www.visit-ulcinj.com\/blog\/2016\/11\/09\/bardhi-dergon-telegram-ngushellimi-kryetarit-te-levizjes-vetevendosje-visar-ymerit\/#primaryimage","url":"https:\/\/www.visit-ulcinj.com\/blog\/wp-content\/uploads\/2011\/04\/Mehmet-Bardhi.jpg","contentUrl":"https:\/\/www.visit-ulcinj.com\/blog\/wp-content\/uploads\/2011\/04\/Mehmet-Bardhi.jpg","width":"1000","height":"650","caption":"Mehmet Bardhi (Foto: Arhiva Vijesti)"},{"@type":"WebPage","@id":"https:\/\/www.visit-ulcinj.com\/blog\/2016\/11\/09\/bardhi-dergon-telegram-ngushellimi-kryetarit-te-levizjes-vetevendosje-visar-ymerit\/#webpage","url":"https:\/\/www.visit-ulcinj.com\/blog\/2016\/11\/09\/bardhi-dergon-telegram-ngushellimi-kryetarit-te-levizjes-vetevendosje-visar-ymerit\/","name":"Bardhi i d\u00ebrgon telegram ngush\u00ebllimi kryetarit t\u00eb l\u00ebvizjes vet\u00ebvendosje! Visar Ymerit - Lajme nga Ulqini","isPartOf":{"@id":"https:\/\/www.visit-ulcinj.com\/blog\/#website"},"primaryImageOfPage":{"@id":"https:\/\/www.visit-ulcinj.com\/blog\/2016\/11\/09\/bardhi-dergon-telegram-ngushellimi-kryetarit-te-levizjes-vetevendosje-visar-ymerit\/#primaryimage"},"datePublished":"2016-11-09T20:54:56+00:00","dateModified":"2016-11-09T20:57:39+00:00","author":{"@id":"https:\/\/www.visit-ulcinj.com\/blog\/#\/schema\/person\/dcab619c614d3038751c63bc2aadc06d"},"description":"Me rastin e vdekjes s\u00eb aktivistit Astrit DEHARI, n\u00eb rrethana ende t\u00eb pazbardhura n\u00eb Qendr\u00ebn e Paraburgimit n\u00eb Prizren Ulqin, 7 n\u00ebntor 2016 &nbsp;","breadcrumb":{"@id":"https:\/\/www.visit-ulcinj.com\/blog\/2016\/11\/09\/bardhi-dergon-telegram-ngushellimi-kryetarit-te-levizjes-vetevendosje-visar-ymerit\/#breadcrumb"},"inLanguage":"en-US","potentialAction":[{"@type":"ReadAction","target":["https:\/\/www.visit-ulcinj.com\/blog\/2016\/11\/09\/bardhi-dergon-telegram-ngushellimi-kryetarit-te-levizjes-vetevendosje-visar-ymerit\/"]}]},{"@type":"BreadcrumbList","@id":"https:\/\/www.visit-ulcinj.com\/blog\/2016\/11\/09\/bardhi-dergon-telegram-ngushellimi-kryetarit-te-levizjes-vetevendosje-visar-ymerit\/#breadcrumb","itemListElement":[{"@type":"ListItem","position":1,"name":"Bardhi i d\u00ebrgon telegram ngush\u00ebllimi kryetarit t\u00eb l\u00ebvizjes vet\u00ebvendosje! Visar Ymerit"}]},{"@type":"Person","@id":"https:\/\/www.visit-ulcinj.com\/blog\/#\/schema\/person\/dcab619c614d3038751c63bc2aadc06d","name":"ulqini","sameAs":["http:\/\/www.visit-ulcinj.com"],"url":"https:\/\/www.visit-ulcinj.com\/blog\/author\/admin\/"}]}},"jetpack_featured_media_url":"","jetpack_sharing_enabled":true,"jetpack_shortlink":"https:\/\/wp.me\/pe6lTn-qgg","_links":{"self":[{"href":"https:\/\/www.visit-ulcinj.com\/blog\/wp-json\/wp\/v2\/posts\/100952"}],"collection":[{"href":"https:\/\/www.visit-ulcinj.com\/blog\/wp-json\/wp\/v2\/posts"}],"about":[{"href":"https:\/\/www.visit-ulcinj.com\/blog\/wp-json\/wp\/v2\/types\/post"}],"author":[{"embeddable":true,"href":"https:\/\/www.visit-ulcinj.com\/blog\/wp-json\/wp\/v2\/users\/1"}],"replies":[{"embeddable":true,"href":"https:\/\/www.visit-ulcinj.com\/blog\/wp-json\/wp\/v2\/comments?post=100952"}],"version-history":[{"count":3,"href":"https:\/\/www.visit-ulcinj.com\/blog\/wp-json\/wp\/v2\/posts\/100952\/revisions"}],"predecessor-version":[{"id":100955,"href":"https:\/\/www.visit-ulcinj.com\/blog\/wp-json\/wp\/v2\/posts\/100952\/revisions\/100955"}],"wp:attachment":[{"href":"https:\/\/www.visit-ulcinj.com\/blog\/wp-json\/wp\/v2\/media?parent=100952"}],"wp:term":[{"taxonomy":"category","embeddable":true,"href":"https:\/\/www.visit-ulcinj.com\/blog\/wp-json\/wp\/v2\/categories?post=100952"},{"taxonomy":"post_tag","embeddable":true,"href":"https:\/\/www.visit-ulcinj.com\/blog\/wp-json\/wp\/v2\/tags?post=100952"}],"curies":[{"name":"wp","href":"https:\/\/api.w.org\/{rel}","templated":true}]}}