{"id":100956,"date":"2016-11-10T12:27:18","date_gmt":"2016-11-10T11:27:18","guid":{"rendered":"http:\/\/www.visit-ulcinj.com\/blog\/?p=100956"},"modified":"2016-11-11T16:53:15","modified_gmt":"2016-11-11T15:53:15","slug":"halit-beci-portreti-85-vjecarit-ngjyra-te-nje-detari-nga-ulqini","status":"publish","type":"post","link":"https:\/\/www.visit-ulcinj.com\/blog\/2016\/11\/10\/halit-beci-portreti-85-vjecarit-ngjyra-te-nje-detari-nga-ulqini\/","title":{"rendered":"Halit Beci: Portreti i 85 vje\u00e7arit me ngjyra t\u00eb nj\u00eb detari nga Ulqini"},"content":{"rendered":"<p><a href=\"http:\/\/www.visit-ulcinj.com\/blog\/wp-content\/uploads\/2016\/11\/Halit-Beci-Ulqin-1.jpg\"><img loading=\"lazy\" class=\"alignleft wp-image-100957\" src=\"http:\/\/www.visit-ulcinj.com\/blog\/wp-content\/uploads\/2016\/11\/Halit-Beci-Ulqin-1.jpg\" alt=\"Halit Beci-Ulqin-1\" width=\"508\" height=\"459\" srcset=\"https:\/\/www.visit-ulcinj.com\/blog\/wp-content\/uploads\/2016\/11\/Halit-Beci-Ulqin-1.jpg 719w, https:\/\/www.visit-ulcinj.com\/blog\/wp-content\/uploads\/2016\/11\/Halit-Beci-Ulqin-1-300x271.jpg 300w\" sizes=\"(max-width: 508px) 100vw, 508px\" \/><\/a>Si ta p\u00ebrshkruash nj\u00eb njeri i cili m\u00eb se 50 vjet ka lundruar m\u00eb anije t\u00eb ndryshme nep\u00ebr det\u00eb nep\u00ebr bot\u00eb. Ta p\u00ebrshkruash nj\u00eb fizionomi markante, t\u00eb jasht\u00ebzakonshme, gjithmon\u00eb t\u00eb qeshur, t\u00eb but\u00eb dhe t\u00eb mir\u00eb, e t\u00eb mos gabosh \u00ebsht\u00eb v\u00ebshtir\u00eb. Halit BECI \u00ebsht\u00eb i moshuar, ka 85 vjet, por edhe sot, p\u00ebr \u00e7do dit\u00eb, del n\u00eb pazar, shkon n\u00eb xhami. Rri me shok\u00eb, shumica prej t\u00eb cil\u00ebve jan\u00eb m\u00eb t\u00eb rinj\u00eb se ai, pasi q\u00eb ato t\u00eb mosh\u00ebs s\u00eb tij, shumica jan\u00eb n\u00eb &#8220;Meteriz&#8221; ose n\u00eb &#8220;Pisnjesh&#8221;.<br \/>\nHaliti nuk ankohet kurr\u00eb, gjithmon\u00eb \u00ebsht\u00eb i disponuar. N\u00eb qendrimin e tij nuk mund t\u00eb v\u00ebrehen v\u00ebsht\u00ebrsit\u00eb e jet\u00ebs, brengat, nga lundrimet e gjata, sepse k\u00ebt\u00eb e ka kuptuar si nga jeta, si fat t\u00eb cilit nuk ka mundur ti iki. Deti ishte edhe \u00ebsht\u00eb jeta e tij, thot\u00eb ai dhe kurr\u00eb nuk \u00ebsht\u00eb i penduar, sepse p\u00ebrve\u00e7 v\u00ebsht\u00ebr\u00ebsive dhe &#8220;buk me gjak&#8221; si\u00e7 thon\u00eb detar\u00ebt ulqinak\u00eb, deti ka at\u00eb bukurin\u00eb magjike t\u00eb jasht\u00ebzakonshme e cila t\u00eb t\u00ebrheq dhe t\u00eb cil\u00ebn e v\u00ebrejn\u00eb vet\u00ebm ata t\u00eb cil\u00ebt e njohin detin, ata q\u00eb e duan detin, e respektojn\u00eb dhe shpesh her\u00eb i frik\u00ebsohen fuqis\u00eb s\u00eb tij.<br \/>\nHaliti ende ec\u00ebn pa shkop. Ka nj\u00eb t\u00eb ecur karakteristik, t\u00eb cil\u00ebt e kan\u00eb t\u00eb gjith\u00eb ato t\u00eb cil\u00ebt kan\u00eb &#8220;naviguar&#8221;, t\u00eb them\u00eb m\u00eb mir\u00eb kan\u00eb lundruar me anije.<br \/>\nKa filluar si i ri n\u00eb &#8220;Zetska plovidba&#8221; nga Kotori, ku edhe \u00ebsht\u00eb takuar edhe me baban tim Kapedan Hasan KARAMANAG\u00cbN. Gjithmon\u00eb e ka quajtur &#8220;Daja Cani&#8221;. Flet\u00eb me nj\u00eb respekt t\u00eb madh p\u00ebr te. &#8220;&#8221;Daja Cani&#8221; ka qen\u00eb detar dhe kapedan m\u00eb fam\u00eb, pun\u00ebtor i madh dhe detar i aft. Prej tij kam m\u00ebsuar shum\u00eb. M\u00eb ka mbetur n\u00eb kujtes\u00eb si njeri i cili e ka njohur detin, jasht\u00ebzakonisht mir\u00eb. Prej tij kam m\u00ebsuar se detin duhet ta duash, ta respektosh fuqin\u00eb e tij, sepse ndryshe nuk mund t\u00eb b\u00ebhesh detar i mir\u00eb&#8221;. N\u00eb ato koh\u00ebra ai ishte kapadani i &#8220;Javorak&#8221; nj\u00eb bark\u00ebs m\u00eb t\u00eb bukur t\u00eb asaj nd\u00ebrmarjeje.<br \/>\nM\u00eb von\u00eb Haliti &#8220;barkohet&#8221; n\u00eb &#8220;Jugooceanije&#8221; t\u00eb Kotorit dhe shum\u00eb vite lundrom me anije oqeanike t\u00eb m\u00ebda. Shpeshher\u00eb Haliti ka qen\u00eb &#8220;Noshtromo&#8221;, i pari i ekipazhit n\u00eb shum\u00eb anije. Haliti edhe tash i moshuar ka qejf t\u00eb bisedoj\u00eb dhe shpeshher\u00eb i tregon ndodhit\u00eb nga deti dhe nga jeta. \u00cbsht\u00eb nj\u00eb bashk\u00ebbiseduas i mir\u00eb, flet m\u00eb z\u00eb t\u00eb leht\u00eb, dhe mua m\u00eb duket, se kurr\u00eb nuk di ta ngris\u00eb z\u00ebrin.<\/p>\n<p>Nuk \u00ebsht\u00eb p\u00ebr t\u00eb \u00e7uditur pse Haliti ka qen\u00eb kaq\u00eb detar i mir\u00eb. Shum\u00eb qytetar\u00eb ton\u00eb kan\u00eb degjuar dhe kan\u00eb njohuri p\u00ebr familjen e famshme detare BECI. Prandaj, edhe Haliti, detin, barkat dhe lundrimin e ka pasur dhe e ka n\u00eb gjak nga t\u00eb par\u00ebt e tij si trash\u00ebgimi, pasi q\u00eb &#8220;gjaku nuk \u00ebsht\u00eb uj\u00eb&#8221; thot\u00eb populli yn\u00eb. Edhe un\u00eb, p\u00ebr lexuasit e fcb. tim d\u00ebshiroj ti p\u00ebrmendi disa detar dhe kapedana t\u00eb njohur nga kjo familje. Familja BECI ka pasur nj\u00eb flot\u00eb prej disa anijesh t\u00eb ndryshme, duke filluar nga ato p\u00ebr tregti e deri te ato t\u00eb cilat edhe kan\u00eb sh\u00ebrbyer p\u00ebr mbrojtjen e Ulqinit. Disa nga k\u00ebto anije jan\u00eb edhe t\u00eb fundosura, por disa anije edhe kan\u00eb mbetur dhe kan\u00eb vazhduar t\u00eb lundrojn\u00eb n\u00eb brigjet e Ship\u00ebris\u00eb. M\u00eb e njohura ishte nj\u00ebra nd\u00ebr barkat m\u00eb t\u00eb famshme n\u00eb uj\u00ebrat e Mediteranit dhe Adriatikut &#8220;URSHAJA E DETIT&#8221; n\u00ebn komanden e kapedan Ismail BECIT.<br \/>\nMir\u00ebpo, nga kjo familje gjithashtu ishin edhe Beqir BECI I. si edhe Sulejman BECI, Beqir BECI II dhe Ibrahim BECI. Shum\u00eb nga k\u00ebto kapedana kan\u00eb lundruar n\u00ebn flamuri e Mbret\u00ebris\u00eb Otomane. Prandaj, edhe HALIT BECI, Rexhep BECI dhe disa t\u00eb tjer\u00eb m\u00eb von\u00eb e vazhduan k\u00ebt\u00eb tradit\u00eb detare. Nuk jam n\u00eb dijeni a ka sot, n\u00eb k\u00ebt\u00eb koh\u00ebn moderne, m\u00eb ndonj\u00eb nga kjo famile e vjet\u00ebr detare Ulqinake, i cili lundron, &#8220;navigon&#8221;.<br \/>\nN\u00eb fund ta them\u00eb edhe nj\u00eb fjali. \u00cbsht\u00eb mir\u00eb t\u00eb p\u00ebrmenden personalitetet si\u00e7 \u00ebsht\u00eb, nd\u00ebr shum\u00eb t\u00eb tjer\u00eb edhe HALIT BECI, nj\u00eb detar me nam. \u00cbsht\u00eb mir\u00eb q\u00eb ai dhe nj\u00eb plejad\u00eb e madhe detar\u00ebsh t\u00eb dalin n\u00eb shesh dhe nga harresa. N\u00eb k\u00ebt\u00eb m\u00ebnyre i dalim borxhit duke p\u00ebrkujtuar k\u00ebshtu vepr\u00ebn dhe trash\u00ebgimin\u00eb ton\u00eb t\u00eb lavdishme detare<br \/>\nUn\u00eb, n\u00eb librin tim &#8220;Kalaja, legjend\u00eb dhe art&#8221;, por edhe m\u00eb von\u00eb n\u00eb librin &#8220;Ulqini, monumente, portrete, ngjarje&#8221; si edhe n\u00eb revista t\u00eb ndryshme, kam shkruar p\u00ebr disa figura t\u00eb cilat kan\u00eb l\u00ebn\u00eb gjurm\u00eb n\u00eb trash\u00ebgimin\u00eb ton\u00eb, n\u00eb kultur\u00ebn ton\u00eb dhe n\u00eb jet\u00ebn ton\u00eb.<br \/>\nMendoj se edhe HALIT BECI gjendet n\u00eb mesin e tyre dhe prandaj, k\u00ebta padyshim meritojn\u00eb t\u00eb sh\u00ebnohen dhe mos t\u00eb harroher kurr\u00eb. Halitit BECIT i d\u00ebshiroj nj\u00eb jet\u00eb t\u00eb bukur, t\u00eb qet\u00eb dhe t\u00eb gjat\u00eb.<\/p>\n<p id=\"js_1i6\" class=\"_5pbw _5vra\" data-ft=\"{&quot;tn&quot;:&quot;C&quot;}\"><strong><span class=\"fwn fcg\"><span class=\"fwb fcg\" data-ft=\"{&quot;tn&quot;:&quot;;&quot;}\"><a id=\"js_1xh\" href=\"https:\/\/www.facebook.com\/ismet.karamanaga?hc_ref=NEWSFEED&amp;fref=nf\" data-hovercard=\"\/ajax\/hovercard\/user.php?id=1359492972&amp;extragetparams=%7B%22hc_ref%22%3A%22NEWSFEED%22%2C%22fref%22%3A%22nf%22%7D\">Ismet Karamanaga Facebook<\/a><\/span><\/span><\/strong><\/p>\n<p class=\"_5pbw _5vra\" data-ft=\"{&quot;tn&quot;:&quot;C&quot;}\"><a href=\"http:\/\/www.visit-ulcinj.com\/blog\/wp-content\/uploads\/2016\/11\/Halit-Beci-Ulqin.jpg\"><img loading=\"lazy\" class=\"alignleft wp-image-100958\" src=\"http:\/\/www.visit-ulcinj.com\/blog\/wp-content\/uploads\/2016\/11\/Halit-Beci-Ulqin.jpg\" alt=\"Halit Beci-Ulqin\" width=\"508\" height=\"677\" srcset=\"https:\/\/www.visit-ulcinj.com\/blog\/wp-content\/uploads\/2016\/11\/Halit-Beci-Ulqin.jpg 720w, https:\/\/www.visit-ulcinj.com\/blog\/wp-content\/uploads\/2016\/11\/Halit-Beci-Ulqin-225x300.jpg 225w\" sizes=\"(max-width: 508px) 100vw, 508px\" \/><\/a><\/p>\n","protected":false},"excerpt":{"rendered":"<p>Si ta p\u00ebrshkruash nj\u00eb njeri i cili m\u00eb se 50 vjet ka lundruar m\u00eb anije t\u00eb ndryshme nep\u00ebr det\u00eb nep\u00ebr bot\u00eb. Ta p\u00ebrshkruash nj\u00eb fizionomi markante, t\u00eb jasht\u00ebzakonshme, gjithmon\u00eb t\u00eb qeshur, t\u00eb but\u00eb dhe t\u00eb mir\u00eb, e t\u00eb mos gabosh \u00ebsht\u00eb v\u00ebshtir\u00eb. Halit BECI \u00ebsht\u00eb i moshuar, ka 85 vjet, por edhe sot, p\u00ebr \u00e7do [&hellip;]<\/p>\n","protected":false},"author":1,"featured_media":0,"comment_status":"closed","ping_status":"closed","sticky":false,"template":"","format":"standard","meta":{"spay_email":"","jetpack_publicize_message":"","jetpack_is_tweetstorm":false,"jetpack_publicize_feature_enabled":true},"categories":[1,13],"tags":[],"jetpack_publicize_connections":[],"yoast_head":"<!-- This site is optimized with the Yoast SEO plugin v19.1 - https:\/\/yoast.com\/wordpress\/plugins\/seo\/ -->\n<title>Halit Beci: Portreti i 85 vje\u00e7arit me ngjyra t\u00eb nj\u00eb detari nga Ulqini - Lajme nga Ulqini<\/title>\n<meta name=\"description\" content=\"Si ta p\u00ebrshkruash nj\u00eb njeri i cili m\u00eb se 50 vjet ka lundruar m\u00eb anije t\u00eb ndryshme nep\u00ebr det\u00eb nep\u00ebr bot\u00eb. Ta p\u00ebrshkruash nj\u00eb fizionomi markante, t\u00eb\" \/>\n<meta name=\"robots\" content=\"index, follow, max-snippet:-1, max-image-preview:large, max-video-preview:-1\" \/>\n<link rel=\"canonical\" href=\"https:\/\/www.visit-ulcinj.com\/blog\/2016\/11\/10\/halit-beci-portreti-85-vjecarit-ngjyra-te-nje-detari-nga-ulqini\/\" \/>\n<meta property=\"og:locale\" content=\"en_US\" \/>\n<meta property=\"og:type\" content=\"article\" \/>\n<meta property=\"og:title\" content=\"Halit Beci: Portreti i 85 vje\u00e7arit me ngjyra t\u00eb nj\u00eb detari nga Ulqini - Lajme nga Ulqini\" \/>\n<meta property=\"og:description\" content=\"Si ta p\u00ebrshkruash nj\u00eb njeri i cili m\u00eb se 50 vjet ka lundruar m\u00eb anije t\u00eb ndryshme nep\u00ebr det\u00eb nep\u00ebr bot\u00eb. Ta p\u00ebrshkruash nj\u00eb fizionomi markante, t\u00eb\" \/>\n<meta property=\"og:url\" content=\"https:\/\/www.visit-ulcinj.com\/blog\/2016\/11\/10\/halit-beci-portreti-85-vjecarit-ngjyra-te-nje-detari-nga-ulqini\/\" \/>\n<meta property=\"og:site_name\" content=\"Lajme nga Ulqini\" \/>\n<meta property=\"article:published_time\" content=\"2016-11-10T11:27:18+00:00\" \/>\n<meta property=\"article:modified_time\" content=\"2016-11-11T15:53:15+00:00\" \/>\n<meta property=\"og:image\" content=\"http:\/\/www.visit-ulcinj.com\/blog\/wp-content\/uploads\/2016\/11\/Halit-Beci-Ulqin-1.jpg\" \/>\n<meta name=\"twitter:label1\" content=\"Written by\" \/>\n\t<meta name=\"twitter:data1\" content=\"ulqini\" \/>\n\t<meta name=\"twitter:label2\" content=\"Est. reading time\" \/>\n\t<meta name=\"twitter:data2\" content=\"4 minutes\" \/>\n<script type=\"application\/ld+json\" class=\"yoast-schema-graph\">{\"@context\":\"https:\/\/schema.org\",\"@graph\":[{\"@type\":\"WebSite\",\"@id\":\"https:\/\/www.visit-ulcinj.com\/blog\/#website\",\"url\":\"https:\/\/www.visit-ulcinj.com\/blog\/\",\"name\":\"Lajme nga Ulqini\",\"description\":\"Lajme,Vijesti,Ulqini,Ulqin,Crna Gora,Mali i Zi\",\"potentialAction\":[{\"@type\":\"SearchAction\",\"target\":{\"@type\":\"EntryPoint\",\"urlTemplate\":\"https:\/\/www.visit-ulcinj.com\/blog\/?s={search_term_string}\"},\"query-input\":\"required name=search_term_string\"}],\"inLanguage\":\"en-US\"},{\"@type\":\"ImageObject\",\"inLanguage\":\"en-US\",\"@id\":\"https:\/\/www.visit-ulcinj.com\/blog\/2016\/11\/10\/halit-beci-portreti-85-vjecarit-ngjyra-te-nje-detari-nga-ulqini\/#primaryimage\",\"url\":\"https:\/\/www.visit-ulcinj.com\/blog\/wp-content\/uploads\/2016\/11\/Halit-Beci-Ulqin-1.jpg\",\"contentUrl\":\"https:\/\/www.visit-ulcinj.com\/blog\/wp-content\/uploads\/2016\/11\/Halit-Beci-Ulqin-1.jpg\",\"width\":719,\"height\":650},{\"@type\":\"WebPage\",\"@id\":\"https:\/\/www.visit-ulcinj.com\/blog\/2016\/11\/10\/halit-beci-portreti-85-vjecarit-ngjyra-te-nje-detari-nga-ulqini\/#webpage\",\"url\":\"https:\/\/www.visit-ulcinj.com\/blog\/2016\/11\/10\/halit-beci-portreti-85-vjecarit-ngjyra-te-nje-detari-nga-ulqini\/\",\"name\":\"Halit Beci: Portreti i 85 vje\u00e7arit me ngjyra t\u00eb nj\u00eb detari nga Ulqini - Lajme nga Ulqini\",\"isPartOf\":{\"@id\":\"https:\/\/www.visit-ulcinj.com\/blog\/#website\"},\"primaryImageOfPage\":{\"@id\":\"https:\/\/www.visit-ulcinj.com\/blog\/2016\/11\/10\/halit-beci-portreti-85-vjecarit-ngjyra-te-nje-detari-nga-ulqini\/#primaryimage\"},\"datePublished\":\"2016-11-10T11:27:18+00:00\",\"dateModified\":\"2016-11-11T15:53:15+00:00\",\"author\":{\"@id\":\"https:\/\/www.visit-ulcinj.com\/blog\/#\/schema\/person\/dcab619c614d3038751c63bc2aadc06d\"},\"description\":\"Si ta p\u00ebrshkruash nj\u00eb njeri i cili m\u00eb se 50 vjet ka lundruar m\u00eb anije t\u00eb ndryshme nep\u00ebr det\u00eb nep\u00ebr bot\u00eb. Ta p\u00ebrshkruash nj\u00eb fizionomi markante, t\u00eb\",\"breadcrumb\":{\"@id\":\"https:\/\/www.visit-ulcinj.com\/blog\/2016\/11\/10\/halit-beci-portreti-85-vjecarit-ngjyra-te-nje-detari-nga-ulqini\/#breadcrumb\"},\"inLanguage\":\"en-US\",\"potentialAction\":[{\"@type\":\"ReadAction\",\"target\":[\"https:\/\/www.visit-ulcinj.com\/blog\/2016\/11\/10\/halit-beci-portreti-85-vjecarit-ngjyra-te-nje-detari-nga-ulqini\/\"]}]},{\"@type\":\"BreadcrumbList\",\"@id\":\"https:\/\/www.visit-ulcinj.com\/blog\/2016\/11\/10\/halit-beci-portreti-85-vjecarit-ngjyra-te-nje-detari-nga-ulqini\/#breadcrumb\",\"itemListElement\":[{\"@type\":\"ListItem\",\"position\":1,\"name\":\"Halit Beci: Portreti i 85 vje\u00e7arit me ngjyra t\u00eb nj\u00eb detari nga Ulqini\"}]},{\"@type\":\"Person\",\"@id\":\"https:\/\/www.visit-ulcinj.com\/blog\/#\/schema\/person\/dcab619c614d3038751c63bc2aadc06d\",\"name\":\"ulqini\",\"sameAs\":[\"http:\/\/www.visit-ulcinj.com\"],\"url\":\"https:\/\/www.visit-ulcinj.com\/blog\/author\/admin\/\"}]}<\/script>\n<!-- \/ Yoast SEO plugin. -->","yoast_head_json":{"title":"Halit Beci: Portreti i 85 vje\u00e7arit me ngjyra t\u00eb nj\u00eb detari nga Ulqini - Lajme nga Ulqini","description":"Si ta p\u00ebrshkruash nj\u00eb njeri i cili m\u00eb se 50 vjet ka lundruar m\u00eb anije t\u00eb ndryshme nep\u00ebr det\u00eb nep\u00ebr bot\u00eb. Ta p\u00ebrshkruash nj\u00eb fizionomi markante, t\u00eb","robots":{"index":"index","follow":"follow","max-snippet":"max-snippet:-1","max-image-preview":"max-image-preview:large","max-video-preview":"max-video-preview:-1"},"canonical":"https:\/\/www.visit-ulcinj.com\/blog\/2016\/11\/10\/halit-beci-portreti-85-vjecarit-ngjyra-te-nje-detari-nga-ulqini\/","og_locale":"en_US","og_type":"article","og_title":"Halit Beci: Portreti i 85 vje\u00e7arit me ngjyra t\u00eb nj\u00eb detari nga Ulqini - Lajme nga Ulqini","og_description":"Si ta p\u00ebrshkruash nj\u00eb njeri i cili m\u00eb se 50 vjet ka lundruar m\u00eb anije t\u00eb ndryshme nep\u00ebr det\u00eb nep\u00ebr bot\u00eb. Ta p\u00ebrshkruash nj\u00eb fizionomi markante, t\u00eb","og_url":"https:\/\/www.visit-ulcinj.com\/blog\/2016\/11\/10\/halit-beci-portreti-85-vjecarit-ngjyra-te-nje-detari-nga-ulqini\/","og_site_name":"Lajme nga Ulqini","article_published_time":"2016-11-10T11:27:18+00:00","article_modified_time":"2016-11-11T15:53:15+00:00","og_image":[{"url":"http:\/\/www.visit-ulcinj.com\/blog\/wp-content\/uploads\/2016\/11\/Halit-Beci-Ulqin-1.jpg"}],"twitter_misc":{"Written by":"ulqini","Est. reading time":"4 minutes"},"schema":{"@context":"https:\/\/schema.org","@graph":[{"@type":"WebSite","@id":"https:\/\/www.visit-ulcinj.com\/blog\/#website","url":"https:\/\/www.visit-ulcinj.com\/blog\/","name":"Lajme nga Ulqini","description":"Lajme,Vijesti,Ulqini,Ulqin,Crna Gora,Mali i Zi","potentialAction":[{"@type":"SearchAction","target":{"@type":"EntryPoint","urlTemplate":"https:\/\/www.visit-ulcinj.com\/blog\/?s={search_term_string}"},"query-input":"required name=search_term_string"}],"inLanguage":"en-US"},{"@type":"ImageObject","inLanguage":"en-US","@id":"https:\/\/www.visit-ulcinj.com\/blog\/2016\/11\/10\/halit-beci-portreti-85-vjecarit-ngjyra-te-nje-detari-nga-ulqini\/#primaryimage","url":"https:\/\/www.visit-ulcinj.com\/blog\/wp-content\/uploads\/2016\/11\/Halit-Beci-Ulqin-1.jpg","contentUrl":"https:\/\/www.visit-ulcinj.com\/blog\/wp-content\/uploads\/2016\/11\/Halit-Beci-Ulqin-1.jpg","width":719,"height":650},{"@type":"WebPage","@id":"https:\/\/www.visit-ulcinj.com\/blog\/2016\/11\/10\/halit-beci-portreti-85-vjecarit-ngjyra-te-nje-detari-nga-ulqini\/#webpage","url":"https:\/\/www.visit-ulcinj.com\/blog\/2016\/11\/10\/halit-beci-portreti-85-vjecarit-ngjyra-te-nje-detari-nga-ulqini\/","name":"Halit Beci: Portreti i 85 vje\u00e7arit me ngjyra t\u00eb nj\u00eb detari nga Ulqini - Lajme nga Ulqini","isPartOf":{"@id":"https:\/\/www.visit-ulcinj.com\/blog\/#website"},"primaryImageOfPage":{"@id":"https:\/\/www.visit-ulcinj.com\/blog\/2016\/11\/10\/halit-beci-portreti-85-vjecarit-ngjyra-te-nje-detari-nga-ulqini\/#primaryimage"},"datePublished":"2016-11-10T11:27:18+00:00","dateModified":"2016-11-11T15:53:15+00:00","author":{"@id":"https:\/\/www.visit-ulcinj.com\/blog\/#\/schema\/person\/dcab619c614d3038751c63bc2aadc06d"},"description":"Si ta p\u00ebrshkruash nj\u00eb njeri i cili m\u00eb se 50 vjet ka lundruar m\u00eb anije t\u00eb ndryshme nep\u00ebr det\u00eb nep\u00ebr bot\u00eb. Ta p\u00ebrshkruash nj\u00eb fizionomi markante, t\u00eb","breadcrumb":{"@id":"https:\/\/www.visit-ulcinj.com\/blog\/2016\/11\/10\/halit-beci-portreti-85-vjecarit-ngjyra-te-nje-detari-nga-ulqini\/#breadcrumb"},"inLanguage":"en-US","potentialAction":[{"@type":"ReadAction","target":["https:\/\/www.visit-ulcinj.com\/blog\/2016\/11\/10\/halit-beci-portreti-85-vjecarit-ngjyra-te-nje-detari-nga-ulqini\/"]}]},{"@type":"BreadcrumbList","@id":"https:\/\/www.visit-ulcinj.com\/blog\/2016\/11\/10\/halit-beci-portreti-85-vjecarit-ngjyra-te-nje-detari-nga-ulqini\/#breadcrumb","itemListElement":[{"@type":"ListItem","position":1,"name":"Halit Beci: Portreti i 85 vje\u00e7arit me ngjyra t\u00eb nj\u00eb detari nga Ulqini"}]},{"@type":"Person","@id":"https:\/\/www.visit-ulcinj.com\/blog\/#\/schema\/person\/dcab619c614d3038751c63bc2aadc06d","name":"ulqini","sameAs":["http:\/\/www.visit-ulcinj.com"],"url":"https:\/\/www.visit-ulcinj.com\/blog\/author\/admin\/"}]}},"jetpack_featured_media_url":"","jetpack_sharing_enabled":true,"jetpack_shortlink":"https:\/\/wp.me\/pe6lTn-qgk","_links":{"self":[{"href":"https:\/\/www.visit-ulcinj.com\/blog\/wp-json\/wp\/v2\/posts\/100956"}],"collection":[{"href":"https:\/\/www.visit-ulcinj.com\/blog\/wp-json\/wp\/v2\/posts"}],"about":[{"href":"https:\/\/www.visit-ulcinj.com\/blog\/wp-json\/wp\/v2\/types\/post"}],"author":[{"embeddable":true,"href":"https:\/\/www.visit-ulcinj.com\/blog\/wp-json\/wp\/v2\/users\/1"}],"replies":[{"embeddable":true,"href":"https:\/\/www.visit-ulcinj.com\/blog\/wp-json\/wp\/v2\/comments?post=100956"}],"version-history":[{"count":1,"href":"https:\/\/www.visit-ulcinj.com\/blog\/wp-json\/wp\/v2\/posts\/100956\/revisions"}],"predecessor-version":[{"id":100959,"href":"https:\/\/www.visit-ulcinj.com\/blog\/wp-json\/wp\/v2\/posts\/100956\/revisions\/100959"}],"wp:attachment":[{"href":"https:\/\/www.visit-ulcinj.com\/blog\/wp-json\/wp\/v2\/media?parent=100956"}],"wp:term":[{"taxonomy":"category","embeddable":true,"href":"https:\/\/www.visit-ulcinj.com\/blog\/wp-json\/wp\/v2\/categories?post=100956"},{"taxonomy":"post_tag","embeddable":true,"href":"https:\/\/www.visit-ulcinj.com\/blog\/wp-json\/wp\/v2\/tags?post=100956"}],"curies":[{"name":"wp","href":"https:\/\/api.w.org\/{rel}","templated":true}]}}