{"id":100962,"date":"2016-11-10T19:16:49","date_gmt":"2016-11-10T18:16:49","guid":{"rendered":"http:\/\/www.visit-ulcinj.com\/blog\/?p=100962"},"modified":"2016-11-10T19:16:49","modified_gmt":"2016-11-10T18:16:49","slug":"nika-politika-e-shqiptareve-ne-ulqin-ashtu-si-ajo-e-viteve-te-20-ta-perseri-filloi-apsurdin-e-vet","status":"publish","type":"post","link":"https:\/\/www.visit-ulcinj.com\/blog\/2016\/11\/10\/nika-politika-e-shqiptareve-ne-ulqin-ashtu-si-ajo-e-viteve-te-20-ta-perseri-filloi-apsurdin-e-vet\/","title":{"rendered":"Nika: Politika e shqiptar\u00ebve n\u00eb Ulqin: Ashtu si ajo e viteve t\u00eb 20-ta, p\u00ebrs\u00ebri  filloi apsurdin e vet&#8230;?!"},"content":{"rendered":"<p><strong><a href=\"http:\/\/www.visit-ulcinj.com\/blog\/wp-content\/uploads\/2016\/11\/dom-kultiure-ulcinj.jpg\"><img loading=\"lazy\" class=\"alignleft wp-image-100964\" src=\"http:\/\/www.visit-ulcinj.com\/blog\/wp-content\/uploads\/2016\/11\/dom-kultiure-ulcinj.jpg\" alt=\"dom kultiure ulcinj\" width=\"508\" height=\"381\" srcset=\"https:\/\/www.visit-ulcinj.com\/blog\/wp-content\/uploads\/2016\/11\/dom-kultiure-ulcinj.jpg 960w, https:\/\/www.visit-ulcinj.com\/blog\/wp-content\/uploads\/2016\/11\/dom-kultiure-ulcinj-300x225.jpg 300w, https:\/\/www.visit-ulcinj.com\/blog\/wp-content\/uploads\/2016\/11\/dom-kultiure-ulcinj-768x576.jpg 768w\" sizes=\"(max-width: 508px) 100vw, 508px\" \/><\/a>Foto Bruno<\/strong><\/p>\n<p><strong>Muhamet Nika<\/strong><\/p>\n<p>Me siguri\u00a0 keni d\u00ebgjuar q\u00eb rreth viteve 20 , shqiptar\u00ebt n\u00eb Shqip\u00ebri, pat\u00ebn filluar absurdin e politik\u00ebs s\u00eb vet , kur \u00a0\u00a0nj\u00eb pjes\u00eb e prij\u00ebsve t\u00eb jugut \u00a0, deklaronin \u00a0haptas , se p\u00ebr ta, \u00a0ish m\u00eb mir\u00eb t\u00eb shkonin me Greqi, kurse n\u00eb veri t\u00eb saj , Mirdta \u00a0ve\u00e7 ishte shpallur republik\u00eb me Gjon marka Gjonin\u00a0 i cili \u00a0mendonte se p\u00ebr te ish m\u00eb mir\u00eb t\u00eb shkonin me Serbi(mbret\u00ebrin\u00eb Serbo- Kroate- Sllovene)?!!<\/p>\n<p>Kjo koh\u00eb ishte\u00a0 e asaj kur \u00a0edhe shteti i Malit t\u00eb Zi- Banovina e Zet\u00ebs , q\u00eb shtrihej deri n\u00eb Gjakov\u00eb , n\u00ebn ndikimin e Kuvendit\u00a0 Kushtetues t\u00eb vitit 1920 e gozhdoi p\u00ebrfundimisht Malin e Zi n\u00eb Mbret\u00ebrin\u00eb \u00a0Serbo Kroate Sllovene. Votat n\u00eb kuvend , p\u00ebr shpalljen e\u00a0 saj edhe at\u00ebher\u00eb u blen\u00eb&#8230;?!<\/p>\n<p>Nj\u00eb shtet q\u00eb u formua \u00a0kryesisht sipas planit anglez \u2013 me primat serb,\u00a0 \u00a0p\u00ebr t\u00eb penguar daljen\u00a0 ruse n\u00eb Adriatik pasi \u00a0Turqia \u00a0kish \u00a0kapitulluar \u00a0si forc\u00eb n\u00eb Rajon..<\/p>\n<p>Fal\u00eb politik\u00ebs s\u00eb k\u00ebsaj perandorie , popullsia myslimane \u2013 pati zhdukje mbytje dhe vdekshm\u00ebri t\u00eb hatashme dhe nga\u00a0 popullsia shumic\u00eb n\u00eb rajon\u00a0 e perandoris\u00eb turke -shum\u00eb shpejt ajo\u00a0 u b\u00eb pakic\u00eb&#8230;?!<\/p>\n<p>N\u00eb vitin 1929 me diktatur\u00eb , mbreti \u00a0hoqi kushtetut\u00ebn dhe shp\u00ebrndau parlamentin. \u00c7\u00ebshtjen e kontestuar nacionale \u00a0ai u p\u00ebrpoq ta zgjidhte duke\u00a0 mohuar t\u00ebr\u00ebsisht ekzistenc\u00ebn e saj me shpalljen e shtetit t\u00eb ri \u2013 Mbret\u00ebris\u00eb Jugosllave, ku \u00a0tashti m\u00eb sipas tij ekzistonte \u00a0vet\u00ebm nj\u00eb popull &#8211; ai jugosllav\u00eb. Nga e gjith\u00eb kjo , m\u00eb s\u00eb shumti e p\u00ebsuan\u00a0 vet\u00eb \u00a0shqiptar\u00ebt \u2013 mysliman\u00ebt. Gjurm\u00ebt e k\u00ebsaj torture po vuajm\u00eb edhe sot. Mjerisht disa q\u00eb e pat\u00ebn mir\u00eb nga ajo koh\u00eb edhe sot\u00a0 mburren se\u00a0 jan\u00eb jugosllav\u00eb edhe pse shqiptar\u00eb.<\/p>\n<p>Andaj vet\u00ebm n\u00eb k\u00ebt\u00eb k\u00ebnd,\u00a0 un\u00eb\u00a0 arrij t\u00eb\u00a0 kuptoj se si nj\u00eb shqiptar\u00eb \u00a0q\u00eb po thot\u00eb se \u00ebsht\u00eb &#8211; Abazoviqi, pranon si deputet i vet\u00ebm t\u00eb flas\u00eb n\u00eb em\u00ebr t\u00eb opozit\u00ebs serbo malazeze , me presidentin Fujanoviq rreth formimit t\u00eb qeveris\u00eb s\u00eb re. \u00a0Kuptohet edhe pa nj\u00eb koordinim me dik\u00eb tjet\u00ebr n\u00eb planin mikro apo makro shqiptar&#8230;?!<\/p>\n<p>Pa t\u00eb keqen e tyre , por inshalla syt\u00eb e mij\u00eb nuk shohin , ashtu si nuk pan\u00eb njer\u00ebz t\u00eb k\u00ebtill\u00eb t\u00eb brezit tim deri me sot , me k\u00ebso ambicie &#8230;.?!<\/p>\n<p><a href=\"http:\/\/www.visit-ulcinj.com\/blog\/wp-content\/uploads\/2016\/11\/Zeta-Banovina-Mali-Zi.jpg\"><img loading=\"lazy\" class=\"alignleft wp-image-100963\" src=\"http:\/\/www.visit-ulcinj.com\/blog\/wp-content\/uploads\/2016\/11\/Zeta-Banovina-Mali-Zi.jpg\" alt=\"Zeta-Banovina-Mali-Zi\" width=\"508\" height=\"381\" srcset=\"https:\/\/www.visit-ulcinj.com\/blog\/wp-content\/uploads\/2016\/11\/Zeta-Banovina-Mali-Zi.jpg 520w, https:\/\/www.visit-ulcinj.com\/blog\/wp-content\/uploads\/2016\/11\/Zeta-Banovina-Mali-Zi-300x225.jpg 300w\" sizes=\"(max-width: 508px) 100vw, 508px\" \/><\/a><\/p>\n<p><strong><em>Shteti i Malit t\u00eb Zi ( Banovina e Zet\u00ebs)&#8230;?!<\/em><\/strong><\/p>\n<p><strong><em>Po t\u00eb\u00a0 kishte \u00a0jetuar Abazoviq \u00a0koh\u00ebn e Banovin\u00ebs edhe do kish kuptim t\u00eb shkonte te \u201c mbreti Aleksand\u00ebr ose Nikoll\u00eb&#8230;\u201d, sepse gjysma e popullsis\u00eb s\u00eb saj , ishin shqiptar\u00eb,\u00a0 pa marr\u00eb parasysh q\u00eb t\u00eb drejtat komb\u00ebtare\u00a0 i\u00a0 kishin n\u00ebn nivelin zero..?!! Kurse tashti , e dim\u00eb q\u00eb nuk b\u00ebnte t\u00eb shkonte, \u00a0por m\u00eb mir\u00eb nuk po e themi, sepse besoj q\u00eb kuptohemi&#8230;?! <\/em><\/strong><\/p>\n<p>&nbsp;<\/p>\n<p>Shteti \u00a0i cekur n\u00eb esenc\u00eb ishte anti \u00a0shqiptar(islamik..), q\u00eb buronte nga \u201c Kushtetuta e Vidovdanit\u201d\u00a0 p\u00ebr nder t\u00eb mitit t\u00eb importuar \u201cme marifet\u201d nga kisha ekstreme ruse sepse p\u00ebr\u00a0 mit serb (shenjtoren Vid\u00eb), popat serb\u00eb as q\u00eb \u00a0kishin\u00a0 d\u00ebgjuar duke qen\u00eb pa njohuri..?!!<\/p>\n<p>Por q\u00eb n\u00eb em\u00ebr t\u00eb k\u00ebtij miti( luft\u00ebrave serbo shqiptare) n\u00eb Kosov\u00eb , n\u00eb vitin 1911 \u2013 fillimisht\u00a0 Sulltan Reshiti turk , pasi arriti me tren deri n\u00eb Shkup\u00a0 ai tuboi n\u00eb Kosov\u00eb 250 mij\u00eb shqiptar\u00eb , p\u00ebr t\u00eb fal\u00eb \u201c xhuman\u00eb lamtumir\u00ebs..\u201d me shpres\u00ebn se do kthehej p\u00ebrs\u00ebri&#8230;?!<\/p>\n<p>Gjithashtu shohim se si \u00a0m\u00eb von\u00eb si kund\u00ebr p\u00ebrgjigje . kisha serbe\u00a0 me Sllobodan Milloshevqin\u00a0 , mu n\u00eb k\u00ebt\u00eb vend mblodhi 1 milion\u00eb serb\u00eb p\u00ebr t\u00eb shpallur luft\u00ebn e shenjt\u00eb, n\u00ebn moton :Le t\u00eb\u00a0 jet\u00eb Stambolli serb n\u00eb vitin 1989<\/p>\n<p><strong><em>Po ku ishin shqiptar\u00ebt e Ulqinit n\u00eb k\u00ebt\u00eb koh\u00eb at\u00ebher\u00eb dhe sot?!<\/em><\/strong><\/p>\n<p>Kam sh\u00ebnuar nga kuvendi i Ulqinit q\u00eb M. Zenka,\u00a0 tha se\u201d elektorati i M\u00ebhall\u00ebs s\u00eb Re , po dhe i Ulqinit , vazhdon t\u00eb jet\u00eb i ndar\u00eb , n\u00eb at\u00eb t\u00eb Cafo Begut, dhe at\u00eb t\u00eb nj\u00eb begu tjet\u00ebr \u201c, q\u00eb nuk po m\u00eb kujtohet dhe ish pro politik\u00ebs serbe n\u00eb Ulqin.<\/p>\n<p>Po edhe vet kam d\u00ebgjuar k\u00ebso historish , ku flitej se si , disa nga prij\u00ebsit tan\u00eb \u2013shqiptar\u00eb nga Ulqini , kur shkonin n\u00eb Cetin\u00eb p\u00ebr ndonj\u00eb nevoj\u00eb te Krajli\u00a0 Nikoll\u00eb , nuk prisnin fare n\u00eb radh\u00eb dhe \u201c bez zakazanja..\u201d?! Ia m\u00ebshonin der\u00ebs s\u00eb\u00a0 tij \u00a0me shkelma dhe kurr\u00eb gj\u00eb askujt .<\/p>\n<p>Kuptohet se kjo ishte disi\u00a0 e ekzagjeruar, por m\u00eb von\u00eb nga historia pash\u00eb se kjo pun\u00eb ishte e v\u00ebrtet\u00eb&#8230;?! Nga kjo koh\u00eb pat\u00ebm dhe\u00a0 kemi ashtu si sot \u2013 Shqiptar\u00eb q\u00eb ishin n\u00eb funksione duke qen\u00eb an\u00ebtar\u00eb t\u00eb partis\u00eb popullore serbe\u00a0 ose asaj radikale serbe t\u00eb kryeministrit\u00a0 Nikolla Pashiq- q\u00eb p\u00ebrmbysi\u00a0 Krajlin Nikoll\u00eb dhe Malin e Zi e b\u00ebri Banovin\u00eb t\u00eb mbret\u00ebris\u00eb&#8230;?!<\/p>\n<p>Andaj edhe pse e dija , vet\u00ebm tash e kuptoj se nga ku i buronte forca Abazoviqit q\u00eb me kilet e tija , i \u00e7ohej n\u00eb maje te dy gishtave me k\u00ebrc\u00ebnim\u00a0 Gjukanoviqit kur ky i fundit i thoshte \u201cbitango..\u201d.<\/p>\n<p><strong><em>EDHE\u00a0 VET\u00cb ISHA N\u00cb CETIN\u00cb N\u00cb PALLATIN MBRET\u00cbROR\u00a0 ME RASTIN E \u00a0INAGURIMIT T\u00cb GJUKANOVIQIT \u00a0P\u00cbR \u00a0PRESIDENT\u00cb ?!<\/em><\/strong><\/p>\n<p>Kuptohet kur isha deputet, dhe \u00a0po cek se kam p\u00ebrjetuar dhe ruaj kujtimet m\u00eb t\u00eb mira t\u00eb jet\u00ebs sime- kur turma q\u00eb priste deputet\u00ebt rrug\u00ebve q\u00eb t\u00eb \u00e7onin n\u00eb pallatin mbret\u00ebror , nga zemra\u00a0 pash q\u00eb kur po hyja brenda , n\u00eb sall\u00ebn e inaugurimit t\u00eb presidentit- rrihnin shuplak\u00eb dhe pa komplekse thonin :\u00a0 NIKA&#8230;,NIKA&#8230;?!! Kuptohet \u00a0edhe kjo se at\u00ebher\u00eb vet\u00ebm Lidhja si subjekt \u00a0\u2013 kish mbi \u00a08000 vota..?!<\/p>\n<p>E \u00a0n\u00eb em\u00ebr t\u00eb kuaj \u00a0flet Abazoviqi nuk e di, p\u00ebr ve\u00e7 se asaj t\u00eb k\u00ebng\u00ebs s\u00eb \u201c cicmic\u00ebs dhe qirilic\u00ebs&#8230;., q\u00eb shkruam m\u00eb her\u00ebt?!<\/p>\n<p>Por\u00a0 desh harrova\u00a0 dhe q\u00eb t\u00eb mos shkruaj prap\u00eb,\u00a0 n\u00eb \u00a0k\u00ebt\u00eb dark\u00eb ishim un\u00eb Badhi \u2013 si deputet\u00eb dhe O. Rexha , si kryetar komune, dhe kur b\u00ebm\u00eb t\u00eb ulemi , pasi shkuam disi von\u00eb, na takoj t\u00eb uleshim n\u00eb\u00a0 dark\u00eb me delegacionin serb- ku ish \u00a0V.Drashkoviqi- Gjingjiqi \u2013 V.Peshiqa dhe Shesheli&#8230; ,b\u00ebm\u00eb t\u00eb ulemi&#8230;., por kur e hetuam Sheshelin&#8230;, n\u00eb shenj bojkoti u \u00e7uam nga tryeza serbe&#8230;?! Pastaj\u00a0 organizatori , kur e hetoi l\u00ebshimin n\u00eb protokoll , na k\u00ebrkoi t\u00eb falur duke na siguruar ca vende me do profesor\u00eb t\u00eb akademis\u00eb malazeze q\u00eb edhe e pranuam me k\u00ebnaq\u00ebsi&#8230;.?!!<\/p>\n<p><em>Dua t\u00eb shtoj se pas k\u00ebsaj q\u00eb ngjau ,Shesheli p\u00ebr t\u00ebr\u00eb koh\u00ebn na fiksonte me shikim&#8230;, edhe kur u largua para neve nga darka b\u00ebri t\u00eb nj\u00ebjt\u00ebn gj\u00eb. Nd\u00ebrsa Dinosha e Gjoni\u00a0 si t\u00eb ftuar tjer\u00eb n\u00eb dark\u00eb, ishin p\u00ebrkujdesur t\u00eb shkonin me koh\u00eb p\u00ebr t\u00eb z\u00ebn\u00eb vendin\u00a0 dhe nuk e pat\u00ebn\u00a0 k\u00ebt\u00eb shqet\u00ebsim tonin&#8230;.?!!<\/em><\/p>\n","protected":false},"excerpt":{"rendered":"<p>Foto Bruno Muhamet Nika Me siguri\u00a0 keni d\u00ebgjuar q\u00eb rreth viteve 20 , shqiptar\u00ebt n\u00eb Shqip\u00ebri, pat\u00ebn filluar absurdin e politik\u00ebs s\u00eb vet , kur \u00a0\u00a0nj\u00eb pjes\u00eb e prij\u00ebsve t\u00eb jugut \u00a0, deklaronin \u00a0haptas , se p\u00ebr ta, \u00a0ish m\u00eb mir\u00eb t\u00eb shkonin me Greqi, kurse n\u00eb veri t\u00eb saj , Mirdta \u00a0ve\u00e7 ishte shpallur [&hellip;]<\/p>\n","protected":false},"author":1,"featured_media":0,"comment_status":"closed","ping_status":"closed","sticky":false,"template":"","format":"standard","meta":{"spay_email":"","jetpack_publicize_message":"","jetpack_is_tweetstorm":false,"jetpack_publicize_feature_enabled":true},"categories":[14249],"tags":[],"jetpack_publicize_connections":[],"yoast_head":"<!-- This site is optimized with the Yoast SEO plugin v19.1 - https:\/\/yoast.com\/wordpress\/plugins\/seo\/ -->\n<title>Nika: Politika e shqiptar\u00ebve n\u00eb Ulqin: Ashtu si ajo e viteve t\u00eb 20-ta, p\u00ebrs\u00ebri filloi apsurdin e vet...?! - Lajme nga Ulqini<\/title>\n<meta name=\"description\" content=\"Foto Bruno Muhamet Nika Me siguri\u00a0 keni d\u00ebgjuar q\u00eb rreth viteve 20 , shqiptar\u00ebt n\u00eb Shqip\u00ebri, pat\u00ebn filluar absurdin e politik\u00ebs s\u00eb vet , kur \u00a0\u00a0nj\u00eb pjes\u00eb e\" \/>\n<meta name=\"robots\" content=\"index, follow, max-snippet:-1, max-image-preview:large, max-video-preview:-1\" \/>\n<link rel=\"canonical\" href=\"https:\/\/www.visit-ulcinj.com\/blog\/2016\/11\/10\/nika-politika-e-shqiptareve-ne-ulqin-ashtu-si-ajo-e-viteve-te-20-ta-perseri-filloi-apsurdin-e-vet\/\" \/>\n<meta property=\"og:locale\" content=\"en_US\" \/>\n<meta property=\"og:type\" content=\"article\" \/>\n<meta property=\"og:title\" content=\"Nika: Politika e shqiptar\u00ebve n\u00eb Ulqin: Ashtu si ajo e viteve t\u00eb 20-ta, p\u00ebrs\u00ebri filloi apsurdin e vet...?! - Lajme nga Ulqini\" \/>\n<meta property=\"og:description\" content=\"Foto Bruno Muhamet Nika Me siguri\u00a0 keni d\u00ebgjuar q\u00eb rreth viteve 20 , shqiptar\u00ebt n\u00eb Shqip\u00ebri, pat\u00ebn filluar absurdin e politik\u00ebs s\u00eb vet , kur \u00a0\u00a0nj\u00eb pjes\u00eb e\" \/>\n<meta property=\"og:url\" content=\"https:\/\/www.visit-ulcinj.com\/blog\/2016\/11\/10\/nika-politika-e-shqiptareve-ne-ulqin-ashtu-si-ajo-e-viteve-te-20-ta-perseri-filloi-apsurdin-e-vet\/\" \/>\n<meta property=\"og:site_name\" content=\"Lajme nga Ulqini\" \/>\n<meta property=\"article:published_time\" content=\"2016-11-10T18:16:49+00:00\" \/>\n<meta property=\"og:image\" content=\"http:\/\/www.visit-ulcinj.com\/blog\/wp-content\/uploads\/2016\/11\/dom-kultiure-ulcinj.jpg\" \/>\n<meta name=\"twitter:label1\" content=\"Written by\" \/>\n\t<meta name=\"twitter:data1\" content=\"ulqini\" \/>\n\t<meta name=\"twitter:label2\" content=\"Est. reading time\" \/>\n\t<meta name=\"twitter:data2\" content=\"6 minutes\" \/>\n<script type=\"application\/ld+json\" class=\"yoast-schema-graph\">{\"@context\":\"https:\/\/schema.org\",\"@graph\":[{\"@type\":\"WebSite\",\"@id\":\"https:\/\/www.visit-ulcinj.com\/blog\/#website\",\"url\":\"https:\/\/www.visit-ulcinj.com\/blog\/\",\"name\":\"Lajme nga Ulqini\",\"description\":\"Lajme,Vijesti,Ulqini,Ulqin,Crna Gora,Mali i Zi\",\"potentialAction\":[{\"@type\":\"SearchAction\",\"target\":{\"@type\":\"EntryPoint\",\"urlTemplate\":\"https:\/\/www.visit-ulcinj.com\/blog\/?s={search_term_string}\"},\"query-input\":\"required name=search_term_string\"}],\"inLanguage\":\"en-US\"},{\"@type\":\"ImageObject\",\"inLanguage\":\"en-US\",\"@id\":\"https:\/\/www.visit-ulcinj.com\/blog\/2016\/11\/10\/nika-politika-e-shqiptareve-ne-ulqin-ashtu-si-ajo-e-viteve-te-20-ta-perseri-filloi-apsurdin-e-vet\/#primaryimage\",\"url\":\"https:\/\/www.visit-ulcinj.com\/blog\/wp-content\/uploads\/2016\/11\/dom-kultiure-ulcinj.jpg\",\"contentUrl\":\"https:\/\/www.visit-ulcinj.com\/blog\/wp-content\/uploads\/2016\/11\/dom-kultiure-ulcinj.jpg\",\"width\":960,\"height\":720},{\"@type\":\"WebPage\",\"@id\":\"https:\/\/www.visit-ulcinj.com\/blog\/2016\/11\/10\/nika-politika-e-shqiptareve-ne-ulqin-ashtu-si-ajo-e-viteve-te-20-ta-perseri-filloi-apsurdin-e-vet\/#webpage\",\"url\":\"https:\/\/www.visit-ulcinj.com\/blog\/2016\/11\/10\/nika-politika-e-shqiptareve-ne-ulqin-ashtu-si-ajo-e-viteve-te-20-ta-perseri-filloi-apsurdin-e-vet\/\",\"name\":\"Nika: Politika e shqiptar\u00ebve n\u00eb Ulqin: Ashtu si ajo e viteve t\u00eb 20-ta, p\u00ebrs\u00ebri filloi apsurdin e vet...?! - Lajme nga Ulqini\",\"isPartOf\":{\"@id\":\"https:\/\/www.visit-ulcinj.com\/blog\/#website\"},\"primaryImageOfPage\":{\"@id\":\"https:\/\/www.visit-ulcinj.com\/blog\/2016\/11\/10\/nika-politika-e-shqiptareve-ne-ulqin-ashtu-si-ajo-e-viteve-te-20-ta-perseri-filloi-apsurdin-e-vet\/#primaryimage\"},\"datePublished\":\"2016-11-10T18:16:49+00:00\",\"dateModified\":\"2016-11-10T18:16:49+00:00\",\"author\":{\"@id\":\"https:\/\/www.visit-ulcinj.com\/blog\/#\/schema\/person\/dcab619c614d3038751c63bc2aadc06d\"},\"description\":\"Foto Bruno Muhamet Nika Me siguri\u00a0 keni d\u00ebgjuar q\u00eb rreth viteve 20 , shqiptar\u00ebt n\u00eb Shqip\u00ebri, pat\u00ebn filluar absurdin e politik\u00ebs s\u00eb vet , kur \u00a0\u00a0nj\u00eb pjes\u00eb e\",\"breadcrumb\":{\"@id\":\"https:\/\/www.visit-ulcinj.com\/blog\/2016\/11\/10\/nika-politika-e-shqiptareve-ne-ulqin-ashtu-si-ajo-e-viteve-te-20-ta-perseri-filloi-apsurdin-e-vet\/#breadcrumb\"},\"inLanguage\":\"en-US\",\"potentialAction\":[{\"@type\":\"ReadAction\",\"target\":[\"https:\/\/www.visit-ulcinj.com\/blog\/2016\/11\/10\/nika-politika-e-shqiptareve-ne-ulqin-ashtu-si-ajo-e-viteve-te-20-ta-perseri-filloi-apsurdin-e-vet\/\"]}]},{\"@type\":\"BreadcrumbList\",\"@id\":\"https:\/\/www.visit-ulcinj.com\/blog\/2016\/11\/10\/nika-politika-e-shqiptareve-ne-ulqin-ashtu-si-ajo-e-viteve-te-20-ta-perseri-filloi-apsurdin-e-vet\/#breadcrumb\",\"itemListElement\":[{\"@type\":\"ListItem\",\"position\":1,\"name\":\"Nika: Politika e shqiptar\u00ebve n\u00eb Ulqin: Ashtu si ajo e viteve t\u00eb 20-ta, p\u00ebrs\u00ebri filloi apsurdin e vet&#8230;?!\"}]},{\"@type\":\"Person\",\"@id\":\"https:\/\/www.visit-ulcinj.com\/blog\/#\/schema\/person\/dcab619c614d3038751c63bc2aadc06d\",\"name\":\"ulqini\",\"sameAs\":[\"http:\/\/www.visit-ulcinj.com\"],\"url\":\"https:\/\/www.visit-ulcinj.com\/blog\/author\/admin\/\"}]}<\/script>\n<!-- \/ Yoast SEO plugin. -->","yoast_head_json":{"title":"Nika: Politika e shqiptar\u00ebve n\u00eb Ulqin: Ashtu si ajo e viteve t\u00eb 20-ta, p\u00ebrs\u00ebri filloi apsurdin e vet...?! - Lajme nga Ulqini","description":"Foto Bruno Muhamet Nika Me siguri\u00a0 keni d\u00ebgjuar q\u00eb rreth viteve 20 , shqiptar\u00ebt n\u00eb Shqip\u00ebri, pat\u00ebn filluar absurdin e politik\u00ebs s\u00eb vet , kur \u00a0\u00a0nj\u00eb pjes\u00eb e","robots":{"index":"index","follow":"follow","max-snippet":"max-snippet:-1","max-image-preview":"max-image-preview:large","max-video-preview":"max-video-preview:-1"},"canonical":"https:\/\/www.visit-ulcinj.com\/blog\/2016\/11\/10\/nika-politika-e-shqiptareve-ne-ulqin-ashtu-si-ajo-e-viteve-te-20-ta-perseri-filloi-apsurdin-e-vet\/","og_locale":"en_US","og_type":"article","og_title":"Nika: Politika e shqiptar\u00ebve n\u00eb Ulqin: Ashtu si ajo e viteve t\u00eb 20-ta, p\u00ebrs\u00ebri filloi apsurdin e vet...?! - Lajme nga Ulqini","og_description":"Foto Bruno Muhamet Nika Me siguri\u00a0 keni d\u00ebgjuar q\u00eb rreth viteve 20 , shqiptar\u00ebt n\u00eb Shqip\u00ebri, pat\u00ebn filluar absurdin e politik\u00ebs s\u00eb vet , kur \u00a0\u00a0nj\u00eb pjes\u00eb e","og_url":"https:\/\/www.visit-ulcinj.com\/blog\/2016\/11\/10\/nika-politika-e-shqiptareve-ne-ulqin-ashtu-si-ajo-e-viteve-te-20-ta-perseri-filloi-apsurdin-e-vet\/","og_site_name":"Lajme nga Ulqini","article_published_time":"2016-11-10T18:16:49+00:00","og_image":[{"url":"http:\/\/www.visit-ulcinj.com\/blog\/wp-content\/uploads\/2016\/11\/dom-kultiure-ulcinj.jpg"}],"twitter_misc":{"Written by":"ulqini","Est. reading time":"6 minutes"},"schema":{"@context":"https:\/\/schema.org","@graph":[{"@type":"WebSite","@id":"https:\/\/www.visit-ulcinj.com\/blog\/#website","url":"https:\/\/www.visit-ulcinj.com\/blog\/","name":"Lajme nga Ulqini","description":"Lajme,Vijesti,Ulqini,Ulqin,Crna Gora,Mali i Zi","potentialAction":[{"@type":"SearchAction","target":{"@type":"EntryPoint","urlTemplate":"https:\/\/www.visit-ulcinj.com\/blog\/?s={search_term_string}"},"query-input":"required name=search_term_string"}],"inLanguage":"en-US"},{"@type":"ImageObject","inLanguage":"en-US","@id":"https:\/\/www.visit-ulcinj.com\/blog\/2016\/11\/10\/nika-politika-e-shqiptareve-ne-ulqin-ashtu-si-ajo-e-viteve-te-20-ta-perseri-filloi-apsurdin-e-vet\/#primaryimage","url":"https:\/\/www.visit-ulcinj.com\/blog\/wp-content\/uploads\/2016\/11\/dom-kultiure-ulcinj.jpg","contentUrl":"https:\/\/www.visit-ulcinj.com\/blog\/wp-content\/uploads\/2016\/11\/dom-kultiure-ulcinj.jpg","width":960,"height":720},{"@type":"WebPage","@id":"https:\/\/www.visit-ulcinj.com\/blog\/2016\/11\/10\/nika-politika-e-shqiptareve-ne-ulqin-ashtu-si-ajo-e-viteve-te-20-ta-perseri-filloi-apsurdin-e-vet\/#webpage","url":"https:\/\/www.visit-ulcinj.com\/blog\/2016\/11\/10\/nika-politika-e-shqiptareve-ne-ulqin-ashtu-si-ajo-e-viteve-te-20-ta-perseri-filloi-apsurdin-e-vet\/","name":"Nika: Politika e shqiptar\u00ebve n\u00eb Ulqin: Ashtu si ajo e viteve t\u00eb 20-ta, p\u00ebrs\u00ebri filloi apsurdin e vet...?! - Lajme nga Ulqini","isPartOf":{"@id":"https:\/\/www.visit-ulcinj.com\/blog\/#website"},"primaryImageOfPage":{"@id":"https:\/\/www.visit-ulcinj.com\/blog\/2016\/11\/10\/nika-politika-e-shqiptareve-ne-ulqin-ashtu-si-ajo-e-viteve-te-20-ta-perseri-filloi-apsurdin-e-vet\/#primaryimage"},"datePublished":"2016-11-10T18:16:49+00:00","dateModified":"2016-11-10T18:16:49+00:00","author":{"@id":"https:\/\/www.visit-ulcinj.com\/blog\/#\/schema\/person\/dcab619c614d3038751c63bc2aadc06d"},"description":"Foto Bruno Muhamet Nika Me siguri\u00a0 keni d\u00ebgjuar q\u00eb rreth viteve 20 , shqiptar\u00ebt n\u00eb Shqip\u00ebri, pat\u00ebn filluar absurdin e politik\u00ebs s\u00eb vet , kur \u00a0\u00a0nj\u00eb pjes\u00eb e","breadcrumb":{"@id":"https:\/\/www.visit-ulcinj.com\/blog\/2016\/11\/10\/nika-politika-e-shqiptareve-ne-ulqin-ashtu-si-ajo-e-viteve-te-20-ta-perseri-filloi-apsurdin-e-vet\/#breadcrumb"},"inLanguage":"en-US","potentialAction":[{"@type":"ReadAction","target":["https:\/\/www.visit-ulcinj.com\/blog\/2016\/11\/10\/nika-politika-e-shqiptareve-ne-ulqin-ashtu-si-ajo-e-viteve-te-20-ta-perseri-filloi-apsurdin-e-vet\/"]}]},{"@type":"BreadcrumbList","@id":"https:\/\/www.visit-ulcinj.com\/blog\/2016\/11\/10\/nika-politika-e-shqiptareve-ne-ulqin-ashtu-si-ajo-e-viteve-te-20-ta-perseri-filloi-apsurdin-e-vet\/#breadcrumb","itemListElement":[{"@type":"ListItem","position":1,"name":"Nika: Politika e shqiptar\u00ebve n\u00eb Ulqin: Ashtu si ajo e viteve t\u00eb 20-ta, p\u00ebrs\u00ebri filloi apsurdin e vet&#8230;?!"}]},{"@type":"Person","@id":"https:\/\/www.visit-ulcinj.com\/blog\/#\/schema\/person\/dcab619c614d3038751c63bc2aadc06d","name":"ulqini","sameAs":["http:\/\/www.visit-ulcinj.com"],"url":"https:\/\/www.visit-ulcinj.com\/blog\/author\/admin\/"}]}},"jetpack_featured_media_url":"","jetpack_sharing_enabled":true,"jetpack_shortlink":"https:\/\/wp.me\/pe6lTn-qgq","_links":{"self":[{"href":"https:\/\/www.visit-ulcinj.com\/blog\/wp-json\/wp\/v2\/posts\/100962"}],"collection":[{"href":"https:\/\/www.visit-ulcinj.com\/blog\/wp-json\/wp\/v2\/posts"}],"about":[{"href":"https:\/\/www.visit-ulcinj.com\/blog\/wp-json\/wp\/v2\/types\/post"}],"author":[{"embeddable":true,"href":"https:\/\/www.visit-ulcinj.com\/blog\/wp-json\/wp\/v2\/users\/1"}],"replies":[{"embeddable":true,"href":"https:\/\/www.visit-ulcinj.com\/blog\/wp-json\/wp\/v2\/comments?post=100962"}],"version-history":[{"count":1,"href":"https:\/\/www.visit-ulcinj.com\/blog\/wp-json\/wp\/v2\/posts\/100962\/revisions"}],"predecessor-version":[{"id":100965,"href":"https:\/\/www.visit-ulcinj.com\/blog\/wp-json\/wp\/v2\/posts\/100962\/revisions\/100965"}],"wp:attachment":[{"href":"https:\/\/www.visit-ulcinj.com\/blog\/wp-json\/wp\/v2\/media?parent=100962"}],"wp:term":[{"taxonomy":"category","embeddable":true,"href":"https:\/\/www.visit-ulcinj.com\/blog\/wp-json\/wp\/v2\/categories?post=100962"},{"taxonomy":"post_tag","embeddable":true,"href":"https:\/\/www.visit-ulcinj.com\/blog\/wp-json\/wp\/v2\/tags?post=100962"}],"curies":[{"name":"wp","href":"https:\/\/api.w.org\/{rel}","templated":true}]}}