{"id":100973,"date":"2016-11-10T19:56:29","date_gmt":"2016-11-10T18:56:29","guid":{"rendered":"http:\/\/www.visit-ulcinj.com\/blog\/?p=100973"},"modified":"2016-11-10T19:58:39","modified_gmt":"2016-11-10T18:58:39","slug":"hajredin-kovaci-mergim-lamtumire","status":"publish","type":"post","link":"https:\/\/www.visit-ulcinj.com\/blog\/2016\/11\/10\/hajredin-kovaci-mergim-lamtumire\/","title":{"rendered":"Hajredin Kova\u00e7i &#8211; M\u00ebrgim, lamtumir\u00eb!"},"content":{"rendered":"<!--YouTube Error: bad URL entered-->\n<p><a href=\"http:\/\/www.visit-ulcinj.com\/blog\/wp-content\/uploads\/2016\/11\/Hajredin-Kovaci-.jpg\"><img loading=\"lazy\" class=\"alignleft wp-image-100974\" src=\"http:\/\/www.visit-ulcinj.com\/blog\/wp-content\/uploads\/2016\/11\/Hajredin-Kovaci-.jpg\" alt=\"Hajredin-Kovaci-\" width=\"508\" height=\"375\" srcset=\"https:\/\/www.visit-ulcinj.com\/blog\/wp-content\/uploads\/2016\/11\/Hajredin-Kovaci-.jpg 557w, https:\/\/www.visit-ulcinj.com\/blog\/wp-content\/uploads\/2016\/11\/Hajredin-Kovaci--300x221.jpg 300w\" sizes=\"(max-width: 508px) 100vw, 508px\" \/><\/a><\/p>\n<p>M\u00ebrgim, lamtumir\u00eb!<\/p>\n<p>M\u00ebrgimi s&#8217;\u00ebsht\u00eb ve\u00e7 nj\u00eb fjal\u00eb<\/p>\n<p>\u00cbsht\u00eb di\u00e7ka m\u00eb shum\u00eb Zot,<\/p>\n<p>mos e provofsha un\u00eb!<\/p>\n<p>M\u00ebrgimi \u00ebsht\u00eb mall, zjarr e plag\u00eb<\/p>\n<p>\u00cbsht\u00eb guxim, trishtim e dhimbje<\/p>\n<p>Etje p\u00ebr vendlindje!<\/p>\n<p>M\u00ebrgimi \u00ebsht\u00eb luft\u00eb me vetveten<\/p>\n<p>M\u00ebrgimi t\u00eb ndryshon jet\u00ean!<\/p>\n<p>M\u00ebrgimi t\u00eb b\u00ebn t\u00eb jesh ai q\u00eb s&#8217;je<\/p>\n<p>T\u00eb humbas\u00ebsh at\u00eb q\u00eb ke!<\/p>\n<p>M\u00ebrgimi t\u00eb tret, t\u00eb ndan m\u00ebdysh<\/p>\n<p>T\u00eb p\u00ebrv\u00eblon, t\u00eb djeg, t\u00eb qorron sysh!<\/p>\n<p>M\u00ebrgimi \u00ebsht\u00eb hije n\u00eb drit\u00eb t\u00eb h\u00ebn\u00ebs<\/p>\n<p>Lot\u00eb q\u00eb rrjedhin n\u00eb syt\u00eb e n\u00ebn\u00ebs!<\/p>\n<p>M\u00ebrgimi \u00ebsht\u00eb buz\u00ebqeshje e ngrir\u00eb<\/p>\n<p>M\u00ebrgim, kur do t\u00eb t\u00eb themi<\/p>\n<p>LAMTUMIR\u00cb!?<\/p>\n<p>&nbsp;<\/p>\n<p><strong><a class=\"x-scope yt-endpoint-0 style-scope yt-formatted-string\" href=\"https:\/\/www.youtube.com\/channel\/UCDTRL9xvpB2m7HGj0ZMH_jA\">Valon Kova\u00e7i<\/a><\/strong><\/p>\n","protected":false},"excerpt":{"rendered":"<p>M\u00ebrgim, lamtumir\u00eb! M\u00ebrgimi s&#8217;\u00ebsht\u00eb ve\u00e7 nj\u00eb fjal\u00eb \u00cbsht\u00eb di\u00e7ka m\u00eb shum\u00eb Zot, mos e provofsha un\u00eb! M\u00ebrgimi \u00ebsht\u00eb mall, zjarr e plag\u00eb \u00cbsht\u00eb guxim, trishtim e dhimbje Etje p\u00ebr vendlindje! M\u00ebrgimi \u00ebsht\u00eb luft\u00eb me vetveten M\u00ebrgimi t\u00eb ndryshon jet\u00ean! M\u00ebrgimi t\u00eb b\u00ebn t\u00eb jesh ai q\u00eb s&#8217;je T\u00eb humbas\u00ebsh at\u00eb q\u00eb ke! M\u00ebrgimi t\u00eb tret, [&hellip;]<\/p>\n","protected":false},"author":1,"featured_media":0,"comment_status":"closed","ping_status":"closed","sticky":false,"template":"","format":"standard","meta":{"spay_email":"","jetpack_publicize_message":"","jetpack_is_tweetstorm":false,"jetpack_publicize_feature_enabled":true},"categories":[12],"tags":[],"jetpack_publicize_connections":[],"yoast_head":"<!-- This site is optimized with the Yoast SEO plugin v19.1 - https:\/\/yoast.com\/wordpress\/plugins\/seo\/ -->\n<title>Hajredin Kova\u00e7i - M\u00ebrgim, lamtumir\u00eb! - Lajme nga Ulqini<\/title>\n<meta name=\"description\" content=\"M\u00ebrgim, lamtumir\u00eb! M\u00ebrgimi s&#039;\u00ebsht\u00eb ve\u00e7 nj\u00eb fjal\u00eb \u00cbsht\u00eb di\u00e7ka m\u00eb shum\u00eb Zot, mos e provofsha un\u00eb! M\u00ebrgimi \u00ebsht\u00eb mall, zjarr e plag\u00eb \u00cbsht\u00eb guxim, trishtim e\" \/>\n<meta name=\"robots\" content=\"index, follow, max-snippet:-1, max-image-preview:large, max-video-preview:-1\" \/>\n<link rel=\"canonical\" href=\"https:\/\/www.visit-ulcinj.com\/blog\/2016\/11\/10\/hajredin-kovaci-mergim-lamtumire\/\" \/>\n<meta property=\"og:locale\" content=\"en_US\" \/>\n<meta property=\"og:type\" content=\"article\" \/>\n<meta property=\"og:title\" content=\"Hajredin Kova\u00e7i - M\u00ebrgim, lamtumir\u00eb! - Lajme nga Ulqini\" \/>\n<meta property=\"og:description\" content=\"M\u00ebrgim, lamtumir\u00eb! M\u00ebrgimi s&#039;\u00ebsht\u00eb ve\u00e7 nj\u00eb fjal\u00eb \u00cbsht\u00eb di\u00e7ka m\u00eb shum\u00eb Zot, mos e provofsha un\u00eb! M\u00ebrgimi \u00ebsht\u00eb mall, zjarr e plag\u00eb \u00cbsht\u00eb guxim, trishtim e\" \/>\n<meta property=\"og:url\" content=\"https:\/\/www.visit-ulcinj.com\/blog\/2016\/11\/10\/hajredin-kovaci-mergim-lamtumire\/\" \/>\n<meta property=\"og:site_name\" content=\"Lajme nga Ulqini\" \/>\n<meta property=\"article:published_time\" content=\"2016-11-10T18:56:29+00:00\" \/>\n<meta property=\"article:modified_time\" content=\"2016-11-10T18:58:39+00:00\" \/>\n<meta property=\"og:image\" content=\"http:\/\/www.visit-ulcinj.com\/blog\/wp-content\/uploads\/2016\/11\/Hajredin-Kovaci-.jpg\" \/>\n<meta name=\"twitter:label1\" content=\"Written by\" \/>\n\t<meta name=\"twitter:data1\" content=\"ulqini\" \/>\n\t<meta name=\"twitter:label2\" content=\"Est. reading time\" \/>\n\t<meta name=\"twitter:data2\" content=\"1 minute\" \/>\n<script type=\"application\/ld+json\" class=\"yoast-schema-graph\">{\"@context\":\"https:\/\/schema.org\",\"@graph\":[{\"@type\":\"WebSite\",\"@id\":\"https:\/\/www.visit-ulcinj.com\/blog\/#website\",\"url\":\"https:\/\/www.visit-ulcinj.com\/blog\/\",\"name\":\"Lajme nga Ulqini\",\"description\":\"Lajme,Vijesti,Ulqini,Ulqin,Crna Gora,Mali i Zi\",\"potentialAction\":[{\"@type\":\"SearchAction\",\"target\":{\"@type\":\"EntryPoint\",\"urlTemplate\":\"https:\/\/www.visit-ulcinj.com\/blog\/?s={search_term_string}\"},\"query-input\":\"required name=search_term_string\"}],\"inLanguage\":\"en-US\"},{\"@type\":\"ImageObject\",\"inLanguage\":\"en-US\",\"@id\":\"https:\/\/www.visit-ulcinj.com\/blog\/2016\/11\/10\/hajredin-kovaci-mergim-lamtumire\/#primaryimage\",\"url\":\"https:\/\/www.visit-ulcinj.com\/blog\/wp-content\/uploads\/2016\/11\/Hajredin-Kovaci-.jpg\",\"contentUrl\":\"https:\/\/www.visit-ulcinj.com\/blog\/wp-content\/uploads\/2016\/11\/Hajredin-Kovaci-.jpg\",\"width\":557,\"height\":411},{\"@type\":\"WebPage\",\"@id\":\"https:\/\/www.visit-ulcinj.com\/blog\/2016\/11\/10\/hajredin-kovaci-mergim-lamtumire\/#webpage\",\"url\":\"https:\/\/www.visit-ulcinj.com\/blog\/2016\/11\/10\/hajredin-kovaci-mergim-lamtumire\/\",\"name\":\"Hajredin Kova\u00e7i - M\u00ebrgim, lamtumir\u00eb! - Lajme nga Ulqini\",\"isPartOf\":{\"@id\":\"https:\/\/www.visit-ulcinj.com\/blog\/#website\"},\"primaryImageOfPage\":{\"@id\":\"https:\/\/www.visit-ulcinj.com\/blog\/2016\/11\/10\/hajredin-kovaci-mergim-lamtumire\/#primaryimage\"},\"datePublished\":\"2016-11-10T18:56:29+00:00\",\"dateModified\":\"2016-11-10T18:58:39+00:00\",\"author\":{\"@id\":\"https:\/\/www.visit-ulcinj.com\/blog\/#\/schema\/person\/dcab619c614d3038751c63bc2aadc06d\"},\"description\":\"M\u00ebrgim, lamtumir\u00eb! M\u00ebrgimi s'\u00ebsht\u00eb ve\u00e7 nj\u00eb fjal\u00eb \u00cbsht\u00eb di\u00e7ka m\u00eb shum\u00eb Zot, mos e provofsha un\u00eb! M\u00ebrgimi \u00ebsht\u00eb mall, zjarr e plag\u00eb \u00cbsht\u00eb guxim, trishtim e\",\"breadcrumb\":{\"@id\":\"https:\/\/www.visit-ulcinj.com\/blog\/2016\/11\/10\/hajredin-kovaci-mergim-lamtumire\/#breadcrumb\"},\"inLanguage\":\"en-US\",\"potentialAction\":[{\"@type\":\"ReadAction\",\"target\":[\"https:\/\/www.visit-ulcinj.com\/blog\/2016\/11\/10\/hajredin-kovaci-mergim-lamtumire\/\"]}]},{\"@type\":\"BreadcrumbList\",\"@id\":\"https:\/\/www.visit-ulcinj.com\/blog\/2016\/11\/10\/hajredin-kovaci-mergim-lamtumire\/#breadcrumb\",\"itemListElement\":[{\"@type\":\"ListItem\",\"position\":1,\"name\":\"Hajredin Kova\u00e7i &#8211; M\u00ebrgim, lamtumir\u00eb!\"}]},{\"@type\":\"Person\",\"@id\":\"https:\/\/www.visit-ulcinj.com\/blog\/#\/schema\/person\/dcab619c614d3038751c63bc2aadc06d\",\"name\":\"ulqini\",\"sameAs\":[\"http:\/\/www.visit-ulcinj.com\"],\"url\":\"https:\/\/www.visit-ulcinj.com\/blog\/author\/admin\/\"}]}<\/script>\n<!-- \/ Yoast SEO plugin. -->","yoast_head_json":{"title":"Hajredin Kova\u00e7i - M\u00ebrgim, lamtumir\u00eb! - Lajme nga Ulqini","description":"M\u00ebrgim, lamtumir\u00eb! M\u00ebrgimi s'\u00ebsht\u00eb ve\u00e7 nj\u00eb fjal\u00eb \u00cbsht\u00eb di\u00e7ka m\u00eb shum\u00eb Zot, mos e provofsha un\u00eb! M\u00ebrgimi \u00ebsht\u00eb mall, zjarr e plag\u00eb \u00cbsht\u00eb guxim, trishtim e","robots":{"index":"index","follow":"follow","max-snippet":"max-snippet:-1","max-image-preview":"max-image-preview:large","max-video-preview":"max-video-preview:-1"},"canonical":"https:\/\/www.visit-ulcinj.com\/blog\/2016\/11\/10\/hajredin-kovaci-mergim-lamtumire\/","og_locale":"en_US","og_type":"article","og_title":"Hajredin Kova\u00e7i - M\u00ebrgim, lamtumir\u00eb! - Lajme nga Ulqini","og_description":"M\u00ebrgim, lamtumir\u00eb! M\u00ebrgimi s'\u00ebsht\u00eb ve\u00e7 nj\u00eb fjal\u00eb \u00cbsht\u00eb di\u00e7ka m\u00eb shum\u00eb Zot, mos e provofsha un\u00eb! M\u00ebrgimi \u00ebsht\u00eb mall, zjarr e plag\u00eb \u00cbsht\u00eb guxim, trishtim e","og_url":"https:\/\/www.visit-ulcinj.com\/blog\/2016\/11\/10\/hajredin-kovaci-mergim-lamtumire\/","og_site_name":"Lajme nga Ulqini","article_published_time":"2016-11-10T18:56:29+00:00","article_modified_time":"2016-11-10T18:58:39+00:00","og_image":[{"url":"http:\/\/www.visit-ulcinj.com\/blog\/wp-content\/uploads\/2016\/11\/Hajredin-Kovaci-.jpg"}],"twitter_misc":{"Written by":"ulqini","Est. reading time":"1 minute"},"schema":{"@context":"https:\/\/schema.org","@graph":[{"@type":"WebSite","@id":"https:\/\/www.visit-ulcinj.com\/blog\/#website","url":"https:\/\/www.visit-ulcinj.com\/blog\/","name":"Lajme nga Ulqini","description":"Lajme,Vijesti,Ulqini,Ulqin,Crna Gora,Mali i Zi","potentialAction":[{"@type":"SearchAction","target":{"@type":"EntryPoint","urlTemplate":"https:\/\/www.visit-ulcinj.com\/blog\/?s={search_term_string}"},"query-input":"required name=search_term_string"}],"inLanguage":"en-US"},{"@type":"ImageObject","inLanguage":"en-US","@id":"https:\/\/www.visit-ulcinj.com\/blog\/2016\/11\/10\/hajredin-kovaci-mergim-lamtumire\/#primaryimage","url":"https:\/\/www.visit-ulcinj.com\/blog\/wp-content\/uploads\/2016\/11\/Hajredin-Kovaci-.jpg","contentUrl":"https:\/\/www.visit-ulcinj.com\/blog\/wp-content\/uploads\/2016\/11\/Hajredin-Kovaci-.jpg","width":557,"height":411},{"@type":"WebPage","@id":"https:\/\/www.visit-ulcinj.com\/blog\/2016\/11\/10\/hajredin-kovaci-mergim-lamtumire\/#webpage","url":"https:\/\/www.visit-ulcinj.com\/blog\/2016\/11\/10\/hajredin-kovaci-mergim-lamtumire\/","name":"Hajredin Kova\u00e7i - M\u00ebrgim, lamtumir\u00eb! - Lajme nga Ulqini","isPartOf":{"@id":"https:\/\/www.visit-ulcinj.com\/blog\/#website"},"primaryImageOfPage":{"@id":"https:\/\/www.visit-ulcinj.com\/blog\/2016\/11\/10\/hajredin-kovaci-mergim-lamtumire\/#primaryimage"},"datePublished":"2016-11-10T18:56:29+00:00","dateModified":"2016-11-10T18:58:39+00:00","author":{"@id":"https:\/\/www.visit-ulcinj.com\/blog\/#\/schema\/person\/dcab619c614d3038751c63bc2aadc06d"},"description":"M\u00ebrgim, lamtumir\u00eb! M\u00ebrgimi s'\u00ebsht\u00eb ve\u00e7 nj\u00eb fjal\u00eb \u00cbsht\u00eb di\u00e7ka m\u00eb shum\u00eb Zot, mos e provofsha un\u00eb! M\u00ebrgimi \u00ebsht\u00eb mall, zjarr e plag\u00eb \u00cbsht\u00eb guxim, trishtim e","breadcrumb":{"@id":"https:\/\/www.visit-ulcinj.com\/blog\/2016\/11\/10\/hajredin-kovaci-mergim-lamtumire\/#breadcrumb"},"inLanguage":"en-US","potentialAction":[{"@type":"ReadAction","target":["https:\/\/www.visit-ulcinj.com\/blog\/2016\/11\/10\/hajredin-kovaci-mergim-lamtumire\/"]}]},{"@type":"BreadcrumbList","@id":"https:\/\/www.visit-ulcinj.com\/blog\/2016\/11\/10\/hajredin-kovaci-mergim-lamtumire\/#breadcrumb","itemListElement":[{"@type":"ListItem","position":1,"name":"Hajredin Kova\u00e7i &#8211; M\u00ebrgim, lamtumir\u00eb!"}]},{"@type":"Person","@id":"https:\/\/www.visit-ulcinj.com\/blog\/#\/schema\/person\/dcab619c614d3038751c63bc2aadc06d","name":"ulqini","sameAs":["http:\/\/www.visit-ulcinj.com"],"url":"https:\/\/www.visit-ulcinj.com\/blog\/author\/admin\/"}]}},"jetpack_featured_media_url":"","jetpack_sharing_enabled":true,"jetpack_shortlink":"https:\/\/wp.me\/pe6lTn-qgB","_links":{"self":[{"href":"https:\/\/www.visit-ulcinj.com\/blog\/wp-json\/wp\/v2\/posts\/100973"}],"collection":[{"href":"https:\/\/www.visit-ulcinj.com\/blog\/wp-json\/wp\/v2\/posts"}],"about":[{"href":"https:\/\/www.visit-ulcinj.com\/blog\/wp-json\/wp\/v2\/types\/post"}],"author":[{"embeddable":true,"href":"https:\/\/www.visit-ulcinj.com\/blog\/wp-json\/wp\/v2\/users\/1"}],"replies":[{"embeddable":true,"href":"https:\/\/www.visit-ulcinj.com\/blog\/wp-json\/wp\/v2\/comments?post=100973"}],"version-history":[{"count":2,"href":"https:\/\/www.visit-ulcinj.com\/blog\/wp-json\/wp\/v2\/posts\/100973\/revisions"}],"predecessor-version":[{"id":100976,"href":"https:\/\/www.visit-ulcinj.com\/blog\/wp-json\/wp\/v2\/posts\/100973\/revisions\/100976"}],"wp:attachment":[{"href":"https:\/\/www.visit-ulcinj.com\/blog\/wp-json\/wp\/v2\/media?parent=100973"}],"wp:term":[{"taxonomy":"category","embeddable":true,"href":"https:\/\/www.visit-ulcinj.com\/blog\/wp-json\/wp\/v2\/categories?post=100973"},{"taxonomy":"post_tag","embeddable":true,"href":"https:\/\/www.visit-ulcinj.com\/blog\/wp-json\/wp\/v2\/tags?post=100973"}],"curies":[{"name":"wp","href":"https:\/\/api.w.org\/{rel}","templated":true}]}}