{"id":100987,"date":"2016-11-11T16:40:57","date_gmt":"2016-11-11T15:40:57","guid":{"rendered":"http:\/\/www.visit-ulcinj.com\/blog\/?p=100987"},"modified":"2016-11-11T16:40:57","modified_gmt":"2016-11-11T15:40:57","slug":"nika-nuk-e-thonin-kot-se-qeveria-e-xen-lepurin-qerre","status":"publish","type":"post","link":"https:\/\/www.visit-ulcinj.com\/blog\/2016\/11\/11\/nika-nuk-e-thonin-kot-se-qeveria-e-xen-lepurin-qerre\/","title":{"rendered":"Nika: Nuk e thonin kot se \u201c Qeveria  e xen  lepurin  me qerre&#8230;\u201d?!"},"content":{"rendered":"<p><strong><em><a href=\"http:\/\/www.visit-ulcinj.com\/blog\/wp-content\/uploads\/2016\/11\/telefoni-zgjedhor-ulqin.jpg\"><img loading=\"lazy\" class=\"alignleft wp-image-100988\" src=\"http:\/\/www.visit-ulcinj.com\/blog\/wp-content\/uploads\/2016\/11\/telefoni-zgjedhor-ulqin.jpg\" alt=\"telefoni-zgjedhor-ulqin\" width=\"508\" height=\"358\" srcset=\"https:\/\/www.visit-ulcinj.com\/blog\/wp-content\/uploads\/2016\/11\/telefoni-zgjedhor-ulqin.jpg 623w, https:\/\/www.visit-ulcinj.com\/blog\/wp-content\/uploads\/2016\/11\/telefoni-zgjedhor-ulqin-300x211.jpg 300w\" sizes=\"(max-width: 508px) 100vw, 508px\" \/><\/a>Shkrun \u00a0Muhamet Nika<\/em><\/strong><\/p>\n<p><strong><em>\u00a0<\/em><\/strong><\/p>\n<ul>\n<li><em>Ekzekutivi i dikursh\u00ebm i Hajdinag\u00ebs si kryetar komune \u2013 i t\u00ebri dhe i b\u00ebri sa ish&#8230;, merret vesh se \u00a0po deponon deklarata \u00a0, nj\u00eb nga nj\u00eb&#8230;,n\u00eb nj\u00ebsin\u00eb policore t\u00eb \u00a0Tivarit , p\u00ebr krim t\u00eb organizuar ekonomik &#8211;\u00a0 vitet \u00a02007-2008&#8230;, \u00a0kuptohet me k\u00ebrkes\u00eb t\u00eb prokurorit shtet\u00ebror?<\/em><\/li>\n<\/ul>\n<p>P\u00ebr k\u00ebt\u00eb, po\u00a0 e shoh t\u00eb udh\u00ebs t\u00eb shkruaj se dikush mund t\u00eb mendoj\u00eb q\u00eb\u00a0 isha i p\u00ebrfshir\u00eb edhe un\u00eb n\u00eb\u00a0 \u201cafer\u00ebn e mundshme\u201d si kryetar i Kuvendit. Por jo?! Si duket , dikush nga koleg\u00ebt e vjet\u00ebr t\u00eb\u00a0 partis\u00eb s\u00eb tij , e bindnin at\u00eb se b\u00ebn\u00eb t\u00eb punohej edhe pa e pyetur fare kuvendin dhe se kjo b\u00ebn\u00eb , n\u00ebse e \u00a0siguron pun\u00ebn me qeveri si kandidat i saj&#8230;.?!<\/p>\n<p>Pastaj edhe vet e kisha fajin, sepse sa her\u00eb q\u00eb propozonin pika t\u00eb dyshimta &#8230;, vet\u00eb i p\u00ebrzura jasht\u00eb kuvendit- Nja dy her\u00eb , n\u00eb se nuk gabohem&#8230;?!!<\/p>\n<p><strong><em>Andaj edhe pse disa e marrin t\u00eb leht\u00eb- Fundi i k\u00ebsaj pune\u00a0 ( p\u00ebr mua), nuk i dihet&#8230;?! Sepse edhe zgjedhjet parlamentare tash m\u00eb u kryen, si u kryen&#8230;.?! Dhe kot \u00a0se q\u00ebndron e shkruar- madje\u00a0 edhe\u00a0 serbisht.., kjo shpallje n\u00eb der\u00eb t\u00eb komun\u00ebs me adres\u00eb- telefon\u00a0 t\u00eb \u00a0komisionit zgjedhor<\/em><\/strong><em>..?<\/em><\/p>\n<p><em>Zor se i pyesin \u00a0m\u00eb\u201d n\u00eb at\u00eb der\u00eb\u201d si u votua n\u00eb Ulqin. N\u00eb kuptimin\u00a0 se-\u00a0 sa her\u00eb i pranuam dhe sa her\u00eb nuk i pranuam zgjedhjet si komision zgjedhor &#8230;?!<\/em><\/p>\n<p>Kur m\u00eb\u00a0 takoi n\u00eb shkall\u00ebt e komun\u00ebs, nj\u00eb polic\u00a0 deri sa po \u00a0shp\u00ebrndante post\u00ebn e policis\u00eb n\u00eb komun\u00eb ?! Pasi shikoi\u00a0 n\u00eb regjist\u00ebr dhe m\u00eb shikonte n\u00eb sy nj\u00eb koh\u00eb t\u00eb gjat\u00eb- sepse \u00a0kuptohet m\u00eb njihte &#8230;., \u00a0pash\u00eb q\u00eb m\u00eb tha:\u201d Tebe\u00a0 nema u ovaj spisak&#8230;\u201d?! Dhe vet\u00eb u qesha pak\u00ebs , por duke mos e zgjatur\u00a0 muhabetin me te , ia kujtova at\u00eb\u00a0 populloren q\u00eb thot\u00eb: \u201c se po fjete me f\u00ebmij\u00eb \u00a0ndje i pshurrur n\u00eb m\u00ebngjes&#8230;\u201d ?!<\/p>\n<p>N\u00eb \u00a0kuptimin, se nuk b\u00ebn t\u00eb dal\u00ebsh n\u00eb udh\u00ebheqje, pa kryer praktik\u00ebn e \u201c t\u00eb pshurrurit n\u00eb djep..\u201d-\u00a0 pra \u00a0q\u00eb \u00a0t\u00eb \u00a0pranosh t\u00eb b\u00ebhesh\u00a0 sekretar i nj\u00eb kryetari q\u00eb u b\u00ebn\u00eb at\u00ebher\u00eb dhe b\u00ebhen sot&#8230;!<\/p>\n<p>Mir\u00ebpo \u00a0po them se edhe polici kish t\u00eb drejt\u00eb \u00a0nga ana e vet; \u00a0p\u00ebrse duhet t\u00eb b\u00ebja un\u00eb \u00a0p\u00ebrjashtim , pasi isha\u00a0 kryetar Kuvendi&#8230;?!<\/p>\n<p>E p\u00ebr k\u00ebt\u00eb po shtoi, se n\u00eb koh\u00ebn ton\u00eb-Lidhja, \u00a0mua si parti, po as tjer\u00ebt \u2013 nuk i\u00a0 vinte \u00a0, prej fillimit \u201cn\u00eb shtrat ..\u201d ashtu si dje\u00a0 q\u00eb i vuri Hajdinaga, ose sot q\u00eb i v\u00eb\u00a0 Cungu&#8230;!<\/p>\n<p>(Nuk )e di , p\u00ebr \u00e7ka \u00ebsht\u00eb fjala, por me t\u00eb d\u00ebgjuar e\u00a0 kam\u00a0 dhe po them vet\u00ebm k\u00ebt\u00eb:<\/p>\n<p>\u00cbsht\u00eb krejt kollaj t\u00eb marr\u00ebsh para prej qytetar\u00ebve- avans, \u00a0p\u00ebr prurje planesh, 1milion euro &#8230;?! E planet as sot as ku ?!Ose\u00a0 t\u00eb pun\u00ebsosh 50 vet\u00eb n\u00eb pun\u00eb pa konkurs e puna asku&#8230;?!!<\/p>\n<p>Dhe tashti, p\u00ebr ve\u00e7 asaj t\u00eb qerrit&#8230;,t\u00eb Hajdinag\u00ebs, po i kujtoj k\u00ebta t\u00eb Cungut : Kujdes, edhe n\u00eb at\u00eb tjetr\u00ebn q\u00eb \u00a0thot\u00eb \u00a0populli, se \u00a0dardha( pushteti), e ka bishtin mbrapa&#8230;?!<\/p>\n<p>Kam p\u00ebrshtypjen se k\u00ebta tan\u00ebt- n\u00eb pushtet,\u00a0 at\u00ebher\u00eb dhe sot- po \u00a0duket se nuk ia filluan ta han\u00eb dardh\u00ebn \u00a0nga bishti?!<\/p>\n<p>Kujdes se t\u00eb mbet n\u00eb fyt, po b\u00ebni \u00a0t\u00eb kund\u00ebrt\u00ebn&#8230;?! Mbase disa m\u00eb kuptojn\u00eb dhe mjafton ..?! Sepse\u00a0 nuk k\u00ebrkohet q\u00eb t\u00eb kuptojn\u00eb t\u00eb gjith\u00eb&#8230;?!!<\/p>\n","protected":false},"excerpt":{"rendered":"<p>Shkrun \u00a0Muhamet Nika \u00a0 Ekzekutivi i dikursh\u00ebm i Hajdinag\u00ebs si kryetar komune \u2013 i t\u00ebri dhe i b\u00ebri sa ish&#8230;, merret vesh se \u00a0po deponon deklarata \u00a0, nj\u00eb nga nj\u00eb&#8230;,n\u00eb nj\u00ebsin\u00eb policore t\u00eb \u00a0Tivarit , p\u00ebr krim t\u00eb organizuar ekonomik &#8211;\u00a0 vitet \u00a02007-2008&#8230;, \u00a0kuptohet me k\u00ebrkes\u00eb t\u00eb prokurorit shtet\u00ebror? P\u00ebr k\u00ebt\u00eb, po\u00a0 e shoh t\u00eb [&hellip;]<\/p>\n","protected":false},"author":1,"featured_media":0,"comment_status":"closed","ping_status":"closed","sticky":false,"template":"","format":"standard","meta":{"spay_email":"","jetpack_publicize_message":"","jetpack_is_tweetstorm":false,"jetpack_publicize_feature_enabled":true},"categories":[14249],"tags":[],"jetpack_publicize_connections":[],"yoast_head":"<!-- This site is optimized with the Yoast SEO plugin v19.1 - https:\/\/yoast.com\/wordpress\/plugins\/seo\/ -->\n<title>Nika: Nuk e thonin kot se \u201c Qeveria e xen lepurin me qerre...\u201d?! - Lajme nga Ulqini<\/title>\n<meta name=\"description\" content=\"Shkrun \u00a0Muhamet Nika \u00a0 Ekzekutivi i dikursh\u00ebm i Hajdinag\u00ebs si kryetar komune \u2013 i t\u00ebri dhe i b\u00ebri sa ish..., merret vesh se \u00a0po deponon deklarata \u00a0, nj\u00eb\" \/>\n<meta name=\"robots\" content=\"index, follow, max-snippet:-1, max-image-preview:large, max-video-preview:-1\" \/>\n<link rel=\"canonical\" href=\"https:\/\/www.visit-ulcinj.com\/blog\/2016\/11\/11\/nika-nuk-e-thonin-kot-se-qeveria-e-xen-lepurin-qerre\/\" \/>\n<meta property=\"og:locale\" content=\"en_US\" \/>\n<meta property=\"og:type\" content=\"article\" \/>\n<meta property=\"og:title\" content=\"Nika: Nuk e thonin kot se \u201c Qeveria e xen lepurin me qerre...\u201d?! - Lajme nga Ulqini\" \/>\n<meta property=\"og:description\" content=\"Shkrun \u00a0Muhamet Nika \u00a0 Ekzekutivi i dikursh\u00ebm i Hajdinag\u00ebs si kryetar komune \u2013 i t\u00ebri dhe i b\u00ebri sa ish..., merret vesh se \u00a0po deponon deklarata \u00a0, nj\u00eb\" \/>\n<meta property=\"og:url\" content=\"https:\/\/www.visit-ulcinj.com\/blog\/2016\/11\/11\/nika-nuk-e-thonin-kot-se-qeveria-e-xen-lepurin-qerre\/\" \/>\n<meta property=\"og:site_name\" content=\"Lajme nga Ulqini\" \/>\n<meta property=\"article:published_time\" content=\"2016-11-11T15:40:57+00:00\" \/>\n<meta property=\"og:image\" content=\"http:\/\/www.visit-ulcinj.com\/blog\/wp-content\/uploads\/2016\/11\/telefoni-zgjedhor-ulqin.jpg\" \/>\n<meta name=\"twitter:label1\" content=\"Written by\" \/>\n\t<meta name=\"twitter:data1\" content=\"ulqini\" \/>\n\t<meta name=\"twitter:label2\" content=\"Est. reading time\" \/>\n\t<meta name=\"twitter:data2\" content=\"3 minutes\" \/>\n<script type=\"application\/ld+json\" class=\"yoast-schema-graph\">{\"@context\":\"https:\/\/schema.org\",\"@graph\":[{\"@type\":\"WebSite\",\"@id\":\"https:\/\/www.visit-ulcinj.com\/blog\/#website\",\"url\":\"https:\/\/www.visit-ulcinj.com\/blog\/\",\"name\":\"Lajme nga Ulqini\",\"description\":\"Lajme,Vijesti,Ulqini,Ulqin,Crna Gora,Mali i Zi\",\"potentialAction\":[{\"@type\":\"SearchAction\",\"target\":{\"@type\":\"EntryPoint\",\"urlTemplate\":\"https:\/\/www.visit-ulcinj.com\/blog\/?s={search_term_string}\"},\"query-input\":\"required name=search_term_string\"}],\"inLanguage\":\"en-US\"},{\"@type\":\"ImageObject\",\"inLanguage\":\"en-US\",\"@id\":\"https:\/\/www.visit-ulcinj.com\/blog\/2016\/11\/11\/nika-nuk-e-thonin-kot-se-qeveria-e-xen-lepurin-qerre\/#primaryimage\",\"url\":\"https:\/\/www.visit-ulcinj.com\/blog\/wp-content\/uploads\/2016\/11\/telefoni-zgjedhor-ulqin.jpg\",\"contentUrl\":\"https:\/\/www.visit-ulcinj.com\/blog\/wp-content\/uploads\/2016\/11\/telefoni-zgjedhor-ulqin.jpg\",\"width\":623,\"height\":439},{\"@type\":\"WebPage\",\"@id\":\"https:\/\/www.visit-ulcinj.com\/blog\/2016\/11\/11\/nika-nuk-e-thonin-kot-se-qeveria-e-xen-lepurin-qerre\/#webpage\",\"url\":\"https:\/\/www.visit-ulcinj.com\/blog\/2016\/11\/11\/nika-nuk-e-thonin-kot-se-qeveria-e-xen-lepurin-qerre\/\",\"name\":\"Nika: Nuk e thonin kot se \u201c Qeveria e xen lepurin me qerre...\u201d?! - Lajme nga Ulqini\",\"isPartOf\":{\"@id\":\"https:\/\/www.visit-ulcinj.com\/blog\/#website\"},\"primaryImageOfPage\":{\"@id\":\"https:\/\/www.visit-ulcinj.com\/blog\/2016\/11\/11\/nika-nuk-e-thonin-kot-se-qeveria-e-xen-lepurin-qerre\/#primaryimage\"},\"datePublished\":\"2016-11-11T15:40:57+00:00\",\"dateModified\":\"2016-11-11T15:40:57+00:00\",\"author\":{\"@id\":\"https:\/\/www.visit-ulcinj.com\/blog\/#\/schema\/person\/dcab619c614d3038751c63bc2aadc06d\"},\"description\":\"Shkrun \u00a0Muhamet Nika \u00a0 Ekzekutivi i dikursh\u00ebm i Hajdinag\u00ebs si kryetar komune \u2013 i t\u00ebri dhe i b\u00ebri sa ish..., merret vesh se \u00a0po deponon deklarata \u00a0, nj\u00eb\",\"breadcrumb\":{\"@id\":\"https:\/\/www.visit-ulcinj.com\/blog\/2016\/11\/11\/nika-nuk-e-thonin-kot-se-qeveria-e-xen-lepurin-qerre\/#breadcrumb\"},\"inLanguage\":\"en-US\",\"potentialAction\":[{\"@type\":\"ReadAction\",\"target\":[\"https:\/\/www.visit-ulcinj.com\/blog\/2016\/11\/11\/nika-nuk-e-thonin-kot-se-qeveria-e-xen-lepurin-qerre\/\"]}]},{\"@type\":\"BreadcrumbList\",\"@id\":\"https:\/\/www.visit-ulcinj.com\/blog\/2016\/11\/11\/nika-nuk-e-thonin-kot-se-qeveria-e-xen-lepurin-qerre\/#breadcrumb\",\"itemListElement\":[{\"@type\":\"ListItem\",\"position\":1,\"name\":\"Nika: Nuk e thonin kot se \u201c Qeveria e xen lepurin me qerre&#8230;\u201d?!\"}]},{\"@type\":\"Person\",\"@id\":\"https:\/\/www.visit-ulcinj.com\/blog\/#\/schema\/person\/dcab619c614d3038751c63bc2aadc06d\",\"name\":\"ulqini\",\"sameAs\":[\"http:\/\/www.visit-ulcinj.com\"],\"url\":\"https:\/\/www.visit-ulcinj.com\/blog\/author\/admin\/\"}]}<\/script>\n<!-- \/ Yoast SEO plugin. -->","yoast_head_json":{"title":"Nika: Nuk e thonin kot se \u201c Qeveria e xen lepurin me qerre...\u201d?! - Lajme nga Ulqini","description":"Shkrun \u00a0Muhamet Nika \u00a0 Ekzekutivi i dikursh\u00ebm i Hajdinag\u00ebs si kryetar komune \u2013 i t\u00ebri dhe i b\u00ebri sa ish..., merret vesh se \u00a0po deponon deklarata \u00a0, nj\u00eb","robots":{"index":"index","follow":"follow","max-snippet":"max-snippet:-1","max-image-preview":"max-image-preview:large","max-video-preview":"max-video-preview:-1"},"canonical":"https:\/\/www.visit-ulcinj.com\/blog\/2016\/11\/11\/nika-nuk-e-thonin-kot-se-qeveria-e-xen-lepurin-qerre\/","og_locale":"en_US","og_type":"article","og_title":"Nika: Nuk e thonin kot se \u201c Qeveria e xen lepurin me qerre...\u201d?! - Lajme nga Ulqini","og_description":"Shkrun \u00a0Muhamet Nika \u00a0 Ekzekutivi i dikursh\u00ebm i Hajdinag\u00ebs si kryetar komune \u2013 i t\u00ebri dhe i b\u00ebri sa ish..., merret vesh se \u00a0po deponon deklarata \u00a0, nj\u00eb","og_url":"https:\/\/www.visit-ulcinj.com\/blog\/2016\/11\/11\/nika-nuk-e-thonin-kot-se-qeveria-e-xen-lepurin-qerre\/","og_site_name":"Lajme nga Ulqini","article_published_time":"2016-11-11T15:40:57+00:00","og_image":[{"url":"http:\/\/www.visit-ulcinj.com\/blog\/wp-content\/uploads\/2016\/11\/telefoni-zgjedhor-ulqin.jpg"}],"twitter_misc":{"Written by":"ulqini","Est. reading time":"3 minutes"},"schema":{"@context":"https:\/\/schema.org","@graph":[{"@type":"WebSite","@id":"https:\/\/www.visit-ulcinj.com\/blog\/#website","url":"https:\/\/www.visit-ulcinj.com\/blog\/","name":"Lajme nga Ulqini","description":"Lajme,Vijesti,Ulqini,Ulqin,Crna Gora,Mali i Zi","potentialAction":[{"@type":"SearchAction","target":{"@type":"EntryPoint","urlTemplate":"https:\/\/www.visit-ulcinj.com\/blog\/?s={search_term_string}"},"query-input":"required name=search_term_string"}],"inLanguage":"en-US"},{"@type":"ImageObject","inLanguage":"en-US","@id":"https:\/\/www.visit-ulcinj.com\/blog\/2016\/11\/11\/nika-nuk-e-thonin-kot-se-qeveria-e-xen-lepurin-qerre\/#primaryimage","url":"https:\/\/www.visit-ulcinj.com\/blog\/wp-content\/uploads\/2016\/11\/telefoni-zgjedhor-ulqin.jpg","contentUrl":"https:\/\/www.visit-ulcinj.com\/blog\/wp-content\/uploads\/2016\/11\/telefoni-zgjedhor-ulqin.jpg","width":623,"height":439},{"@type":"WebPage","@id":"https:\/\/www.visit-ulcinj.com\/blog\/2016\/11\/11\/nika-nuk-e-thonin-kot-se-qeveria-e-xen-lepurin-qerre\/#webpage","url":"https:\/\/www.visit-ulcinj.com\/blog\/2016\/11\/11\/nika-nuk-e-thonin-kot-se-qeveria-e-xen-lepurin-qerre\/","name":"Nika: Nuk e thonin kot se \u201c Qeveria e xen lepurin me qerre...\u201d?! - Lajme nga Ulqini","isPartOf":{"@id":"https:\/\/www.visit-ulcinj.com\/blog\/#website"},"primaryImageOfPage":{"@id":"https:\/\/www.visit-ulcinj.com\/blog\/2016\/11\/11\/nika-nuk-e-thonin-kot-se-qeveria-e-xen-lepurin-qerre\/#primaryimage"},"datePublished":"2016-11-11T15:40:57+00:00","dateModified":"2016-11-11T15:40:57+00:00","author":{"@id":"https:\/\/www.visit-ulcinj.com\/blog\/#\/schema\/person\/dcab619c614d3038751c63bc2aadc06d"},"description":"Shkrun \u00a0Muhamet Nika \u00a0 Ekzekutivi i dikursh\u00ebm i Hajdinag\u00ebs si kryetar komune \u2013 i t\u00ebri dhe i b\u00ebri sa ish..., merret vesh se \u00a0po deponon deklarata \u00a0, nj\u00eb","breadcrumb":{"@id":"https:\/\/www.visit-ulcinj.com\/blog\/2016\/11\/11\/nika-nuk-e-thonin-kot-se-qeveria-e-xen-lepurin-qerre\/#breadcrumb"},"inLanguage":"en-US","potentialAction":[{"@type":"ReadAction","target":["https:\/\/www.visit-ulcinj.com\/blog\/2016\/11\/11\/nika-nuk-e-thonin-kot-se-qeveria-e-xen-lepurin-qerre\/"]}]},{"@type":"BreadcrumbList","@id":"https:\/\/www.visit-ulcinj.com\/blog\/2016\/11\/11\/nika-nuk-e-thonin-kot-se-qeveria-e-xen-lepurin-qerre\/#breadcrumb","itemListElement":[{"@type":"ListItem","position":1,"name":"Nika: Nuk e thonin kot se \u201c Qeveria e xen lepurin me qerre&#8230;\u201d?!"}]},{"@type":"Person","@id":"https:\/\/www.visit-ulcinj.com\/blog\/#\/schema\/person\/dcab619c614d3038751c63bc2aadc06d","name":"ulqini","sameAs":["http:\/\/www.visit-ulcinj.com"],"url":"https:\/\/www.visit-ulcinj.com\/blog\/author\/admin\/"}]}},"jetpack_featured_media_url":"","jetpack_sharing_enabled":true,"jetpack_shortlink":"https:\/\/wp.me\/pe6lTn-qgP","_links":{"self":[{"href":"https:\/\/www.visit-ulcinj.com\/blog\/wp-json\/wp\/v2\/posts\/100987"}],"collection":[{"href":"https:\/\/www.visit-ulcinj.com\/blog\/wp-json\/wp\/v2\/posts"}],"about":[{"href":"https:\/\/www.visit-ulcinj.com\/blog\/wp-json\/wp\/v2\/types\/post"}],"author":[{"embeddable":true,"href":"https:\/\/www.visit-ulcinj.com\/blog\/wp-json\/wp\/v2\/users\/1"}],"replies":[{"embeddable":true,"href":"https:\/\/www.visit-ulcinj.com\/blog\/wp-json\/wp\/v2\/comments?post=100987"}],"version-history":[{"count":1,"href":"https:\/\/www.visit-ulcinj.com\/blog\/wp-json\/wp\/v2\/posts\/100987\/revisions"}],"predecessor-version":[{"id":100989,"href":"https:\/\/www.visit-ulcinj.com\/blog\/wp-json\/wp\/v2\/posts\/100987\/revisions\/100989"}],"wp:attachment":[{"href":"https:\/\/www.visit-ulcinj.com\/blog\/wp-json\/wp\/v2\/media?parent=100987"}],"wp:term":[{"taxonomy":"category","embeddable":true,"href":"https:\/\/www.visit-ulcinj.com\/blog\/wp-json\/wp\/v2\/categories?post=100987"},{"taxonomy":"post_tag","embeddable":true,"href":"https:\/\/www.visit-ulcinj.com\/blog\/wp-json\/wp\/v2\/tags?post=100987"}],"curies":[{"name":"wp","href":"https:\/\/api.w.org\/{rel}","templated":true}]}}