{"id":100990,"date":"2016-11-11T16:45:33","date_gmt":"2016-11-11T15:45:33","guid":{"rendered":"http:\/\/www.visit-ulcinj.com\/blog\/?p=100990"},"modified":"2016-11-14T21:33:05","modified_gmt":"2016-11-14T20:33:05","slug":"zyrtare-te-komunave-te-kosoves-vizitojne-ulqinin","status":"publish","type":"post","link":"https:\/\/www.visit-ulcinj.com\/blog\/2016\/11\/11\/zyrtare-te-komunave-te-kosoves-vizitojne-ulqinin\/","title":{"rendered":"Zyrtar\u00eb t\u00eb komunave t\u00eb Kosov\u00ebs vizitojn\u00eb Ulqinin"},"content":{"rendered":"<p><strong><a href=\"http:\/\/www.visit-ulcinj.com\/blog\/wp-content\/uploads\/2016\/11\/Zyrtar\u00eb-t\u00eb-komunave-t\u00eb-Kosov\u00ebs-vizitojn\u00eb-Ulqinin-.jpg\"><img loading=\"lazy\" class=\"alignleft wp-image-100991\" src=\"http:\/\/www.visit-ulcinj.com\/blog\/wp-content\/uploads\/2016\/11\/Zyrtar\u00eb-t\u00eb-komunave-t\u00eb-Kosov\u00ebs-vizitojn\u00eb-Ulqinin-.jpg\" alt=\"Zyrtar\u00eb t\u00eb komunave t\u00eb Kosov\u00ebs vizitojn\u00eb Ulqinin-\" width=\"508\" height=\"263\" srcset=\"https:\/\/www.visit-ulcinj.com\/blog\/wp-content\/uploads\/2016\/11\/Zyrtar\u00eb-t\u00eb-komunave-t\u00eb-Kosov\u00ebs-vizitojn\u00eb-Ulqinin-.jpg 999w, https:\/\/www.visit-ulcinj.com\/blog\/wp-content\/uploads\/2016\/11\/Zyrtar\u00eb-t\u00eb-komunave-t\u00eb-Kosov\u00ebs-vizitojn\u00eb-Ulqinin--300x155.jpg 300w, https:\/\/www.visit-ulcinj.com\/blog\/wp-content\/uploads\/2016\/11\/Zyrtar\u00eb-t\u00eb-komunave-t\u00eb-Kosov\u00ebs-vizitojn\u00eb-Ulqinin--768x397.jpg 768w\" sizes=\"(max-width: 508px) 100vw, 508px\" \/><\/a>Zyrtar\u00ebt e komunave t\u00eb Prishtin\u00ebs, Lipjanit dhe Fush\u00eb Kosov\u00ebs vizitojn\u00eb Ulqinin<\/strong><\/p>\n<p>Kryetari i Komun\u00ebs s\u00eb Ulqinit Nazif Cungu dhe bashk\u00ebpunetor\u00ebt e tij priten n\u00eb nj\u00eb takim pune p\u00ebrfaq\u00ebsuesit e drejtorive t\u00eb administrates p\u00ebr disa qytete t\u00eb Kosov\u00ebs &#8211; Prishtin\u00eb, Fush\u00eb Kosov\u00ebs dhe Lipjanit.<\/p>\n<p>N\u00eb fakt kjo \u00ebsht\u00eb nj\u00eb vizit\u00eb studimore ku u trajtuan nj\u00eb s\u00ebr\u00eb \u00e7\u00ebshtjesh si\u00e7 \u00ebsht\u00eb digjitalizimi, barazia gjinore, bashkepunimi me OJQ -t\u00eb, bashk\u00ebsit lokale si dhe funksionimi i administrat\u00ebs.<\/p>\n<p>Ata prezantuan arritjet e k\u00ebtyre komunave n\u00eb Kosov\u00eb dhe than\u00eb se jan\u00eb t\u00eb gatsh\u00ebm q\u00eb eksperienc\u00ebn tyre ta ndajn\u00eb me komun\u00ebn ton\u00eb. Nga ana tjet\u00ebr kryetari Cungu ve\u00e7oi bashk\u00ebpunimin me komun\u00ebn e Prishtin\u00ebs, ku jan\u00eb\u00a0 v\u00ebn\u00eb ura t\u00eb mira bashkepunimi me sektorin e urbanizmit. Ai tha se trendet bashkohore t\u00eb digjitalizimit mund\u00ebsojn\u00eb shkembime t\u00eb shpejta dhe se ata duhet p\u00ebrcjellur p\u00ebr ti v\u00ebn\u00eb n\u00eb sh\u00ebrbim t\u00eb rritjes s\u00eb cil\u00ebsis\u00eb t\u00eb jet\u00ebs s\u00eb qytetar\u00ebve.<\/p>\n<p>N\u00eb delegacionin nga Kosova morr\u00ebn pjes\u00eb Muhedin Nushi &#8211; drejtor i drejtoratit p\u00ebr administrate n\u00eb Komun\u00ebm e Prishtin\u00ebs, Fauz\u00eb Xhemali &#8211; drejtor i drejtoratit p\u00ebr administrate n\u00eb\u00a0 Komun\u00ebs e Lipjanit, Premtime Preniqi dhe Gjyste Dabaj nga zyret p\u00ebr barazi gjinore t\u00eb komunave Prishtin\u00eb dhe Lipjan, Mursel Morina &#8211; menaxher i personelit dhe Hasan Gjyrevci &#8211; zyrtar i lart\u00eb p\u00ebr kuvend dhe komitete t\u00eb komun\u00ebs Fush\u00eb Kosov\u00eb<\/p>\n","protected":false},"excerpt":{"rendered":"<p>Zyrtar\u00ebt e komunave t\u00eb Prishtin\u00ebs, Lipjanit dhe Fush\u00eb Kosov\u00ebs vizitojn\u00eb Ulqinin Kryetari i Komun\u00ebs s\u00eb Ulqinit Nazif Cungu dhe bashk\u00ebpunetor\u00ebt e tij priten n\u00eb nj\u00eb takim pune p\u00ebrfaq\u00ebsuesit e drejtorive t\u00eb administrates p\u00ebr disa qytete t\u00eb Kosov\u00ebs &#8211; Prishtin\u00eb, Fush\u00eb Kosov\u00ebs dhe Lipjanit. N\u00eb fakt kjo \u00ebsht\u00eb nj\u00eb vizit\u00eb studimore ku u trajtuan nj\u00eb s\u00ebr\u00eb [&hellip;]<\/p>\n","protected":false},"author":1,"featured_media":0,"comment_status":"closed","ping_status":"closed","sticky":false,"template":"","format":"standard","meta":{"spay_email":"","jetpack_publicize_message":"","jetpack_is_tweetstorm":false,"jetpack_publicize_feature_enabled":true},"categories":[10,1],"tags":[],"jetpack_publicize_connections":[],"yoast_head":"<!-- This site is optimized with the Yoast SEO plugin v19.1 - https:\/\/yoast.com\/wordpress\/plugins\/seo\/ -->\n<title>Zyrtar\u00eb t\u00eb komunave t\u00eb Kosov\u00ebs vizitojn\u00eb Ulqinin - Lajme nga Ulqini<\/title>\n<meta name=\"description\" content=\"Zyrtar\u00ebt e komunave t\u00eb Prishtin\u00ebs, Lipjanit dhe Fush\u00eb Kosov\u00ebs vizitojn\u00eb Ulqinin Kryetari i Komun\u00ebs s\u00eb Ulqinit Nazif Cungu dhe bashk\u00ebpunetor\u00ebt e tij priten\" \/>\n<meta name=\"robots\" content=\"index, follow, max-snippet:-1, max-image-preview:large, max-video-preview:-1\" \/>\n<link rel=\"canonical\" href=\"https:\/\/www.visit-ulcinj.com\/blog\/2016\/11\/11\/zyrtare-te-komunave-te-kosoves-vizitojne-ulqinin\/\" \/>\n<meta property=\"og:locale\" content=\"en_US\" \/>\n<meta property=\"og:type\" content=\"article\" \/>\n<meta property=\"og:title\" content=\"Zyrtar\u00eb t\u00eb komunave t\u00eb Kosov\u00ebs vizitojn\u00eb Ulqinin - Lajme nga Ulqini\" \/>\n<meta property=\"og:description\" content=\"Zyrtar\u00ebt e komunave t\u00eb Prishtin\u00ebs, Lipjanit dhe Fush\u00eb Kosov\u00ebs vizitojn\u00eb Ulqinin Kryetari i Komun\u00ebs s\u00eb Ulqinit Nazif Cungu dhe bashk\u00ebpunetor\u00ebt e tij priten\" \/>\n<meta property=\"og:url\" content=\"https:\/\/www.visit-ulcinj.com\/blog\/2016\/11\/11\/zyrtare-te-komunave-te-kosoves-vizitojne-ulqinin\/\" \/>\n<meta property=\"og:site_name\" content=\"Lajme nga Ulqini\" \/>\n<meta property=\"article:published_time\" content=\"2016-11-11T15:45:33+00:00\" \/>\n<meta property=\"article:modified_time\" content=\"2016-11-14T20:33:05+00:00\" \/>\n<meta name=\"twitter:label1\" content=\"Written by\" \/>\n\t<meta name=\"twitter:data1\" content=\"ulqini\" \/>\n\t<meta name=\"twitter:label2\" content=\"Est. reading time\" \/>\n\t<meta name=\"twitter:data2\" content=\"1 minute\" \/>\n<script type=\"application\/ld+json\" class=\"yoast-schema-graph\">{\"@context\":\"https:\/\/schema.org\",\"@graph\":[{\"@type\":\"WebSite\",\"@id\":\"https:\/\/www.visit-ulcinj.com\/blog\/#website\",\"url\":\"https:\/\/www.visit-ulcinj.com\/blog\/\",\"name\":\"Lajme nga Ulqini\",\"description\":\"Lajme,Vijesti,Ulqini,Ulqin,Crna Gora,Mali i Zi\",\"potentialAction\":[{\"@type\":\"SearchAction\",\"target\":{\"@type\":\"EntryPoint\",\"urlTemplate\":\"https:\/\/www.visit-ulcinj.com\/blog\/?s={search_term_string}\"},\"query-input\":\"required name=search_term_string\"}],\"inLanguage\":\"en-US\"},{\"@type\":\"WebPage\",\"@id\":\"https:\/\/www.visit-ulcinj.com\/blog\/2016\/11\/11\/zyrtare-te-komunave-te-kosoves-vizitojne-ulqinin\/#webpage\",\"url\":\"https:\/\/www.visit-ulcinj.com\/blog\/2016\/11\/11\/zyrtare-te-komunave-te-kosoves-vizitojne-ulqinin\/\",\"name\":\"Zyrtar\u00eb t\u00eb komunave t\u00eb Kosov\u00ebs vizitojn\u00eb Ulqinin - Lajme nga Ulqini\",\"isPartOf\":{\"@id\":\"https:\/\/www.visit-ulcinj.com\/blog\/#website\"},\"datePublished\":\"2016-11-11T15:45:33+00:00\",\"dateModified\":\"2016-11-14T20:33:05+00:00\",\"author\":{\"@id\":\"https:\/\/www.visit-ulcinj.com\/blog\/#\/schema\/person\/dcab619c614d3038751c63bc2aadc06d\"},\"description\":\"Zyrtar\u00ebt e komunave t\u00eb Prishtin\u00ebs, Lipjanit dhe Fush\u00eb Kosov\u00ebs vizitojn\u00eb Ulqinin Kryetari i Komun\u00ebs s\u00eb Ulqinit Nazif Cungu dhe bashk\u00ebpunetor\u00ebt e tij priten\",\"breadcrumb\":{\"@id\":\"https:\/\/www.visit-ulcinj.com\/blog\/2016\/11\/11\/zyrtare-te-komunave-te-kosoves-vizitojne-ulqinin\/#breadcrumb\"},\"inLanguage\":\"en-US\",\"potentialAction\":[{\"@type\":\"ReadAction\",\"target\":[\"https:\/\/www.visit-ulcinj.com\/blog\/2016\/11\/11\/zyrtare-te-komunave-te-kosoves-vizitojne-ulqinin\/\"]}]},{\"@type\":\"BreadcrumbList\",\"@id\":\"https:\/\/www.visit-ulcinj.com\/blog\/2016\/11\/11\/zyrtare-te-komunave-te-kosoves-vizitojne-ulqinin\/#breadcrumb\",\"itemListElement\":[{\"@type\":\"ListItem\",\"position\":1,\"name\":\"Zyrtar\u00eb t\u00eb komunave t\u00eb Kosov\u00ebs vizitojn\u00eb Ulqinin\"}]},{\"@type\":\"Person\",\"@id\":\"https:\/\/www.visit-ulcinj.com\/blog\/#\/schema\/person\/dcab619c614d3038751c63bc2aadc06d\",\"name\":\"ulqini\",\"sameAs\":[\"http:\/\/www.visit-ulcinj.com\"],\"url\":\"https:\/\/www.visit-ulcinj.com\/blog\/author\/admin\/\"}]}<\/script>\n<!-- \/ Yoast SEO plugin. -->","yoast_head_json":{"title":"Zyrtar\u00eb t\u00eb komunave t\u00eb Kosov\u00ebs vizitojn\u00eb Ulqinin - Lajme nga Ulqini","description":"Zyrtar\u00ebt e komunave t\u00eb Prishtin\u00ebs, Lipjanit dhe Fush\u00eb Kosov\u00ebs vizitojn\u00eb Ulqinin Kryetari i Komun\u00ebs s\u00eb Ulqinit Nazif Cungu dhe bashk\u00ebpunetor\u00ebt e tij priten","robots":{"index":"index","follow":"follow","max-snippet":"max-snippet:-1","max-image-preview":"max-image-preview:large","max-video-preview":"max-video-preview:-1"},"canonical":"https:\/\/www.visit-ulcinj.com\/blog\/2016\/11\/11\/zyrtare-te-komunave-te-kosoves-vizitojne-ulqinin\/","og_locale":"en_US","og_type":"article","og_title":"Zyrtar\u00eb t\u00eb komunave t\u00eb Kosov\u00ebs vizitojn\u00eb Ulqinin - Lajme nga Ulqini","og_description":"Zyrtar\u00ebt e komunave t\u00eb Prishtin\u00ebs, Lipjanit dhe Fush\u00eb Kosov\u00ebs vizitojn\u00eb Ulqinin Kryetari i Komun\u00ebs s\u00eb Ulqinit Nazif Cungu dhe bashk\u00ebpunetor\u00ebt e tij priten","og_url":"https:\/\/www.visit-ulcinj.com\/blog\/2016\/11\/11\/zyrtare-te-komunave-te-kosoves-vizitojne-ulqinin\/","og_site_name":"Lajme nga Ulqini","article_published_time":"2016-11-11T15:45:33+00:00","article_modified_time":"2016-11-14T20:33:05+00:00","twitter_misc":{"Written by":"ulqini","Est. reading time":"1 minute"},"schema":{"@context":"https:\/\/schema.org","@graph":[{"@type":"WebSite","@id":"https:\/\/www.visit-ulcinj.com\/blog\/#website","url":"https:\/\/www.visit-ulcinj.com\/blog\/","name":"Lajme nga Ulqini","description":"Lajme,Vijesti,Ulqini,Ulqin,Crna Gora,Mali i Zi","potentialAction":[{"@type":"SearchAction","target":{"@type":"EntryPoint","urlTemplate":"https:\/\/www.visit-ulcinj.com\/blog\/?s={search_term_string}"},"query-input":"required name=search_term_string"}],"inLanguage":"en-US"},{"@type":"WebPage","@id":"https:\/\/www.visit-ulcinj.com\/blog\/2016\/11\/11\/zyrtare-te-komunave-te-kosoves-vizitojne-ulqinin\/#webpage","url":"https:\/\/www.visit-ulcinj.com\/blog\/2016\/11\/11\/zyrtare-te-komunave-te-kosoves-vizitojne-ulqinin\/","name":"Zyrtar\u00eb t\u00eb komunave t\u00eb Kosov\u00ebs vizitojn\u00eb Ulqinin - Lajme nga Ulqini","isPartOf":{"@id":"https:\/\/www.visit-ulcinj.com\/blog\/#website"},"datePublished":"2016-11-11T15:45:33+00:00","dateModified":"2016-11-14T20:33:05+00:00","author":{"@id":"https:\/\/www.visit-ulcinj.com\/blog\/#\/schema\/person\/dcab619c614d3038751c63bc2aadc06d"},"description":"Zyrtar\u00ebt e komunave t\u00eb Prishtin\u00ebs, Lipjanit dhe Fush\u00eb Kosov\u00ebs vizitojn\u00eb Ulqinin Kryetari i Komun\u00ebs s\u00eb Ulqinit Nazif Cungu dhe bashk\u00ebpunetor\u00ebt e tij priten","breadcrumb":{"@id":"https:\/\/www.visit-ulcinj.com\/blog\/2016\/11\/11\/zyrtare-te-komunave-te-kosoves-vizitojne-ulqinin\/#breadcrumb"},"inLanguage":"en-US","potentialAction":[{"@type":"ReadAction","target":["https:\/\/www.visit-ulcinj.com\/blog\/2016\/11\/11\/zyrtare-te-komunave-te-kosoves-vizitojne-ulqinin\/"]}]},{"@type":"BreadcrumbList","@id":"https:\/\/www.visit-ulcinj.com\/blog\/2016\/11\/11\/zyrtare-te-komunave-te-kosoves-vizitojne-ulqinin\/#breadcrumb","itemListElement":[{"@type":"ListItem","position":1,"name":"Zyrtar\u00eb t\u00eb komunave t\u00eb Kosov\u00ebs vizitojn\u00eb Ulqinin"}]},{"@type":"Person","@id":"https:\/\/www.visit-ulcinj.com\/blog\/#\/schema\/person\/dcab619c614d3038751c63bc2aadc06d","name":"ulqini","sameAs":["http:\/\/www.visit-ulcinj.com"],"url":"https:\/\/www.visit-ulcinj.com\/blog\/author\/admin\/"}]}},"jetpack_featured_media_url":"","jetpack_sharing_enabled":true,"jetpack_shortlink":"https:\/\/wp.me\/pe6lTn-qgS","_links":{"self":[{"href":"https:\/\/www.visit-ulcinj.com\/blog\/wp-json\/wp\/v2\/posts\/100990"}],"collection":[{"href":"https:\/\/www.visit-ulcinj.com\/blog\/wp-json\/wp\/v2\/posts"}],"about":[{"href":"https:\/\/www.visit-ulcinj.com\/blog\/wp-json\/wp\/v2\/types\/post"}],"author":[{"embeddable":true,"href":"https:\/\/www.visit-ulcinj.com\/blog\/wp-json\/wp\/v2\/users\/1"}],"replies":[{"embeddable":true,"href":"https:\/\/www.visit-ulcinj.com\/blog\/wp-json\/wp\/v2\/comments?post=100990"}],"version-history":[{"count":1,"href":"https:\/\/www.visit-ulcinj.com\/blog\/wp-json\/wp\/v2\/posts\/100990\/revisions"}],"predecessor-version":[{"id":100992,"href":"https:\/\/www.visit-ulcinj.com\/blog\/wp-json\/wp\/v2\/posts\/100990\/revisions\/100992"}],"wp:attachment":[{"href":"https:\/\/www.visit-ulcinj.com\/blog\/wp-json\/wp\/v2\/media?parent=100990"}],"wp:term":[{"taxonomy":"category","embeddable":true,"href":"https:\/\/www.visit-ulcinj.com\/blog\/wp-json\/wp\/v2\/categories?post=100990"},{"taxonomy":"post_tag","embeddable":true,"href":"https:\/\/www.visit-ulcinj.com\/blog\/wp-json\/wp\/v2\/tags?post=100990"}],"curies":[{"name":"wp","href":"https:\/\/api.w.org\/{rel}","templated":true}]}}