{"id":100996,"date":"2016-11-13T15:04:40","date_gmt":"2016-11-13T14:04:40","guid":{"rendered":"http:\/\/www.visit-ulcinj.com\/blog\/?p=100996"},"modified":"2016-11-13T15:04:40","modified_gmt":"2016-11-13T14:04:40","slug":"ulcinjskim-ribarima-memoriam","status":"publish","type":"post","link":"https:\/\/www.visit-ulcinj.com\/blog\/2016\/11\/13\/ulcinjskim-ribarima-memoriam\/","title":{"rendered":"ULCINJSKIM RIBARIMA, in memoriam"},"content":{"rendered":"<div class=\"itemIntroText\">\n<p><strong><a href=\"http:\/\/www.visit-ulcinj.com\/blog\/wp-content\/uploads\/2016\/11\/ulqini-2.jpg\"><img loading=\"lazy\" class=\"alignleft wp-image-100997\" src=\"http:\/\/www.visit-ulcinj.com\/blog\/wp-content\/uploads\/2016\/11\/ulqini-2.jpg\" alt=\"ulqini-2\" width=\"508\" height=\"381\" srcset=\"https:\/\/www.visit-ulcinj.com\/blog\/wp-content\/uploads\/2016\/11\/ulqini-2.jpg 960w, https:\/\/www.visit-ulcinj.com\/blog\/wp-content\/uploads\/2016\/11\/ulqini-2-300x225.jpg 300w, https:\/\/www.visit-ulcinj.com\/blog\/wp-content\/uploads\/2016\/11\/ulqini-2-768x576.jpg 768w\" sizes=\"(max-width: 508px) 100vw, 508px\" \/><\/a>Foto Bruno<\/strong><\/p>\n<p><strong>Pi\u0161e: Jovan Nikolaidis<\/strong><\/p>\n<p>Godina 1995. 1996. 1997\u2026 Opasne godine na rijeci Bojani, grani\u010dnom pojasu izme\u0111u Jugoslavije i Albanije, pune nepredvidljivih doga\u0111aja i konfuznih vijesti.<\/p>\n<\/div>\n<div class=\"itemFullText\">\n<p>\u0160verceri malom i velikom robom: cigaretama, naftom, drogom, oru\u017ejem. Trgovina ljudima i, na sivo &#8211; gra\u0111evinskim materijalom, bijelom tehnikom i rezervnim dijelovima za ma\u0161ine i automobile.<\/p>\n<p>\u0160pijuni i ubice, prestravljena sirotinja na putu ka svom zami\u0161ljenom eldoradu \u2018Koznagdjeikada&#8217; i prevejani trgovci jasnih ciljeva, ucrtanih ruta i osiguranog novca. Vojske i policije, obje korumpirane i sa poroznim ta\u010dkama na granici za dogovorenu klijentelu.<\/p>\n<p>Sav taj rascvjetani haos nije sprije\u010dio ribare na rijeci da se li\u0161e, ko zna od kog doba usvojenog, zajedni\u010dkog dru\u017eenja na terasama ribarskih koliba. Bogatiji i siroti, obrazovani i nepismeni, trezvenjaci i alkoholi\u010dari, vjernici i ateisti, dje\u010daci i starci, muslimani i hri\u0161\u0107ani, Albanci, Crnogorci i Srbi, ali svi jedno: ribari sa Bojane, okupljali bi se na terasi najuspje\u0161nijeg ribara te sezone i proslavljali ulov godine.<\/p>\n<p>Vatre iz mangala, garbitu\u0161e, ognji\u0161ta na pijesku, osvjetljavali su nasmijana lica iz mrkline. Stare pri\u010de i najnovija doga\u0111anja, planovi i \u017eelje, neumjerena nada i diskretni planovi. Pekla se riba i prosipalo vino. U vla\u017enoj no\u0107i na rijeci tekao je razgovor, prigu\u0161eni smijeh i u po glasa stara pjesma: \u201cMala moja, mila moja, ja sam ribar iz Ulcinja, ti kad do\u0111e\u0161 u moju malu barku, vozi\u0107emo se po moru\u2026\u201d<\/p>\n<p>Na jednoj od tih ve\u010deri (svjedok je piscu rekao da je to bilo oktobra 1997), negdje pred pono\u0107, ve\u0107 podnapite ribare, trgao je vriskavi glas njihovog druga. Milan Voregovi\u0107 uzviknuo je re\u010denicu, guslarski osmerac: \u201cOd Bojane pa do Trsta, krsti\u0107e se su tri prsta!\u201d I po\u010deo da je ponavlja, sve ja\u010dim glasom, imitiraju\u0107i slogovljem guslarski dvostih.<\/p>\n<p>Nesvikli na ovakve istupe, svi su zanijemili. Na rijeci se po\u0161tovala zajednica i rijetko se de\u0161avalo da se naru\u0161i drugarstvo i solidarnost ribarska. \u017divot jednih pored drugih nije trpio ekstremne postupke ni izjave. Oni su bili ribari, radnici na vodi i drugovi sa la\u0111a.<\/p>\n<p>Kad se umorio ponavljaju\u0107i jedno te isto, uzeo je polupraznu bocu, prekrstio se i bocu zavitlao u no\u0107. Kad se okrenuo dru\u017eini, odsjaj vatre pokazao je ribarima izobli\u010dene usne sa kojih je tekla slina.<\/p>\n<p>Prvi se sna\u0161ao Hamo Barjaktari. Ustao je i pri\u0161ao pijanom drugu, zagrlio ga i poveo do klupice. Sjeo ga kraj sebe. Rekao je dru\u0161tvu: \u201cDa vam ka\u017eem kako je moj rahmetli tast, u doba strahovlade Hasan Jusufija, spasao od sigurne pogibije ovog na\u0161eg druga i njegovog brata. Na\u0161em Milanu je tada bilo desetak godina.\u201d<\/p>\n<p>Prigrlio je pijanca na svoje grudi, poljubio ga u glavu i po\u010deo da pri\u010da. Govorio je na albanskom jeziku, koga su svi ribari znali. I crnogorski i albanski bili su njihovi jezici.<\/p>\n<p>\u201cMuratbegovi\u0107i i Voregovi\u0107i \u017eivjeli su u Meraji, ku\u0107a do ku\u0107e, obor do obora. Ni ru\u017ene rije\u010di, niti grije\u0161nog postupka. Djeca su rasla, tuga se tje\u0161ila, radost dijelila. Po\u010detkom 1944 banuo je pred njihovim ku\u0107ama balisti\u010dki prvak, kvisling Hasan Jusufi sa desetinom konjanika.<\/p>\n<p>Njegov konj bijelac poigravao je pred mojim tastom, koga je Jusuf poznavao. Tra\u017eio je vikom bra\u0107u Voregovi\u0107e, da ih kao \u010dlanove varo\u0161ke gerile odvede u Skadar i tamo zato\u010di. \u201cKoga da odvede\u0161, brate Hasane?\u201d \u201cKomunisti\u010dke kurire\u201d, uzviknuo je odsje\u010dno kvisling Jusufi i dao znak rukom vojnicima da prodru u ku\u0107u.<\/p>\n<p>Tog \u010dasa stari Muratbegovi\u0107 pozvao je svoja tri sina. Mladi\u0107i izletje\u0161e pred oca, a ovaj ih posla da izvedu tra\u017eene momke iz ku\u0107e. Sinovi poslu\u0161a\u0161e a starac se okrenu Hasanu: \u201cOni su moje kom\u0161ije, a kom\u0161ija je svetinja, brate Hasane.<\/p>\n<p>I moji sinovi \u0107e ih sada uvesti iz ku\u0107e Voregovi\u0107a u ku\u0107u Muratbegovi\u0107a. Kad ubije\u0161 moje sinove, orobi\u0107e\u0161 i bra\u0107u Voregovi\u0107e. Nego se ti bez njih uputi za Skadar, a da mi ostanemo \u010dasni zemljaci. Odavno se znamo, brate Hasane, da ne kvarimo prijateljstvo\u201d.<\/p>\n<p>Okrenuo se i zajedno sa momcima u\u0161ao u ku\u0107u, za sobom zatvoriv\u0161i kapiju. Hasan Jusufi je jo\u0161 koji tren obigravao zekanom na cesti, a onda naredio desetini da se okrene. Galopom su krenuli d\u017eadom ka Zoganjama.\u201d<\/p>\n<p>Pognute su glave ribara dok vje\u010dni \u0161um talasi\u0107a sa rijeke re\u017ee vla\u017eni zrak. Usred pono\u0107i pucketa na ognji\u0161tu smrdljivo granje salango\u010da. Hamo se okre\u0107e pijanom drugu: \u201cTi, Milane, zna\u0161 za ovu pri\u010du, meni si je \u010desto zakletvom ponavljao.<\/p>\n<p>Ja je sada prvi put pred dru\u0161tvom kazujem. Kanimo se zlih misli, hajde da iznova zapjevamo\u201d.<\/p>\n<p>I po\u010de istiha: \u201cMala moja, mila moja, ja sam ribar iz Ulcinja. I kada do\u0111e\u0161 u moju malu barku, vozi\u0107emo se po moru\u201d. Hor ribara za njim tercom prihvati melodiju.<\/p>\n<p><strong>Izvor: <small>Antena M<\/small><\/strong><\/p>\n<\/div>\n","protected":false},"excerpt":{"rendered":"<p>Foto Bruno Pi\u0161e: Jovan Nikolaidis Godina 1995. 1996. 1997\u2026 Opasne godine na rijeci Bojani, grani\u010dnom pojasu izme\u0111u Jugoslavije i Albanije, pune nepredvidljivih doga\u0111aja i konfuznih vijesti. \u0160verceri malom i velikom robom: cigaretama, naftom, drogom, oru\u017ejem. Trgovina ljudima i, na sivo &#8211; gra\u0111evinskim materijalom, bijelom tehnikom i rezervnim dijelovima za ma\u0161ine i automobile. \u0160pijuni i ubice, [&hellip;]<\/p>\n","protected":false},"author":1,"featured_media":0,"comment_status":"closed","ping_status":"closed","sticky":false,"template":"","format":"standard","meta":{"spay_email":"","jetpack_publicize_message":"","jetpack_is_tweetstorm":false,"jetpack_publicize_feature_enabled":true},"categories":[8337],"tags":[],"jetpack_publicize_connections":[],"yoast_head":"<!-- This site is optimized with the Yoast SEO plugin v19.1 - https:\/\/yoast.com\/wordpress\/plugins\/seo\/ -->\n<title>ULCINJSKIM RIBARIMA, in memoriam - Lajme nga Ulqini<\/title>\n<meta name=\"description\" content=\"Foto Bruno Pi\u0161e: Jovan Nikolaidis Godina 1995. 1996. 1997\u2026 Opasne godine na rijeci Bojani, grani\u010dnom pojasu izme\u0111u Jugoslavije i Albanije, pune\" \/>\n<meta name=\"robots\" content=\"index, follow, max-snippet:-1, max-image-preview:large, max-video-preview:-1\" \/>\n<link rel=\"canonical\" href=\"https:\/\/www.visit-ulcinj.com\/blog\/2016\/11\/13\/ulcinjskim-ribarima-memoriam\/\" \/>\n<meta property=\"og:locale\" content=\"en_US\" \/>\n<meta property=\"og:type\" content=\"article\" \/>\n<meta property=\"og:title\" content=\"ULCINJSKIM RIBARIMA, in memoriam - Lajme nga Ulqini\" \/>\n<meta property=\"og:description\" content=\"Foto Bruno Pi\u0161e: Jovan Nikolaidis Godina 1995. 1996. 1997\u2026 Opasne godine na rijeci Bojani, grani\u010dnom pojasu izme\u0111u Jugoslavije i Albanije, pune\" \/>\n<meta property=\"og:url\" content=\"https:\/\/www.visit-ulcinj.com\/blog\/2016\/11\/13\/ulcinjskim-ribarima-memoriam\/\" \/>\n<meta property=\"og:site_name\" content=\"Lajme nga Ulqini\" \/>\n<meta property=\"article:published_time\" content=\"2016-11-13T14:04:40+00:00\" \/>\n<meta property=\"og:image\" content=\"http:\/\/www.visit-ulcinj.com\/blog\/wp-content\/uploads\/2016\/11\/ulqini-2.jpg\" \/>\n<meta name=\"twitter:label1\" content=\"Written by\" \/>\n\t<meta name=\"twitter:data1\" content=\"ulqini\" \/>\n\t<meta name=\"twitter:label2\" content=\"Est. reading time\" \/>\n\t<meta name=\"twitter:data2\" content=\"4 minutes\" \/>\n<script type=\"application\/ld+json\" class=\"yoast-schema-graph\">{\"@context\":\"https:\/\/schema.org\",\"@graph\":[{\"@type\":\"WebSite\",\"@id\":\"https:\/\/www.visit-ulcinj.com\/blog\/#website\",\"url\":\"https:\/\/www.visit-ulcinj.com\/blog\/\",\"name\":\"Lajme nga Ulqini\",\"description\":\"Lajme,Vijesti,Ulqini,Ulqin,Crna Gora,Mali i Zi\",\"potentialAction\":[{\"@type\":\"SearchAction\",\"target\":{\"@type\":\"EntryPoint\",\"urlTemplate\":\"https:\/\/www.visit-ulcinj.com\/blog\/?s={search_term_string}\"},\"query-input\":\"required name=search_term_string\"}],\"inLanguage\":\"en-US\"},{\"@type\":\"ImageObject\",\"inLanguage\":\"en-US\",\"@id\":\"https:\/\/www.visit-ulcinj.com\/blog\/2016\/11\/13\/ulcinjskim-ribarima-memoriam\/#primaryimage\",\"url\":\"https:\/\/www.visit-ulcinj.com\/blog\/wp-content\/uploads\/2016\/11\/ulqini-2.jpg\",\"contentUrl\":\"https:\/\/www.visit-ulcinj.com\/blog\/wp-content\/uploads\/2016\/11\/ulqini-2.jpg\",\"width\":960,\"height\":720},{\"@type\":\"WebPage\",\"@id\":\"https:\/\/www.visit-ulcinj.com\/blog\/2016\/11\/13\/ulcinjskim-ribarima-memoriam\/#webpage\",\"url\":\"https:\/\/www.visit-ulcinj.com\/blog\/2016\/11\/13\/ulcinjskim-ribarima-memoriam\/\",\"name\":\"ULCINJSKIM RIBARIMA, in memoriam - Lajme nga Ulqini\",\"isPartOf\":{\"@id\":\"https:\/\/www.visit-ulcinj.com\/blog\/#website\"},\"primaryImageOfPage\":{\"@id\":\"https:\/\/www.visit-ulcinj.com\/blog\/2016\/11\/13\/ulcinjskim-ribarima-memoriam\/#primaryimage\"},\"datePublished\":\"2016-11-13T14:04:40+00:00\",\"dateModified\":\"2016-11-13T14:04:40+00:00\",\"author\":{\"@id\":\"https:\/\/www.visit-ulcinj.com\/blog\/#\/schema\/person\/dcab619c614d3038751c63bc2aadc06d\"},\"description\":\"Foto Bruno Pi\u0161e: Jovan Nikolaidis Godina 1995. 1996. 1997\u2026 Opasne godine na rijeci Bojani, grani\u010dnom pojasu izme\u0111u Jugoslavije i Albanije, pune\",\"breadcrumb\":{\"@id\":\"https:\/\/www.visit-ulcinj.com\/blog\/2016\/11\/13\/ulcinjskim-ribarima-memoriam\/#breadcrumb\"},\"inLanguage\":\"en-US\",\"potentialAction\":[{\"@type\":\"ReadAction\",\"target\":[\"https:\/\/www.visit-ulcinj.com\/blog\/2016\/11\/13\/ulcinjskim-ribarima-memoriam\/\"]}]},{\"@type\":\"BreadcrumbList\",\"@id\":\"https:\/\/www.visit-ulcinj.com\/blog\/2016\/11\/13\/ulcinjskim-ribarima-memoriam\/#breadcrumb\",\"itemListElement\":[{\"@type\":\"ListItem\",\"position\":1,\"name\":\"ULCINJSKIM RIBARIMA, in memoriam\"}]},{\"@type\":\"Person\",\"@id\":\"https:\/\/www.visit-ulcinj.com\/blog\/#\/schema\/person\/dcab619c614d3038751c63bc2aadc06d\",\"name\":\"ulqini\",\"sameAs\":[\"http:\/\/www.visit-ulcinj.com\"],\"url\":\"https:\/\/www.visit-ulcinj.com\/blog\/author\/admin\/\"}]}<\/script>\n<!-- \/ Yoast SEO plugin. -->","yoast_head_json":{"title":"ULCINJSKIM RIBARIMA, in memoriam - Lajme nga Ulqini","description":"Foto Bruno Pi\u0161e: Jovan Nikolaidis Godina 1995. 1996. 1997\u2026 Opasne godine na rijeci Bojani, grani\u010dnom pojasu izme\u0111u Jugoslavije i Albanije, pune","robots":{"index":"index","follow":"follow","max-snippet":"max-snippet:-1","max-image-preview":"max-image-preview:large","max-video-preview":"max-video-preview:-1"},"canonical":"https:\/\/www.visit-ulcinj.com\/blog\/2016\/11\/13\/ulcinjskim-ribarima-memoriam\/","og_locale":"en_US","og_type":"article","og_title":"ULCINJSKIM RIBARIMA, in memoriam - Lajme nga Ulqini","og_description":"Foto Bruno Pi\u0161e: Jovan Nikolaidis Godina 1995. 1996. 1997\u2026 Opasne godine na rijeci Bojani, grani\u010dnom pojasu izme\u0111u Jugoslavije i Albanije, pune","og_url":"https:\/\/www.visit-ulcinj.com\/blog\/2016\/11\/13\/ulcinjskim-ribarima-memoriam\/","og_site_name":"Lajme nga Ulqini","article_published_time":"2016-11-13T14:04:40+00:00","og_image":[{"url":"http:\/\/www.visit-ulcinj.com\/blog\/wp-content\/uploads\/2016\/11\/ulqini-2.jpg"}],"twitter_misc":{"Written by":"ulqini","Est. reading time":"4 minutes"},"schema":{"@context":"https:\/\/schema.org","@graph":[{"@type":"WebSite","@id":"https:\/\/www.visit-ulcinj.com\/blog\/#website","url":"https:\/\/www.visit-ulcinj.com\/blog\/","name":"Lajme nga Ulqini","description":"Lajme,Vijesti,Ulqini,Ulqin,Crna Gora,Mali i Zi","potentialAction":[{"@type":"SearchAction","target":{"@type":"EntryPoint","urlTemplate":"https:\/\/www.visit-ulcinj.com\/blog\/?s={search_term_string}"},"query-input":"required name=search_term_string"}],"inLanguage":"en-US"},{"@type":"ImageObject","inLanguage":"en-US","@id":"https:\/\/www.visit-ulcinj.com\/blog\/2016\/11\/13\/ulcinjskim-ribarima-memoriam\/#primaryimage","url":"https:\/\/www.visit-ulcinj.com\/blog\/wp-content\/uploads\/2016\/11\/ulqini-2.jpg","contentUrl":"https:\/\/www.visit-ulcinj.com\/blog\/wp-content\/uploads\/2016\/11\/ulqini-2.jpg","width":960,"height":720},{"@type":"WebPage","@id":"https:\/\/www.visit-ulcinj.com\/blog\/2016\/11\/13\/ulcinjskim-ribarima-memoriam\/#webpage","url":"https:\/\/www.visit-ulcinj.com\/blog\/2016\/11\/13\/ulcinjskim-ribarima-memoriam\/","name":"ULCINJSKIM RIBARIMA, in memoriam - Lajme nga Ulqini","isPartOf":{"@id":"https:\/\/www.visit-ulcinj.com\/blog\/#website"},"primaryImageOfPage":{"@id":"https:\/\/www.visit-ulcinj.com\/blog\/2016\/11\/13\/ulcinjskim-ribarima-memoriam\/#primaryimage"},"datePublished":"2016-11-13T14:04:40+00:00","dateModified":"2016-11-13T14:04:40+00:00","author":{"@id":"https:\/\/www.visit-ulcinj.com\/blog\/#\/schema\/person\/dcab619c614d3038751c63bc2aadc06d"},"description":"Foto Bruno Pi\u0161e: Jovan Nikolaidis Godina 1995. 1996. 1997\u2026 Opasne godine na rijeci Bojani, grani\u010dnom pojasu izme\u0111u Jugoslavije i Albanije, pune","breadcrumb":{"@id":"https:\/\/www.visit-ulcinj.com\/blog\/2016\/11\/13\/ulcinjskim-ribarima-memoriam\/#breadcrumb"},"inLanguage":"en-US","potentialAction":[{"@type":"ReadAction","target":["https:\/\/www.visit-ulcinj.com\/blog\/2016\/11\/13\/ulcinjskim-ribarima-memoriam\/"]}]},{"@type":"BreadcrumbList","@id":"https:\/\/www.visit-ulcinj.com\/blog\/2016\/11\/13\/ulcinjskim-ribarima-memoriam\/#breadcrumb","itemListElement":[{"@type":"ListItem","position":1,"name":"ULCINJSKIM RIBARIMA, in memoriam"}]},{"@type":"Person","@id":"https:\/\/www.visit-ulcinj.com\/blog\/#\/schema\/person\/dcab619c614d3038751c63bc2aadc06d","name":"ulqini","sameAs":["http:\/\/www.visit-ulcinj.com"],"url":"https:\/\/www.visit-ulcinj.com\/blog\/author\/admin\/"}]}},"jetpack_featured_media_url":"","jetpack_sharing_enabled":true,"jetpack_shortlink":"https:\/\/wp.me\/pe6lTn-qgY","_links":{"self":[{"href":"https:\/\/www.visit-ulcinj.com\/blog\/wp-json\/wp\/v2\/posts\/100996"}],"collection":[{"href":"https:\/\/www.visit-ulcinj.com\/blog\/wp-json\/wp\/v2\/posts"}],"about":[{"href":"https:\/\/www.visit-ulcinj.com\/blog\/wp-json\/wp\/v2\/types\/post"}],"author":[{"embeddable":true,"href":"https:\/\/www.visit-ulcinj.com\/blog\/wp-json\/wp\/v2\/users\/1"}],"replies":[{"embeddable":true,"href":"https:\/\/www.visit-ulcinj.com\/blog\/wp-json\/wp\/v2\/comments?post=100996"}],"version-history":[{"count":1,"href":"https:\/\/www.visit-ulcinj.com\/blog\/wp-json\/wp\/v2\/posts\/100996\/revisions"}],"predecessor-version":[{"id":100998,"href":"https:\/\/www.visit-ulcinj.com\/blog\/wp-json\/wp\/v2\/posts\/100996\/revisions\/100998"}],"wp:attachment":[{"href":"https:\/\/www.visit-ulcinj.com\/blog\/wp-json\/wp\/v2\/media?parent=100996"}],"wp:term":[{"taxonomy":"category","embeddable":true,"href":"https:\/\/www.visit-ulcinj.com\/blog\/wp-json\/wp\/v2\/categories?post=100996"},{"taxonomy":"post_tag","embeddable":true,"href":"https:\/\/www.visit-ulcinj.com\/blog\/wp-json\/wp\/v2\/tags?post=100996"}],"curies":[{"name":"wp","href":"https:\/\/api.w.org\/{rel}","templated":true}]}}