{"id":101004,"date":"2016-11-13T18:59:12","date_gmt":"2016-11-13T17:59:12","guid":{"rendered":"http:\/\/www.visit-ulcinj.com\/blog\/?p=101004"},"modified":"2016-11-14T21:32:29","modified_gmt":"2016-11-14T20:32:29","slug":"mbahet-mbledhja-komemorative-per-riza-rexhen","status":"publish","type":"post","link":"https:\/\/www.visit-ulcinj.com\/blog\/2016\/11\/13\/mbahet-mbledhja-komemorative-per-riza-rexhen\/","title":{"rendered":"Mbahet mbledhja komemorative p\u00ebr Riza Rexh\u00ebn"},"content":{"rendered":"<p><a href=\"http:\/\/www.visit-ulcinj.com\/blog\/wp-content\/uploads\/2016\/11\/im-memoriam-Riza-Rexha.jpg\"><img loading=\"lazy\" class=\"alignleft wp-image-101005\" src=\"http:\/\/www.visit-ulcinj.com\/blog\/wp-content\/uploads\/2016\/11\/im-memoriam-Riza-Rexha.jpg\" alt=\"im memoriam Riza-Rexha\" width=\"508\" height=\"381\" srcset=\"https:\/\/www.visit-ulcinj.com\/blog\/wp-content\/uploads\/2016\/11\/im-memoriam-Riza-Rexha.jpg 640w, https:\/\/www.visit-ulcinj.com\/blog\/wp-content\/uploads\/2016\/11\/im-memoriam-Riza-Rexha-300x225.jpg 300w\" sizes=\"(max-width: 508px) 100vw, 508px\" \/><\/a>Sot, n\u00eb Sall\u00ebn e madhe t\u00eb Komun\u00ebs s\u00eb Ulqinit, n\u00eb organizimin e Shoqat\u00ebs s\u00eb artist\u00ebve dhe intelektual\u00ebve \u201cArt club\u201d, u mbajt mbledhja komemorative n\u00eb nder t\u00eb Mr. Riza Rexhes, i cili nd\u00ebrroi jet\u00eb t\u00eb shtun\u00ebn n\u00eb Ulqin, raporton portali Ul.info.<\/p>\n<p>N\u00eb fjal\u00ebn e rastit, Dr. Nail Draga foli holl\u00ebsisht p\u00ebr biografin\u00eb e profesor Riza Rexh\u00ebs, duke theksuar kontributin e tij t\u00eb jasht\u00ebzakonsh\u00ebm n\u00eb fush\u00ebn e arsimit, hulumtimit dhe botimeve shkencore nga historia komb\u00ebtare shqiptare.<\/p>\n<p>\u201cMe vdekjen e tij, familja humbi personin e dashur, nd\u00ebrsa shoq\u00ebria dhe kultura shqiptare intelektualin dhe studiuesin e nderuar. Ngush\u00ebllimet m\u00eb t\u00eb p\u00ebrzem\u00ebrta familjes Rexha, t\u00eb af\u00ebrmve dhe miqve t\u00eb tij. Lamtumir\u00eb profesori yn\u00eb i nderuar\u201d, p\u00ebrfundoi Draga.<\/p>\n<p>N\u00eb em\u00ebr t\u00eb familjes t\u00eb pranishm\u00ebve iu drejtua Ali Rexha, i cili i fal\u00ebnderoi t\u00eb gjith\u00eb q\u00eb gjet\u00ebn koh\u00eb ta p\u00ebrkujtojn\u00eb vepr\u00ebn dhe pun\u00ebn e Riza Rexh\u00ebs.<\/p>\n<p>\u201cN\u00eb koh\u00ebn kur t\u00eb gjith\u00eb neve na duket se t\u00eb tjer\u00ebt na kan\u00eb borxh, mbetet emblematike dhe, p\u00ebr t\u00eb gjith\u00eb ne udh\u00ebrr\u00ebfyes,\u00a0 th\u00ebnia e Mr. Riza Rexh\u00ebs \u2018I kam mbet borxh kombit\u2019, p\u00ebr shkak se nuk kishte arritur t\u00eb botoj\u00eb librin e tret\u00eb, si vazhdim\u00ebsi e studimeve t\u00eb tij p\u00ebr historin\u00eb e Ulqinit, gj\u00eb q\u00eb ai e konsideronte si detyrim komb\u00ebtar. Para disa dit\u00ebsh, Shoqata e artist\u00ebve dhe intelektual\u00ebve \u2018Art Club\u2019 ka botuar n\u00eb gjuh\u00ebn malazeze librin \u2018Ulqini n\u00eb vitet e lidhjes shqiptare t\u00eb Prizrenit 1878-1881\u2019. Ky \u00ebsht\u00eb nj\u00eb satisfaksion p\u00ebr ne, ashtu si\u00e7 na mbetet peng q\u00eb gjat\u00eb koh\u00ebs sa ishte gjall\u00eb nuk kemi arritur t\u00eb botojm\u00eb n\u00eb gjuh\u00ebn malazeze librin e tij \u2018Ulqini dhe politika e Malit t\u00eb Zi 1881-1912\u2019, t\u00eb cilin e kemi n\u00eb plan ta botojm\u00eb n\u00eb t\u00eb ardhmen e af\u00ebrt p\u00ebr t\u00eb p\u00ebrmbushur borxhin q\u00eb kemi ndaj tij. Vdekja e studiuesit Riza Rexha \u00ebsht\u00eb humbje e madhe p\u00ebr familjar\u00ebt dhe t\u00eb af\u00ebrmit e tij, p\u00ebr shkenc\u00ebn shqiptare n\u00eb p\u00ebrgjith\u00ebsi, e sidomos p\u00ebr historiografin\u00eb shqiptare n\u00eb Mal t\u00eb Zi\u201d, tha n\u00eb fjal\u00ebn e tij kryetari i \u201cArt Clubit\u201dMr. Ismet Kallaba.<\/p>\n<p>Riza Rexha lindi me 7 shkurt t\u00eb vitit 1935, n\u00eb fshatin K\u00ebllez\u00ebn n\u00eb Ulqin. N\u00eb vitin 1964 regjistrohet n\u00eb Fakultetin filozofik n\u00eb Prishtin\u00eb, n\u00eb deg\u00ebn e historis\u00eb, ku merr diplom\u00ebn e profesorit n\u00eb vitin 1968. Nga shtatori i vitit 1968 deri n\u00eb muajin maj t\u00eb vitit 1980 jep m\u00ebsim n\u00eb shkoll\u00ebn e mesme n\u00eb Ulqin. M\u00eb pas, nga viti 1980 deri sa del n\u00eb pension, n\u00eb vitin 1991, ka punuar n\u00eb Bashk\u00ebsin\u00eb dhe qeverisjen e interesit n\u00eb Ulqin. Krahas pun\u00ebs edukativo-arsimore \u00ebsht\u00eb marr\u00eb edhe me pun\u00eb shkencore. Puna shkencore \u00ebsht\u00eb kuror\u00ebzuar me mbrojtjen e tez\u00ebs s\u00eb magjistratur\u00ebs me titull \u201cUlqini 1918-1945\u201d. Ka marr\u00eb pjes\u00eb n\u00eb sesione dhe simpoziume t\u00eb ndryshme shkencore n\u00eb hap\u00ebsir\u00ebn etnogjeografike shqiptare, ku \u00ebsht\u00eb paraqitur me kumtesa t\u00eb suksesshme nga fusha e historis\u00eb. Ka botuar dy libra monumental, jo vet\u00ebm p\u00ebr Shqiptar\u00ebt n\u00eb Mal t\u00eb Zi, por edhe p\u00ebr Shqiptar\u00ebt n\u00eb p\u00ebrgjith\u00ebsi dhe ato jan\u00eb \u201cUlqini n\u00eb vitet e lidhjes shqiptare t\u00eb Prizrenit 1878-1881\u201d dhe \u201cUlqini dhe politika e Malit t\u00eb Zi 1881-1912\u201c, q\u00eb t\u00eb dyja t\u00eb botuara nga \u201cArt Club\u201d. \u00cbsht\u00eb laureat i shp\u00ebrblimit t\u00eb \u201cArt Clubit\u201d p\u00ebr vitin 1998. Duke vler\u00ebsuar lart\u00eb pun\u00ebn edukativo-arsimore, por edhe at\u00eb si studiues, n\u00eb vitin 2014 Kuvendi i Komun\u00ebs s\u00eb Ulqinit i jep dekorat\u00ebn m\u00eb t\u00eb lart\u00eb \u201cMir\u00ebnjohja e Ulqinit\u201d.<\/p>\n","protected":false},"excerpt":{"rendered":"<p>Sot, n\u00eb Sall\u00ebn e madhe t\u00eb Komun\u00ebs s\u00eb Ulqinit, n\u00eb organizimin e Shoqat\u00ebs s\u00eb artist\u00ebve dhe intelektual\u00ebve \u201cArt club\u201d, u mbajt mbledhja komemorative n\u00eb nder t\u00eb Mr. Riza Rexhes, i cili nd\u00ebrroi jet\u00eb t\u00eb shtun\u00ebn n\u00eb Ulqin, raporton portali Ul.info. N\u00eb fjal\u00ebn e rastit, Dr. Nail Draga foli holl\u00ebsisht p\u00ebr biografin\u00eb e profesor Riza Rexh\u00ebs, [&hellip;]<\/p>\n","protected":false},"author":1,"featured_media":0,"comment_status":"closed","ping_status":"closed","sticky":false,"template":"","format":"standard","meta":{"spay_email":"","jetpack_publicize_message":"","jetpack_is_tweetstorm":false,"jetpack_publicize_feature_enabled":true},"categories":[1,12],"tags":[],"jetpack_publicize_connections":[],"yoast_head":"<!-- This site is optimized with the Yoast SEO plugin v19.1 - https:\/\/yoast.com\/wordpress\/plugins\/seo\/ -->\n<title>Mbahet mbledhja komemorative p\u00ebr Riza Rexh\u00ebn - Lajme nga Ulqini<\/title>\n<meta name=\"description\" content=\"Sot, n\u00eb Sall\u00ebn e madhe t\u00eb Komun\u00ebs s\u00eb Ulqinit, n\u00eb organizimin e Shoqat\u00ebs s\u00eb artist\u00ebve dhe intelektual\u00ebve \u201cArt club\u201d, u mbajt mbledhja komemorative n\u00eb nder\" \/>\n<meta name=\"robots\" content=\"index, follow, max-snippet:-1, max-image-preview:large, max-video-preview:-1\" \/>\n<link rel=\"canonical\" href=\"https:\/\/www.visit-ulcinj.com\/blog\/2016\/11\/13\/mbahet-mbledhja-komemorative-per-riza-rexhen\/\" \/>\n<meta property=\"og:locale\" content=\"en_US\" \/>\n<meta property=\"og:type\" content=\"article\" \/>\n<meta property=\"og:title\" content=\"Mbahet mbledhja komemorative p\u00ebr Riza Rexh\u00ebn - Lajme nga Ulqini\" \/>\n<meta property=\"og:description\" content=\"Sot, n\u00eb Sall\u00ebn e madhe t\u00eb Komun\u00ebs s\u00eb Ulqinit, n\u00eb organizimin e Shoqat\u00ebs s\u00eb artist\u00ebve dhe intelektual\u00ebve \u201cArt club\u201d, u mbajt mbledhja komemorative n\u00eb nder\" \/>\n<meta property=\"og:url\" content=\"https:\/\/www.visit-ulcinj.com\/blog\/2016\/11\/13\/mbahet-mbledhja-komemorative-per-riza-rexhen\/\" \/>\n<meta property=\"og:site_name\" content=\"Lajme nga Ulqini\" \/>\n<meta property=\"article:published_time\" content=\"2016-11-13T17:59:12+00:00\" \/>\n<meta property=\"article:modified_time\" content=\"2016-11-14T20:32:29+00:00\" \/>\n<meta property=\"og:image\" content=\"http:\/\/www.visit-ulcinj.com\/blog\/wp-content\/uploads\/2016\/11\/im-memoriam-Riza-Rexha.jpg\" \/>\n<meta name=\"twitter:label1\" content=\"Written by\" \/>\n\t<meta name=\"twitter:data1\" content=\"ulqini\" \/>\n\t<meta name=\"twitter:label2\" content=\"Est. reading time\" \/>\n\t<meta name=\"twitter:data2\" content=\"3 minutes\" \/>\n<script type=\"application\/ld+json\" class=\"yoast-schema-graph\">{\"@context\":\"https:\/\/schema.org\",\"@graph\":[{\"@type\":\"WebSite\",\"@id\":\"https:\/\/www.visit-ulcinj.com\/blog\/#website\",\"url\":\"https:\/\/www.visit-ulcinj.com\/blog\/\",\"name\":\"Lajme nga Ulqini\",\"description\":\"Lajme,Vijesti,Ulqini,Ulqin,Crna Gora,Mali i Zi\",\"potentialAction\":[{\"@type\":\"SearchAction\",\"target\":{\"@type\":\"EntryPoint\",\"urlTemplate\":\"https:\/\/www.visit-ulcinj.com\/blog\/?s={search_term_string}\"},\"query-input\":\"required name=search_term_string\"}],\"inLanguage\":\"en-US\"},{\"@type\":\"ImageObject\",\"inLanguage\":\"en-US\",\"@id\":\"https:\/\/www.visit-ulcinj.com\/blog\/2016\/11\/13\/mbahet-mbledhja-komemorative-per-riza-rexhen\/#primaryimage\",\"url\":\"https:\/\/www.visit-ulcinj.com\/blog\/wp-content\/uploads\/2016\/11\/im-memoriam-Riza-Rexha.jpg\",\"contentUrl\":\"https:\/\/www.visit-ulcinj.com\/blog\/wp-content\/uploads\/2016\/11\/im-memoriam-Riza-Rexha.jpg\",\"width\":640,\"height\":480},{\"@type\":\"WebPage\",\"@id\":\"https:\/\/www.visit-ulcinj.com\/blog\/2016\/11\/13\/mbahet-mbledhja-komemorative-per-riza-rexhen\/#webpage\",\"url\":\"https:\/\/www.visit-ulcinj.com\/blog\/2016\/11\/13\/mbahet-mbledhja-komemorative-per-riza-rexhen\/\",\"name\":\"Mbahet mbledhja komemorative p\u00ebr Riza Rexh\u00ebn - Lajme nga Ulqini\",\"isPartOf\":{\"@id\":\"https:\/\/www.visit-ulcinj.com\/blog\/#website\"},\"primaryImageOfPage\":{\"@id\":\"https:\/\/www.visit-ulcinj.com\/blog\/2016\/11\/13\/mbahet-mbledhja-komemorative-per-riza-rexhen\/#primaryimage\"},\"datePublished\":\"2016-11-13T17:59:12+00:00\",\"dateModified\":\"2016-11-14T20:32:29+00:00\",\"author\":{\"@id\":\"https:\/\/www.visit-ulcinj.com\/blog\/#\/schema\/person\/dcab619c614d3038751c63bc2aadc06d\"},\"description\":\"Sot, n\u00eb Sall\u00ebn e madhe t\u00eb Komun\u00ebs s\u00eb Ulqinit, n\u00eb organizimin e Shoqat\u00ebs s\u00eb artist\u00ebve dhe intelektual\u00ebve \u201cArt club\u201d, u mbajt mbledhja komemorative n\u00eb nder\",\"breadcrumb\":{\"@id\":\"https:\/\/www.visit-ulcinj.com\/blog\/2016\/11\/13\/mbahet-mbledhja-komemorative-per-riza-rexhen\/#breadcrumb\"},\"inLanguage\":\"en-US\",\"potentialAction\":[{\"@type\":\"ReadAction\",\"target\":[\"https:\/\/www.visit-ulcinj.com\/blog\/2016\/11\/13\/mbahet-mbledhja-komemorative-per-riza-rexhen\/\"]}]},{\"@type\":\"BreadcrumbList\",\"@id\":\"https:\/\/www.visit-ulcinj.com\/blog\/2016\/11\/13\/mbahet-mbledhja-komemorative-per-riza-rexhen\/#breadcrumb\",\"itemListElement\":[{\"@type\":\"ListItem\",\"position\":1,\"name\":\"Mbahet mbledhja komemorative p\u00ebr Riza Rexh\u00ebn\"}]},{\"@type\":\"Person\",\"@id\":\"https:\/\/www.visit-ulcinj.com\/blog\/#\/schema\/person\/dcab619c614d3038751c63bc2aadc06d\",\"name\":\"ulqini\",\"sameAs\":[\"http:\/\/www.visit-ulcinj.com\"],\"url\":\"https:\/\/www.visit-ulcinj.com\/blog\/author\/admin\/\"}]}<\/script>\n<!-- \/ Yoast SEO plugin. -->","yoast_head_json":{"title":"Mbahet mbledhja komemorative p\u00ebr Riza Rexh\u00ebn - Lajme nga Ulqini","description":"Sot, n\u00eb Sall\u00ebn e madhe t\u00eb Komun\u00ebs s\u00eb Ulqinit, n\u00eb organizimin e Shoqat\u00ebs s\u00eb artist\u00ebve dhe intelektual\u00ebve \u201cArt club\u201d, u mbajt mbledhja komemorative n\u00eb nder","robots":{"index":"index","follow":"follow","max-snippet":"max-snippet:-1","max-image-preview":"max-image-preview:large","max-video-preview":"max-video-preview:-1"},"canonical":"https:\/\/www.visit-ulcinj.com\/blog\/2016\/11\/13\/mbahet-mbledhja-komemorative-per-riza-rexhen\/","og_locale":"en_US","og_type":"article","og_title":"Mbahet mbledhja komemorative p\u00ebr Riza Rexh\u00ebn - Lajme nga Ulqini","og_description":"Sot, n\u00eb Sall\u00ebn e madhe t\u00eb Komun\u00ebs s\u00eb Ulqinit, n\u00eb organizimin e Shoqat\u00ebs s\u00eb artist\u00ebve dhe intelektual\u00ebve \u201cArt club\u201d, u mbajt mbledhja komemorative n\u00eb nder","og_url":"https:\/\/www.visit-ulcinj.com\/blog\/2016\/11\/13\/mbahet-mbledhja-komemorative-per-riza-rexhen\/","og_site_name":"Lajme nga Ulqini","article_published_time":"2016-11-13T17:59:12+00:00","article_modified_time":"2016-11-14T20:32:29+00:00","og_image":[{"url":"http:\/\/www.visit-ulcinj.com\/blog\/wp-content\/uploads\/2016\/11\/im-memoriam-Riza-Rexha.jpg"}],"twitter_misc":{"Written by":"ulqini","Est. reading time":"3 minutes"},"schema":{"@context":"https:\/\/schema.org","@graph":[{"@type":"WebSite","@id":"https:\/\/www.visit-ulcinj.com\/blog\/#website","url":"https:\/\/www.visit-ulcinj.com\/blog\/","name":"Lajme nga Ulqini","description":"Lajme,Vijesti,Ulqini,Ulqin,Crna Gora,Mali i Zi","potentialAction":[{"@type":"SearchAction","target":{"@type":"EntryPoint","urlTemplate":"https:\/\/www.visit-ulcinj.com\/blog\/?s={search_term_string}"},"query-input":"required name=search_term_string"}],"inLanguage":"en-US"},{"@type":"ImageObject","inLanguage":"en-US","@id":"https:\/\/www.visit-ulcinj.com\/blog\/2016\/11\/13\/mbahet-mbledhja-komemorative-per-riza-rexhen\/#primaryimage","url":"https:\/\/www.visit-ulcinj.com\/blog\/wp-content\/uploads\/2016\/11\/im-memoriam-Riza-Rexha.jpg","contentUrl":"https:\/\/www.visit-ulcinj.com\/blog\/wp-content\/uploads\/2016\/11\/im-memoriam-Riza-Rexha.jpg","width":640,"height":480},{"@type":"WebPage","@id":"https:\/\/www.visit-ulcinj.com\/blog\/2016\/11\/13\/mbahet-mbledhja-komemorative-per-riza-rexhen\/#webpage","url":"https:\/\/www.visit-ulcinj.com\/blog\/2016\/11\/13\/mbahet-mbledhja-komemorative-per-riza-rexhen\/","name":"Mbahet mbledhja komemorative p\u00ebr Riza Rexh\u00ebn - Lajme nga Ulqini","isPartOf":{"@id":"https:\/\/www.visit-ulcinj.com\/blog\/#website"},"primaryImageOfPage":{"@id":"https:\/\/www.visit-ulcinj.com\/blog\/2016\/11\/13\/mbahet-mbledhja-komemorative-per-riza-rexhen\/#primaryimage"},"datePublished":"2016-11-13T17:59:12+00:00","dateModified":"2016-11-14T20:32:29+00:00","author":{"@id":"https:\/\/www.visit-ulcinj.com\/blog\/#\/schema\/person\/dcab619c614d3038751c63bc2aadc06d"},"description":"Sot, n\u00eb Sall\u00ebn e madhe t\u00eb Komun\u00ebs s\u00eb Ulqinit, n\u00eb organizimin e Shoqat\u00ebs s\u00eb artist\u00ebve dhe intelektual\u00ebve \u201cArt club\u201d, u mbajt mbledhja komemorative n\u00eb nder","breadcrumb":{"@id":"https:\/\/www.visit-ulcinj.com\/blog\/2016\/11\/13\/mbahet-mbledhja-komemorative-per-riza-rexhen\/#breadcrumb"},"inLanguage":"en-US","potentialAction":[{"@type":"ReadAction","target":["https:\/\/www.visit-ulcinj.com\/blog\/2016\/11\/13\/mbahet-mbledhja-komemorative-per-riza-rexhen\/"]}]},{"@type":"BreadcrumbList","@id":"https:\/\/www.visit-ulcinj.com\/blog\/2016\/11\/13\/mbahet-mbledhja-komemorative-per-riza-rexhen\/#breadcrumb","itemListElement":[{"@type":"ListItem","position":1,"name":"Mbahet mbledhja komemorative p\u00ebr Riza Rexh\u00ebn"}]},{"@type":"Person","@id":"https:\/\/www.visit-ulcinj.com\/blog\/#\/schema\/person\/dcab619c614d3038751c63bc2aadc06d","name":"ulqini","sameAs":["http:\/\/www.visit-ulcinj.com"],"url":"https:\/\/www.visit-ulcinj.com\/blog\/author\/admin\/"}]}},"jetpack_featured_media_url":"","jetpack_sharing_enabled":true,"jetpack_shortlink":"https:\/\/wp.me\/pe6lTn-qh6","_links":{"self":[{"href":"https:\/\/www.visit-ulcinj.com\/blog\/wp-json\/wp\/v2\/posts\/101004"}],"collection":[{"href":"https:\/\/www.visit-ulcinj.com\/blog\/wp-json\/wp\/v2\/posts"}],"about":[{"href":"https:\/\/www.visit-ulcinj.com\/blog\/wp-json\/wp\/v2\/types\/post"}],"author":[{"embeddable":true,"href":"https:\/\/www.visit-ulcinj.com\/blog\/wp-json\/wp\/v2\/users\/1"}],"replies":[{"embeddable":true,"href":"https:\/\/www.visit-ulcinj.com\/blog\/wp-json\/wp\/v2\/comments?post=101004"}],"version-history":[{"count":1,"href":"https:\/\/www.visit-ulcinj.com\/blog\/wp-json\/wp\/v2\/posts\/101004\/revisions"}],"predecessor-version":[{"id":101006,"href":"https:\/\/www.visit-ulcinj.com\/blog\/wp-json\/wp\/v2\/posts\/101004\/revisions\/101006"}],"wp:attachment":[{"href":"https:\/\/www.visit-ulcinj.com\/blog\/wp-json\/wp\/v2\/media?parent=101004"}],"wp:term":[{"taxonomy":"category","embeddable":true,"href":"https:\/\/www.visit-ulcinj.com\/blog\/wp-json\/wp\/v2\/categories?post=101004"},{"taxonomy":"post_tag","embeddable":true,"href":"https:\/\/www.visit-ulcinj.com\/blog\/wp-json\/wp\/v2\/tags?post=101004"}],"curies":[{"name":"wp","href":"https:\/\/api.w.org\/{rel}","templated":true}]}}