{"id":101008,"date":"2016-11-13T19:18:53","date_gmt":"2016-11-13T18:18:53","guid":{"rendered":"http:\/\/www.visit-ulcinj.com\/blog\/?p=101008"},"modified":"2016-11-13T19:18:53","modified_gmt":"2016-11-13T18:18:53","slug":"memoriam-riza-rexha","status":"publish","type":"post","link":"https:\/\/www.visit-ulcinj.com\/blog\/2016\/11\/13\/memoriam-riza-rexha\/","title":{"rendered":"In Memoriam \u2013 Riza Rexha"},"content":{"rendered":"<p><a href=\"http:\/\/www.visit-ulcinj.com\/blog\/wp-content\/uploads\/2016\/11\/In-Memoriam-\u2013-Riza-Rexha.jpg\"><img loading=\"lazy\" class=\"alignleft wp-image-101009 size-full\" src=\"http:\/\/www.visit-ulcinj.com\/blog\/wp-content\/uploads\/2016\/11\/In-Memoriam-\u2013-Riza-Rexha.jpg\" alt=\"In Memoriam \u2013 Riza Rexha\" width=\"296\" height=\"394\" srcset=\"https:\/\/www.visit-ulcinj.com\/blog\/wp-content\/uploads\/2016\/11\/In-Memoriam-\u2013-Riza-Rexha.jpg 296w, https:\/\/www.visit-ulcinj.com\/blog\/wp-content\/uploads\/2016\/11\/In-Memoriam-\u2013-Riza-Rexha-225x300.jpg 225w\" sizes=\"(max-width: 296px) 100vw, 296px\" \/><\/a>T\u00eb stunen, me 12. 11. 2016 n\u00eb mosh\u00ebn 81 vje\u00e7are ndrroi jet\u00eb profesor RIZA RAXHA, nj\u00ebri nd\u00ebr pun\u00ebtor\u00ebt m\u00eb t\u00eb dalluar t\u00eb arsimit te ne n\u00eb Ulqin dhe n\u00eb Malin e Zi. Rizaja ka qen\u00eb nj\u00eb nd\u00ebr figurat m\u00eb markante t\u00eb qytetit ton\u00eb. Gjithmon\u00eb elegant i veshur, nj\u00eb nj\u00ebri but i sinqert, modest, nj\u00eb nj\u00ebri i cili pad\u00ebshim ka dh\u00ebn\u00eb nj\u00eb kontribut t\u00eb jasht\u00ebzakonsh\u00ebm n\u00eb edukimin dhe arsimin e shum\u00eb gjeneratave n\u00eb qytetin ton\u00eb. Riza REXHA ka pasur nj\u00eb autoritet t\u00eb ve\u00e7ant\u00eb dhe mendoj se nuk gaboj kur\u00eb them\u00eb se \u00ebsht\u00eb dalluar nga shum\u00eb ne t\u00eb cil\u00ebt kemi dhen\u00eb m\u00ebsim n\u00eb Gjimnazin e Ulqinit.<br \/>\nRiza Rexha \u00ebsht\u00eb dalluar, ka qen\u00eb shembull se si duhet t\u00eb jet nj\u00eb pun\u00ebtor i arsimit. duke filluar nga qendrimi i tij i cili ka qen\u00eb i rall\u00eb, dhe deri te zhvillimi i l\u00ebnd\u00ebs, disciplin\u00ebs. Riza Rexha ka filluar si m\u00ebsuas, dhe mund t\u00eb them\u00eb se ai ka qen\u00eb edhe nj\u00ebri nga pishtar\u00ebt e drit\u00ebs e edukimit dhe arsimit n\u00eb gjuh\u00ebn shqipe te ne n\u00eb p\u00ebrgjith\u00ebsi, pavarsisht nga kushtet t\u00eb v\u00ebshtira ekonomike, sidomos ato politike.<br \/>\n\u00cbsht\u00eb v\u00ebshtir\u00eb t\u00eb imagjinosh se me \u00e7ka \u00ebsht\u00eb marr\u00eb shteti p\u00ebr ta zhdukur identitetin, kultur\u00ebn dhe gjuh\u00ebn ton\u00eb. \u00cbsht\u00eb e nevojshme t\u00eb p\u00ebrmenden shok\u00ebt dhe bashk\u00ebpun\u00ebtoret e tij, Bajram REXHA, Mehmet BARDHI, Qazim REXHA, Ibrahim CEKA, Tahir PEREZIQI, t\u00eb cil\u00ebve n\u00eb k\u00ebto kushte i ka r\u00ebn\u00eb barra edhe m\u00eb e r\u00ebnd\u00eb, pasi q\u00eb pushteti i asaj kohe i ka p\u00ebrjashtuar nga puna, dhe denuar edhe me burg. Rehabilitimi i k\u00ebtyre personave t\u00eb arsimit ton\u00eb ka zgjatur nj\u00eb koh\u00eb t\u00eb gjat\u00eb, dhe shum\u00eb m\u00eb von\u00eb, n\u00eb koh\u00ebn e tranzicionit kan\u00eb fituar vendin e merituar n\u00eb shoq\u00ebrin\u00eb ton\u00eb.<br \/>\nK\u00ebtij grupi i ka takuar edhe Riza REXHA. Pun\u00ebn e arsimit e ka punur me zem\u00ebr, me pasion dhe me nj\u00eb dashuri t\u00eb madhe p\u00ebr arsimin e f\u00ebmijeve dhe t\u00eb rinjve shqiptar\u00eb n\u00eb Malin e Zi.<br \/>\nRizaja ka qen\u00eb njoh\u00ebs i mir\u00eb i historis\u00eb, dhe nj\u00eb nd\u00ebr studius\u00ebt dhe hulumtues\u00ebt m\u00eb t\u00eb mir\u00eb t\u00eb Rilindjes ton\u00eb komb\u00ebtare. Ka marr\u00eb pjes\u00eb n\u00eb shum\u00eb simoziume shkencore ku \u00ebsht\u00eb paraqit\u00eb me kumtesa nga fusha e historis\u00eb, Ka shkruar n\u00eb shum\u00eb gazeta dhe revista n\u00eb Kosov\u00eb dhe n\u00eb Ma t\u00eb Zi.<br \/>\nMir\u00ebpo, libri &#8220;ULQINI n\u00eb vitet e lidhjes shqiptare t\u00eb Prizrenit 1878 &#8211; 1881&#8221; \u00ebsht\u00eb vepra monumentale krucijale e k\u00ebtij studiusi me merita t\u00eb m\u00ebdhe komb\u00ebtare. Profesor Riza REXHA ka l\u00ebn\u00eb gjurm\u00eb t\u00eb pashlyera n\u00eb kultur\u00ebn dhe n\u00eb edukimin e popullat\u00ebs ton\u00eb n\u00eb Ulqin dhe Mal t\u00eb Zi.<br \/>\nP\u00ebr kontributin e tij n\u00eb vitin 2014 Kuvendi Komunal i Ulqinit, duke vler\u00ebsuar lart\u00eb pun\u00ebn dhe kontributin e tij edukativo arsimor dhe ate studiuse i jep dekorat\u00ebn m\u00eb t\u00eb lart\u00eb &#8220;MIR\u00cbNJOHJA E ULQINIT&#8221;<br \/>\nNdrimi i jet\u00ebs s\u00eb tij l\u00ebn\u00eb dhimbje t\u00eb madhe te familja e tij por, edhe te t\u00eb gjith\u00eb qytetar\u00ebt e qytetit ton\u00eb. Riza REXHA, ka qen\u00eb intelektual dhe studius i dalluar dhe i nderuar Inshalla spirti i tij gjen prehje n\u00eb Xhehnet. PAST\u00cb RAHMET.<\/p>\n<p id=\"js_b7j\" class=\"_5pbw _5vra\" data-ft=\"{&quot;tn&quot;:&quot;C&quot;}\"><strong><span class=\"fwn fcg\"><span class=\"fwb fcg\" data-ft=\"{&quot;tn&quot;:&quot;;&quot;}\"><a id=\"js_cap\" href=\"https:\/\/www.facebook.com\/ismet.karamanaga?hc_ref=NEWSFEED&amp;fref=nf\" data-hovercard=\"\/ajax\/hovercard\/user.php?id=1359492972&amp;extragetparams=%7B%22hc_ref%22%3A%22NEWSFEED%22%2C%22fref%22%3A%22nf%22%7D\">Ismet Karamanaga Facebook<\/a><\/span><\/span><\/strong><\/p>\n","protected":false},"excerpt":{"rendered":"<p>T\u00eb stunen, me 12. 11. 2016 n\u00eb mosh\u00ebn 81 vje\u00e7are ndrroi jet\u00eb profesor RIZA RAXHA, nj\u00ebri nd\u00ebr pun\u00ebtor\u00ebt m\u00eb t\u00eb dalluar t\u00eb arsimit te ne n\u00eb Ulqin dhe n\u00eb Malin e Zi. Rizaja ka qen\u00eb nj\u00eb nd\u00ebr figurat m\u00eb markante t\u00eb qytetit ton\u00eb. Gjithmon\u00eb elegant i veshur, nj\u00eb nj\u00ebri but i sinqert, modest, nj\u00eb nj\u00ebri [&hellip;]<\/p>\n","protected":false},"author":1,"featured_media":0,"comment_status":"closed","ping_status":"closed","sticky":false,"template":"","format":"standard","meta":{"spay_email":"","jetpack_publicize_message":"","jetpack_is_tweetstorm":false,"jetpack_publicize_feature_enabled":true},"categories":[6950],"tags":[],"jetpack_publicize_connections":[],"yoast_head":"<!-- This site is optimized with the Yoast SEO plugin v19.1 - https:\/\/yoast.com\/wordpress\/plugins\/seo\/ -->\n<title>In Memoriam \u2013 Riza Rexha - Lajme nga Ulqini<\/title>\n<meta name=\"description\" content=\"T\u00eb stunen, me 12. 11. 2016 n\u00eb mosh\u00ebn 81 vje\u00e7are ndrroi jet\u00eb profesor RIZA RAXHA, nj\u00ebri nd\u00ebr pun\u00ebtor\u00ebt m\u00eb t\u00eb dalluar t\u00eb arsimit te ne n\u00eb Ulqin dhe n\u00eb Malin\" \/>\n<meta name=\"robots\" content=\"index, follow, max-snippet:-1, max-image-preview:large, max-video-preview:-1\" \/>\n<link rel=\"canonical\" href=\"https:\/\/www.visit-ulcinj.com\/blog\/2016\/11\/13\/memoriam-riza-rexha\/\" \/>\n<meta property=\"og:locale\" content=\"en_US\" \/>\n<meta property=\"og:type\" content=\"article\" \/>\n<meta property=\"og:title\" content=\"In Memoriam \u2013 Riza Rexha - Lajme nga Ulqini\" \/>\n<meta property=\"og:description\" content=\"T\u00eb stunen, me 12. 11. 2016 n\u00eb mosh\u00ebn 81 vje\u00e7are ndrroi jet\u00eb profesor RIZA RAXHA, nj\u00ebri nd\u00ebr pun\u00ebtor\u00ebt m\u00eb t\u00eb dalluar t\u00eb arsimit te ne n\u00eb Ulqin dhe n\u00eb Malin\" \/>\n<meta property=\"og:url\" content=\"https:\/\/www.visit-ulcinj.com\/blog\/2016\/11\/13\/memoriam-riza-rexha\/\" \/>\n<meta property=\"og:site_name\" content=\"Lajme nga Ulqini\" \/>\n<meta property=\"article:published_time\" content=\"2016-11-13T18:18:53+00:00\" \/>\n<meta name=\"twitter:label1\" content=\"Written by\" \/>\n\t<meta name=\"twitter:data1\" content=\"ulqini\" \/>\n\t<meta name=\"twitter:label2\" content=\"Est. reading time\" \/>\n\t<meta name=\"twitter:data2\" content=\"3 minutes\" \/>\n<script type=\"application\/ld+json\" class=\"yoast-schema-graph\">{\"@context\":\"https:\/\/schema.org\",\"@graph\":[{\"@type\":\"WebSite\",\"@id\":\"https:\/\/www.visit-ulcinj.com\/blog\/#website\",\"url\":\"https:\/\/www.visit-ulcinj.com\/blog\/\",\"name\":\"Lajme nga Ulqini\",\"description\":\"Lajme,Vijesti,Ulqini,Ulqin,Crna Gora,Mali i Zi\",\"potentialAction\":[{\"@type\":\"SearchAction\",\"target\":{\"@type\":\"EntryPoint\",\"urlTemplate\":\"https:\/\/www.visit-ulcinj.com\/blog\/?s={search_term_string}\"},\"query-input\":\"required name=search_term_string\"}],\"inLanguage\":\"en-US\"},{\"@type\":\"WebPage\",\"@id\":\"https:\/\/www.visit-ulcinj.com\/blog\/2016\/11\/13\/memoriam-riza-rexha\/#webpage\",\"url\":\"https:\/\/www.visit-ulcinj.com\/blog\/2016\/11\/13\/memoriam-riza-rexha\/\",\"name\":\"In Memoriam \u2013 Riza Rexha - Lajme nga Ulqini\",\"isPartOf\":{\"@id\":\"https:\/\/www.visit-ulcinj.com\/blog\/#website\"},\"datePublished\":\"2016-11-13T18:18:53+00:00\",\"dateModified\":\"2016-11-13T18:18:53+00:00\",\"author\":{\"@id\":\"https:\/\/www.visit-ulcinj.com\/blog\/#\/schema\/person\/dcab619c614d3038751c63bc2aadc06d\"},\"description\":\"T\u00eb stunen, me 12. 11. 2016 n\u00eb mosh\u00ebn 81 vje\u00e7are ndrroi jet\u00eb profesor RIZA RAXHA, nj\u00ebri nd\u00ebr pun\u00ebtor\u00ebt m\u00eb t\u00eb dalluar t\u00eb arsimit te ne n\u00eb Ulqin dhe n\u00eb Malin\",\"breadcrumb\":{\"@id\":\"https:\/\/www.visit-ulcinj.com\/blog\/2016\/11\/13\/memoriam-riza-rexha\/#breadcrumb\"},\"inLanguage\":\"en-US\",\"potentialAction\":[{\"@type\":\"ReadAction\",\"target\":[\"https:\/\/www.visit-ulcinj.com\/blog\/2016\/11\/13\/memoriam-riza-rexha\/\"]}]},{\"@type\":\"BreadcrumbList\",\"@id\":\"https:\/\/www.visit-ulcinj.com\/blog\/2016\/11\/13\/memoriam-riza-rexha\/#breadcrumb\",\"itemListElement\":[{\"@type\":\"ListItem\",\"position\":1,\"name\":\"In Memoriam \u2013 Riza Rexha\"}]},{\"@type\":\"Person\",\"@id\":\"https:\/\/www.visit-ulcinj.com\/blog\/#\/schema\/person\/dcab619c614d3038751c63bc2aadc06d\",\"name\":\"ulqini\",\"sameAs\":[\"http:\/\/www.visit-ulcinj.com\"],\"url\":\"https:\/\/www.visit-ulcinj.com\/blog\/author\/admin\/\"}]}<\/script>\n<!-- \/ Yoast SEO plugin. -->","yoast_head_json":{"title":"In Memoriam \u2013 Riza Rexha - Lajme nga Ulqini","description":"T\u00eb stunen, me 12. 11. 2016 n\u00eb mosh\u00ebn 81 vje\u00e7are ndrroi jet\u00eb profesor RIZA RAXHA, nj\u00ebri nd\u00ebr pun\u00ebtor\u00ebt m\u00eb t\u00eb dalluar t\u00eb arsimit te ne n\u00eb Ulqin dhe n\u00eb Malin","robots":{"index":"index","follow":"follow","max-snippet":"max-snippet:-1","max-image-preview":"max-image-preview:large","max-video-preview":"max-video-preview:-1"},"canonical":"https:\/\/www.visit-ulcinj.com\/blog\/2016\/11\/13\/memoriam-riza-rexha\/","og_locale":"en_US","og_type":"article","og_title":"In Memoriam \u2013 Riza Rexha - Lajme nga Ulqini","og_description":"T\u00eb stunen, me 12. 11. 2016 n\u00eb mosh\u00ebn 81 vje\u00e7are ndrroi jet\u00eb profesor RIZA RAXHA, nj\u00ebri nd\u00ebr pun\u00ebtor\u00ebt m\u00eb t\u00eb dalluar t\u00eb arsimit te ne n\u00eb Ulqin dhe n\u00eb Malin","og_url":"https:\/\/www.visit-ulcinj.com\/blog\/2016\/11\/13\/memoriam-riza-rexha\/","og_site_name":"Lajme nga Ulqini","article_published_time":"2016-11-13T18:18:53+00:00","twitter_misc":{"Written by":"ulqini","Est. reading time":"3 minutes"},"schema":{"@context":"https:\/\/schema.org","@graph":[{"@type":"WebSite","@id":"https:\/\/www.visit-ulcinj.com\/blog\/#website","url":"https:\/\/www.visit-ulcinj.com\/blog\/","name":"Lajme nga Ulqini","description":"Lajme,Vijesti,Ulqini,Ulqin,Crna Gora,Mali i Zi","potentialAction":[{"@type":"SearchAction","target":{"@type":"EntryPoint","urlTemplate":"https:\/\/www.visit-ulcinj.com\/blog\/?s={search_term_string}"},"query-input":"required name=search_term_string"}],"inLanguage":"en-US"},{"@type":"WebPage","@id":"https:\/\/www.visit-ulcinj.com\/blog\/2016\/11\/13\/memoriam-riza-rexha\/#webpage","url":"https:\/\/www.visit-ulcinj.com\/blog\/2016\/11\/13\/memoriam-riza-rexha\/","name":"In Memoriam \u2013 Riza Rexha - Lajme nga Ulqini","isPartOf":{"@id":"https:\/\/www.visit-ulcinj.com\/blog\/#website"},"datePublished":"2016-11-13T18:18:53+00:00","dateModified":"2016-11-13T18:18:53+00:00","author":{"@id":"https:\/\/www.visit-ulcinj.com\/blog\/#\/schema\/person\/dcab619c614d3038751c63bc2aadc06d"},"description":"T\u00eb stunen, me 12. 11. 2016 n\u00eb mosh\u00ebn 81 vje\u00e7are ndrroi jet\u00eb profesor RIZA RAXHA, nj\u00ebri nd\u00ebr pun\u00ebtor\u00ebt m\u00eb t\u00eb dalluar t\u00eb arsimit te ne n\u00eb Ulqin dhe n\u00eb Malin","breadcrumb":{"@id":"https:\/\/www.visit-ulcinj.com\/blog\/2016\/11\/13\/memoriam-riza-rexha\/#breadcrumb"},"inLanguage":"en-US","potentialAction":[{"@type":"ReadAction","target":["https:\/\/www.visit-ulcinj.com\/blog\/2016\/11\/13\/memoriam-riza-rexha\/"]}]},{"@type":"BreadcrumbList","@id":"https:\/\/www.visit-ulcinj.com\/blog\/2016\/11\/13\/memoriam-riza-rexha\/#breadcrumb","itemListElement":[{"@type":"ListItem","position":1,"name":"In Memoriam \u2013 Riza Rexha"}]},{"@type":"Person","@id":"https:\/\/www.visit-ulcinj.com\/blog\/#\/schema\/person\/dcab619c614d3038751c63bc2aadc06d","name":"ulqini","sameAs":["http:\/\/www.visit-ulcinj.com"],"url":"https:\/\/www.visit-ulcinj.com\/blog\/author\/admin\/"}]}},"jetpack_featured_media_url":"","jetpack_sharing_enabled":true,"jetpack_shortlink":"https:\/\/wp.me\/pe6lTn-qha","_links":{"self":[{"href":"https:\/\/www.visit-ulcinj.com\/blog\/wp-json\/wp\/v2\/posts\/101008"}],"collection":[{"href":"https:\/\/www.visit-ulcinj.com\/blog\/wp-json\/wp\/v2\/posts"}],"about":[{"href":"https:\/\/www.visit-ulcinj.com\/blog\/wp-json\/wp\/v2\/types\/post"}],"author":[{"embeddable":true,"href":"https:\/\/www.visit-ulcinj.com\/blog\/wp-json\/wp\/v2\/users\/1"}],"replies":[{"embeddable":true,"href":"https:\/\/www.visit-ulcinj.com\/blog\/wp-json\/wp\/v2\/comments?post=101008"}],"version-history":[{"count":1,"href":"https:\/\/www.visit-ulcinj.com\/blog\/wp-json\/wp\/v2\/posts\/101008\/revisions"}],"predecessor-version":[{"id":101010,"href":"https:\/\/www.visit-ulcinj.com\/blog\/wp-json\/wp\/v2\/posts\/101008\/revisions\/101010"}],"wp:attachment":[{"href":"https:\/\/www.visit-ulcinj.com\/blog\/wp-json\/wp\/v2\/media?parent=101008"}],"wp:term":[{"taxonomy":"category","embeddable":true,"href":"https:\/\/www.visit-ulcinj.com\/blog\/wp-json\/wp\/v2\/categories?post=101008"},{"taxonomy":"post_tag","embeddable":true,"href":"https:\/\/www.visit-ulcinj.com\/blog\/wp-json\/wp\/v2\/tags?post=101008"}],"curies":[{"name":"wp","href":"https:\/\/api.w.org\/{rel}","templated":true}]}}