{"id":101012,"date":"2016-11-14T14:18:16","date_gmt":"2016-11-14T13:18:16","guid":{"rendered":"http:\/\/www.visit-ulcinj.com\/blog\/?p=101012"},"modified":"2016-11-14T14:18:16","modified_gmt":"2016-11-14T13:18:16","slug":"ojq-horizonti-ri-njohje-vlerat-e-identitetit-kombetar","status":"publish","type":"post","link":"https:\/\/www.visit-ulcinj.com\/blog\/2016\/11\/14\/ojq-horizonti-ri-njohje-vlerat-e-identitetit-kombetar\/","title":{"rendered":"OJQ Horizonti i ri: Njohje me vlerat e identitetit komb\u00ebtar"},"content":{"rendered":"<p><a href=\"http:\/\/www.visit-ulcinj.com\/blog\/wp-content\/uploads\/2016\/11\/OJQ-Horizonti-i-ri-Njohje-me-vlerat-e-identitetit-komb\u00ebtar.jpg\"><img loading=\"lazy\" class=\"alignleft wp-image-101013\" src=\"http:\/\/www.visit-ulcinj.com\/blog\/wp-content\/uploads\/2016\/11\/OJQ-Horizonti-i-ri-Njohje-me-vlerat-e-identitetit-komb\u00ebtar.jpg\" alt=\"OJQ Horizonti i ri-Njohje me vlerat e identitetit komb\u00ebtar\" width=\"508\" height=\"266\" srcset=\"https:\/\/www.visit-ulcinj.com\/blog\/wp-content\/uploads\/2016\/11\/OJQ-Horizonti-i-ri-Njohje-me-vlerat-e-identitetit-komb\u00ebtar.jpg 535w, https:\/\/www.visit-ulcinj.com\/blog\/wp-content\/uploads\/2016\/11\/OJQ-Horizonti-i-ri-Njohje-me-vlerat-e-identitetit-komb\u00ebtar-300x157.jpg 300w\" sizes=\"(max-width: 508px) 100vw, 508px\" \/><\/a>Organizata e Shoq\u00ebris\u00eb Civile \u201cHorizonti i Ri\u201d ka filluar k\u00ebto dit\u00eb realizimin e projektit \u201cNjohje me vlerat e identitetit komb\u00ebtar\u201d, i cili synon t\u00eb rris\u00eb vet\u00ebdijen e t\u00eb rinjve shqiptar\u00eb nga Ulqini p\u00ebr vlerat e identitetit komb\u00ebtar, p\u00ebr nevoj\u00ebn e edukimit t\u00eb mir\u00ebfillt\u00eb mbi ve\u00e7orit\u00eb komb\u00ebtare dhe p\u00ebr m\u00ebnyr\u00ebn e transmetimit dhe prezantimit tek t\u00eb tjer\u00ebt t\u00eb k\u00ebtyre ve\u00e7orive.<\/p>\n<p>N\u00eb kuad\u00ebr t\u00eb k\u00ebtij projekti, t\u00eb rinj t\u00eb mosh\u00ebs 15-19 vje\u00e7 do t\u00eb ndjekin panele te ve\u00e7anta edukative. Ky program krijon mund\u00ebsi t\u00eb reja p\u00ebr informimin e t\u00eb rinjve si dhe p\u00ebr zhvillimin e shkatht\u00ebsive komunikuese t\u00eb tyre. P\u00ebrmes diskutimeve, sesioneve debatuese, prezantimeve etj, ata do t\u00eb zhvillojn\u00eb shkatht\u00ebsit\u00eb e dialogut nd\u00ebrkulturor dhe prezantimit t\u00eb ve\u00e7orive personale e komb\u00ebtare.<\/p>\n<p>N\u00eb pjes\u00ebn e dyt\u00eb, projekti iu ofron t\u00eb rinjve shqiptar\u00eb njohje direkte me vlerat e kultur\u00ebs, historis\u00eb dhe trash\u00ebgimis\u00eb ton\u00eb komb\u00ebtare. Kjo do t\u00eb realizohet p\u00ebrmes nj\u00eb vizite t\u00eb ve\u00e7ant\u00eb studimore n\u00eb Kryeqytetin e Shqip\u00ebris\u00eb &#8211; Tiran\u00eb.<\/p>\n<p>K\u00ebt\u00eb projekt e mb\u00ebshtet\u00eb <strong>Fondi p\u00ebr mbrojtjen dhe realizimin e t\u00eb drejtave t\u00eb pakicave n\u00eb Malin e Zi<\/strong>.<\/p>\n","protected":false},"excerpt":{"rendered":"<p>Organizata e Shoq\u00ebris\u00eb Civile \u201cHorizonti i Ri\u201d ka filluar k\u00ebto dit\u00eb realizimin e projektit \u201cNjohje me vlerat e identitetit komb\u00ebtar\u201d, i cili synon t\u00eb rris\u00eb vet\u00ebdijen e t\u00eb rinjve shqiptar\u00eb nga Ulqini p\u00ebr vlerat e identitetit komb\u00ebtar, p\u00ebr nevoj\u00ebn e edukimit t\u00eb mir\u00ebfillt\u00eb mbi ve\u00e7orit\u00eb komb\u00ebtare dhe p\u00ebr m\u00ebnyr\u00ebn e transmetimit dhe prezantimit tek t\u00eb [&hellip;]<\/p>\n","protected":false},"author":1,"featured_media":0,"comment_status":"closed","ping_status":"closed","sticky":false,"template":"","format":"standard","meta":{"spay_email":"","jetpack_publicize_message":"","jetpack_is_tweetstorm":false,"jetpack_publicize_feature_enabled":true},"categories":[11],"tags":[],"jetpack_publicize_connections":[],"yoast_head":"<!-- This site is optimized with the Yoast SEO plugin v19.1 - https:\/\/yoast.com\/wordpress\/plugins\/seo\/ -->\n<title>OJQ Horizonti i ri: Njohje me vlerat e identitetit komb\u00ebtar - Lajme nga Ulqini<\/title>\n<meta name=\"description\" content=\"Organizata e Shoq\u00ebris\u00eb Civile \u201cHorizonti i Ri\u201d ka filluar k\u00ebto dit\u00eb realizimin e projektit \u201cNjohje me vlerat e identitetit komb\u00ebtar\u201d, i cili synon t\u00eb\" \/>\n<meta name=\"robots\" content=\"index, follow, max-snippet:-1, max-image-preview:large, max-video-preview:-1\" \/>\n<link rel=\"canonical\" href=\"https:\/\/www.visit-ulcinj.com\/blog\/2016\/11\/14\/ojq-horizonti-ri-njohje-vlerat-e-identitetit-kombetar\/\" \/>\n<meta property=\"og:locale\" content=\"en_US\" \/>\n<meta property=\"og:type\" content=\"article\" \/>\n<meta property=\"og:title\" content=\"OJQ Horizonti i ri: Njohje me vlerat e identitetit komb\u00ebtar - Lajme nga Ulqini\" \/>\n<meta property=\"og:description\" content=\"Organizata e Shoq\u00ebris\u00eb Civile \u201cHorizonti i Ri\u201d ka filluar k\u00ebto dit\u00eb realizimin e projektit \u201cNjohje me vlerat e identitetit komb\u00ebtar\u201d, i cili synon t\u00eb\" \/>\n<meta property=\"og:url\" content=\"https:\/\/www.visit-ulcinj.com\/blog\/2016\/11\/14\/ojq-horizonti-ri-njohje-vlerat-e-identitetit-kombetar\/\" \/>\n<meta property=\"og:site_name\" content=\"Lajme nga Ulqini\" \/>\n<meta property=\"article:published_time\" content=\"2016-11-14T13:18:16+00:00\" \/>\n<meta name=\"twitter:label1\" content=\"Written by\" \/>\n\t<meta name=\"twitter:data1\" content=\"ulqini\" \/>\n\t<meta name=\"twitter:label2\" content=\"Est. reading time\" \/>\n\t<meta name=\"twitter:data2\" content=\"1 minute\" \/>\n<script type=\"application\/ld+json\" class=\"yoast-schema-graph\">{\"@context\":\"https:\/\/schema.org\",\"@graph\":[{\"@type\":\"WebSite\",\"@id\":\"https:\/\/www.visit-ulcinj.com\/blog\/#website\",\"url\":\"https:\/\/www.visit-ulcinj.com\/blog\/\",\"name\":\"Lajme nga Ulqini\",\"description\":\"Lajme,Vijesti,Ulqini,Ulqin,Crna Gora,Mali i Zi\",\"potentialAction\":[{\"@type\":\"SearchAction\",\"target\":{\"@type\":\"EntryPoint\",\"urlTemplate\":\"https:\/\/www.visit-ulcinj.com\/blog\/?s={search_term_string}\"},\"query-input\":\"required name=search_term_string\"}],\"inLanguage\":\"en-US\"},{\"@type\":\"WebPage\",\"@id\":\"https:\/\/www.visit-ulcinj.com\/blog\/2016\/11\/14\/ojq-horizonti-ri-njohje-vlerat-e-identitetit-kombetar\/#webpage\",\"url\":\"https:\/\/www.visit-ulcinj.com\/blog\/2016\/11\/14\/ojq-horizonti-ri-njohje-vlerat-e-identitetit-kombetar\/\",\"name\":\"OJQ Horizonti i ri: Njohje me vlerat e identitetit komb\u00ebtar - Lajme nga Ulqini\",\"isPartOf\":{\"@id\":\"https:\/\/www.visit-ulcinj.com\/blog\/#website\"},\"datePublished\":\"2016-11-14T13:18:16+00:00\",\"dateModified\":\"2016-11-14T13:18:16+00:00\",\"author\":{\"@id\":\"https:\/\/www.visit-ulcinj.com\/blog\/#\/schema\/person\/dcab619c614d3038751c63bc2aadc06d\"},\"description\":\"Organizata e Shoq\u00ebris\u00eb Civile \u201cHorizonti i Ri\u201d ka filluar k\u00ebto dit\u00eb realizimin e projektit \u201cNjohje me vlerat e identitetit komb\u00ebtar\u201d, i cili synon t\u00eb\",\"breadcrumb\":{\"@id\":\"https:\/\/www.visit-ulcinj.com\/blog\/2016\/11\/14\/ojq-horizonti-ri-njohje-vlerat-e-identitetit-kombetar\/#breadcrumb\"},\"inLanguage\":\"en-US\",\"potentialAction\":[{\"@type\":\"ReadAction\",\"target\":[\"https:\/\/www.visit-ulcinj.com\/blog\/2016\/11\/14\/ojq-horizonti-ri-njohje-vlerat-e-identitetit-kombetar\/\"]}]},{\"@type\":\"BreadcrumbList\",\"@id\":\"https:\/\/www.visit-ulcinj.com\/blog\/2016\/11\/14\/ojq-horizonti-ri-njohje-vlerat-e-identitetit-kombetar\/#breadcrumb\",\"itemListElement\":[{\"@type\":\"ListItem\",\"position\":1,\"name\":\"OJQ Horizonti i ri: Njohje me vlerat e identitetit komb\u00ebtar\"}]},{\"@type\":\"Person\",\"@id\":\"https:\/\/www.visit-ulcinj.com\/blog\/#\/schema\/person\/dcab619c614d3038751c63bc2aadc06d\",\"name\":\"ulqini\",\"sameAs\":[\"http:\/\/www.visit-ulcinj.com\"],\"url\":\"https:\/\/www.visit-ulcinj.com\/blog\/author\/admin\/\"}]}<\/script>\n<!-- \/ Yoast SEO plugin. -->","yoast_head_json":{"title":"OJQ Horizonti i ri: Njohje me vlerat e identitetit komb\u00ebtar - Lajme nga Ulqini","description":"Organizata e Shoq\u00ebris\u00eb Civile \u201cHorizonti i Ri\u201d ka filluar k\u00ebto dit\u00eb realizimin e projektit \u201cNjohje me vlerat e identitetit komb\u00ebtar\u201d, i cili synon t\u00eb","robots":{"index":"index","follow":"follow","max-snippet":"max-snippet:-1","max-image-preview":"max-image-preview:large","max-video-preview":"max-video-preview:-1"},"canonical":"https:\/\/www.visit-ulcinj.com\/blog\/2016\/11\/14\/ojq-horizonti-ri-njohje-vlerat-e-identitetit-kombetar\/","og_locale":"en_US","og_type":"article","og_title":"OJQ Horizonti i ri: Njohje me vlerat e identitetit komb\u00ebtar - Lajme nga Ulqini","og_description":"Organizata e Shoq\u00ebris\u00eb Civile \u201cHorizonti i Ri\u201d ka filluar k\u00ebto dit\u00eb realizimin e projektit \u201cNjohje me vlerat e identitetit komb\u00ebtar\u201d, i cili synon t\u00eb","og_url":"https:\/\/www.visit-ulcinj.com\/blog\/2016\/11\/14\/ojq-horizonti-ri-njohje-vlerat-e-identitetit-kombetar\/","og_site_name":"Lajme nga Ulqini","article_published_time":"2016-11-14T13:18:16+00:00","twitter_misc":{"Written by":"ulqini","Est. reading time":"1 minute"},"schema":{"@context":"https:\/\/schema.org","@graph":[{"@type":"WebSite","@id":"https:\/\/www.visit-ulcinj.com\/blog\/#website","url":"https:\/\/www.visit-ulcinj.com\/blog\/","name":"Lajme nga Ulqini","description":"Lajme,Vijesti,Ulqini,Ulqin,Crna Gora,Mali i Zi","potentialAction":[{"@type":"SearchAction","target":{"@type":"EntryPoint","urlTemplate":"https:\/\/www.visit-ulcinj.com\/blog\/?s={search_term_string}"},"query-input":"required name=search_term_string"}],"inLanguage":"en-US"},{"@type":"WebPage","@id":"https:\/\/www.visit-ulcinj.com\/blog\/2016\/11\/14\/ojq-horizonti-ri-njohje-vlerat-e-identitetit-kombetar\/#webpage","url":"https:\/\/www.visit-ulcinj.com\/blog\/2016\/11\/14\/ojq-horizonti-ri-njohje-vlerat-e-identitetit-kombetar\/","name":"OJQ Horizonti i ri: Njohje me vlerat e identitetit komb\u00ebtar - Lajme nga Ulqini","isPartOf":{"@id":"https:\/\/www.visit-ulcinj.com\/blog\/#website"},"datePublished":"2016-11-14T13:18:16+00:00","dateModified":"2016-11-14T13:18:16+00:00","author":{"@id":"https:\/\/www.visit-ulcinj.com\/blog\/#\/schema\/person\/dcab619c614d3038751c63bc2aadc06d"},"description":"Organizata e Shoq\u00ebris\u00eb Civile \u201cHorizonti i Ri\u201d ka filluar k\u00ebto dit\u00eb realizimin e projektit \u201cNjohje me vlerat e identitetit komb\u00ebtar\u201d, i cili synon t\u00eb","breadcrumb":{"@id":"https:\/\/www.visit-ulcinj.com\/blog\/2016\/11\/14\/ojq-horizonti-ri-njohje-vlerat-e-identitetit-kombetar\/#breadcrumb"},"inLanguage":"en-US","potentialAction":[{"@type":"ReadAction","target":["https:\/\/www.visit-ulcinj.com\/blog\/2016\/11\/14\/ojq-horizonti-ri-njohje-vlerat-e-identitetit-kombetar\/"]}]},{"@type":"BreadcrumbList","@id":"https:\/\/www.visit-ulcinj.com\/blog\/2016\/11\/14\/ojq-horizonti-ri-njohje-vlerat-e-identitetit-kombetar\/#breadcrumb","itemListElement":[{"@type":"ListItem","position":1,"name":"OJQ Horizonti i ri: Njohje me vlerat e identitetit komb\u00ebtar"}]},{"@type":"Person","@id":"https:\/\/www.visit-ulcinj.com\/blog\/#\/schema\/person\/dcab619c614d3038751c63bc2aadc06d","name":"ulqini","sameAs":["http:\/\/www.visit-ulcinj.com"],"url":"https:\/\/www.visit-ulcinj.com\/blog\/author\/admin\/"}]}},"jetpack_featured_media_url":"","jetpack_sharing_enabled":true,"jetpack_shortlink":"https:\/\/wp.me\/pe6lTn-qhe","_links":{"self":[{"href":"https:\/\/www.visit-ulcinj.com\/blog\/wp-json\/wp\/v2\/posts\/101012"}],"collection":[{"href":"https:\/\/www.visit-ulcinj.com\/blog\/wp-json\/wp\/v2\/posts"}],"about":[{"href":"https:\/\/www.visit-ulcinj.com\/blog\/wp-json\/wp\/v2\/types\/post"}],"author":[{"embeddable":true,"href":"https:\/\/www.visit-ulcinj.com\/blog\/wp-json\/wp\/v2\/users\/1"}],"replies":[{"embeddable":true,"href":"https:\/\/www.visit-ulcinj.com\/blog\/wp-json\/wp\/v2\/comments?post=101012"}],"version-history":[{"count":1,"href":"https:\/\/www.visit-ulcinj.com\/blog\/wp-json\/wp\/v2\/posts\/101012\/revisions"}],"predecessor-version":[{"id":101014,"href":"https:\/\/www.visit-ulcinj.com\/blog\/wp-json\/wp\/v2\/posts\/101012\/revisions\/101014"}],"wp:attachment":[{"href":"https:\/\/www.visit-ulcinj.com\/blog\/wp-json\/wp\/v2\/media?parent=101012"}],"wp:term":[{"taxonomy":"category","embeddable":true,"href":"https:\/\/www.visit-ulcinj.com\/blog\/wp-json\/wp\/v2\/categories?post=101012"},{"taxonomy":"post_tag","embeddable":true,"href":"https:\/\/www.visit-ulcinj.com\/blog\/wp-json\/wp\/v2\/tags?post=101012"}],"curies":[{"name":"wp","href":"https:\/\/api.w.org\/{rel}","templated":true}]}}