{"id":101022,"date":"2016-11-14T21:28:39","date_gmt":"2016-11-14T20:28:39","guid":{"rendered":"http:\/\/www.visit-ulcinj.com\/blog\/?p=101022"},"modified":"2016-11-15T12:47:47","modified_gmt":"2016-11-15T11:47:47","slug":"abazoviq-nuk-dihet-ku-perfundojne-milionat-e-marra-borxh-nga-komuna-ulqinit","status":"publish","type":"post","link":"https:\/\/www.visit-ulcinj.com\/blog\/2016\/11\/14\/abazoviq-nuk-dihet-ku-perfundojne-milionat-e-marra-borxh-nga-komuna-ulqinit\/","title":{"rendered":"Abazoviq: Nuk dihet ku p\u00ebrfundojn\u00eb milionat e marra borxh nga komuna Ulqinit"},"content":{"rendered":"<p><strong><a href=\"http:\/\/www.visit-ulcinj.com\/blog\/wp-content\/uploads\/2015\/06\/Dritan-abazovic.jpg\"><img loading=\"lazy\" class=\"alignleft wp-image-91056\" src=\"http:\/\/www.visit-ulcinj.com\/blog\/wp-content\/uploads\/2015\/06\/Dritan-abazovic.jpg\" alt=\"Dritan-abazovic\" width=\"508\" height=\"319\" srcset=\"https:\/\/www.visit-ulcinj.com\/blog\/wp-content\/uploads\/2015\/06\/Dritan-abazovic.jpg 560w, https:\/\/www.visit-ulcinj.com\/blog\/wp-content\/uploads\/2015\/06\/Dritan-abazovic-300x189.jpg 300w\" sizes=\"(max-width: 508px) 100vw, 508px\" \/><\/a>Nuk dihet ku shkojn\u00eb parat\u00eb nga huamarrja e pushtetit, pasoja p\u00ebr popullin<\/strong><\/p>\n<p>K\u00ebshilltari i L\u00ebvizjes qytetare URA Dritan Abazoviq ka th\u00ebn\u00eb n\u00eb mbledhjen e Kuvendit komunal t\u00eb Ulqinit se pushteti lokal n\u00eb Ulqin k\u00ebt\u00eb vit ka marr\u00eb kredi prej 4,25 milion euro, e tani k\u00ebrkon tjetrin me vler\u00eb 500 mij\u00eb euro, raporton portali Ul.info.<\/p>\n<p>Ai theksoi se kjo \u00ebsht\u00eb gati pes\u00eb milion euro, gjegj\u00ebsisht kaq jan\u00eb t\u00eb ardhurat q\u00eb komuna i vjel gjat\u00eb nj\u00eb viti.<\/p>\n<p>\u201eKeni detyrim ligjor q\u00eb \u00e7do tre muaj t\u00eb dor\u00ebzoni raportet se si shpenzohen mjetet nga buxheti. Nuk e keni b\u00ebr\u00eb k\u00ebt\u00eb gj\u00eb\u201c, tha Abazoviq duke iu drejtuar k\u00ebshilltar\u00ebve t\u00eb Forc\u00ebs s\u00eb re demokratike dhe pyeti ku \u00ebsht\u00eb rebalanci i buxhetit p\u00ebr vitin 2016, e po zhvillohet shqyrtimi publik!? \u201eKush nga k\u00ebshilltar\u00ebt e ka par\u00eb\u201c, shtoi k\u00ebshilltari i URA-s\u00eb.<\/p>\n<p>Ai k\u00ebrkoi \u201et\u00eb pakt\u00ebn nj\u00eb prov\u00eb q\u00eb pushteti momental punon ndryshe nga i kaluari\u201c.<\/p>\n<p>\u201e\u00c7far\u00eb \u00ebsht\u00eb investuar\u00a0 n\u00eb k\u00ebt\u00eb vit n\u00eb territorin e komun\u00ebs s\u00eb Ulqinit? Kush do t\u00eb thot\u00eb: kemi shpenzuar pes\u00eb milion euro, por, ja, kemi k\u00ebt\u00eb ur\u00eb, k\u00ebt\u00eb rrug\u00eb, shat\u00ebrvan\u00eb! T\u00eb pakt\u00ebn di\u00e7ka! Asgj\u00eb, e koalicioni qeveris\u00ebs ka 27 nga gjithsej 33 k\u00ebshilltar\u00eb\u201c, p\u00ebrfundoi Abazoviq.<\/p>\n","protected":false},"excerpt":{"rendered":"<p>Nuk dihet ku shkojn\u00eb parat\u00eb nga huamarrja e pushtetit, pasoja p\u00ebr popullin K\u00ebshilltari i L\u00ebvizjes qytetare URA Dritan Abazoviq ka th\u00ebn\u00eb n\u00eb mbledhjen e Kuvendit komunal t\u00eb Ulqinit se pushteti lokal n\u00eb Ulqin k\u00ebt\u00eb vit ka marr\u00eb kredi prej 4,25 milion euro, e tani k\u00ebrkon tjetrin me vler\u00eb 500 mij\u00eb euro, raporton portali Ul.info. Ai [&hellip;]<\/p>\n","protected":false},"author":1,"featured_media":0,"comment_status":"closed","ping_status":"closed","sticky":false,"template":"","format":"standard","meta":{"spay_email":"","jetpack_publicize_message":"","jetpack_is_tweetstorm":false,"jetpack_publicize_feature_enabled":true},"categories":[10,1],"tags":[],"jetpack_publicize_connections":[],"yoast_head":"<!-- This site is optimized with the Yoast SEO plugin v19.1 - https:\/\/yoast.com\/wordpress\/plugins\/seo\/ -->\n<title>Abazoviq: Nuk dihet ku p\u00ebrfundojn\u00eb milionat e marra borxh nga komuna Ulqinit - Lajme nga Ulqini<\/title>\n<meta name=\"description\" content=\"Nuk dihet ku shkojn\u00eb parat\u00eb nga huamarrja e pushtetit, pasoja p\u00ebr popullin K\u00ebshilltari i L\u00ebvizjes qytetare URA Dritan Abazoviq ka th\u00ebn\u00eb n\u00eb mbledhjen e\" \/>\n<meta name=\"robots\" content=\"index, follow, max-snippet:-1, max-image-preview:large, max-video-preview:-1\" \/>\n<link rel=\"canonical\" href=\"https:\/\/www.visit-ulcinj.com\/blog\/2016\/11\/14\/abazoviq-nuk-dihet-ku-perfundojne-milionat-e-marra-borxh-nga-komuna-ulqinit\/\" \/>\n<meta property=\"og:locale\" content=\"en_US\" \/>\n<meta property=\"og:type\" content=\"article\" \/>\n<meta property=\"og:title\" content=\"Abazoviq: Nuk dihet ku p\u00ebrfundojn\u00eb milionat e marra borxh nga komuna Ulqinit - Lajme nga Ulqini\" \/>\n<meta property=\"og:description\" content=\"Nuk dihet ku shkojn\u00eb parat\u00eb nga huamarrja e pushtetit, pasoja p\u00ebr popullin K\u00ebshilltari i L\u00ebvizjes qytetare URA Dritan Abazoviq ka th\u00ebn\u00eb n\u00eb mbledhjen e\" \/>\n<meta property=\"og:url\" content=\"https:\/\/www.visit-ulcinj.com\/blog\/2016\/11\/14\/abazoviq-nuk-dihet-ku-perfundojne-milionat-e-marra-borxh-nga-komuna-ulqinit\/\" \/>\n<meta property=\"og:site_name\" content=\"Lajme nga Ulqini\" \/>\n<meta property=\"article:published_time\" content=\"2016-11-14T20:28:39+00:00\" \/>\n<meta property=\"article:modified_time\" content=\"2016-11-15T11:47:47+00:00\" \/>\n<meta property=\"og:image\" content=\"http:\/\/www.visit-ulcinj.com\/blog\/wp-content\/uploads\/2015\/06\/Dritan-abazovic.jpg\" \/>\n<meta name=\"twitter:label1\" content=\"Written by\" \/>\n\t<meta name=\"twitter:data1\" content=\"ulqini\" \/>\n\t<meta name=\"twitter:label2\" content=\"Est. reading time\" \/>\n\t<meta name=\"twitter:data2\" content=\"1 minute\" \/>\n<script type=\"application\/ld+json\" class=\"yoast-schema-graph\">{\"@context\":\"https:\/\/schema.org\",\"@graph\":[{\"@type\":\"WebSite\",\"@id\":\"https:\/\/www.visit-ulcinj.com\/blog\/#website\",\"url\":\"https:\/\/www.visit-ulcinj.com\/blog\/\",\"name\":\"Lajme nga Ulqini\",\"description\":\"Lajme,Vijesti,Ulqini,Ulqin,Crna Gora,Mali i Zi\",\"potentialAction\":[{\"@type\":\"SearchAction\",\"target\":{\"@type\":\"EntryPoint\",\"urlTemplate\":\"https:\/\/www.visit-ulcinj.com\/blog\/?s={search_term_string}\"},\"query-input\":\"required name=search_term_string\"}],\"inLanguage\":\"en-US\"},{\"@type\":\"ImageObject\",\"inLanguage\":\"en-US\",\"@id\":\"https:\/\/www.visit-ulcinj.com\/blog\/2016\/11\/14\/abazoviq-nuk-dihet-ku-perfundojne-milionat-e-marra-borxh-nga-komuna-ulqinit\/#primaryimage\",\"url\":\"https:\/\/www.visit-ulcinj.com\/blog\/wp-content\/uploads\/2015\/06\/Dritan-abazovic.jpg\",\"contentUrl\":\"https:\/\/www.visit-ulcinj.com\/blog\/wp-content\/uploads\/2015\/06\/Dritan-abazovic.jpg\",\"width\":560,\"height\":352},{\"@type\":\"WebPage\",\"@id\":\"https:\/\/www.visit-ulcinj.com\/blog\/2016\/11\/14\/abazoviq-nuk-dihet-ku-perfundojne-milionat-e-marra-borxh-nga-komuna-ulqinit\/#webpage\",\"url\":\"https:\/\/www.visit-ulcinj.com\/blog\/2016\/11\/14\/abazoviq-nuk-dihet-ku-perfundojne-milionat-e-marra-borxh-nga-komuna-ulqinit\/\",\"name\":\"Abazoviq: Nuk dihet ku p\u00ebrfundojn\u00eb milionat e marra borxh nga komuna Ulqinit - Lajme nga Ulqini\",\"isPartOf\":{\"@id\":\"https:\/\/www.visit-ulcinj.com\/blog\/#website\"},\"primaryImageOfPage\":{\"@id\":\"https:\/\/www.visit-ulcinj.com\/blog\/2016\/11\/14\/abazoviq-nuk-dihet-ku-perfundojne-milionat-e-marra-borxh-nga-komuna-ulqinit\/#primaryimage\"},\"datePublished\":\"2016-11-14T20:28:39+00:00\",\"dateModified\":\"2016-11-15T11:47:47+00:00\",\"author\":{\"@id\":\"https:\/\/www.visit-ulcinj.com\/blog\/#\/schema\/person\/dcab619c614d3038751c63bc2aadc06d\"},\"description\":\"Nuk dihet ku shkojn\u00eb parat\u00eb nga huamarrja e pushtetit, pasoja p\u00ebr popullin K\u00ebshilltari i L\u00ebvizjes qytetare URA Dritan Abazoviq ka th\u00ebn\u00eb n\u00eb mbledhjen e\",\"breadcrumb\":{\"@id\":\"https:\/\/www.visit-ulcinj.com\/blog\/2016\/11\/14\/abazoviq-nuk-dihet-ku-perfundojne-milionat-e-marra-borxh-nga-komuna-ulqinit\/#breadcrumb\"},\"inLanguage\":\"en-US\",\"potentialAction\":[{\"@type\":\"ReadAction\",\"target\":[\"https:\/\/www.visit-ulcinj.com\/blog\/2016\/11\/14\/abazoviq-nuk-dihet-ku-perfundojne-milionat-e-marra-borxh-nga-komuna-ulqinit\/\"]}]},{\"@type\":\"BreadcrumbList\",\"@id\":\"https:\/\/www.visit-ulcinj.com\/blog\/2016\/11\/14\/abazoviq-nuk-dihet-ku-perfundojne-milionat-e-marra-borxh-nga-komuna-ulqinit\/#breadcrumb\",\"itemListElement\":[{\"@type\":\"ListItem\",\"position\":1,\"name\":\"Abazoviq: Nuk dihet ku p\u00ebrfundojn\u00eb milionat e marra borxh nga komuna Ulqinit\"}]},{\"@type\":\"Person\",\"@id\":\"https:\/\/www.visit-ulcinj.com\/blog\/#\/schema\/person\/dcab619c614d3038751c63bc2aadc06d\",\"name\":\"ulqini\",\"sameAs\":[\"http:\/\/www.visit-ulcinj.com\"],\"url\":\"https:\/\/www.visit-ulcinj.com\/blog\/author\/admin\/\"}]}<\/script>\n<!-- \/ Yoast SEO plugin. -->","yoast_head_json":{"title":"Abazoviq: Nuk dihet ku p\u00ebrfundojn\u00eb milionat e marra borxh nga komuna Ulqinit - Lajme nga Ulqini","description":"Nuk dihet ku shkojn\u00eb parat\u00eb nga huamarrja e pushtetit, pasoja p\u00ebr popullin K\u00ebshilltari i L\u00ebvizjes qytetare URA Dritan Abazoviq ka th\u00ebn\u00eb n\u00eb mbledhjen e","robots":{"index":"index","follow":"follow","max-snippet":"max-snippet:-1","max-image-preview":"max-image-preview:large","max-video-preview":"max-video-preview:-1"},"canonical":"https:\/\/www.visit-ulcinj.com\/blog\/2016\/11\/14\/abazoviq-nuk-dihet-ku-perfundojne-milionat-e-marra-borxh-nga-komuna-ulqinit\/","og_locale":"en_US","og_type":"article","og_title":"Abazoviq: Nuk dihet ku p\u00ebrfundojn\u00eb milionat e marra borxh nga komuna Ulqinit - Lajme nga Ulqini","og_description":"Nuk dihet ku shkojn\u00eb parat\u00eb nga huamarrja e pushtetit, pasoja p\u00ebr popullin K\u00ebshilltari i L\u00ebvizjes qytetare URA Dritan Abazoviq ka th\u00ebn\u00eb n\u00eb mbledhjen e","og_url":"https:\/\/www.visit-ulcinj.com\/blog\/2016\/11\/14\/abazoviq-nuk-dihet-ku-perfundojne-milionat-e-marra-borxh-nga-komuna-ulqinit\/","og_site_name":"Lajme nga Ulqini","article_published_time":"2016-11-14T20:28:39+00:00","article_modified_time":"2016-11-15T11:47:47+00:00","og_image":[{"url":"http:\/\/www.visit-ulcinj.com\/blog\/wp-content\/uploads\/2015\/06\/Dritan-abazovic.jpg"}],"twitter_misc":{"Written by":"ulqini","Est. reading time":"1 minute"},"schema":{"@context":"https:\/\/schema.org","@graph":[{"@type":"WebSite","@id":"https:\/\/www.visit-ulcinj.com\/blog\/#website","url":"https:\/\/www.visit-ulcinj.com\/blog\/","name":"Lajme nga Ulqini","description":"Lajme,Vijesti,Ulqini,Ulqin,Crna Gora,Mali i Zi","potentialAction":[{"@type":"SearchAction","target":{"@type":"EntryPoint","urlTemplate":"https:\/\/www.visit-ulcinj.com\/blog\/?s={search_term_string}"},"query-input":"required name=search_term_string"}],"inLanguage":"en-US"},{"@type":"ImageObject","inLanguage":"en-US","@id":"https:\/\/www.visit-ulcinj.com\/blog\/2016\/11\/14\/abazoviq-nuk-dihet-ku-perfundojne-milionat-e-marra-borxh-nga-komuna-ulqinit\/#primaryimage","url":"https:\/\/www.visit-ulcinj.com\/blog\/wp-content\/uploads\/2015\/06\/Dritan-abazovic.jpg","contentUrl":"https:\/\/www.visit-ulcinj.com\/blog\/wp-content\/uploads\/2015\/06\/Dritan-abazovic.jpg","width":560,"height":352},{"@type":"WebPage","@id":"https:\/\/www.visit-ulcinj.com\/blog\/2016\/11\/14\/abazoviq-nuk-dihet-ku-perfundojne-milionat-e-marra-borxh-nga-komuna-ulqinit\/#webpage","url":"https:\/\/www.visit-ulcinj.com\/blog\/2016\/11\/14\/abazoviq-nuk-dihet-ku-perfundojne-milionat-e-marra-borxh-nga-komuna-ulqinit\/","name":"Abazoviq: Nuk dihet ku p\u00ebrfundojn\u00eb milionat e marra borxh nga komuna Ulqinit - Lajme nga Ulqini","isPartOf":{"@id":"https:\/\/www.visit-ulcinj.com\/blog\/#website"},"primaryImageOfPage":{"@id":"https:\/\/www.visit-ulcinj.com\/blog\/2016\/11\/14\/abazoviq-nuk-dihet-ku-perfundojne-milionat-e-marra-borxh-nga-komuna-ulqinit\/#primaryimage"},"datePublished":"2016-11-14T20:28:39+00:00","dateModified":"2016-11-15T11:47:47+00:00","author":{"@id":"https:\/\/www.visit-ulcinj.com\/blog\/#\/schema\/person\/dcab619c614d3038751c63bc2aadc06d"},"description":"Nuk dihet ku shkojn\u00eb parat\u00eb nga huamarrja e pushtetit, pasoja p\u00ebr popullin K\u00ebshilltari i L\u00ebvizjes qytetare URA Dritan Abazoviq ka th\u00ebn\u00eb n\u00eb mbledhjen e","breadcrumb":{"@id":"https:\/\/www.visit-ulcinj.com\/blog\/2016\/11\/14\/abazoviq-nuk-dihet-ku-perfundojne-milionat-e-marra-borxh-nga-komuna-ulqinit\/#breadcrumb"},"inLanguage":"en-US","potentialAction":[{"@type":"ReadAction","target":["https:\/\/www.visit-ulcinj.com\/blog\/2016\/11\/14\/abazoviq-nuk-dihet-ku-perfundojne-milionat-e-marra-borxh-nga-komuna-ulqinit\/"]}]},{"@type":"BreadcrumbList","@id":"https:\/\/www.visit-ulcinj.com\/blog\/2016\/11\/14\/abazoviq-nuk-dihet-ku-perfundojne-milionat-e-marra-borxh-nga-komuna-ulqinit\/#breadcrumb","itemListElement":[{"@type":"ListItem","position":1,"name":"Abazoviq: Nuk dihet ku p\u00ebrfundojn\u00eb milionat e marra borxh nga komuna Ulqinit"}]},{"@type":"Person","@id":"https:\/\/www.visit-ulcinj.com\/blog\/#\/schema\/person\/dcab619c614d3038751c63bc2aadc06d","name":"ulqini","sameAs":["http:\/\/www.visit-ulcinj.com"],"url":"https:\/\/www.visit-ulcinj.com\/blog\/author\/admin\/"}]}},"jetpack_featured_media_url":"","jetpack_sharing_enabled":true,"jetpack_shortlink":"https:\/\/wp.me\/pe6lTn-qho","_links":{"self":[{"href":"https:\/\/www.visit-ulcinj.com\/blog\/wp-json\/wp\/v2\/posts\/101022"}],"collection":[{"href":"https:\/\/www.visit-ulcinj.com\/blog\/wp-json\/wp\/v2\/posts"}],"about":[{"href":"https:\/\/www.visit-ulcinj.com\/blog\/wp-json\/wp\/v2\/types\/post"}],"author":[{"embeddable":true,"href":"https:\/\/www.visit-ulcinj.com\/blog\/wp-json\/wp\/v2\/users\/1"}],"replies":[{"embeddable":true,"href":"https:\/\/www.visit-ulcinj.com\/blog\/wp-json\/wp\/v2\/comments?post=101022"}],"version-history":[{"count":1,"href":"https:\/\/www.visit-ulcinj.com\/blog\/wp-json\/wp\/v2\/posts\/101022\/revisions"}],"predecessor-version":[{"id":101023,"href":"https:\/\/www.visit-ulcinj.com\/blog\/wp-json\/wp\/v2\/posts\/101022\/revisions\/101023"}],"wp:attachment":[{"href":"https:\/\/www.visit-ulcinj.com\/blog\/wp-json\/wp\/v2\/media?parent=101022"}],"wp:term":[{"taxonomy":"category","embeddable":true,"href":"https:\/\/www.visit-ulcinj.com\/blog\/wp-json\/wp\/v2\/categories?post=101022"},{"taxonomy":"post_tag","embeddable":true,"href":"https:\/\/www.visit-ulcinj.com\/blog\/wp-json\/wp\/v2\/tags?post=101022"}],"curies":[{"name":"wp","href":"https:\/\/api.w.org\/{rel}","templated":true}]}}