{"id":101024,"date":"2016-11-14T21:52:24","date_gmt":"2016-11-14T20:52:24","guid":{"rendered":"http:\/\/www.visit-ulcinj.com\/blog\/?p=101024"},"modified":"2016-11-15T14:25:22","modified_gmt":"2016-11-15T13:25:22","slug":"nisin-hetime-ndaj-ish-zyrtareve-komunal-te-ulqinit","status":"publish","type":"post","link":"https:\/\/www.visit-ulcinj.com\/blog\/2016\/11\/14\/nisin-hetime-ndaj-ish-zyrtareve-komunal-te-ulqinit\/","title":{"rendered":"Nisin hetime ndaj ish zyrtar\u00ebve komunal t\u00eb Ulqinit"},"content":{"rendered":"<p><a href=\"http:\/\/www.visit-ulcinj.com\/blog\/wp-content\/uploads\/2011\/12\/Opstina-Ulcinj-Press_Komuna-Ulqinit_Press.jpg\"><img loading=\"lazy\" class=\"alignleft wp-image-54486\" src=\"http:\/\/www.visit-ulcinj.com\/blog\/wp-content\/uploads\/2011\/12\/Opstina-Ulcinj-Press_Komuna-Ulqinit_Press.jpg\" alt=\"Opstina-Ulcinj-Press_Komuna Ulqinit_Press\" width=\"508\" height=\"406\" srcset=\"https:\/\/www.visit-ulcinj.com\/blog\/wp-content\/uploads\/2011\/12\/Opstina-Ulcinj-Press_Komuna-Ulqinit_Press.jpg 720w, https:\/\/www.visit-ulcinj.com\/blog\/wp-content\/uploads\/2011\/12\/Opstina-Ulcinj-Press_Komuna-Ulqinit_Press-300x240.jpg 300w\" sizes=\"(max-width: 508px) 100vw, 508px\" \/><\/a>N\u00eb nj\u00eb njoftim p\u00ebr media thuhet se hetimet kan filluar p\u00ebr disa ish zyrtar\u00eb \u00a0t\u00eb Komun\u00ebs s\u00eb Ulqinit, por edhe nga ato aktual, jan\u00eb thirur dje n\u00eb Prokurorin\u00eb speciale shtet\u00ebrore\u00a0n\u00eb lidhje me disa \u00e7\u00ebshtje q\u00eb i takojn\u00eb vitit 2011, m\u00ebson portali yn\u00eb, raporton portali Lajm.me.<\/p>\n<p>Sipas spekullimeve t\u00eb pakonfirmuara, arsyet e k\u00ebsaj thirrjeje kan\u00eb t\u00eb b\u00ebjn\u00eb me parregullsit\u00eb n\u00eb pages\u00ebn e komunalive p\u00ebr objektet \u00a0e nd\u00ebrtuara n\u00eb Ulqin, por edhe me pun\u00ebsimet e paligjshme gjat\u00eb periudh\u00ebs q\u00eb ndodhej n\u00eb pushtet struktura e at\u00ebhershme.<\/p>\n<p>Sipas fjal\u00ebve q\u00eb qarkullojn\u00eb n\u00eb popull, por q\u00eb akoma nuk mund t\u00eb v\u00ebrtetohen, n\u00eb Prokurori jan\u00eb thirrur ish kryetar\u00ebt e Komun\u00ebs Gzim Hajdinaga dhe Fatmir Gjeka, sekretari aktual dhe i at\u00ebhersh\u00ebm p\u00ebr financa Sead Osmanoviq, n\u00ebnkryetari i tanish\u00ebm Vaso Radoviq, por edhe mjaft persona t\u00eb tjer\u00eb q\u00eb ishin n\u00eb pushtet n\u00eb at\u00eb periudh\u00eb.<\/p>\n","protected":false},"excerpt":{"rendered":"<p>N\u00eb nj\u00eb njoftim p\u00ebr media thuhet se hetimet kan filluar p\u00ebr disa ish zyrtar\u00eb \u00a0t\u00eb Komun\u00ebs s\u00eb Ulqinit, por edhe nga ato aktual, jan\u00eb thirur dje n\u00eb Prokurorin\u00eb speciale shtet\u00ebrore\u00a0n\u00eb lidhje me disa \u00e7\u00ebshtje q\u00eb i takojn\u00eb vitit 2011, m\u00ebson portali yn\u00eb, raporton portali Lajm.me. Sipas spekullimeve t\u00eb pakonfirmuara, arsyet e k\u00ebsaj thirrjeje kan\u00eb t\u00eb [&hellip;]<\/p>\n","protected":false},"author":1,"featured_media":0,"comment_status":"closed","ping_status":"closed","sticky":false,"template":"","format":"standard","meta":{"spay_email":"","jetpack_publicize_message":"","jetpack_is_tweetstorm":false,"jetpack_publicize_feature_enabled":true},"categories":[6,13],"tags":[],"jetpack_publicize_connections":[],"yoast_head":"<!-- This site is optimized with the Yoast SEO plugin v19.1 - https:\/\/yoast.com\/wordpress\/plugins\/seo\/ -->\n<title>Nisin hetime ndaj ish zyrtar\u00ebve komunal t\u00eb Ulqinit - Lajme nga Ulqini<\/title>\n<meta name=\"description\" content=\"N\u00eb nj\u00eb njoftim p\u00ebr media thuhet se hetimet kan filluar p\u00ebr disa ish zyrtar\u00eb \u00a0t\u00eb Komun\u00ebs s\u00eb Ulqinit, por edhe nga ato aktual, jan\u00eb thirur dje n\u00eb\" \/>\n<meta name=\"robots\" content=\"index, follow, max-snippet:-1, max-image-preview:large, max-video-preview:-1\" \/>\n<link rel=\"canonical\" href=\"https:\/\/www.visit-ulcinj.com\/blog\/2016\/11\/14\/nisin-hetime-ndaj-ish-zyrtareve-komunal-te-ulqinit\/\" \/>\n<meta property=\"og:locale\" content=\"en_US\" \/>\n<meta property=\"og:type\" content=\"article\" \/>\n<meta property=\"og:title\" content=\"Nisin hetime ndaj ish zyrtar\u00ebve komunal t\u00eb Ulqinit - Lajme nga Ulqini\" \/>\n<meta property=\"og:description\" content=\"N\u00eb nj\u00eb njoftim p\u00ebr media thuhet se hetimet kan filluar p\u00ebr disa ish zyrtar\u00eb \u00a0t\u00eb Komun\u00ebs s\u00eb Ulqinit, por edhe nga ato aktual, jan\u00eb thirur dje n\u00eb\" \/>\n<meta property=\"og:url\" content=\"https:\/\/www.visit-ulcinj.com\/blog\/2016\/11\/14\/nisin-hetime-ndaj-ish-zyrtareve-komunal-te-ulqinit\/\" \/>\n<meta property=\"og:site_name\" content=\"Lajme nga Ulqini\" \/>\n<meta property=\"article:published_time\" content=\"2016-11-14T20:52:24+00:00\" \/>\n<meta property=\"article:modified_time\" content=\"2016-11-15T13:25:22+00:00\" \/>\n<meta property=\"og:image\" content=\"http:\/\/www.visit-ulcinj.com\/blog\/wp-content\/uploads\/2011\/12\/Opstina-Ulcinj-Press_Komuna-Ulqinit_Press.jpg\" \/>\n<meta name=\"twitter:label1\" content=\"Written by\" \/>\n\t<meta name=\"twitter:data1\" content=\"ulqini\" \/>\n\t<meta name=\"twitter:label2\" content=\"Est. reading time\" \/>\n\t<meta name=\"twitter:data2\" content=\"1 minute\" \/>\n<script type=\"application\/ld+json\" class=\"yoast-schema-graph\">{\"@context\":\"https:\/\/schema.org\",\"@graph\":[{\"@type\":\"WebSite\",\"@id\":\"https:\/\/www.visit-ulcinj.com\/blog\/#website\",\"url\":\"https:\/\/www.visit-ulcinj.com\/blog\/\",\"name\":\"Lajme nga Ulqini\",\"description\":\"Lajme,Vijesti,Ulqini,Ulqin,Crna Gora,Mali i Zi\",\"potentialAction\":[{\"@type\":\"SearchAction\",\"target\":{\"@type\":\"EntryPoint\",\"urlTemplate\":\"https:\/\/www.visit-ulcinj.com\/blog\/?s={search_term_string}\"},\"query-input\":\"required name=search_term_string\"}],\"inLanguage\":\"en-US\"},{\"@type\":\"ImageObject\",\"inLanguage\":\"en-US\",\"@id\":\"https:\/\/www.visit-ulcinj.com\/blog\/2016\/11\/14\/nisin-hetime-ndaj-ish-zyrtareve-komunal-te-ulqinit\/#primaryimage\",\"url\":\"https:\/\/www.visit-ulcinj.com\/blog\/wp-content\/uploads\/2011\/12\/Opstina-Ulcinj-Press_Komuna-Ulqinit_Press.jpg\",\"contentUrl\":\"https:\/\/www.visit-ulcinj.com\/blog\/wp-content\/uploads\/2011\/12\/Opstina-Ulcinj-Press_Komuna-Ulqinit_Press.jpg\",\"width\":\"720\",\"height\":\"576\"},{\"@type\":\"WebPage\",\"@id\":\"https:\/\/www.visit-ulcinj.com\/blog\/2016\/11\/14\/nisin-hetime-ndaj-ish-zyrtareve-komunal-te-ulqinit\/#webpage\",\"url\":\"https:\/\/www.visit-ulcinj.com\/blog\/2016\/11\/14\/nisin-hetime-ndaj-ish-zyrtareve-komunal-te-ulqinit\/\",\"name\":\"Nisin hetime ndaj ish zyrtar\u00ebve komunal t\u00eb Ulqinit - Lajme nga Ulqini\",\"isPartOf\":{\"@id\":\"https:\/\/www.visit-ulcinj.com\/blog\/#website\"},\"primaryImageOfPage\":{\"@id\":\"https:\/\/www.visit-ulcinj.com\/blog\/2016\/11\/14\/nisin-hetime-ndaj-ish-zyrtareve-komunal-te-ulqinit\/#primaryimage\"},\"datePublished\":\"2016-11-14T20:52:24+00:00\",\"dateModified\":\"2016-11-15T13:25:22+00:00\",\"author\":{\"@id\":\"https:\/\/www.visit-ulcinj.com\/blog\/#\/schema\/person\/dcab619c614d3038751c63bc2aadc06d\"},\"description\":\"N\u00eb nj\u00eb njoftim p\u00ebr media thuhet se hetimet kan filluar p\u00ebr disa ish zyrtar\u00eb \u00a0t\u00eb Komun\u00ebs s\u00eb Ulqinit, por edhe nga ato aktual, jan\u00eb thirur dje n\u00eb\",\"breadcrumb\":{\"@id\":\"https:\/\/www.visit-ulcinj.com\/blog\/2016\/11\/14\/nisin-hetime-ndaj-ish-zyrtareve-komunal-te-ulqinit\/#breadcrumb\"},\"inLanguage\":\"en-US\",\"potentialAction\":[{\"@type\":\"ReadAction\",\"target\":[\"https:\/\/www.visit-ulcinj.com\/blog\/2016\/11\/14\/nisin-hetime-ndaj-ish-zyrtareve-komunal-te-ulqinit\/\"]}]},{\"@type\":\"BreadcrumbList\",\"@id\":\"https:\/\/www.visit-ulcinj.com\/blog\/2016\/11\/14\/nisin-hetime-ndaj-ish-zyrtareve-komunal-te-ulqinit\/#breadcrumb\",\"itemListElement\":[{\"@type\":\"ListItem\",\"position\":1,\"name\":\"Nisin hetime ndaj ish zyrtar\u00ebve komunal t\u00eb Ulqinit\"}]},{\"@type\":\"Person\",\"@id\":\"https:\/\/www.visit-ulcinj.com\/blog\/#\/schema\/person\/dcab619c614d3038751c63bc2aadc06d\",\"name\":\"ulqini\",\"sameAs\":[\"http:\/\/www.visit-ulcinj.com\"],\"url\":\"https:\/\/www.visit-ulcinj.com\/blog\/author\/admin\/\"}]}<\/script>\n<!-- \/ Yoast SEO plugin. -->","yoast_head_json":{"title":"Nisin hetime ndaj ish zyrtar\u00ebve komunal t\u00eb Ulqinit - Lajme nga Ulqini","description":"N\u00eb nj\u00eb njoftim p\u00ebr media thuhet se hetimet kan filluar p\u00ebr disa ish zyrtar\u00eb \u00a0t\u00eb Komun\u00ebs s\u00eb Ulqinit, por edhe nga ato aktual, jan\u00eb thirur dje n\u00eb","robots":{"index":"index","follow":"follow","max-snippet":"max-snippet:-1","max-image-preview":"max-image-preview:large","max-video-preview":"max-video-preview:-1"},"canonical":"https:\/\/www.visit-ulcinj.com\/blog\/2016\/11\/14\/nisin-hetime-ndaj-ish-zyrtareve-komunal-te-ulqinit\/","og_locale":"en_US","og_type":"article","og_title":"Nisin hetime ndaj ish zyrtar\u00ebve komunal t\u00eb Ulqinit - Lajme nga Ulqini","og_description":"N\u00eb nj\u00eb njoftim p\u00ebr media thuhet se hetimet kan filluar p\u00ebr disa ish zyrtar\u00eb \u00a0t\u00eb Komun\u00ebs s\u00eb Ulqinit, por edhe nga ato aktual, jan\u00eb thirur dje n\u00eb","og_url":"https:\/\/www.visit-ulcinj.com\/blog\/2016\/11\/14\/nisin-hetime-ndaj-ish-zyrtareve-komunal-te-ulqinit\/","og_site_name":"Lajme nga Ulqini","article_published_time":"2016-11-14T20:52:24+00:00","article_modified_time":"2016-11-15T13:25:22+00:00","og_image":[{"url":"http:\/\/www.visit-ulcinj.com\/blog\/wp-content\/uploads\/2011\/12\/Opstina-Ulcinj-Press_Komuna-Ulqinit_Press.jpg"}],"twitter_misc":{"Written by":"ulqini","Est. reading time":"1 minute"},"schema":{"@context":"https:\/\/schema.org","@graph":[{"@type":"WebSite","@id":"https:\/\/www.visit-ulcinj.com\/blog\/#website","url":"https:\/\/www.visit-ulcinj.com\/blog\/","name":"Lajme nga Ulqini","description":"Lajme,Vijesti,Ulqini,Ulqin,Crna Gora,Mali i Zi","potentialAction":[{"@type":"SearchAction","target":{"@type":"EntryPoint","urlTemplate":"https:\/\/www.visit-ulcinj.com\/blog\/?s={search_term_string}"},"query-input":"required name=search_term_string"}],"inLanguage":"en-US"},{"@type":"ImageObject","inLanguage":"en-US","@id":"https:\/\/www.visit-ulcinj.com\/blog\/2016\/11\/14\/nisin-hetime-ndaj-ish-zyrtareve-komunal-te-ulqinit\/#primaryimage","url":"https:\/\/www.visit-ulcinj.com\/blog\/wp-content\/uploads\/2011\/12\/Opstina-Ulcinj-Press_Komuna-Ulqinit_Press.jpg","contentUrl":"https:\/\/www.visit-ulcinj.com\/blog\/wp-content\/uploads\/2011\/12\/Opstina-Ulcinj-Press_Komuna-Ulqinit_Press.jpg","width":"720","height":"576"},{"@type":"WebPage","@id":"https:\/\/www.visit-ulcinj.com\/blog\/2016\/11\/14\/nisin-hetime-ndaj-ish-zyrtareve-komunal-te-ulqinit\/#webpage","url":"https:\/\/www.visit-ulcinj.com\/blog\/2016\/11\/14\/nisin-hetime-ndaj-ish-zyrtareve-komunal-te-ulqinit\/","name":"Nisin hetime ndaj ish zyrtar\u00ebve komunal t\u00eb Ulqinit - Lajme nga Ulqini","isPartOf":{"@id":"https:\/\/www.visit-ulcinj.com\/blog\/#website"},"primaryImageOfPage":{"@id":"https:\/\/www.visit-ulcinj.com\/blog\/2016\/11\/14\/nisin-hetime-ndaj-ish-zyrtareve-komunal-te-ulqinit\/#primaryimage"},"datePublished":"2016-11-14T20:52:24+00:00","dateModified":"2016-11-15T13:25:22+00:00","author":{"@id":"https:\/\/www.visit-ulcinj.com\/blog\/#\/schema\/person\/dcab619c614d3038751c63bc2aadc06d"},"description":"N\u00eb nj\u00eb njoftim p\u00ebr media thuhet se hetimet kan filluar p\u00ebr disa ish zyrtar\u00eb \u00a0t\u00eb Komun\u00ebs s\u00eb Ulqinit, por edhe nga ato aktual, jan\u00eb thirur dje n\u00eb","breadcrumb":{"@id":"https:\/\/www.visit-ulcinj.com\/blog\/2016\/11\/14\/nisin-hetime-ndaj-ish-zyrtareve-komunal-te-ulqinit\/#breadcrumb"},"inLanguage":"en-US","potentialAction":[{"@type":"ReadAction","target":["https:\/\/www.visit-ulcinj.com\/blog\/2016\/11\/14\/nisin-hetime-ndaj-ish-zyrtareve-komunal-te-ulqinit\/"]}]},{"@type":"BreadcrumbList","@id":"https:\/\/www.visit-ulcinj.com\/blog\/2016\/11\/14\/nisin-hetime-ndaj-ish-zyrtareve-komunal-te-ulqinit\/#breadcrumb","itemListElement":[{"@type":"ListItem","position":1,"name":"Nisin hetime ndaj ish zyrtar\u00ebve komunal t\u00eb Ulqinit"}]},{"@type":"Person","@id":"https:\/\/www.visit-ulcinj.com\/blog\/#\/schema\/person\/dcab619c614d3038751c63bc2aadc06d","name":"ulqini","sameAs":["http:\/\/www.visit-ulcinj.com"],"url":"https:\/\/www.visit-ulcinj.com\/blog\/author\/admin\/"}]}},"jetpack_featured_media_url":"","jetpack_sharing_enabled":true,"jetpack_shortlink":"https:\/\/wp.me\/pe6lTn-qhq","_links":{"self":[{"href":"https:\/\/www.visit-ulcinj.com\/blog\/wp-json\/wp\/v2\/posts\/101024"}],"collection":[{"href":"https:\/\/www.visit-ulcinj.com\/blog\/wp-json\/wp\/v2\/posts"}],"about":[{"href":"https:\/\/www.visit-ulcinj.com\/blog\/wp-json\/wp\/v2\/types\/post"}],"author":[{"embeddable":true,"href":"https:\/\/www.visit-ulcinj.com\/blog\/wp-json\/wp\/v2\/users\/1"}],"replies":[{"embeddable":true,"href":"https:\/\/www.visit-ulcinj.com\/blog\/wp-json\/wp\/v2\/comments?post=101024"}],"version-history":[{"count":1,"href":"https:\/\/www.visit-ulcinj.com\/blog\/wp-json\/wp\/v2\/posts\/101024\/revisions"}],"predecessor-version":[{"id":101025,"href":"https:\/\/www.visit-ulcinj.com\/blog\/wp-json\/wp\/v2\/posts\/101024\/revisions\/101025"}],"wp:attachment":[{"href":"https:\/\/www.visit-ulcinj.com\/blog\/wp-json\/wp\/v2\/media?parent=101024"}],"wp:term":[{"taxonomy":"category","embeddable":true,"href":"https:\/\/www.visit-ulcinj.com\/blog\/wp-json\/wp\/v2\/categories?post=101024"},{"taxonomy":"post_tag","embeddable":true,"href":"https:\/\/www.visit-ulcinj.com\/blog\/wp-json\/wp\/v2\/tags?post=101024"}],"curies":[{"name":"wp","href":"https:\/\/api.w.org\/{rel}","templated":true}]}}