{"id":101040,"date":"2016-11-15T09:21:22","date_gmt":"2016-11-15T08:21:22","guid":{"rendered":"http:\/\/www.visit-ulcinj.com\/blog\/?p=101040"},"modified":"2016-11-15T09:21:22","modified_gmt":"2016-11-15T08:21:22","slug":"crna-gora-preti-albaniji-imate-rok-od-dva-meseca","status":"publish","type":"post","link":"https:\/\/www.visit-ulcinj.com\/blog\/2016\/11\/15\/crna-gora-preti-albaniji-imate-rok-od-dva-meseca\/","title":{"rendered":"Crna Gora preti Albaniji: Imate rok od dva meseca"},"content":{"rendered":"<p><a href=\"http:\/\/www.visit-ulcinj.com\/blog\/wp-content\/uploads\/2016\/11\/Privredna-komora-Crne-Gore.jpg\"><img loading=\"lazy\" class=\"alignleft wp-image-101041\" src=\"http:\/\/www.visit-ulcinj.com\/blog\/wp-content\/uploads\/2016\/11\/Privredna-komora-Crne-Gore.jpg\" alt=\"Privredna komora Crne Gore\" width=\"508\" height=\"381\" srcset=\"https:\/\/www.visit-ulcinj.com\/blog\/wp-content\/uploads\/2016\/11\/Privredna-komora-Crne-Gore.jpg 640w, https:\/\/www.visit-ulcinj.com\/blog\/wp-content\/uploads\/2016\/11\/Privredna-komora-Crne-Gore-300x225.jpg 300w\" sizes=\"(max-width: 508px) 100vw, 508px\" \/><\/a>Podgorica &#8212; Crna Gora je zapretila Albaniji kontramerama za uvoz vo\u0107a i povr\u0107a ukoliko u naredna dva meseca ne izmene politiku akciza za crnogorsko vino i pivo.<\/p>\n<p>Privredna komora Crne Gore (PKCG) saop\u0161tila je da Albanija &#8220;optere\u0107uje&#8221; crnogorsko vino i pivo na njenom tr\u017ei\u0161tu taksama dvostruko ve\u0107im nego za doma\u0107e proizvode.<\/p>\n<p>Komora je ukazala i da Albanija &#8220;ote\u017eava&#8221; uvoz mle\u010dnih proizvoda iz Crne Gore na albansko tr\u017ei\u0161te, pozivaju\u0107i se na Uredbu o aflatoksinu, koju &#8220;ne primenjuje na uvoz iz drugih dr\u017eava regiona&#8221;.<\/p>\n<p>Pozivanje na tu uredbu je, navodi Komora, u suprotnosti sa Centralnoevropskim sporazumom o zoni slobodne trgovine (CEFTA).<\/p>\n<p>&#8220;Albanija tra\u017ei i da crnogorski mesni proizvodi imaju evropski izvozni broj, \u0161to nije u skladu s principima Svetske trgovinske organizacije (STO)&#8221;, naveli su iz PKCG.<\/p>\n<p>Poljoprivreda s prera\u0111iva\u010dkom industrijom predstavlja jedan od klju\u010dnih sektora crnogorske ekonomije, sa u\u010de\u0161\u0107em u bruto doma\u0107em proizvodu (BDP) od 9,7 odsto.<\/p>\n<p>Tr\u017ei\u0161te zemalja \u010dlanica CEFTA sporazuma je veoma va\u017eno za Crnu Goru i robna razmena sa tim tr\u017ei\u0161tem iznosi izme\u0111u 60 i 70 odsto.<\/p>\n<p>Jedan od klju\u010dnih problema crnogorske ekonomije jeste deficit u spoljnotrgovinskoj razmeni.<\/p>\n<p>Izvor: B92<\/p>\n","protected":false},"excerpt":{"rendered":"<p>Podgorica &#8212; Crna Gora je zapretila Albaniji kontramerama za uvoz vo\u0107a i povr\u0107a ukoliko u naredna dva meseca ne izmene politiku akciza za crnogorsko vino i pivo. Privredna komora Crne Gore (PKCG) saop\u0161tila je da Albanija &#8220;optere\u0107uje&#8221; crnogorsko vino i pivo na njenom tr\u017ei\u0161tu taksama dvostruko ve\u0107im nego za doma\u0107e proizvode. Komora je ukazala i [&hellip;]<\/p>\n","protected":false},"author":1,"featured_media":0,"comment_status":"closed","ping_status":"closed","sticky":false,"template":"","format":"standard","meta":{"spay_email":"","jetpack_publicize_message":"","jetpack_is_tweetstorm":false,"jetpack_publicize_feature_enabled":true},"categories":[8337],"tags":[],"jetpack_publicize_connections":[],"yoast_head":"<!-- This site is optimized with the Yoast SEO plugin v19.1 - https:\/\/yoast.com\/wordpress\/plugins\/seo\/ -->\n<title>Crna Gora preti Albaniji: Imate rok od dva meseca - Lajme nga Ulqini<\/title>\n<meta name=\"description\" content=\"Podgorica -- Crna Gora je zapretila Albaniji kontramerama za uvoz vo\u0107a i povr\u0107a ukoliko u naredna dva meseca ne izmene politiku akciza za crnogorsko vino\" \/>\n<meta name=\"robots\" content=\"index, follow, max-snippet:-1, max-image-preview:large, max-video-preview:-1\" \/>\n<link rel=\"canonical\" href=\"https:\/\/www.visit-ulcinj.com\/blog\/2016\/11\/15\/crna-gora-preti-albaniji-imate-rok-od-dva-meseca\/\" \/>\n<meta property=\"og:locale\" content=\"en_US\" \/>\n<meta property=\"og:type\" content=\"article\" \/>\n<meta property=\"og:title\" content=\"Crna Gora preti Albaniji: Imate rok od dva meseca - Lajme nga Ulqini\" \/>\n<meta property=\"og:description\" content=\"Podgorica -- Crna Gora je zapretila Albaniji kontramerama za uvoz vo\u0107a i povr\u0107a ukoliko u naredna dva meseca ne izmene politiku akciza za crnogorsko vino\" \/>\n<meta property=\"og:url\" content=\"https:\/\/www.visit-ulcinj.com\/blog\/2016\/11\/15\/crna-gora-preti-albaniji-imate-rok-od-dva-meseca\/\" \/>\n<meta property=\"og:site_name\" content=\"Lajme nga Ulqini\" \/>\n<meta property=\"article:published_time\" content=\"2016-11-15T08:21:22+00:00\" \/>\n<meta property=\"og:image\" content=\"http:\/\/www.visit-ulcinj.com\/blog\/wp-content\/uploads\/2016\/11\/Privredna-komora-Crne-Gore.jpg\" \/>\n<meta name=\"twitter:label1\" content=\"Written by\" \/>\n\t<meta name=\"twitter:data1\" content=\"ulqini\" \/>\n\t<meta name=\"twitter:label2\" content=\"Est. reading time\" \/>\n\t<meta name=\"twitter:data2\" content=\"1 minute\" \/>\n<script type=\"application\/ld+json\" class=\"yoast-schema-graph\">{\"@context\":\"https:\/\/schema.org\",\"@graph\":[{\"@type\":\"WebSite\",\"@id\":\"https:\/\/www.visit-ulcinj.com\/blog\/#website\",\"url\":\"https:\/\/www.visit-ulcinj.com\/blog\/\",\"name\":\"Lajme nga Ulqini\",\"description\":\"Lajme,Vijesti,Ulqini,Ulqin,Crna Gora,Mali i Zi\",\"potentialAction\":[{\"@type\":\"SearchAction\",\"target\":{\"@type\":\"EntryPoint\",\"urlTemplate\":\"https:\/\/www.visit-ulcinj.com\/blog\/?s={search_term_string}\"},\"query-input\":\"required name=search_term_string\"}],\"inLanguage\":\"en-US\"},{\"@type\":\"ImageObject\",\"inLanguage\":\"en-US\",\"@id\":\"https:\/\/www.visit-ulcinj.com\/blog\/2016\/11\/15\/crna-gora-preti-albaniji-imate-rok-od-dva-meseca\/#primaryimage\",\"url\":\"https:\/\/www.visit-ulcinj.com\/blog\/wp-content\/uploads\/2016\/11\/Privredna-komora-Crne-Gore.jpg\",\"contentUrl\":\"https:\/\/www.visit-ulcinj.com\/blog\/wp-content\/uploads\/2016\/11\/Privredna-komora-Crne-Gore.jpg\",\"width\":640,\"height\":480},{\"@type\":\"WebPage\",\"@id\":\"https:\/\/www.visit-ulcinj.com\/blog\/2016\/11\/15\/crna-gora-preti-albaniji-imate-rok-od-dva-meseca\/#webpage\",\"url\":\"https:\/\/www.visit-ulcinj.com\/blog\/2016\/11\/15\/crna-gora-preti-albaniji-imate-rok-od-dva-meseca\/\",\"name\":\"Crna Gora preti Albaniji: Imate rok od dva meseca - Lajme nga Ulqini\",\"isPartOf\":{\"@id\":\"https:\/\/www.visit-ulcinj.com\/blog\/#website\"},\"primaryImageOfPage\":{\"@id\":\"https:\/\/www.visit-ulcinj.com\/blog\/2016\/11\/15\/crna-gora-preti-albaniji-imate-rok-od-dva-meseca\/#primaryimage\"},\"datePublished\":\"2016-11-15T08:21:22+00:00\",\"dateModified\":\"2016-11-15T08:21:22+00:00\",\"author\":{\"@id\":\"https:\/\/www.visit-ulcinj.com\/blog\/#\/schema\/person\/dcab619c614d3038751c63bc2aadc06d\"},\"description\":\"Podgorica -- Crna Gora je zapretila Albaniji kontramerama za uvoz vo\u0107a i povr\u0107a ukoliko u naredna dva meseca ne izmene politiku akciza za crnogorsko vino\",\"breadcrumb\":{\"@id\":\"https:\/\/www.visit-ulcinj.com\/blog\/2016\/11\/15\/crna-gora-preti-albaniji-imate-rok-od-dva-meseca\/#breadcrumb\"},\"inLanguage\":\"en-US\",\"potentialAction\":[{\"@type\":\"ReadAction\",\"target\":[\"https:\/\/www.visit-ulcinj.com\/blog\/2016\/11\/15\/crna-gora-preti-albaniji-imate-rok-od-dva-meseca\/\"]}]},{\"@type\":\"BreadcrumbList\",\"@id\":\"https:\/\/www.visit-ulcinj.com\/blog\/2016\/11\/15\/crna-gora-preti-albaniji-imate-rok-od-dva-meseca\/#breadcrumb\",\"itemListElement\":[{\"@type\":\"ListItem\",\"position\":1,\"name\":\"Crna Gora preti Albaniji: Imate rok od dva meseca\"}]},{\"@type\":\"Person\",\"@id\":\"https:\/\/www.visit-ulcinj.com\/blog\/#\/schema\/person\/dcab619c614d3038751c63bc2aadc06d\",\"name\":\"ulqini\",\"sameAs\":[\"http:\/\/www.visit-ulcinj.com\"],\"url\":\"https:\/\/www.visit-ulcinj.com\/blog\/author\/admin\/\"}]}<\/script>\n<!-- \/ Yoast SEO plugin. -->","yoast_head_json":{"title":"Crna Gora preti Albaniji: Imate rok od dva meseca - Lajme nga Ulqini","description":"Podgorica -- Crna Gora je zapretila Albaniji kontramerama za uvoz vo\u0107a i povr\u0107a ukoliko u naredna dva meseca ne izmene politiku akciza za crnogorsko vino","robots":{"index":"index","follow":"follow","max-snippet":"max-snippet:-1","max-image-preview":"max-image-preview:large","max-video-preview":"max-video-preview:-1"},"canonical":"https:\/\/www.visit-ulcinj.com\/blog\/2016\/11\/15\/crna-gora-preti-albaniji-imate-rok-od-dva-meseca\/","og_locale":"en_US","og_type":"article","og_title":"Crna Gora preti Albaniji: Imate rok od dva meseca - Lajme nga Ulqini","og_description":"Podgorica -- Crna Gora je zapretila Albaniji kontramerama za uvoz vo\u0107a i povr\u0107a ukoliko u naredna dva meseca ne izmene politiku akciza za crnogorsko vino","og_url":"https:\/\/www.visit-ulcinj.com\/blog\/2016\/11\/15\/crna-gora-preti-albaniji-imate-rok-od-dva-meseca\/","og_site_name":"Lajme nga Ulqini","article_published_time":"2016-11-15T08:21:22+00:00","og_image":[{"url":"http:\/\/www.visit-ulcinj.com\/blog\/wp-content\/uploads\/2016\/11\/Privredna-komora-Crne-Gore.jpg"}],"twitter_misc":{"Written by":"ulqini","Est. reading time":"1 minute"},"schema":{"@context":"https:\/\/schema.org","@graph":[{"@type":"WebSite","@id":"https:\/\/www.visit-ulcinj.com\/blog\/#website","url":"https:\/\/www.visit-ulcinj.com\/blog\/","name":"Lajme nga Ulqini","description":"Lajme,Vijesti,Ulqini,Ulqin,Crna Gora,Mali i Zi","potentialAction":[{"@type":"SearchAction","target":{"@type":"EntryPoint","urlTemplate":"https:\/\/www.visit-ulcinj.com\/blog\/?s={search_term_string}"},"query-input":"required name=search_term_string"}],"inLanguage":"en-US"},{"@type":"ImageObject","inLanguage":"en-US","@id":"https:\/\/www.visit-ulcinj.com\/blog\/2016\/11\/15\/crna-gora-preti-albaniji-imate-rok-od-dva-meseca\/#primaryimage","url":"https:\/\/www.visit-ulcinj.com\/blog\/wp-content\/uploads\/2016\/11\/Privredna-komora-Crne-Gore.jpg","contentUrl":"https:\/\/www.visit-ulcinj.com\/blog\/wp-content\/uploads\/2016\/11\/Privredna-komora-Crne-Gore.jpg","width":640,"height":480},{"@type":"WebPage","@id":"https:\/\/www.visit-ulcinj.com\/blog\/2016\/11\/15\/crna-gora-preti-albaniji-imate-rok-od-dva-meseca\/#webpage","url":"https:\/\/www.visit-ulcinj.com\/blog\/2016\/11\/15\/crna-gora-preti-albaniji-imate-rok-od-dva-meseca\/","name":"Crna Gora preti Albaniji: Imate rok od dva meseca - Lajme nga Ulqini","isPartOf":{"@id":"https:\/\/www.visit-ulcinj.com\/blog\/#website"},"primaryImageOfPage":{"@id":"https:\/\/www.visit-ulcinj.com\/blog\/2016\/11\/15\/crna-gora-preti-albaniji-imate-rok-od-dva-meseca\/#primaryimage"},"datePublished":"2016-11-15T08:21:22+00:00","dateModified":"2016-11-15T08:21:22+00:00","author":{"@id":"https:\/\/www.visit-ulcinj.com\/blog\/#\/schema\/person\/dcab619c614d3038751c63bc2aadc06d"},"description":"Podgorica -- Crna Gora je zapretila Albaniji kontramerama za uvoz vo\u0107a i povr\u0107a ukoliko u naredna dva meseca ne izmene politiku akciza za crnogorsko vino","breadcrumb":{"@id":"https:\/\/www.visit-ulcinj.com\/blog\/2016\/11\/15\/crna-gora-preti-albaniji-imate-rok-od-dva-meseca\/#breadcrumb"},"inLanguage":"en-US","potentialAction":[{"@type":"ReadAction","target":["https:\/\/www.visit-ulcinj.com\/blog\/2016\/11\/15\/crna-gora-preti-albaniji-imate-rok-od-dva-meseca\/"]}]},{"@type":"BreadcrumbList","@id":"https:\/\/www.visit-ulcinj.com\/blog\/2016\/11\/15\/crna-gora-preti-albaniji-imate-rok-od-dva-meseca\/#breadcrumb","itemListElement":[{"@type":"ListItem","position":1,"name":"Crna Gora preti Albaniji: Imate rok od dva meseca"}]},{"@type":"Person","@id":"https:\/\/www.visit-ulcinj.com\/blog\/#\/schema\/person\/dcab619c614d3038751c63bc2aadc06d","name":"ulqini","sameAs":["http:\/\/www.visit-ulcinj.com"],"url":"https:\/\/www.visit-ulcinj.com\/blog\/author\/admin\/"}]}},"jetpack_featured_media_url":"","jetpack_sharing_enabled":true,"jetpack_shortlink":"https:\/\/wp.me\/pe6lTn-qhG","_links":{"self":[{"href":"https:\/\/www.visit-ulcinj.com\/blog\/wp-json\/wp\/v2\/posts\/101040"}],"collection":[{"href":"https:\/\/www.visit-ulcinj.com\/blog\/wp-json\/wp\/v2\/posts"}],"about":[{"href":"https:\/\/www.visit-ulcinj.com\/blog\/wp-json\/wp\/v2\/types\/post"}],"author":[{"embeddable":true,"href":"https:\/\/www.visit-ulcinj.com\/blog\/wp-json\/wp\/v2\/users\/1"}],"replies":[{"embeddable":true,"href":"https:\/\/www.visit-ulcinj.com\/blog\/wp-json\/wp\/v2\/comments?post=101040"}],"version-history":[{"count":1,"href":"https:\/\/www.visit-ulcinj.com\/blog\/wp-json\/wp\/v2\/posts\/101040\/revisions"}],"predecessor-version":[{"id":101042,"href":"https:\/\/www.visit-ulcinj.com\/blog\/wp-json\/wp\/v2\/posts\/101040\/revisions\/101042"}],"wp:attachment":[{"href":"https:\/\/www.visit-ulcinj.com\/blog\/wp-json\/wp\/v2\/media?parent=101040"}],"wp:term":[{"taxonomy":"category","embeddable":true,"href":"https:\/\/www.visit-ulcinj.com\/blog\/wp-json\/wp\/v2\/categories?post=101040"},{"taxonomy":"post_tag","embeddable":true,"href":"https:\/\/www.visit-ulcinj.com\/blog\/wp-json\/wp\/v2\/tags?post=101040"}],"curies":[{"name":"wp","href":"https:\/\/api.w.org\/{rel}","templated":true}]}}