{"id":101043,"date":"2016-11-15T12:34:56","date_gmt":"2016-11-15T11:34:56","guid":{"rendered":"http:\/\/www.visit-ulcinj.com\/blog\/?p=101043"},"modified":"2016-11-15T12:34:56","modified_gmt":"2016-11-15T11:34:56","slug":"ultimatum-albanske-koalicije-dps-u-bez-tri-funkcije-ne-ulaze-u-vladu","status":"publish","type":"post","link":"https:\/\/www.visit-ulcinj.com\/blog\/2016\/11\/15\/ultimatum-albanske-koalicije-dps-u-bez-tri-funkcije-ne-ulaze-u-vladu\/","title":{"rendered":"Ultimatum Albanske koalicije DPS-u: Bez tri funkcije ne ulaze u vladu"},"content":{"rendered":"<p><strong><a href=\"http:\/\/www.visit-ulcinj.com\/blog\/wp-content\/uploads\/2016\/11\/Ultimatum-Albanske-koalicije-DPS-u.jpg\"><img loading=\"lazy\" class=\"alignleft wp-image-101044\" src=\"http:\/\/www.visit-ulcinj.com\/blog\/wp-content\/uploads\/2016\/11\/Ultimatum-Albanske-koalicije-DPS-u.jpg\" alt=\"Ultimatum Albanske koalicije DPS-u\" width=\"508\" height=\"319\" srcset=\"https:\/\/www.visit-ulcinj.com\/blog\/wp-content\/uploads\/2016\/11\/Ultimatum-Albanske-koalicije-DPS-u.jpg 560w, https:\/\/www.visit-ulcinj.com\/blog\/wp-content\/uploads\/2016\/11\/Ultimatum-Albanske-koalicije-DPS-u-300x189.jpg 300w\" sizes=\"(max-width: 508px) 100vw, 508px\" \/><\/a>Predstavnici koalicije koju \u010dini Forca, Albanska alternativa (AA) i Demokratska unija Albanaca (DUA) tra\u017ee mjesto potpredsjednika vlade i ministra za ljudska i manjinska prava ili ministra turizma<\/strong><\/p>\n<p><strong><span class=\"credits__author\"> Autor: <a href=\"http:\/\/www.vijesti.me\/autori\/samir-kajosevic-53\/profil\">Samir Kajo\u0161evi\u0107<\/a> <\/span><\/strong><\/p>\n<p>Predstavnici koalicije &#8220;Albanci odlu\u010dno&#8221;\u00a0ne\u0107e ulaziti u postizborne saveze sa Demokratskom partijom socijalista (DPS), ukoliko ne dobiju najmanje dva mjesta u vladi i mjesto potpredsjednika Skup\u0161tine, saznaju &#8220;Vijesti&#8221;.<\/p>\n<p>Predstavnici koalicije koju \u010dini Forca, Albanska alternativa (AA) i Demokratska unija Albanaca (DUA) tra\u017ee mjesto potpredsjednika vlade i ministra za ljudska i &#8230;<\/p>\n<div class=\"register_info\">\n<h3 class=\"register_info__heading\"><a href=\"http:\/\/www.vijesti.me\/vijesti\/ultimatum-albanske-koalicije-dps-u-bez-tri-funkcije-ne-ulaze-u-vladu-911889\">Da biste pro\u010ditali kompletan sadr\u017eaj PREMIUM \u010dlanka potrebno je da se pretplatite.<\/a><\/h3>\n<p>&nbsp;<\/p>\n<\/div>\n","protected":false},"excerpt":{"rendered":"<p>Predstavnici koalicije koju \u010dini Forca, Albanska alternativa (AA) i Demokratska unija Albanaca (DUA) tra\u017ee mjesto potpredsjednika vlade i ministra za ljudska i manjinska prava ili ministra turizma Autor: Samir Kajo\u0161evi\u0107 Predstavnici koalicije &#8220;Albanci odlu\u010dno&#8221;\u00a0ne\u0107e ulaziti u postizborne saveze sa Demokratskom partijom socijalista (DPS), ukoliko ne dobiju najmanje dva mjesta u vladi i mjesto potpredsjednika Skup\u0161tine, [&hellip;]<\/p>\n","protected":false},"author":1,"featured_media":0,"comment_status":"closed","ping_status":"closed","sticky":false,"template":"","format":"standard","meta":{"spay_email":"","jetpack_publicize_message":"","jetpack_is_tweetstorm":false,"jetpack_publicize_feature_enabled":true},"categories":[8337],"tags":[],"jetpack_publicize_connections":[],"yoast_head":"<!-- This site is optimized with the Yoast SEO plugin v19.1 - https:\/\/yoast.com\/wordpress\/plugins\/seo\/ -->\n<title>Ultimatum Albanske koalicije DPS-u: Bez tri funkcije ne ulaze u vladu - Lajme nga Ulqini<\/title>\n<meta name=\"description\" content=\"Predstavnici koalicije koju \u010dini Forca, Albanska alternativa (AA) i Demokratska unija Albanaca (DUA) tra\u017ee mjesto potpredsjednika vlade i ministra za\" \/>\n<meta name=\"robots\" content=\"index, follow, max-snippet:-1, max-image-preview:large, max-video-preview:-1\" \/>\n<link rel=\"canonical\" href=\"https:\/\/www.visit-ulcinj.com\/blog\/2016\/11\/15\/ultimatum-albanske-koalicije-dps-u-bez-tri-funkcije-ne-ulaze-u-vladu\/\" \/>\n<meta property=\"og:locale\" content=\"en_US\" \/>\n<meta property=\"og:type\" content=\"article\" \/>\n<meta property=\"og:title\" content=\"Ultimatum Albanske koalicije DPS-u: Bez tri funkcije ne ulaze u vladu - Lajme nga Ulqini\" \/>\n<meta property=\"og:description\" content=\"Predstavnici koalicije koju \u010dini Forca, Albanska alternativa (AA) i Demokratska unija Albanaca (DUA) tra\u017ee mjesto potpredsjednika vlade i ministra za\" \/>\n<meta property=\"og:url\" content=\"https:\/\/www.visit-ulcinj.com\/blog\/2016\/11\/15\/ultimatum-albanske-koalicije-dps-u-bez-tri-funkcije-ne-ulaze-u-vladu\/\" \/>\n<meta property=\"og:site_name\" content=\"Lajme nga Ulqini\" \/>\n<meta property=\"article:published_time\" content=\"2016-11-15T11:34:56+00:00\" \/>\n<meta property=\"og:image\" content=\"http:\/\/www.visit-ulcinj.com\/blog\/wp-content\/uploads\/2016\/11\/Ultimatum-Albanske-koalicije-DPS-u.jpg\" \/>\n<meta name=\"twitter:label1\" content=\"Written by\" \/>\n\t<meta name=\"twitter:data1\" content=\"ulqini\" \/>\n\t<meta name=\"twitter:label2\" content=\"Est. reading time\" \/>\n\t<meta name=\"twitter:data2\" content=\"1 minute\" \/>\n<script type=\"application\/ld+json\" class=\"yoast-schema-graph\">{\"@context\":\"https:\/\/schema.org\",\"@graph\":[{\"@type\":\"WebSite\",\"@id\":\"https:\/\/www.visit-ulcinj.com\/blog\/#website\",\"url\":\"https:\/\/www.visit-ulcinj.com\/blog\/\",\"name\":\"Lajme nga Ulqini\",\"description\":\"Lajme,Vijesti,Ulqini,Ulqin,Crna Gora,Mali i Zi\",\"potentialAction\":[{\"@type\":\"SearchAction\",\"target\":{\"@type\":\"EntryPoint\",\"urlTemplate\":\"https:\/\/www.visit-ulcinj.com\/blog\/?s={search_term_string}\"},\"query-input\":\"required name=search_term_string\"}],\"inLanguage\":\"en-US\"},{\"@type\":\"ImageObject\",\"inLanguage\":\"en-US\",\"@id\":\"https:\/\/www.visit-ulcinj.com\/blog\/2016\/11\/15\/ultimatum-albanske-koalicije-dps-u-bez-tri-funkcije-ne-ulaze-u-vladu\/#primaryimage\",\"url\":\"https:\/\/www.visit-ulcinj.com\/blog\/wp-content\/uploads\/2016\/11\/Ultimatum-Albanske-koalicije-DPS-u.jpg\",\"contentUrl\":\"https:\/\/www.visit-ulcinj.com\/blog\/wp-content\/uploads\/2016\/11\/Ultimatum-Albanske-koalicije-DPS-u.jpg\",\"width\":560,\"height\":352},{\"@type\":\"WebPage\",\"@id\":\"https:\/\/www.visit-ulcinj.com\/blog\/2016\/11\/15\/ultimatum-albanske-koalicije-dps-u-bez-tri-funkcije-ne-ulaze-u-vladu\/#webpage\",\"url\":\"https:\/\/www.visit-ulcinj.com\/blog\/2016\/11\/15\/ultimatum-albanske-koalicije-dps-u-bez-tri-funkcije-ne-ulaze-u-vladu\/\",\"name\":\"Ultimatum Albanske koalicije DPS-u: Bez tri funkcije ne ulaze u vladu - Lajme nga Ulqini\",\"isPartOf\":{\"@id\":\"https:\/\/www.visit-ulcinj.com\/blog\/#website\"},\"primaryImageOfPage\":{\"@id\":\"https:\/\/www.visit-ulcinj.com\/blog\/2016\/11\/15\/ultimatum-albanske-koalicije-dps-u-bez-tri-funkcije-ne-ulaze-u-vladu\/#primaryimage\"},\"datePublished\":\"2016-11-15T11:34:56+00:00\",\"dateModified\":\"2016-11-15T11:34:56+00:00\",\"author\":{\"@id\":\"https:\/\/www.visit-ulcinj.com\/blog\/#\/schema\/person\/dcab619c614d3038751c63bc2aadc06d\"},\"description\":\"Predstavnici koalicije koju \u010dini Forca, Albanska alternativa (AA) i Demokratska unija Albanaca (DUA) tra\u017ee mjesto potpredsjednika vlade i ministra za\",\"breadcrumb\":{\"@id\":\"https:\/\/www.visit-ulcinj.com\/blog\/2016\/11\/15\/ultimatum-albanske-koalicije-dps-u-bez-tri-funkcije-ne-ulaze-u-vladu\/#breadcrumb\"},\"inLanguage\":\"en-US\",\"potentialAction\":[{\"@type\":\"ReadAction\",\"target\":[\"https:\/\/www.visit-ulcinj.com\/blog\/2016\/11\/15\/ultimatum-albanske-koalicije-dps-u-bez-tri-funkcije-ne-ulaze-u-vladu\/\"]}]},{\"@type\":\"BreadcrumbList\",\"@id\":\"https:\/\/www.visit-ulcinj.com\/blog\/2016\/11\/15\/ultimatum-albanske-koalicije-dps-u-bez-tri-funkcije-ne-ulaze-u-vladu\/#breadcrumb\",\"itemListElement\":[{\"@type\":\"ListItem\",\"position\":1,\"name\":\"Ultimatum Albanske koalicije DPS-u: Bez tri funkcije ne ulaze u vladu\"}]},{\"@type\":\"Person\",\"@id\":\"https:\/\/www.visit-ulcinj.com\/blog\/#\/schema\/person\/dcab619c614d3038751c63bc2aadc06d\",\"name\":\"ulqini\",\"sameAs\":[\"http:\/\/www.visit-ulcinj.com\"],\"url\":\"https:\/\/www.visit-ulcinj.com\/blog\/author\/admin\/\"}]}<\/script>\n<!-- \/ Yoast SEO plugin. -->","yoast_head_json":{"title":"Ultimatum Albanske koalicije DPS-u: Bez tri funkcije ne ulaze u vladu - Lajme nga Ulqini","description":"Predstavnici koalicije koju \u010dini Forca, Albanska alternativa (AA) i Demokratska unija Albanaca (DUA) tra\u017ee mjesto potpredsjednika vlade i ministra za","robots":{"index":"index","follow":"follow","max-snippet":"max-snippet:-1","max-image-preview":"max-image-preview:large","max-video-preview":"max-video-preview:-1"},"canonical":"https:\/\/www.visit-ulcinj.com\/blog\/2016\/11\/15\/ultimatum-albanske-koalicije-dps-u-bez-tri-funkcije-ne-ulaze-u-vladu\/","og_locale":"en_US","og_type":"article","og_title":"Ultimatum Albanske koalicije DPS-u: Bez tri funkcije ne ulaze u vladu - Lajme nga Ulqini","og_description":"Predstavnici koalicije koju \u010dini Forca, Albanska alternativa (AA) i Demokratska unija Albanaca (DUA) tra\u017ee mjesto potpredsjednika vlade i ministra za","og_url":"https:\/\/www.visit-ulcinj.com\/blog\/2016\/11\/15\/ultimatum-albanske-koalicije-dps-u-bez-tri-funkcije-ne-ulaze-u-vladu\/","og_site_name":"Lajme nga Ulqini","article_published_time":"2016-11-15T11:34:56+00:00","og_image":[{"url":"http:\/\/www.visit-ulcinj.com\/blog\/wp-content\/uploads\/2016\/11\/Ultimatum-Albanske-koalicije-DPS-u.jpg"}],"twitter_misc":{"Written by":"ulqini","Est. reading time":"1 minute"},"schema":{"@context":"https:\/\/schema.org","@graph":[{"@type":"WebSite","@id":"https:\/\/www.visit-ulcinj.com\/blog\/#website","url":"https:\/\/www.visit-ulcinj.com\/blog\/","name":"Lajme nga Ulqini","description":"Lajme,Vijesti,Ulqini,Ulqin,Crna Gora,Mali i Zi","potentialAction":[{"@type":"SearchAction","target":{"@type":"EntryPoint","urlTemplate":"https:\/\/www.visit-ulcinj.com\/blog\/?s={search_term_string}"},"query-input":"required name=search_term_string"}],"inLanguage":"en-US"},{"@type":"ImageObject","inLanguage":"en-US","@id":"https:\/\/www.visit-ulcinj.com\/blog\/2016\/11\/15\/ultimatum-albanske-koalicije-dps-u-bez-tri-funkcije-ne-ulaze-u-vladu\/#primaryimage","url":"https:\/\/www.visit-ulcinj.com\/blog\/wp-content\/uploads\/2016\/11\/Ultimatum-Albanske-koalicije-DPS-u.jpg","contentUrl":"https:\/\/www.visit-ulcinj.com\/blog\/wp-content\/uploads\/2016\/11\/Ultimatum-Albanske-koalicije-DPS-u.jpg","width":560,"height":352},{"@type":"WebPage","@id":"https:\/\/www.visit-ulcinj.com\/blog\/2016\/11\/15\/ultimatum-albanske-koalicije-dps-u-bez-tri-funkcije-ne-ulaze-u-vladu\/#webpage","url":"https:\/\/www.visit-ulcinj.com\/blog\/2016\/11\/15\/ultimatum-albanske-koalicije-dps-u-bez-tri-funkcije-ne-ulaze-u-vladu\/","name":"Ultimatum Albanske koalicije DPS-u: Bez tri funkcije ne ulaze u vladu - Lajme nga Ulqini","isPartOf":{"@id":"https:\/\/www.visit-ulcinj.com\/blog\/#website"},"primaryImageOfPage":{"@id":"https:\/\/www.visit-ulcinj.com\/blog\/2016\/11\/15\/ultimatum-albanske-koalicije-dps-u-bez-tri-funkcije-ne-ulaze-u-vladu\/#primaryimage"},"datePublished":"2016-11-15T11:34:56+00:00","dateModified":"2016-11-15T11:34:56+00:00","author":{"@id":"https:\/\/www.visit-ulcinj.com\/blog\/#\/schema\/person\/dcab619c614d3038751c63bc2aadc06d"},"description":"Predstavnici koalicije koju \u010dini Forca, Albanska alternativa (AA) i Demokratska unija Albanaca (DUA) tra\u017ee mjesto potpredsjednika vlade i ministra za","breadcrumb":{"@id":"https:\/\/www.visit-ulcinj.com\/blog\/2016\/11\/15\/ultimatum-albanske-koalicije-dps-u-bez-tri-funkcije-ne-ulaze-u-vladu\/#breadcrumb"},"inLanguage":"en-US","potentialAction":[{"@type":"ReadAction","target":["https:\/\/www.visit-ulcinj.com\/blog\/2016\/11\/15\/ultimatum-albanske-koalicije-dps-u-bez-tri-funkcije-ne-ulaze-u-vladu\/"]}]},{"@type":"BreadcrumbList","@id":"https:\/\/www.visit-ulcinj.com\/blog\/2016\/11\/15\/ultimatum-albanske-koalicije-dps-u-bez-tri-funkcije-ne-ulaze-u-vladu\/#breadcrumb","itemListElement":[{"@type":"ListItem","position":1,"name":"Ultimatum Albanske koalicije DPS-u: Bez tri funkcije ne ulaze u vladu"}]},{"@type":"Person","@id":"https:\/\/www.visit-ulcinj.com\/blog\/#\/schema\/person\/dcab619c614d3038751c63bc2aadc06d","name":"ulqini","sameAs":["http:\/\/www.visit-ulcinj.com"],"url":"https:\/\/www.visit-ulcinj.com\/blog\/author\/admin\/"}]}},"jetpack_featured_media_url":"","jetpack_sharing_enabled":true,"jetpack_shortlink":"https:\/\/wp.me\/pe6lTn-qhJ","_links":{"self":[{"href":"https:\/\/www.visit-ulcinj.com\/blog\/wp-json\/wp\/v2\/posts\/101043"}],"collection":[{"href":"https:\/\/www.visit-ulcinj.com\/blog\/wp-json\/wp\/v2\/posts"}],"about":[{"href":"https:\/\/www.visit-ulcinj.com\/blog\/wp-json\/wp\/v2\/types\/post"}],"author":[{"embeddable":true,"href":"https:\/\/www.visit-ulcinj.com\/blog\/wp-json\/wp\/v2\/users\/1"}],"replies":[{"embeddable":true,"href":"https:\/\/www.visit-ulcinj.com\/blog\/wp-json\/wp\/v2\/comments?post=101043"}],"version-history":[{"count":1,"href":"https:\/\/www.visit-ulcinj.com\/blog\/wp-json\/wp\/v2\/posts\/101043\/revisions"}],"predecessor-version":[{"id":101045,"href":"https:\/\/www.visit-ulcinj.com\/blog\/wp-json\/wp\/v2\/posts\/101043\/revisions\/101045"}],"wp:attachment":[{"href":"https:\/\/www.visit-ulcinj.com\/blog\/wp-json\/wp\/v2\/media?parent=101043"}],"wp:term":[{"taxonomy":"category","embeddable":true,"href":"https:\/\/www.visit-ulcinj.com\/blog\/wp-json\/wp\/v2\/categories?post=101043"},{"taxonomy":"post_tag","embeddable":true,"href":"https:\/\/www.visit-ulcinj.com\/blog\/wp-json\/wp\/v2\/tags?post=101043"}],"curies":[{"name":"wp","href":"https:\/\/api.w.org\/{rel}","templated":true}]}}