{"id":101046,"date":"2016-11-15T12:43:27","date_gmt":"2016-11-15T11:43:27","guid":{"rendered":"http:\/\/www.visit-ulcinj.com\/blog\/?p=101046"},"modified":"2016-11-15T16:28:05","modified_gmt":"2016-11-15T15:28:05","slug":"nese-nuk-permbushen-kushtet-shqiptaret-nuk-te-hyje-ne-qeveri-pa-tre-vende","status":"publish","type":"post","link":"https:\/\/www.visit-ulcinj.com\/blog\/2016\/11\/15\/nese-nuk-permbushen-kushtet-shqiptaret-nuk-te-hyje-ne-qeveri-pa-tre-vende\/","title":{"rendered":"N\u00ebse nuk p\u00ebrmbushen kushtet, shqiptar\u00ebt nuk do t\u00eb hyj\u00eb n\u00eb qeveri pa tre vende"},"content":{"rendered":"<p class=\"post-title\"><strong><a href=\"http:\/\/www.visit-ulcinj.com\/blog\/wp-content\/uploads\/2016\/11\/Ultimatum-Albanske-koalicije-DPS-u.jpg\"><img loading=\"lazy\" class=\"alignleft wp-image-101044\" src=\"http:\/\/www.visit-ulcinj.com\/blog\/wp-content\/uploads\/2016\/11\/Ultimatum-Albanske-koalicije-DPS-u.jpg\" alt=\"Ultimatum Albanske koalicije DPS-u\" width=\"508\" height=\"319\" srcset=\"https:\/\/www.visit-ulcinj.com\/blog\/wp-content\/uploads\/2016\/11\/Ultimatum-Albanske-koalicije-DPS-u.jpg 560w, https:\/\/www.visit-ulcinj.com\/blog\/wp-content\/uploads\/2016\/11\/Ultimatum-Albanske-koalicije-DPS-u-300x189.jpg 300w\" sizes=\"(max-width: 508px) 100vw, 508px\" \/><\/a>Shqiptar\u00ebt pa tre vende nuk hyjn\u00eb n\u00eb qeveri?<\/strong><\/p>\n<p>Sipas burimeve t\u00eb gazet\u00ebs Vijesti, koalicioni shqiptar k\u00ebrkon dy vende n\u00eb qeverin\u00eb e ardhshme dhe at\u00eb t\u00eb n\u00ebnkryetarit t\u00eb Kuvendit, p\u00ebrndryshe do t\u00eb q\u00ebndrojn\u00eb neutral, raporton portali TV Teuta.<\/p>\n<p>Shqiptar\u00ebt, sipas k\u00ebsaj gazete, jan\u00eb t\u00eb interesuar p\u00ebr ministrin\u00eb e pakicave, n\u00ebnkryetarin e qeveris\u00eb ose ministrin\u00eb e turizmit. Pas k\u00ebrkes\u00ebs s\u00eb Socialdemokrat\u00ebve p\u00ebr 3 vende n\u00eb qeveri, dhe at\u00eb t\u00eb kryetarit t\u00eb Kuvendit, nga pakicat vler\u00ebsojn\u00eb se atyre duhet tu takoj\u00eb dyfishi i vendeve, pasi kan\u00eb 2 mandate m\u00eb shum\u00eb.<\/p>\n<p>Edhe boshnjak\u00ebt i kan\u00eb rritur k\u00ebrkesat e tyre, pasi synojn\u00eb t\u00eb marrin vendet q\u00eb dikur mbulonte Partia Socialdemokrate, kurse kroat\u00ebt do t\u00eb k\u00ebnaq\u00ebshin me nj\u00eb vend n\u00eb qeveri.<\/p>\n<p>Nga Partia Demokratike e Socialist\u00ebve zyrtarisht nuk jan\u00eb deklaruar n\u00eb lidhje me ngecjet n\u00eb bisedime, edhe pse burime jozyrtare kan\u00eb konfirmuar se ekzistojn\u00eb mosp\u00ebrputhje n\u00eb mes k\u00ebrkesave t\u00eb partive t\u00eb pakicave dhe gatishm\u00ebris\u00eb s\u00eb PDS-s\u00eb p\u00ebr t\u00eb hequr dor\u00eb nga shumica e posteve n\u00eb favor t\u00eb tyre.<\/p>\n<p>&nbsp;<\/p>\n","protected":false},"excerpt":{"rendered":"<p>Shqiptar\u00ebt pa tre vende nuk hyjn\u00eb n\u00eb qeveri? Sipas burimeve t\u00eb gazet\u00ebs Vijesti, koalicioni shqiptar k\u00ebrkon dy vende n\u00eb qeverin\u00eb e ardhshme dhe at\u00eb t\u00eb n\u00ebnkryetarit t\u00eb Kuvendit, p\u00ebrndryshe do t\u00eb q\u00ebndrojn\u00eb neutral, raporton portali TV Teuta. Shqiptar\u00ebt, sipas k\u00ebsaj gazete, jan\u00eb t\u00eb interesuar p\u00ebr ministrin\u00eb e pakicave, n\u00ebnkryetarin e qeveris\u00eb ose ministrin\u00eb e turizmit. [&hellip;]<\/p>\n","protected":false},"author":1,"featured_media":0,"comment_status":"closed","ping_status":"closed","sticky":false,"template":"","format":"standard","meta":{"spay_email":"","jetpack_publicize_message":"","jetpack_is_tweetstorm":false,"jetpack_publicize_feature_enabled":true},"categories":[7,1],"tags":[],"jetpack_publicize_connections":[],"yoast_head":"<!-- This site is optimized with the Yoast SEO plugin v19.1 - https:\/\/yoast.com\/wordpress\/plugins\/seo\/ -->\n<title>N\u00ebse nuk p\u00ebrmbushen kushtet, shqiptar\u00ebt nuk do t\u00eb hyj\u00eb n\u00eb qeveri pa tre vende - Lajme nga Ulqini<\/title>\n<meta name=\"description\" content=\"Shqiptar\u00ebt pa tre vende nuk hyjn\u00eb n\u00eb qeveri? Sipas burimeve t\u00eb gazet\u00ebs Vijesti, koalicioni shqiptar k\u00ebrkon dy vende n\u00eb qeverin\u00eb e ardhshme dhe at\u00eb t\u00eb\" \/>\n<meta name=\"robots\" content=\"index, follow, max-snippet:-1, max-image-preview:large, max-video-preview:-1\" \/>\n<link rel=\"canonical\" href=\"https:\/\/www.visit-ulcinj.com\/blog\/2016\/11\/15\/nese-nuk-permbushen-kushtet-shqiptaret-nuk-te-hyje-ne-qeveri-pa-tre-vende\/\" \/>\n<meta property=\"og:locale\" content=\"en_US\" \/>\n<meta property=\"og:type\" content=\"article\" \/>\n<meta property=\"og:title\" content=\"N\u00ebse nuk p\u00ebrmbushen kushtet, shqiptar\u00ebt nuk do t\u00eb hyj\u00eb n\u00eb qeveri pa tre vende - Lajme nga Ulqini\" \/>\n<meta property=\"og:description\" content=\"Shqiptar\u00ebt pa tre vende nuk hyjn\u00eb n\u00eb qeveri? Sipas burimeve t\u00eb gazet\u00ebs Vijesti, koalicioni shqiptar k\u00ebrkon dy vende n\u00eb qeverin\u00eb e ardhshme dhe at\u00eb t\u00eb\" \/>\n<meta property=\"og:url\" content=\"https:\/\/www.visit-ulcinj.com\/blog\/2016\/11\/15\/nese-nuk-permbushen-kushtet-shqiptaret-nuk-te-hyje-ne-qeveri-pa-tre-vende\/\" \/>\n<meta property=\"og:site_name\" content=\"Lajme nga Ulqini\" \/>\n<meta property=\"article:published_time\" content=\"2016-11-15T11:43:27+00:00\" \/>\n<meta property=\"article:modified_time\" content=\"2016-11-15T15:28:05+00:00\" \/>\n<meta property=\"og:image\" content=\"http:\/\/www.visit-ulcinj.com\/blog\/wp-content\/uploads\/2016\/11\/Ultimatum-Albanske-koalicije-DPS-u.jpg\" \/>\n<meta name=\"twitter:label1\" content=\"Written by\" \/>\n\t<meta name=\"twitter:data1\" content=\"ulqini\" \/>\n\t<meta name=\"twitter:label2\" content=\"Est. reading time\" \/>\n\t<meta name=\"twitter:data2\" content=\"1 minute\" \/>\n<script type=\"application\/ld+json\" class=\"yoast-schema-graph\">{\"@context\":\"https:\/\/schema.org\",\"@graph\":[{\"@type\":\"WebSite\",\"@id\":\"https:\/\/www.visit-ulcinj.com\/blog\/#website\",\"url\":\"https:\/\/www.visit-ulcinj.com\/blog\/\",\"name\":\"Lajme nga Ulqini\",\"description\":\"Lajme,Vijesti,Ulqini,Ulqin,Crna Gora,Mali i Zi\",\"potentialAction\":[{\"@type\":\"SearchAction\",\"target\":{\"@type\":\"EntryPoint\",\"urlTemplate\":\"https:\/\/www.visit-ulcinj.com\/blog\/?s={search_term_string}\"},\"query-input\":\"required name=search_term_string\"}],\"inLanguage\":\"en-US\"},{\"@type\":\"ImageObject\",\"inLanguage\":\"en-US\",\"@id\":\"https:\/\/www.visit-ulcinj.com\/blog\/2016\/11\/15\/nese-nuk-permbushen-kushtet-shqiptaret-nuk-te-hyje-ne-qeveri-pa-tre-vende\/#primaryimage\",\"url\":\"https:\/\/www.visit-ulcinj.com\/blog\/wp-content\/uploads\/2016\/11\/Ultimatum-Albanske-koalicije-DPS-u.jpg\",\"contentUrl\":\"https:\/\/www.visit-ulcinj.com\/blog\/wp-content\/uploads\/2016\/11\/Ultimatum-Albanske-koalicije-DPS-u.jpg\",\"width\":560,\"height\":352},{\"@type\":\"WebPage\",\"@id\":\"https:\/\/www.visit-ulcinj.com\/blog\/2016\/11\/15\/nese-nuk-permbushen-kushtet-shqiptaret-nuk-te-hyje-ne-qeveri-pa-tre-vende\/#webpage\",\"url\":\"https:\/\/www.visit-ulcinj.com\/blog\/2016\/11\/15\/nese-nuk-permbushen-kushtet-shqiptaret-nuk-te-hyje-ne-qeveri-pa-tre-vende\/\",\"name\":\"N\u00ebse nuk p\u00ebrmbushen kushtet, shqiptar\u00ebt nuk do t\u00eb hyj\u00eb n\u00eb qeveri pa tre vende - Lajme nga Ulqini\",\"isPartOf\":{\"@id\":\"https:\/\/www.visit-ulcinj.com\/blog\/#website\"},\"primaryImageOfPage\":{\"@id\":\"https:\/\/www.visit-ulcinj.com\/blog\/2016\/11\/15\/nese-nuk-permbushen-kushtet-shqiptaret-nuk-te-hyje-ne-qeveri-pa-tre-vende\/#primaryimage\"},\"datePublished\":\"2016-11-15T11:43:27+00:00\",\"dateModified\":\"2016-11-15T15:28:05+00:00\",\"author\":{\"@id\":\"https:\/\/www.visit-ulcinj.com\/blog\/#\/schema\/person\/dcab619c614d3038751c63bc2aadc06d\"},\"description\":\"Shqiptar\u00ebt pa tre vende nuk hyjn\u00eb n\u00eb qeveri? Sipas burimeve t\u00eb gazet\u00ebs Vijesti, koalicioni shqiptar k\u00ebrkon dy vende n\u00eb qeverin\u00eb e ardhshme dhe at\u00eb t\u00eb\",\"breadcrumb\":{\"@id\":\"https:\/\/www.visit-ulcinj.com\/blog\/2016\/11\/15\/nese-nuk-permbushen-kushtet-shqiptaret-nuk-te-hyje-ne-qeveri-pa-tre-vende\/#breadcrumb\"},\"inLanguage\":\"en-US\",\"potentialAction\":[{\"@type\":\"ReadAction\",\"target\":[\"https:\/\/www.visit-ulcinj.com\/blog\/2016\/11\/15\/nese-nuk-permbushen-kushtet-shqiptaret-nuk-te-hyje-ne-qeveri-pa-tre-vende\/\"]}]},{\"@type\":\"BreadcrumbList\",\"@id\":\"https:\/\/www.visit-ulcinj.com\/blog\/2016\/11\/15\/nese-nuk-permbushen-kushtet-shqiptaret-nuk-te-hyje-ne-qeveri-pa-tre-vende\/#breadcrumb\",\"itemListElement\":[{\"@type\":\"ListItem\",\"position\":1,\"name\":\"N\u00ebse nuk p\u00ebrmbushen kushtet, shqiptar\u00ebt nuk do t\u00eb hyj\u00eb n\u00eb qeveri pa tre vende\"}]},{\"@type\":\"Person\",\"@id\":\"https:\/\/www.visit-ulcinj.com\/blog\/#\/schema\/person\/dcab619c614d3038751c63bc2aadc06d\",\"name\":\"ulqini\",\"sameAs\":[\"http:\/\/www.visit-ulcinj.com\"],\"url\":\"https:\/\/www.visit-ulcinj.com\/blog\/author\/admin\/\"}]}<\/script>\n<!-- \/ Yoast SEO plugin. -->","yoast_head_json":{"title":"N\u00ebse nuk p\u00ebrmbushen kushtet, shqiptar\u00ebt nuk do t\u00eb hyj\u00eb n\u00eb qeveri pa tre vende - Lajme nga Ulqini","description":"Shqiptar\u00ebt pa tre vende nuk hyjn\u00eb n\u00eb qeveri? Sipas burimeve t\u00eb gazet\u00ebs Vijesti, koalicioni shqiptar k\u00ebrkon dy vende n\u00eb qeverin\u00eb e ardhshme dhe at\u00eb t\u00eb","robots":{"index":"index","follow":"follow","max-snippet":"max-snippet:-1","max-image-preview":"max-image-preview:large","max-video-preview":"max-video-preview:-1"},"canonical":"https:\/\/www.visit-ulcinj.com\/blog\/2016\/11\/15\/nese-nuk-permbushen-kushtet-shqiptaret-nuk-te-hyje-ne-qeveri-pa-tre-vende\/","og_locale":"en_US","og_type":"article","og_title":"N\u00ebse nuk p\u00ebrmbushen kushtet, shqiptar\u00ebt nuk do t\u00eb hyj\u00eb n\u00eb qeveri pa tre vende - Lajme nga Ulqini","og_description":"Shqiptar\u00ebt pa tre vende nuk hyjn\u00eb n\u00eb qeveri? Sipas burimeve t\u00eb gazet\u00ebs Vijesti, koalicioni shqiptar k\u00ebrkon dy vende n\u00eb qeverin\u00eb e ardhshme dhe at\u00eb t\u00eb","og_url":"https:\/\/www.visit-ulcinj.com\/blog\/2016\/11\/15\/nese-nuk-permbushen-kushtet-shqiptaret-nuk-te-hyje-ne-qeveri-pa-tre-vende\/","og_site_name":"Lajme nga Ulqini","article_published_time":"2016-11-15T11:43:27+00:00","article_modified_time":"2016-11-15T15:28:05+00:00","og_image":[{"url":"http:\/\/www.visit-ulcinj.com\/blog\/wp-content\/uploads\/2016\/11\/Ultimatum-Albanske-koalicije-DPS-u.jpg"}],"twitter_misc":{"Written by":"ulqini","Est. reading time":"1 minute"},"schema":{"@context":"https:\/\/schema.org","@graph":[{"@type":"WebSite","@id":"https:\/\/www.visit-ulcinj.com\/blog\/#website","url":"https:\/\/www.visit-ulcinj.com\/blog\/","name":"Lajme nga Ulqini","description":"Lajme,Vijesti,Ulqini,Ulqin,Crna Gora,Mali i Zi","potentialAction":[{"@type":"SearchAction","target":{"@type":"EntryPoint","urlTemplate":"https:\/\/www.visit-ulcinj.com\/blog\/?s={search_term_string}"},"query-input":"required name=search_term_string"}],"inLanguage":"en-US"},{"@type":"ImageObject","inLanguage":"en-US","@id":"https:\/\/www.visit-ulcinj.com\/blog\/2016\/11\/15\/nese-nuk-permbushen-kushtet-shqiptaret-nuk-te-hyje-ne-qeveri-pa-tre-vende\/#primaryimage","url":"https:\/\/www.visit-ulcinj.com\/blog\/wp-content\/uploads\/2016\/11\/Ultimatum-Albanske-koalicije-DPS-u.jpg","contentUrl":"https:\/\/www.visit-ulcinj.com\/blog\/wp-content\/uploads\/2016\/11\/Ultimatum-Albanske-koalicije-DPS-u.jpg","width":560,"height":352},{"@type":"WebPage","@id":"https:\/\/www.visit-ulcinj.com\/blog\/2016\/11\/15\/nese-nuk-permbushen-kushtet-shqiptaret-nuk-te-hyje-ne-qeveri-pa-tre-vende\/#webpage","url":"https:\/\/www.visit-ulcinj.com\/blog\/2016\/11\/15\/nese-nuk-permbushen-kushtet-shqiptaret-nuk-te-hyje-ne-qeveri-pa-tre-vende\/","name":"N\u00ebse nuk p\u00ebrmbushen kushtet, shqiptar\u00ebt nuk do t\u00eb hyj\u00eb n\u00eb qeveri pa tre vende - Lajme nga Ulqini","isPartOf":{"@id":"https:\/\/www.visit-ulcinj.com\/blog\/#website"},"primaryImageOfPage":{"@id":"https:\/\/www.visit-ulcinj.com\/blog\/2016\/11\/15\/nese-nuk-permbushen-kushtet-shqiptaret-nuk-te-hyje-ne-qeveri-pa-tre-vende\/#primaryimage"},"datePublished":"2016-11-15T11:43:27+00:00","dateModified":"2016-11-15T15:28:05+00:00","author":{"@id":"https:\/\/www.visit-ulcinj.com\/blog\/#\/schema\/person\/dcab619c614d3038751c63bc2aadc06d"},"description":"Shqiptar\u00ebt pa tre vende nuk hyjn\u00eb n\u00eb qeveri? Sipas burimeve t\u00eb gazet\u00ebs Vijesti, koalicioni shqiptar k\u00ebrkon dy vende n\u00eb qeverin\u00eb e ardhshme dhe at\u00eb t\u00eb","breadcrumb":{"@id":"https:\/\/www.visit-ulcinj.com\/blog\/2016\/11\/15\/nese-nuk-permbushen-kushtet-shqiptaret-nuk-te-hyje-ne-qeveri-pa-tre-vende\/#breadcrumb"},"inLanguage":"en-US","potentialAction":[{"@type":"ReadAction","target":["https:\/\/www.visit-ulcinj.com\/blog\/2016\/11\/15\/nese-nuk-permbushen-kushtet-shqiptaret-nuk-te-hyje-ne-qeveri-pa-tre-vende\/"]}]},{"@type":"BreadcrumbList","@id":"https:\/\/www.visit-ulcinj.com\/blog\/2016\/11\/15\/nese-nuk-permbushen-kushtet-shqiptaret-nuk-te-hyje-ne-qeveri-pa-tre-vende\/#breadcrumb","itemListElement":[{"@type":"ListItem","position":1,"name":"N\u00ebse nuk p\u00ebrmbushen kushtet, shqiptar\u00ebt nuk do t\u00eb hyj\u00eb n\u00eb qeveri pa tre vende"}]},{"@type":"Person","@id":"https:\/\/www.visit-ulcinj.com\/blog\/#\/schema\/person\/dcab619c614d3038751c63bc2aadc06d","name":"ulqini","sameAs":["http:\/\/www.visit-ulcinj.com"],"url":"https:\/\/www.visit-ulcinj.com\/blog\/author\/admin\/"}]}},"jetpack_featured_media_url":"","jetpack_sharing_enabled":true,"jetpack_shortlink":"https:\/\/wp.me\/pe6lTn-qhM","_links":{"self":[{"href":"https:\/\/www.visit-ulcinj.com\/blog\/wp-json\/wp\/v2\/posts\/101046"}],"collection":[{"href":"https:\/\/www.visit-ulcinj.com\/blog\/wp-json\/wp\/v2\/posts"}],"about":[{"href":"https:\/\/www.visit-ulcinj.com\/blog\/wp-json\/wp\/v2\/types\/post"}],"author":[{"embeddable":true,"href":"https:\/\/www.visit-ulcinj.com\/blog\/wp-json\/wp\/v2\/users\/1"}],"replies":[{"embeddable":true,"href":"https:\/\/www.visit-ulcinj.com\/blog\/wp-json\/wp\/v2\/comments?post=101046"}],"version-history":[{"count":2,"href":"https:\/\/www.visit-ulcinj.com\/blog\/wp-json\/wp\/v2\/posts\/101046\/revisions"}],"predecessor-version":[{"id":101048,"href":"https:\/\/www.visit-ulcinj.com\/blog\/wp-json\/wp\/v2\/posts\/101046\/revisions\/101048"}],"wp:attachment":[{"href":"https:\/\/www.visit-ulcinj.com\/blog\/wp-json\/wp\/v2\/media?parent=101046"}],"wp:term":[{"taxonomy":"category","embeddable":true,"href":"https:\/\/www.visit-ulcinj.com\/blog\/wp-json\/wp\/v2\/categories?post=101046"},{"taxonomy":"post_tag","embeddable":true,"href":"https:\/\/www.visit-ulcinj.com\/blog\/wp-json\/wp\/v2\/tags?post=101046"}],"curies":[{"name":"wp","href":"https:\/\/api.w.org\/{rel}","templated":true}]}}