{"id":101055,"date":"2016-11-15T16:24:29","date_gmt":"2016-11-15T15:24:29","guid":{"rendered":"http:\/\/www.visit-ulcinj.com\/blog\/?p=101055"},"modified":"2016-11-15T16:24:29","modified_gmt":"2016-11-15T15:24:29","slug":"ulqin-gruaja-shqiptare-dhe-procesi-integrimit-te-malit-te-zi-ne","status":"publish","type":"post","link":"https:\/\/www.visit-ulcinj.com\/blog\/2016\/11\/15\/ulqin-gruaja-shqiptare-dhe-procesi-integrimit-te-malit-te-zi-ne\/","title":{"rendered":"Ulqin: Gruaja shqiptare dhe procesi i integrimit t\u00eb Malit t\u00eb Zi n\u00eb BE"},"content":{"rendered":"<p><strong><a href=\"http:\/\/www.visit-ulcinj.com\/blog\/wp-content\/uploads\/2016\/11\/Gruaja-shqiptare-dhe-procesi-i-integrimit-t\u00eb-Malit-t\u00eb-Zi-n\u00eb-BE-Ulqin.jpg\"><img loading=\"lazy\" class=\"alignleft wp-image-101056\" src=\"http:\/\/www.visit-ulcinj.com\/blog\/wp-content\/uploads\/2016\/11\/Gruaja-shqiptare-dhe-procesi-i-integrimit-t\u00eb-Malit-t\u00eb-Zi-n\u00eb-BE-Ulqin.jpg\" alt=\"Gruaja shqiptare dhe procesi i integrimit t\u00eb Malit t\u00eb Zi n\u00eb BE-Ulqin\" width=\"508\" height=\"286\" srcset=\"https:\/\/www.visit-ulcinj.com\/blog\/wp-content\/uploads\/2016\/11\/Gruaja-shqiptare-dhe-procesi-i-integrimit-t\u00eb-Malit-t\u00eb-Zi-n\u00eb-BE-Ulqin.jpg 960w, https:\/\/www.visit-ulcinj.com\/blog\/wp-content\/uploads\/2016\/11\/Gruaja-shqiptare-dhe-procesi-i-integrimit-t\u00eb-Malit-t\u00eb-Zi-n\u00eb-BE-Ulqin-300x169.jpg 300w, https:\/\/www.visit-ulcinj.com\/blog\/wp-content\/uploads\/2016\/11\/Gruaja-shqiptare-dhe-procesi-i-integrimit-t\u00eb-Malit-t\u00eb-Zi-n\u00eb-BE-Ulqin-768x432.jpg 768w\" sizes=\"(max-width: 508px) 100vw, 508px\" \/><\/a>N\u00eb organizim t\u00eb Rrjetit Global t\u00eb Gruas Shqiptare, n\u00eb Ulqin u mbajt sot Konferenca me tem\u00eb \u201cPozita e shqiptar\u00ebve n\u00eb prag t\u00eb integrimit t\u00eb Malit t\u00eb Zi n\u00eb BE\u201d.<\/strong><\/p>\n<p>Organizuar n\u00eb form\u00ebn e tre paneleve, ai politik, i arsimit, sh\u00ebndet\u00ebsis\u00eb, kultur\u00ebs dhe informimit, si dhe paneli i OJQ-ve, n\u00eb konferenc\u00eb u trajtuan dhe debatuan \u00e7\u00ebshtje q\u00eb kan\u00eb t\u00eb b\u00ebjn\u00eb me pozit\u00ebn e shqiptar\u00ebve n\u00eb Mal t\u00eb Zi, p\u00ebrfaq\u00ebsimin politik, decentrali<span class=\"text_exposed_show\">zimin e pushtetit, pozit\u00ebn e gruas n\u00eb jet\u00ebn publike, arsimin dhe mjetet e informimit n\u00eb gjuh\u00ebn shqipe, sistemin sh\u00ebndet\u00ebsor, kontributin e shoq\u00ebris\u00eb civile n\u00eb procesin e integrimit evropian, problematika t\u00eb pushtetit vendor n\u00eb Ulqin, etj. <\/span><\/p>\n<div class=\"text_exposed_show\">\n<p>Ve\u00e7 p\u00ebrfaq\u00ebsuesve t\u00eb Rrjetit Global t\u00eb Gruas Shqiptare, n\u00eb konferenc\u00eb mor\u00ebn pjes\u00eb Kryetari i Komun\u00ebs s\u00eb Ulqinit, Kryetari i Kuvendit Komunal, n\u00ebnkryetar\u00eb t\u00eb Komun\u00ebs, deputet\u00eb, punonj\u00ebs t\u00eb arsimit e sh\u00ebndet\u00ebsis\u00eb, p\u00ebrfaq\u00ebsues t\u00eb OJQ-v\u00eb, p\u00ebrfaq\u00ebsues t\u00eb subjekteve politike, p\u00ebrfaq\u00ebsues t\u00eb mediave, si dhe p\u00ebrfaq\u00ebsues t\u00eb Ambasad\u00ebs s\u00eb Shqip\u00ebris\u00eb e Kosov\u00ebs n\u00eb Mal t\u00eb Zi.<\/p>\n<p>P\u00ebrve\u00e7 nj\u00eb trajtimi t\u00eb problematik\u00ebs s\u00eb p\u00ebrgjithshme me t\u00eb cil\u00ebn p\u00ebrballen shqiptar\u00ebt n\u00eb Mal t\u00eb Zi, n\u00eb kontekstin e proceseve t\u00eb integrimit t\u00eb vendit n\u00eb BE, u theksua r\u00ebnd\u00ebsia e shfryt\u00ebzimit t\u00eb k\u00ebtij procesi p\u00ebr p\u00ebrmir\u00ebsim, realizim dhe avancim t\u00eb t\u00eb drejtave t\u00eb popullat\u00ebs shqiptare.<\/p>\n<p><strong>Burimi: <span class=\"fwn fcg\"><span class=\"fcg\"><span class=\"fwb\"><a id=\"js_pqy\" class=\"profileLink\" href=\"https:\/\/www.facebook.com\/AlEmbassyMNE\/?hc_ref=PAGES_TIMELINE\" data-ft=\"{&quot;tn&quot;:&quot;k&quot;}\" data-hovercard=\"\/ajax\/hovercard\/page.php?id=1467670880222035&amp;extragetparams=%7B%22hc_ref%22%3A%22PAGES_TIMELINE%22%7D\">Ambasada Shqiptare n\u00eb Mal t\u00eb Zi Facebook<\/a><\/span><\/span><\/span><\/strong><\/p>\n<p><a href=\"http:\/\/www.visit-ulcinj.com\/blog\/wp-content\/uploads\/2016\/11\/Gruaja-shqiptare-dhe-procesi-i-integrimit-t\u00eb-Malit-t\u00eb-Zi-n\u00eb-BE-Ulqin-1.jpg\"><img loading=\"lazy\" class=\"alignleft wp-image-101057\" src=\"http:\/\/www.visit-ulcinj.com\/blog\/wp-content\/uploads\/2016\/11\/Gruaja-shqiptare-dhe-procesi-i-integrimit-t\u00eb-Malit-t\u00eb-Zi-n\u00eb-BE-Ulqin-1.jpg\" alt=\"Gruaja shqiptare dhe procesi i integrimit t\u00eb Malit t\u00eb Zi n\u00eb BE-Ulqin-1\" width=\"508\" height=\"614\" srcset=\"https:\/\/www.visit-ulcinj.com\/blog\/wp-content\/uploads\/2016\/11\/Gruaja-shqiptare-dhe-procesi-i-integrimit-t\u00eb-Malit-t\u00eb-Zi-n\u00eb-BE-Ulqin-1.jpg 540w, https:\/\/www.visit-ulcinj.com\/blog\/wp-content\/uploads\/2016\/11\/Gruaja-shqiptare-dhe-procesi-i-integrimit-t\u00eb-Malit-t\u00eb-Zi-n\u00eb-BE-Ulqin-1-248x300.jpg 248w\" sizes=\"(max-width: 508px) 100vw, 508px\" \/><\/a><\/p>\n<\/div>\n","protected":false},"excerpt":{"rendered":"<p>N\u00eb organizim t\u00eb Rrjetit Global t\u00eb Gruas Shqiptare, n\u00eb Ulqin u mbajt sot Konferenca me tem\u00eb \u201cPozita e shqiptar\u00ebve n\u00eb prag t\u00eb integrimit t\u00eb Malit t\u00eb Zi n\u00eb BE\u201d. Organizuar n\u00eb form\u00ebn e tre paneleve, ai politik, i arsimit, sh\u00ebndet\u00ebsis\u00eb, kultur\u00ebs dhe informimit, si dhe paneli i OJQ-ve, n\u00eb konferenc\u00eb u trajtuan dhe debatuan \u00e7\u00ebshtje [&hellip;]<\/p>\n","protected":false},"author":1,"featured_media":0,"comment_status":"closed","ping_status":"closed","sticky":false,"template":"","format":"standard","meta":{"spay_email":"","jetpack_publicize_message":"","jetpack_is_tweetstorm":false,"jetpack_publicize_feature_enabled":true},"categories":[1],"tags":[],"jetpack_publicize_connections":[],"yoast_head":"<!-- This site is optimized with the Yoast SEO plugin v19.1 - https:\/\/yoast.com\/wordpress\/plugins\/seo\/ -->\n<title>Ulqin: Gruaja shqiptare dhe procesi i integrimit t\u00eb Malit t\u00eb Zi n\u00eb BE - Lajme nga Ulqini<\/title>\n<meta name=\"description\" content=\"N\u00eb organizim t\u00eb Rrjetit Global t\u00eb Gruas Shqiptare, n\u00eb Ulqin u mbajt sot Konferenca me tem\u00eb \u201cPozita e shqiptar\u00ebve n\u00eb prag t\u00eb integrimit t\u00eb Malit t\u00eb Zi n\u00eb\" \/>\n<meta name=\"robots\" content=\"index, follow, max-snippet:-1, max-image-preview:large, max-video-preview:-1\" \/>\n<link rel=\"canonical\" href=\"https:\/\/www.visit-ulcinj.com\/blog\/2016\/11\/15\/ulqin-gruaja-shqiptare-dhe-procesi-integrimit-te-malit-te-zi-ne\/\" \/>\n<meta property=\"og:locale\" content=\"en_US\" \/>\n<meta property=\"og:type\" content=\"article\" \/>\n<meta property=\"og:title\" content=\"Ulqin: Gruaja shqiptare dhe procesi i integrimit t\u00eb Malit t\u00eb Zi n\u00eb BE - Lajme nga Ulqini\" \/>\n<meta property=\"og:description\" content=\"N\u00eb organizim t\u00eb Rrjetit Global t\u00eb Gruas Shqiptare, n\u00eb Ulqin u mbajt sot Konferenca me tem\u00eb \u201cPozita e shqiptar\u00ebve n\u00eb prag t\u00eb integrimit t\u00eb Malit t\u00eb Zi n\u00eb\" \/>\n<meta property=\"og:url\" content=\"https:\/\/www.visit-ulcinj.com\/blog\/2016\/11\/15\/ulqin-gruaja-shqiptare-dhe-procesi-integrimit-te-malit-te-zi-ne\/\" \/>\n<meta property=\"og:site_name\" content=\"Lajme nga Ulqini\" \/>\n<meta property=\"article:published_time\" content=\"2016-11-15T15:24:29+00:00\" \/>\n<meta name=\"twitter:label1\" content=\"Written by\" \/>\n\t<meta name=\"twitter:data1\" content=\"ulqini\" \/>\n\t<meta name=\"twitter:label2\" content=\"Est. reading time\" \/>\n\t<meta name=\"twitter:data2\" content=\"1 minute\" \/>\n<script type=\"application\/ld+json\" class=\"yoast-schema-graph\">{\"@context\":\"https:\/\/schema.org\",\"@graph\":[{\"@type\":\"WebSite\",\"@id\":\"https:\/\/www.visit-ulcinj.com\/blog\/#website\",\"url\":\"https:\/\/www.visit-ulcinj.com\/blog\/\",\"name\":\"Lajme nga Ulqini\",\"description\":\"Lajme,Vijesti,Ulqini,Ulqin,Crna Gora,Mali i Zi\",\"potentialAction\":[{\"@type\":\"SearchAction\",\"target\":{\"@type\":\"EntryPoint\",\"urlTemplate\":\"https:\/\/www.visit-ulcinj.com\/blog\/?s={search_term_string}\"},\"query-input\":\"required name=search_term_string\"}],\"inLanguage\":\"en-US\"},{\"@type\":\"WebPage\",\"@id\":\"https:\/\/www.visit-ulcinj.com\/blog\/2016\/11\/15\/ulqin-gruaja-shqiptare-dhe-procesi-integrimit-te-malit-te-zi-ne\/#webpage\",\"url\":\"https:\/\/www.visit-ulcinj.com\/blog\/2016\/11\/15\/ulqin-gruaja-shqiptare-dhe-procesi-integrimit-te-malit-te-zi-ne\/\",\"name\":\"Ulqin: Gruaja shqiptare dhe procesi i integrimit t\u00eb Malit t\u00eb Zi n\u00eb BE - Lajme nga Ulqini\",\"isPartOf\":{\"@id\":\"https:\/\/www.visit-ulcinj.com\/blog\/#website\"},\"datePublished\":\"2016-11-15T15:24:29+00:00\",\"dateModified\":\"2016-11-15T15:24:29+00:00\",\"author\":{\"@id\":\"https:\/\/www.visit-ulcinj.com\/blog\/#\/schema\/person\/dcab619c614d3038751c63bc2aadc06d\"},\"description\":\"N\u00eb organizim t\u00eb Rrjetit Global t\u00eb Gruas Shqiptare, n\u00eb Ulqin u mbajt sot Konferenca me tem\u00eb \u201cPozita e shqiptar\u00ebve n\u00eb prag t\u00eb integrimit t\u00eb Malit t\u00eb Zi n\u00eb\",\"breadcrumb\":{\"@id\":\"https:\/\/www.visit-ulcinj.com\/blog\/2016\/11\/15\/ulqin-gruaja-shqiptare-dhe-procesi-integrimit-te-malit-te-zi-ne\/#breadcrumb\"},\"inLanguage\":\"en-US\",\"potentialAction\":[{\"@type\":\"ReadAction\",\"target\":[\"https:\/\/www.visit-ulcinj.com\/blog\/2016\/11\/15\/ulqin-gruaja-shqiptare-dhe-procesi-integrimit-te-malit-te-zi-ne\/\"]}]},{\"@type\":\"BreadcrumbList\",\"@id\":\"https:\/\/www.visit-ulcinj.com\/blog\/2016\/11\/15\/ulqin-gruaja-shqiptare-dhe-procesi-integrimit-te-malit-te-zi-ne\/#breadcrumb\",\"itemListElement\":[{\"@type\":\"ListItem\",\"position\":1,\"name\":\"Ulqin: Gruaja shqiptare dhe procesi i integrimit t\u00eb Malit t\u00eb Zi n\u00eb BE\"}]},{\"@type\":\"Person\",\"@id\":\"https:\/\/www.visit-ulcinj.com\/blog\/#\/schema\/person\/dcab619c614d3038751c63bc2aadc06d\",\"name\":\"ulqini\",\"sameAs\":[\"http:\/\/www.visit-ulcinj.com\"],\"url\":\"https:\/\/www.visit-ulcinj.com\/blog\/author\/admin\/\"}]}<\/script>\n<!-- \/ Yoast SEO plugin. -->","yoast_head_json":{"title":"Ulqin: Gruaja shqiptare dhe procesi i integrimit t\u00eb Malit t\u00eb Zi n\u00eb BE - Lajme nga Ulqini","description":"N\u00eb organizim t\u00eb Rrjetit Global t\u00eb Gruas Shqiptare, n\u00eb Ulqin u mbajt sot Konferenca me tem\u00eb \u201cPozita e shqiptar\u00ebve n\u00eb prag t\u00eb integrimit t\u00eb Malit t\u00eb Zi n\u00eb","robots":{"index":"index","follow":"follow","max-snippet":"max-snippet:-1","max-image-preview":"max-image-preview:large","max-video-preview":"max-video-preview:-1"},"canonical":"https:\/\/www.visit-ulcinj.com\/blog\/2016\/11\/15\/ulqin-gruaja-shqiptare-dhe-procesi-integrimit-te-malit-te-zi-ne\/","og_locale":"en_US","og_type":"article","og_title":"Ulqin: Gruaja shqiptare dhe procesi i integrimit t\u00eb Malit t\u00eb Zi n\u00eb BE - Lajme nga Ulqini","og_description":"N\u00eb organizim t\u00eb Rrjetit Global t\u00eb Gruas Shqiptare, n\u00eb Ulqin u mbajt sot Konferenca me tem\u00eb \u201cPozita e shqiptar\u00ebve n\u00eb prag t\u00eb integrimit t\u00eb Malit t\u00eb Zi n\u00eb","og_url":"https:\/\/www.visit-ulcinj.com\/blog\/2016\/11\/15\/ulqin-gruaja-shqiptare-dhe-procesi-integrimit-te-malit-te-zi-ne\/","og_site_name":"Lajme nga Ulqini","article_published_time":"2016-11-15T15:24:29+00:00","twitter_misc":{"Written by":"ulqini","Est. reading time":"1 minute"},"schema":{"@context":"https:\/\/schema.org","@graph":[{"@type":"WebSite","@id":"https:\/\/www.visit-ulcinj.com\/blog\/#website","url":"https:\/\/www.visit-ulcinj.com\/blog\/","name":"Lajme nga Ulqini","description":"Lajme,Vijesti,Ulqini,Ulqin,Crna Gora,Mali i Zi","potentialAction":[{"@type":"SearchAction","target":{"@type":"EntryPoint","urlTemplate":"https:\/\/www.visit-ulcinj.com\/blog\/?s={search_term_string}"},"query-input":"required name=search_term_string"}],"inLanguage":"en-US"},{"@type":"WebPage","@id":"https:\/\/www.visit-ulcinj.com\/blog\/2016\/11\/15\/ulqin-gruaja-shqiptare-dhe-procesi-integrimit-te-malit-te-zi-ne\/#webpage","url":"https:\/\/www.visit-ulcinj.com\/blog\/2016\/11\/15\/ulqin-gruaja-shqiptare-dhe-procesi-integrimit-te-malit-te-zi-ne\/","name":"Ulqin: Gruaja shqiptare dhe procesi i integrimit t\u00eb Malit t\u00eb Zi n\u00eb BE - Lajme nga Ulqini","isPartOf":{"@id":"https:\/\/www.visit-ulcinj.com\/blog\/#website"},"datePublished":"2016-11-15T15:24:29+00:00","dateModified":"2016-11-15T15:24:29+00:00","author":{"@id":"https:\/\/www.visit-ulcinj.com\/blog\/#\/schema\/person\/dcab619c614d3038751c63bc2aadc06d"},"description":"N\u00eb organizim t\u00eb Rrjetit Global t\u00eb Gruas Shqiptare, n\u00eb Ulqin u mbajt sot Konferenca me tem\u00eb \u201cPozita e shqiptar\u00ebve n\u00eb prag t\u00eb integrimit t\u00eb Malit t\u00eb Zi n\u00eb","breadcrumb":{"@id":"https:\/\/www.visit-ulcinj.com\/blog\/2016\/11\/15\/ulqin-gruaja-shqiptare-dhe-procesi-integrimit-te-malit-te-zi-ne\/#breadcrumb"},"inLanguage":"en-US","potentialAction":[{"@type":"ReadAction","target":["https:\/\/www.visit-ulcinj.com\/blog\/2016\/11\/15\/ulqin-gruaja-shqiptare-dhe-procesi-integrimit-te-malit-te-zi-ne\/"]}]},{"@type":"BreadcrumbList","@id":"https:\/\/www.visit-ulcinj.com\/blog\/2016\/11\/15\/ulqin-gruaja-shqiptare-dhe-procesi-integrimit-te-malit-te-zi-ne\/#breadcrumb","itemListElement":[{"@type":"ListItem","position":1,"name":"Ulqin: Gruaja shqiptare dhe procesi i integrimit t\u00eb Malit t\u00eb Zi n\u00eb BE"}]},{"@type":"Person","@id":"https:\/\/www.visit-ulcinj.com\/blog\/#\/schema\/person\/dcab619c614d3038751c63bc2aadc06d","name":"ulqini","sameAs":["http:\/\/www.visit-ulcinj.com"],"url":"https:\/\/www.visit-ulcinj.com\/blog\/author\/admin\/"}]}},"jetpack_featured_media_url":"","jetpack_sharing_enabled":true,"jetpack_shortlink":"https:\/\/wp.me\/pe6lTn-qhV","_links":{"self":[{"href":"https:\/\/www.visit-ulcinj.com\/blog\/wp-json\/wp\/v2\/posts\/101055"}],"collection":[{"href":"https:\/\/www.visit-ulcinj.com\/blog\/wp-json\/wp\/v2\/posts"}],"about":[{"href":"https:\/\/www.visit-ulcinj.com\/blog\/wp-json\/wp\/v2\/types\/post"}],"author":[{"embeddable":true,"href":"https:\/\/www.visit-ulcinj.com\/blog\/wp-json\/wp\/v2\/users\/1"}],"replies":[{"embeddable":true,"href":"https:\/\/www.visit-ulcinj.com\/blog\/wp-json\/wp\/v2\/comments?post=101055"}],"version-history":[{"count":1,"href":"https:\/\/www.visit-ulcinj.com\/blog\/wp-json\/wp\/v2\/posts\/101055\/revisions"}],"predecessor-version":[{"id":101058,"href":"https:\/\/www.visit-ulcinj.com\/blog\/wp-json\/wp\/v2\/posts\/101055\/revisions\/101058"}],"wp:attachment":[{"href":"https:\/\/www.visit-ulcinj.com\/blog\/wp-json\/wp\/v2\/media?parent=101055"}],"wp:term":[{"taxonomy":"category","embeddable":true,"href":"https:\/\/www.visit-ulcinj.com\/blog\/wp-json\/wp\/v2\/categories?post=101055"},{"taxonomy":"post_tag","embeddable":true,"href":"https:\/\/www.visit-ulcinj.com\/blog\/wp-json\/wp\/v2\/tags?post=101055"}],"curies":[{"name":"wp","href":"https:\/\/api.w.org\/{rel}","templated":true}]}}