{"id":101067,"date":"2016-11-17T16:20:58","date_gmt":"2016-11-17T15:20:58","guid":{"rendered":"http:\/\/www.visit-ulcinj.com\/blog\/?p=101067"},"modified":"2016-11-18T15:24:17","modified_gmt":"2016-11-18T14:24:17","slug":"nika-zbatuesit-e-elaboratit-te-cubrilloviqit-2-o-zot-ruaj-nga-mutantet-politike","status":"publish","type":"post","link":"https:\/\/www.visit-ulcinj.com\/blog\/2016\/11\/17\/nika-zbatuesit-e-elaboratit-te-cubrilloviqit-2-o-zot-ruaj-nga-mutantet-politike\/","title":{"rendered":"Nika: Zbatuesit e elaboratit t\u00eb \u00c7ubrilloviqit (2) &#8211; O zot m\u00eb ruaj nga mutant\u00ebt politik\u00eb ?!"},"content":{"rendered":"<p><strong><a href=\"http:\/\/www.visit-ulcinj.com\/blog\/wp-content\/uploads\/2014\/11\/Muhamet-Nika.jpg\"><img loading=\"lazy\" class=\"alignleft size-full wp-image-86143\" src=\"http:\/\/www.visit-ulcinj.com\/blog\/wp-content\/uploads\/2014\/11\/Muhamet-Nika.jpg\" alt=\"Muhamet Nika, Sudski tuma\u010d- P\u00ebrkthyes gjyq\u00ebsor \u201c MUHAMET NIKA \u201d Ulcinj- Ulqin Adresa: zgrada SO ULCINJ- nd\u00ebrtesa e KK Ulqin Telefon-i: 068 264 122 Email-i : muhamet-nika@hotmail.com Albanski jezik- prof. Albanskog jezika Gjuh\u00eb shqipe- prof. I gjuh\u00ebs shqipe\" width=\"256\" height=\"319\" srcset=\"https:\/\/www.visit-ulcinj.com\/blog\/wp-content\/uploads\/2014\/11\/Muhamet-Nika.jpg 256w, https:\/\/www.visit-ulcinj.com\/blog\/wp-content\/uploads\/2014\/11\/Muhamet-Nika-240x300.jpg 240w\" sizes=\"(max-width: 256px) 100vw, 256px\" \/><\/a>Shkruan Muhamet Nika<\/strong><\/p>\n<p>S\u2019 do mend p\u00ebr t\u00eb kuptuar se fjala internacionale mutant\u00ebt , q\u00eb sh\u00ebrben p\u00ebr t\u00eb em\u00ebruar p\u00ebrzierjet dhe shkap\u00ebrcimet gjenetike t\u00eb llojit\u00a0 njer\u00ebzor\u00a0 \u00a0\u00a0shohim se\u00a0 sot na vjen e ekranizuar edhe \u00a0p\u00ebrmes\u00a0 filmave psikologjik\u00eb t\u00eb\u00a0 fantastik\u00ebs shkencore. Fjala \u00a0\u00a0\u00a0n\u00eb vete \u00a0po duket \u00a0se \u00a0ruan edhe rr\u00ebnj\u00ebn mut t\u00eb shqipes, si jasht\u00ebqitje njer\u00ebzore &#8230;?! Andaj me k\u00ebt\u00eb shqipja ve\u00e7 se d\u00ebshmon q\u00eb n\u00eb origjin\u00eb \u00ebsht\u00eb m\u00eb e vjet\u00ebr se 200 gjuh\u00eb t\u00eb\u00a0 \u00a0bot\u00ebs \u00a0duke gjetur \u00a0shpjegimin \u00a0\u00a0e\u00a0 tyre burimor \u00a0vet\u00ebm p\u00ebrmes\u00a0 saj.<\/p>\n<p>Besohet se mutant\u00ebt do t\u00eb jen\u00eb\u00a0 \u00a0prodhime t\u00eb\u00a0 \u00a0do injektimeve laboratorike t\u00eb s\u00eb ardhmes, ku si rezultat \u00a0\u00a0lloji i ri njer\u00ebzor \u201c i paraqitur\u201d do rezultoj\u00eb me shkap\u00ebrcime \u00a0\u00a0gjenetike duke\u00a0 nd\u00ebrruar \u00a0kodin moral t\u00eb\u00a0 natyr\u00ebs psikologjike \u00a0njer\u00ebzore\u00a0 n\u00eb m\u00ebnyr\u00eb t\u00eb pashpjegueshme?!<\/p>\n<p>K\u00ebta n\u00eb fund duke qen\u00eb t\u00eb gatsh\u00ebm\u00a0 p\u00ebr t\u00eb\u00a0\u00a0 luftuar madje \u00a0edhe\u00a0 vet\u00eb\u00a0 natyr\u00ebn njer\u00ebzore din\u00eb t\u00eb kthehen edhe kund\u00ebr vet\u00eb shpik\u00ebsit t\u00eb\u00a0 einjektimit laboratorik&#8230;.?!<\/p>\n<p>Besohet se babai i \u00a0filmave t\u00eb \u00a0k\u00ebtill\u00eb t\u00eb psikanaliz\u00ebs s\u00eb individit n\u00eb shoq\u00ebri t\u00eb jet\u00eb shkrimtari i madh rus Fjodor Dostojevski . Dhe po shtoj se p\u00ebr veten \u00a0time isha i privilegjuar \u00a0shum\u00eb kur redaksia e Gazet\u00ebs DAN, n\u00eb referim t\u00eb gazetarit Milan Knezheviq- nga Ulqini, u p\u00ebrcaktua t\u00eb botoj\u00eb dit\u00ebn e daljes n\u00eb shitje t\u00eb kompletit me gazet\u00eb edhe n\u00eb v\u00ebshtrim \u00a0kritik \u00a0timin p\u00ebr krijimtarin\u00eb e Dostojevskit. Pra i binte\u00a0 q\u00eb gazeta t\u00eb\u201d ma \u00a0kish besuar ..\u201d \u00a0\u00a0mua reklam\u00ebn e shitjes s\u00eb botimit t\u00eb\u00a0\u00a0 \u00a0kompletit \u00a0p\u00ebr \u00a0mes gazet\u00ebs .<\/p>\n<p><strong><em>P\u00ebrse \u00a0i t\u00ebr\u00eb ky shpjegim&#8230;?!<\/em><\/strong><\/p>\n<p>Dje kuvendi i Ulqinit miratoi nj\u00eb vendim anakronik(t\u00eb koh\u00ebs s\u00eb shkuar)duke shpall\u00eb ujin e burimeve t\u00eb An\u00ebs s\u00eb Malit t\u00eb : Mill\u00ebs , Kalimanit dhe t\u00eb Brajsh\u00ebs( q\u00eb deri dje ishin t\u00eb \u00a0lir\u00eb&#8230;, pa pages\u00eb), si burime\u00a0 me interes t\u00eb p\u00ebrgjithsh\u00ebm publik. Shteti- komuna u \u00a0mori \u00a0t\u00eb drejt\u00ebn\u00a0 shfryt\u00ebzimit t\u00eb tij nga banor\u00ebt vendas&#8230;?!- \u00a0Pa diskutim publik\u00a0 i cili kish d\u00ebshtuar&#8230;.?! Nd\u00ebrsa kur ai d\u00ebshton \u2013 ligji obligon\u00a0 q\u00eb t\u00eb p\u00ebrs\u00ebritet . Askush nuk guxon t\u00eb t\u2019i privoj\u00eb t\u00eb drejtat n\u00eb pasuri natyrore t\u00eb mjedisit ku jeton atij tjetri?!<\/p>\n<p><strong>Vendimi \u00a0i miratuar \u00ebsht\u00eb anakronik<\/strong><\/p>\n<p>Themi k\u00ebt\u00eb, sepse me ligjet e s\u00eb drejt\u00ebs nd\u00ebrkomb\u00ebtare shteti vendasve ka t\u00eb drejt\u00eb tu marr\u00eb vet\u00ebm tepric\u00ebn e ujit , kurse\u00a0 \u00e7far\u00eb kuptimi ka kjo, n\u00eb momentin, \u00a0kur marr\u00ebsi\u00a0 saj Komunalja dhe Komuna\u00a0 e Ulqinit, tashm\u00eb jan\u00eb t\u00eb ky\u00e7ur n\u00eb uj\u00ebsjell\u00ebsin regjional ?!Dhe tjet\u00ebr&#8230; , kur fare mir\u00eb dihet se uji i Mill\u00ebs , Kalimanit&#8230;, gjat\u00eb stin\u00ebs s\u00eb ver\u00ebs kur edhe \u00a0ndihet m\u00eb tep\u00ebr \u00a0nevoja e tij ,ai\u00a0 as q\u00eb arrin fare n\u00eb Ulqin&#8230;.?!<\/p>\n<p>Nd\u010drsa \u00a0pyetja: pse ata nuk e paguajn\u00eb ujin si \u00a0qytetar\u00ebt tjer\u00ebt e d\u00ebgjuar n\u00eb kuvend (disa dhjet\u00ebra sht\u00ebpi t\u00eb mbetura&#8230;) ?!Ka shpjegimin p\u00ebr shembull(arsyetimin), \u00a0q\u00eb do ishte: pse Vikendicat e Shtojit dhe\u00a0 gjith\u00eb Shtoji , nuk paguajn\u00eb ujin e n\u00ebntok\u00ebs , me t\u00eb cilin edhe lagin sa t\u00eb duan gjat\u00eb gjith\u00eb stin\u00ebs s\u00eb ver\u00ebs dhe kur\u00eb\u00a0 gj\u00eb askujt?!<\/p>\n<p>Me ligj \u00e7do pasuri q\u00eb del n\u00ebn sip\u00ebrfaqen e tok\u00ebs (n\u00ebn dy metra \u00a0thell\u00ebsi&#8230;, \u00ebsht\u00eb e mir\u00eb e p\u00ebrgjithshme e shtetit(komun\u00ebs)- duke filluar prej \u00a0uji e dere te nafta&#8230;?!!<\/p>\n<p>N\u00eb rastin konkret , sikur mutant\u00ebt politik\u00eb t\u00eb trev\u00ebs s\u00eb An\u00ebs s\u00eb Malit , kur votuan \u00a0nenin tre t\u00eb\u00a0 marrjes s\u00eb ujit me vendim , do kish kuptim sikur \u00a0nd\u00ebrmarrja komunale (komuna) d\u00ebshiron t\u00eb marr\u00eb ujin nga\u00a0 burimet e p\u00ebrmendura malore p\u00ebr t\u00eb nd\u00ebrtuar ndonj\u00eb mini repart t\u00eb shitjes s\u00eb tij , me q\u00ebllim t\u00eb pengimit t\u00eb e migrimin nga\u00a0 zonat e cekura..<\/p>\n<p>Ose supozojm\u00eb , sikur qyteti i Ulqinit me q\u00ebllim t\u00eb pasurimit t\u00eb ofert\u00ebs turistike \u2013 vet\u00eb fshatin Mill\u00eb\u00a0 ta shpallte si fshat turistik duke rinovuar disa nga \u00a0ish 48 mullinjt\u00eb e ujit&#8230; Kuptohet me renovim edhe t\u00eb vet\u00eb Leqeve t\u00eb Mill\u00ebs p\u00ebr turiz\u00ebm k\u00ebmb\u00ebsorie\u00a0 n\u00eb natyr\u00eb \u00a0e duke penguar shp\u00ebrnguljen dhe jo duke e motivuar ate .<\/p>\n<p><strong><em>Zbatuesit e elaborati.?!<\/em><\/strong><\/p>\n<p>Sa p\u00ebr kujtes\u00eb themi se serbi i Bosn\u00ebs,\u00a0 \u00c7ubrilloviq, si minist\u00ebr\u00a0 i\u00a0\u00a0 Kralevin\u00ebs Serbo Kroate\u00a0 dhe Sllovene,\u00a0 pat\u00eb shkruar \u00a0bashk\u00eb me tjer\u00eb edhe nj\u00eb elaboratet\u00a0 t\u00eb \u00a0shp\u00ebrnguljes s\u00eb shqiptar\u00ebve ,\u00a0 kuptohet me dhun\u00eb , por edhe me miratime \u00a0ligjesh q\u00eb u v\u00ebshtir\u00ebsonin jet\u00ebn n\u00eb vendlindje &#8230;?!<\/p>\n<p>Shqiptar\u00ebt n\u00eb pushtet n\u00eb Ulqin, p\u00ebr t\u00eb k\u00ebnaqur do interesa shum\u00eb t\u00eb ul\u00ebta me apo pa vet\u00ebdije po imitojn\u00eb praktikat e t\u00eb shkuar\u00ebs s\u00eb cekur.<\/p>\n<p>\u00c7udia e gjith\u00eb k\u00ebsaj \u00a0n\u00eb votim, ish sepse nga 28 k\u00ebshilltar\u00ebt e koalicionit t\u00eb gjer\u00eb shqiptar\u00eb *(dhe Ana Malas..)?! Votuan nj\u00eb vendimin &#8230;?!<\/p>\n<p>Nga ana e tjet\u00ebr , \u00a0dy k\u00ebshilltar\u00ebt serbo malazez\u00eb\u00a0 : Andrija Cetkoviq \u2013 \u00a0\u00a0foli p\u00ebr \u00e7\u00ebshtjen sikur t\u00eb ish\u00a0 me origjin\u00eb nga Milla e jo nga Pristani ( q\u00eb uji t\u00eb mos paguhej&#8230;) dhe e\u00a0 l\u00ebshoi parlamentin, pun\u00eb q\u00eb nuk e b\u00ebn\u00eb k\u00ebta\u00a0 nga Milla&#8230;?!<\/p>\n<p>Kurse Milan Rolloviq\u00a0 , i Frontit Serb , u shpreh se ai kur lexoi pik\u00ebn e rendit t\u00eb dit\u00ebs- furnizimi me uj\u00eb\u00a0 i zonave fshatare- pasi ishin marr\u00eb kredi, nja 5 milion\u00eb euro&#8230;?!<\/p>\n<p>\u2013\u00a0 Pohoi \u201cq\u00eb\u00a0 kish\u00a0 menduar se fjala ish\u00a0 p\u00ebr t\u00eb \u00e7uar ujin \u00a0n\u00eb Kravar e Rashtish\u00eb\u201d?!<\/p>\n<p>O n\u00ebne edhe ky foli si\u00a0 \u00a0\u00a0t\u00eb ishte me origjin\u00eb nga Kravari?!<\/p>\n<p>O zot thash\u00eb me vete &#8230;, e arrit\u00ebm edhe koh\u00ebn e historive t\u00eb mut(ja)tan\u00ebve anamalas politik\u00eb&#8230;?!<\/p>\n<p>O sa bezdi q\u00eb po kam n\u00eb vete &#8211; po pse Buna e studiova\u00a0 psikanaliz\u00ebn e Dostojevskit&#8230;?! Andriqit dhe \u00c7ubrilloviqit?\u00a0 Po m\u00eb kujtohet edhe th\u00ebnia e popit t\u00eb Kish\u00ebs s\u00eb De\u00e7anit- Dionisi(1896), kur thoshte: \u201c Se shqiptari duhet t\u00eb jet\u00eb si lepuri n\u00eb\u00a0 ferr\u00eb , gjithnj\u00eb i gatsh\u00ebm \u201cp\u00ebr me ik\u00eb..\u201d?!<\/p>\n<p>Po kujt i sh\u00ebrbejm\u00eb me k\u00ebto vendime , athua vet\u00ebm atmosfer\u00ebs s\u00eb emigrimit dhe shp\u00ebrnguljes. Tash po e kuptoj\u00a0 edhe at\u00eb q\u00eb popi thoshte para k\u00ebsaj fjalie, se: \u201cNe nuk na rrezikon shqiptari q\u00eb kryen nj\u00eb fakultet. Nuk na rrezikon shqiptari q\u00eb propagandon kund\u00ebr nesh.\u00a0 Ne na rrezikon shqiptari q\u00eb nd\u00ebrton nj\u00eb kull\u00eb dhe siguron q\u00ebndrimin dhe mbijetes\u00ebn!<\/p>\n<p>N\u00eb k\u00ebt\u00eb u binda edhe vet\u00eb, kur mbaroi parlamenti dhe\u00a0 pash\u00eb se si \u00a0vet\u00ebm ndonj\u00eb nga k\u00ebta\u00a0 t\u00eb kthehej \u201c p\u00ebr t\u00eb fjetur n\u00eb Mill\u00eb , Brajsh\u00eb dhe Kravar..!\u201d \u00a0Q\u00eb \u00a0edhe k\u00ebta ishin me nj\u00eb hap t\u00eb nisur drejt\u00eb ikjes nga Ana e Malit&#8230;?!! O zot \u00e7\u2019po ngjet?! Popi Dionis kish t\u00eb drejt\u00eb..?!!<\/p>\n<p><a href=\"http:\/\/www.visit-ulcinj.com\/blog\/wp-content\/uploads\/2016\/11\/Zbatuesit-e-elaboratit-t\u00eb-Cubrilloviqit.jpg\"><img loading=\"lazy\" class=\"alignleft wp-image-101068\" src=\"http:\/\/www.visit-ulcinj.com\/blog\/wp-content\/uploads\/2016\/11\/Zbatuesit-e-elaboratit-t\u00eb-Cubrilloviqit.jpg\" alt=\"Zbatuesit e elaboratit t\u00eb Cubrilloviqit\" width=\"508\" height=\"702\" srcset=\"https:\/\/www.visit-ulcinj.com\/blog\/wp-content\/uploads\/2016\/11\/Zbatuesit-e-elaboratit-t\u00eb-Cubrilloviqit.jpg 508w, https:\/\/www.visit-ulcinj.com\/blog\/wp-content\/uploads\/2016\/11\/Zbatuesit-e-elaboratit-t\u00eb-Cubrilloviqit-217x300.jpg 217w\" sizes=\"(max-width: 508px) 100vw, 508px\" \/><\/a><\/p>\n<p><strong><em>Ilustrim nga libri i Sabri Maxhun \u2013 Novosell\u00ebs&#8230;.?!<\/em><\/strong><\/p>\n<p><em>Ikjet n\u00eb dy koh\u00eb t\u00eb shqiptar\u00ebve&#8230;?!Nuk u quajt\u00ebn\u00a0\u00a0 kot \u00a0me emrin e elaboratit \u00a0t\u00eb shp\u00ebrnguljes&#8230;?!!Po shqiptar\u00ebt \u00e7far\u00eb b\u00ebjn\u00eb&#8230;.?!!<\/em><\/p>\n","protected":false},"excerpt":{"rendered":"<p>Shkruan Muhamet Nika S\u2019 do mend p\u00ebr t\u00eb kuptuar se fjala internacionale mutant\u00ebt , q\u00eb sh\u00ebrben p\u00ebr t\u00eb em\u00ebruar p\u00ebrzierjet dhe shkap\u00ebrcimet gjenetike t\u00eb llojit\u00a0 njer\u00ebzor\u00a0 \u00a0\u00a0shohim se\u00a0 sot na vjen e ekranizuar edhe \u00a0p\u00ebrmes\u00a0 filmave psikologjik\u00eb t\u00eb\u00a0 fantastik\u00ebs shkencore. Fjala \u00a0\u00a0\u00a0n\u00eb vete \u00a0po duket \u00a0se \u00a0ruan edhe rr\u00ebnj\u00ebn mut t\u00eb shqipes, si jasht\u00ebqitje njer\u00ebzore [&hellip;]<\/p>\n","protected":false},"author":1,"featured_media":0,"comment_status":"closed","ping_status":"closed","sticky":false,"template":"","format":"standard","meta":{"spay_email":"","jetpack_publicize_message":"","jetpack_is_tweetstorm":false,"jetpack_publicize_feature_enabled":true},"categories":[1,14249],"tags":[],"jetpack_publicize_connections":[],"yoast_head":"<!-- This site is optimized with the Yoast SEO plugin v19.1 - https:\/\/yoast.com\/wordpress\/plugins\/seo\/ -->\n<title>Nika: Zbatuesit e elaboratit t\u00eb \u00c7ubrilloviqit (2) - O zot m\u00eb ruaj nga mutant\u00ebt politik\u00eb ?! - Lajme nga Ulqini<\/title>\n<meta name=\"description\" content=\"Shkruan Muhamet Nika S\u2019 do mend p\u00ebr t\u00eb kuptuar se fjala internacionale mutant\u00ebt , q\u00eb sh\u00ebrben p\u00ebr t\u00eb em\u00ebruar p\u00ebrzierjet dhe shkap\u00ebrcimet gjenetike t\u00eb\" \/>\n<meta name=\"robots\" content=\"index, follow, max-snippet:-1, max-image-preview:large, max-video-preview:-1\" \/>\n<link rel=\"canonical\" href=\"https:\/\/www.visit-ulcinj.com\/blog\/2016\/11\/17\/nika-zbatuesit-e-elaboratit-te-cubrilloviqit-2-o-zot-ruaj-nga-mutantet-politike\/\" \/>\n<meta property=\"og:locale\" content=\"en_US\" \/>\n<meta property=\"og:type\" content=\"article\" \/>\n<meta property=\"og:title\" content=\"Nika: Zbatuesit e elaboratit t\u00eb \u00c7ubrilloviqit (2) - O zot m\u00eb ruaj nga mutant\u00ebt politik\u00eb ?! - Lajme nga Ulqini\" \/>\n<meta property=\"og:description\" content=\"Shkruan Muhamet Nika S\u2019 do mend p\u00ebr t\u00eb kuptuar se fjala internacionale mutant\u00ebt , q\u00eb sh\u00ebrben p\u00ebr t\u00eb em\u00ebruar p\u00ebrzierjet dhe shkap\u00ebrcimet gjenetike t\u00eb\" \/>\n<meta property=\"og:url\" content=\"https:\/\/www.visit-ulcinj.com\/blog\/2016\/11\/17\/nika-zbatuesit-e-elaboratit-te-cubrilloviqit-2-o-zot-ruaj-nga-mutantet-politike\/\" \/>\n<meta property=\"og:site_name\" content=\"Lajme nga Ulqini\" \/>\n<meta property=\"article:published_time\" content=\"2016-11-17T15:20:58+00:00\" \/>\n<meta property=\"article:modified_time\" content=\"2016-11-18T14:24:17+00:00\" \/>\n<meta property=\"og:image\" content=\"http:\/\/www.visit-ulcinj.com\/blog\/wp-content\/uploads\/2014\/11\/Muhamet-Nika.jpg\" \/>\n<meta name=\"twitter:label1\" content=\"Written by\" \/>\n\t<meta name=\"twitter:data1\" content=\"ulqini\" \/>\n\t<meta name=\"twitter:label2\" content=\"Est. reading time\" \/>\n\t<meta name=\"twitter:data2\" content=\"6 minutes\" \/>\n<script type=\"application\/ld+json\" class=\"yoast-schema-graph\">{\"@context\":\"https:\/\/schema.org\",\"@graph\":[{\"@type\":\"WebSite\",\"@id\":\"https:\/\/www.visit-ulcinj.com\/blog\/#website\",\"url\":\"https:\/\/www.visit-ulcinj.com\/blog\/\",\"name\":\"Lajme nga Ulqini\",\"description\":\"Lajme,Vijesti,Ulqini,Ulqin,Crna Gora,Mali i Zi\",\"potentialAction\":[{\"@type\":\"SearchAction\",\"target\":{\"@type\":\"EntryPoint\",\"urlTemplate\":\"https:\/\/www.visit-ulcinj.com\/blog\/?s={search_term_string}\"},\"query-input\":\"required name=search_term_string\"}],\"inLanguage\":\"en-US\"},{\"@type\":\"ImageObject\",\"inLanguage\":\"en-US\",\"@id\":\"https:\/\/www.visit-ulcinj.com\/blog\/2016\/11\/17\/nika-zbatuesit-e-elaboratit-te-cubrilloviqit-2-o-zot-ruaj-nga-mutantet-politike\/#primaryimage\",\"url\":\"https:\/\/www.visit-ulcinj.com\/blog\/wp-content\/uploads\/2014\/11\/Muhamet-Nika.jpg\",\"contentUrl\":\"https:\/\/www.visit-ulcinj.com\/blog\/wp-content\/uploads\/2014\/11\/Muhamet-Nika.jpg\",\"width\":256,\"height\":319},{\"@type\":\"WebPage\",\"@id\":\"https:\/\/www.visit-ulcinj.com\/blog\/2016\/11\/17\/nika-zbatuesit-e-elaboratit-te-cubrilloviqit-2-o-zot-ruaj-nga-mutantet-politike\/#webpage\",\"url\":\"https:\/\/www.visit-ulcinj.com\/blog\/2016\/11\/17\/nika-zbatuesit-e-elaboratit-te-cubrilloviqit-2-o-zot-ruaj-nga-mutantet-politike\/\",\"name\":\"Nika: Zbatuesit e elaboratit t\u00eb \u00c7ubrilloviqit (2) - O zot m\u00eb ruaj nga mutant\u00ebt politik\u00eb ?! - Lajme nga Ulqini\",\"isPartOf\":{\"@id\":\"https:\/\/www.visit-ulcinj.com\/blog\/#website\"},\"primaryImageOfPage\":{\"@id\":\"https:\/\/www.visit-ulcinj.com\/blog\/2016\/11\/17\/nika-zbatuesit-e-elaboratit-te-cubrilloviqit-2-o-zot-ruaj-nga-mutantet-politike\/#primaryimage\"},\"datePublished\":\"2016-11-17T15:20:58+00:00\",\"dateModified\":\"2016-11-18T14:24:17+00:00\",\"author\":{\"@id\":\"https:\/\/www.visit-ulcinj.com\/blog\/#\/schema\/person\/dcab619c614d3038751c63bc2aadc06d\"},\"description\":\"Shkruan Muhamet Nika S\u2019 do mend p\u00ebr t\u00eb kuptuar se fjala internacionale mutant\u00ebt , q\u00eb sh\u00ebrben p\u00ebr t\u00eb em\u00ebruar p\u00ebrzierjet dhe shkap\u00ebrcimet gjenetike t\u00eb\",\"breadcrumb\":{\"@id\":\"https:\/\/www.visit-ulcinj.com\/blog\/2016\/11\/17\/nika-zbatuesit-e-elaboratit-te-cubrilloviqit-2-o-zot-ruaj-nga-mutantet-politike\/#breadcrumb\"},\"inLanguage\":\"en-US\",\"potentialAction\":[{\"@type\":\"ReadAction\",\"target\":[\"https:\/\/www.visit-ulcinj.com\/blog\/2016\/11\/17\/nika-zbatuesit-e-elaboratit-te-cubrilloviqit-2-o-zot-ruaj-nga-mutantet-politike\/\"]}]},{\"@type\":\"BreadcrumbList\",\"@id\":\"https:\/\/www.visit-ulcinj.com\/blog\/2016\/11\/17\/nika-zbatuesit-e-elaboratit-te-cubrilloviqit-2-o-zot-ruaj-nga-mutantet-politike\/#breadcrumb\",\"itemListElement\":[{\"@type\":\"ListItem\",\"position\":1,\"name\":\"Nika: Zbatuesit e elaboratit t\u00eb \u00c7ubrilloviqit (2) &#8211; O zot m\u00eb ruaj nga mutant\u00ebt politik\u00eb ?!\"}]},{\"@type\":\"Person\",\"@id\":\"https:\/\/www.visit-ulcinj.com\/blog\/#\/schema\/person\/dcab619c614d3038751c63bc2aadc06d\",\"name\":\"ulqini\",\"sameAs\":[\"http:\/\/www.visit-ulcinj.com\"],\"url\":\"https:\/\/www.visit-ulcinj.com\/blog\/author\/admin\/\"}]}<\/script>\n<!-- \/ Yoast SEO plugin. -->","yoast_head_json":{"title":"Nika: Zbatuesit e elaboratit t\u00eb \u00c7ubrilloviqit (2) - O zot m\u00eb ruaj nga mutant\u00ebt politik\u00eb ?! - Lajme nga Ulqini","description":"Shkruan Muhamet Nika S\u2019 do mend p\u00ebr t\u00eb kuptuar se fjala internacionale mutant\u00ebt , q\u00eb sh\u00ebrben p\u00ebr t\u00eb em\u00ebruar p\u00ebrzierjet dhe shkap\u00ebrcimet gjenetike t\u00eb","robots":{"index":"index","follow":"follow","max-snippet":"max-snippet:-1","max-image-preview":"max-image-preview:large","max-video-preview":"max-video-preview:-1"},"canonical":"https:\/\/www.visit-ulcinj.com\/blog\/2016\/11\/17\/nika-zbatuesit-e-elaboratit-te-cubrilloviqit-2-o-zot-ruaj-nga-mutantet-politike\/","og_locale":"en_US","og_type":"article","og_title":"Nika: Zbatuesit e elaboratit t\u00eb \u00c7ubrilloviqit (2) - O zot m\u00eb ruaj nga mutant\u00ebt politik\u00eb ?! - Lajme nga Ulqini","og_description":"Shkruan Muhamet Nika S\u2019 do mend p\u00ebr t\u00eb kuptuar se fjala internacionale mutant\u00ebt , q\u00eb sh\u00ebrben p\u00ebr t\u00eb em\u00ebruar p\u00ebrzierjet dhe shkap\u00ebrcimet gjenetike t\u00eb","og_url":"https:\/\/www.visit-ulcinj.com\/blog\/2016\/11\/17\/nika-zbatuesit-e-elaboratit-te-cubrilloviqit-2-o-zot-ruaj-nga-mutantet-politike\/","og_site_name":"Lajme nga Ulqini","article_published_time":"2016-11-17T15:20:58+00:00","article_modified_time":"2016-11-18T14:24:17+00:00","og_image":[{"url":"http:\/\/www.visit-ulcinj.com\/blog\/wp-content\/uploads\/2014\/11\/Muhamet-Nika.jpg"}],"twitter_misc":{"Written by":"ulqini","Est. reading time":"6 minutes"},"schema":{"@context":"https:\/\/schema.org","@graph":[{"@type":"WebSite","@id":"https:\/\/www.visit-ulcinj.com\/blog\/#website","url":"https:\/\/www.visit-ulcinj.com\/blog\/","name":"Lajme nga Ulqini","description":"Lajme,Vijesti,Ulqini,Ulqin,Crna Gora,Mali i Zi","potentialAction":[{"@type":"SearchAction","target":{"@type":"EntryPoint","urlTemplate":"https:\/\/www.visit-ulcinj.com\/blog\/?s={search_term_string}"},"query-input":"required name=search_term_string"}],"inLanguage":"en-US"},{"@type":"ImageObject","inLanguage":"en-US","@id":"https:\/\/www.visit-ulcinj.com\/blog\/2016\/11\/17\/nika-zbatuesit-e-elaboratit-te-cubrilloviqit-2-o-zot-ruaj-nga-mutantet-politike\/#primaryimage","url":"https:\/\/www.visit-ulcinj.com\/blog\/wp-content\/uploads\/2014\/11\/Muhamet-Nika.jpg","contentUrl":"https:\/\/www.visit-ulcinj.com\/blog\/wp-content\/uploads\/2014\/11\/Muhamet-Nika.jpg","width":256,"height":319},{"@type":"WebPage","@id":"https:\/\/www.visit-ulcinj.com\/blog\/2016\/11\/17\/nika-zbatuesit-e-elaboratit-te-cubrilloviqit-2-o-zot-ruaj-nga-mutantet-politike\/#webpage","url":"https:\/\/www.visit-ulcinj.com\/blog\/2016\/11\/17\/nika-zbatuesit-e-elaboratit-te-cubrilloviqit-2-o-zot-ruaj-nga-mutantet-politike\/","name":"Nika: Zbatuesit e elaboratit t\u00eb \u00c7ubrilloviqit (2) - O zot m\u00eb ruaj nga mutant\u00ebt politik\u00eb ?! - Lajme nga Ulqini","isPartOf":{"@id":"https:\/\/www.visit-ulcinj.com\/blog\/#website"},"primaryImageOfPage":{"@id":"https:\/\/www.visit-ulcinj.com\/blog\/2016\/11\/17\/nika-zbatuesit-e-elaboratit-te-cubrilloviqit-2-o-zot-ruaj-nga-mutantet-politike\/#primaryimage"},"datePublished":"2016-11-17T15:20:58+00:00","dateModified":"2016-11-18T14:24:17+00:00","author":{"@id":"https:\/\/www.visit-ulcinj.com\/blog\/#\/schema\/person\/dcab619c614d3038751c63bc2aadc06d"},"description":"Shkruan Muhamet Nika S\u2019 do mend p\u00ebr t\u00eb kuptuar se fjala internacionale mutant\u00ebt , q\u00eb sh\u00ebrben p\u00ebr t\u00eb em\u00ebruar p\u00ebrzierjet dhe shkap\u00ebrcimet gjenetike t\u00eb","breadcrumb":{"@id":"https:\/\/www.visit-ulcinj.com\/blog\/2016\/11\/17\/nika-zbatuesit-e-elaboratit-te-cubrilloviqit-2-o-zot-ruaj-nga-mutantet-politike\/#breadcrumb"},"inLanguage":"en-US","potentialAction":[{"@type":"ReadAction","target":["https:\/\/www.visit-ulcinj.com\/blog\/2016\/11\/17\/nika-zbatuesit-e-elaboratit-te-cubrilloviqit-2-o-zot-ruaj-nga-mutantet-politike\/"]}]},{"@type":"BreadcrumbList","@id":"https:\/\/www.visit-ulcinj.com\/blog\/2016\/11\/17\/nika-zbatuesit-e-elaboratit-te-cubrilloviqit-2-o-zot-ruaj-nga-mutantet-politike\/#breadcrumb","itemListElement":[{"@type":"ListItem","position":1,"name":"Nika: Zbatuesit e elaboratit t\u00eb \u00c7ubrilloviqit (2) &#8211; O zot m\u00eb ruaj nga mutant\u00ebt politik\u00eb ?!"}]},{"@type":"Person","@id":"https:\/\/www.visit-ulcinj.com\/blog\/#\/schema\/person\/dcab619c614d3038751c63bc2aadc06d","name":"ulqini","sameAs":["http:\/\/www.visit-ulcinj.com"],"url":"https:\/\/www.visit-ulcinj.com\/blog\/author\/admin\/"}]}},"jetpack_featured_media_url":"","jetpack_sharing_enabled":true,"jetpack_shortlink":"https:\/\/wp.me\/pe6lTn-qi7","_links":{"self":[{"href":"https:\/\/www.visit-ulcinj.com\/blog\/wp-json\/wp\/v2\/posts\/101067"}],"collection":[{"href":"https:\/\/www.visit-ulcinj.com\/blog\/wp-json\/wp\/v2\/posts"}],"about":[{"href":"https:\/\/www.visit-ulcinj.com\/blog\/wp-json\/wp\/v2\/types\/post"}],"author":[{"embeddable":true,"href":"https:\/\/www.visit-ulcinj.com\/blog\/wp-json\/wp\/v2\/users\/1"}],"replies":[{"embeddable":true,"href":"https:\/\/www.visit-ulcinj.com\/blog\/wp-json\/wp\/v2\/comments?post=101067"}],"version-history":[{"count":1,"href":"https:\/\/www.visit-ulcinj.com\/blog\/wp-json\/wp\/v2\/posts\/101067\/revisions"}],"predecessor-version":[{"id":101069,"href":"https:\/\/www.visit-ulcinj.com\/blog\/wp-json\/wp\/v2\/posts\/101067\/revisions\/101069"}],"wp:attachment":[{"href":"https:\/\/www.visit-ulcinj.com\/blog\/wp-json\/wp\/v2\/media?parent=101067"}],"wp:term":[{"taxonomy":"category","embeddable":true,"href":"https:\/\/www.visit-ulcinj.com\/blog\/wp-json\/wp\/v2\/categories?post=101067"},{"taxonomy":"post_tag","embeddable":true,"href":"https:\/\/www.visit-ulcinj.com\/blog\/wp-json\/wp\/v2\/tags?post=101067"}],"curies":[{"name":"wp","href":"https:\/\/api.w.org\/{rel}","templated":true}]}}