{"id":101077,"date":"2016-11-17T17:48:50","date_gmt":"2016-11-17T16:48:50","guid":{"rendered":"http:\/\/www.visit-ulcinj.com\/blog\/?p=101077"},"modified":"2016-11-17T17:48:50","modified_gmt":"2016-11-17T16:48:50","slug":"shb-rumia-organizon-dalje-ne-malin-lisin","status":"publish","type":"post","link":"https:\/\/www.visit-ulcinj.com\/blog\/2016\/11\/17\/shb-rumia-organizon-dalje-ne-malin-lisin\/","title":{"rendered":"SHB \u201cRumia\u201d organizon  dalje n\u00eb Malin Lisin"},"content":{"rendered":"<p><a href=\"http:\/\/www.visit-ulcinj.com\/blog\/wp-content\/uploads\/2016\/11\/SHB-Rumia-organizon-dalje-n\u00eb-Malin-Lisin-Tivari-panorama.jpg\"><img loading=\"lazy\" class=\"alignleft wp-image-101078\" src=\"http:\/\/www.visit-ulcinj.com\/blog\/wp-content\/uploads\/2016\/11\/SHB-Rumia-organizon-dalje-n\u00eb-Malin-Lisin-Tivari-panorama.jpg\" alt=\"SHB Rumia organizon dalje n\u00eb Malin Lisin-Tivari-panorama\" width=\"508\" height=\"396\" srcset=\"https:\/\/www.visit-ulcinj.com\/blog\/wp-content\/uploads\/2016\/11\/SHB-Rumia-organizon-dalje-n\u00eb-Malin-Lisin-Tivari-panorama.jpg 720w, https:\/\/www.visit-ulcinj.com\/blog\/wp-content\/uploads\/2016\/11\/SHB-Rumia-organizon-dalje-n\u00eb-Malin-Lisin-Tivari-panorama-300x234.jpg 300w\" sizes=\"(max-width: 508px) 100vw, 508px\" \/><\/a>Atje ku Tivari shihet m\u00eb s\u00eb bukuri, dalje n\u00eb malin Lisin, &#8211; SHB \u201cRumia\u201d organizon aktivitetin e radh\u00ebs.<\/p>\n<p>Shoqata e bjeshkatar\u00ebve \u201cRumia\u201d nga qyteti i Ulqinit k\u00ebsaj t\u00eb diele organizon dalje n\u00eb Malin Lisin. Pika m\u00eb e lart\u00eb e tij mali Loshka q\u00eb ka nj\u00eb lart\u00ebsi mbidetare prej 1358m, \u00ebsht\u00eb pika nga e cila qyteti i Tivarit shihet m\u00eb s\u00eb bukuri me nj\u00eb pamje t\u00eb rrall\u00eb panoramike.<\/p>\n<div class=\"text_exposed_show\">\n<p>Me k\u00ebt\u00eb rast ftohen t\u00eb gjith\u00eb t\u00eb interesuarit q\u00eb takimi i t\u00eb gjith\u00eb atyre q\u00eb at\u00eb dit\u00eb do t\u00eb jen\u00eb pjes\u00eb e k\u00ebtij aktiviteti \u00ebsht\u00eb dit\u00ebn e diele, me 20 n\u00ebntor 2016, n\u00eb ora 08:00 para Komun\u00ebs s\u00eb Ulqinit.<\/p>\n<p>Gjat\u00ebsia e shtegut \u00ebsht\u00eb 8km dhe cil\u00ebsohet i kategoris\u00eb v\u00ebshtir\u00ebsie t\u00eb leht\u00eb. Pjes\u00ebmarr\u00ebsit duhet q\u00eb me vehte t\u00eb marrin ushqim dhe uj\u00eb t\u00eb mjaftueshem p\u00ebr nj\u00eb dit\u00eb. Udh\u00ebtimi \u00ebsht\u00eb parapar\u00eb q\u00eb t\u00eb b\u00ebhet me mjete vetanake.<\/p>\n<p>Rast p\u00ebr tu mos humbur.<\/p>\n<p>Shihemi t\u00eb dielen.<\/p>\n<\/div>\n","protected":false},"excerpt":{"rendered":"<p>Atje ku Tivari shihet m\u00eb s\u00eb bukuri, dalje n\u00eb malin Lisin, &#8211; SHB \u201cRumia\u201d organizon aktivitetin e radh\u00ebs. Shoqata e bjeshkatar\u00ebve \u201cRumia\u201d nga qyteti i Ulqinit k\u00ebsaj t\u00eb diele organizon dalje n\u00eb Malin Lisin. Pika m\u00eb e lart\u00eb e tij mali Loshka q\u00eb ka nj\u00eb lart\u00ebsi mbidetare prej 1358m, \u00ebsht\u00eb pika nga e cila qyteti [&hellip;]<\/p>\n","protected":false},"author":1,"featured_media":0,"comment_status":"closed","ping_status":"closed","sticky":false,"template":"","format":"standard","meta":{"spay_email":"","jetpack_publicize_message":"","jetpack_is_tweetstorm":false,"jetpack_publicize_feature_enabled":true},"categories":[6950],"tags":[],"jetpack_publicize_connections":[],"yoast_head":"<!-- This site is optimized with the Yoast SEO plugin v19.1 - https:\/\/yoast.com\/wordpress\/plugins\/seo\/ -->\n<title>SHB \u201cRumia\u201d organizon dalje n\u00eb Malin Lisin - Lajme nga Ulqini<\/title>\n<meta name=\"description\" content=\"Atje ku Tivari shihet m\u00eb s\u00eb bukuri, dalje n\u00eb malin Lisin, - SHB \u201cRumia\u201d organizon aktivitetin e radh\u00ebs. Shoqata e bjeshkatar\u00ebve \u201cRumia\u201d nga qyteti i\" \/>\n<meta name=\"robots\" content=\"index, follow, max-snippet:-1, max-image-preview:large, max-video-preview:-1\" \/>\n<link rel=\"canonical\" href=\"https:\/\/www.visit-ulcinj.com\/blog\/2016\/11\/17\/shb-rumia-organizon-dalje-ne-malin-lisin\/\" \/>\n<meta property=\"og:locale\" content=\"en_US\" \/>\n<meta property=\"og:type\" content=\"article\" \/>\n<meta property=\"og:title\" content=\"SHB \u201cRumia\u201d organizon dalje n\u00eb Malin Lisin - Lajme nga Ulqini\" \/>\n<meta property=\"og:description\" content=\"Atje ku Tivari shihet m\u00eb s\u00eb bukuri, dalje n\u00eb malin Lisin, - SHB \u201cRumia\u201d organizon aktivitetin e radh\u00ebs. Shoqata e bjeshkatar\u00ebve \u201cRumia\u201d nga qyteti i\" \/>\n<meta property=\"og:url\" content=\"https:\/\/www.visit-ulcinj.com\/blog\/2016\/11\/17\/shb-rumia-organizon-dalje-ne-malin-lisin\/\" \/>\n<meta property=\"og:site_name\" content=\"Lajme nga Ulqini\" \/>\n<meta property=\"article:published_time\" content=\"2016-11-17T16:48:50+00:00\" \/>\n<meta name=\"twitter:label1\" content=\"Written by\" \/>\n\t<meta name=\"twitter:data1\" content=\"ulqini\" \/>\n\t<meta name=\"twitter:label2\" content=\"Est. reading time\" \/>\n\t<meta name=\"twitter:data2\" content=\"1 minute\" \/>\n<script type=\"application\/ld+json\" class=\"yoast-schema-graph\">{\"@context\":\"https:\/\/schema.org\",\"@graph\":[{\"@type\":\"WebSite\",\"@id\":\"https:\/\/www.visit-ulcinj.com\/blog\/#website\",\"url\":\"https:\/\/www.visit-ulcinj.com\/blog\/\",\"name\":\"Lajme nga Ulqini\",\"description\":\"Lajme,Vijesti,Ulqini,Ulqin,Crna Gora,Mali i Zi\",\"potentialAction\":[{\"@type\":\"SearchAction\",\"target\":{\"@type\":\"EntryPoint\",\"urlTemplate\":\"https:\/\/www.visit-ulcinj.com\/blog\/?s={search_term_string}\"},\"query-input\":\"required name=search_term_string\"}],\"inLanguage\":\"en-US\"},{\"@type\":\"WebPage\",\"@id\":\"https:\/\/www.visit-ulcinj.com\/blog\/2016\/11\/17\/shb-rumia-organizon-dalje-ne-malin-lisin\/#webpage\",\"url\":\"https:\/\/www.visit-ulcinj.com\/blog\/2016\/11\/17\/shb-rumia-organizon-dalje-ne-malin-lisin\/\",\"name\":\"SHB \u201cRumia\u201d organizon dalje n\u00eb Malin Lisin - Lajme nga Ulqini\",\"isPartOf\":{\"@id\":\"https:\/\/www.visit-ulcinj.com\/blog\/#website\"},\"datePublished\":\"2016-11-17T16:48:50+00:00\",\"dateModified\":\"2016-11-17T16:48:50+00:00\",\"author\":{\"@id\":\"https:\/\/www.visit-ulcinj.com\/blog\/#\/schema\/person\/dcab619c614d3038751c63bc2aadc06d\"},\"description\":\"Atje ku Tivari shihet m\u00eb s\u00eb bukuri, dalje n\u00eb malin Lisin, - SHB \u201cRumia\u201d organizon aktivitetin e radh\u00ebs. Shoqata e bjeshkatar\u00ebve \u201cRumia\u201d nga qyteti i\",\"breadcrumb\":{\"@id\":\"https:\/\/www.visit-ulcinj.com\/blog\/2016\/11\/17\/shb-rumia-organizon-dalje-ne-malin-lisin\/#breadcrumb\"},\"inLanguage\":\"en-US\",\"potentialAction\":[{\"@type\":\"ReadAction\",\"target\":[\"https:\/\/www.visit-ulcinj.com\/blog\/2016\/11\/17\/shb-rumia-organizon-dalje-ne-malin-lisin\/\"]}]},{\"@type\":\"BreadcrumbList\",\"@id\":\"https:\/\/www.visit-ulcinj.com\/blog\/2016\/11\/17\/shb-rumia-organizon-dalje-ne-malin-lisin\/#breadcrumb\",\"itemListElement\":[{\"@type\":\"ListItem\",\"position\":1,\"name\":\"SHB \u201cRumia\u201d organizon dalje n\u00eb Malin Lisin\"}]},{\"@type\":\"Person\",\"@id\":\"https:\/\/www.visit-ulcinj.com\/blog\/#\/schema\/person\/dcab619c614d3038751c63bc2aadc06d\",\"name\":\"ulqini\",\"sameAs\":[\"http:\/\/www.visit-ulcinj.com\"],\"url\":\"https:\/\/www.visit-ulcinj.com\/blog\/author\/admin\/\"}]}<\/script>\n<!-- \/ Yoast SEO plugin. -->","yoast_head_json":{"title":"SHB \u201cRumia\u201d organizon dalje n\u00eb Malin Lisin - Lajme nga Ulqini","description":"Atje ku Tivari shihet m\u00eb s\u00eb bukuri, dalje n\u00eb malin Lisin, - SHB \u201cRumia\u201d organizon aktivitetin e radh\u00ebs. Shoqata e bjeshkatar\u00ebve \u201cRumia\u201d nga qyteti i","robots":{"index":"index","follow":"follow","max-snippet":"max-snippet:-1","max-image-preview":"max-image-preview:large","max-video-preview":"max-video-preview:-1"},"canonical":"https:\/\/www.visit-ulcinj.com\/blog\/2016\/11\/17\/shb-rumia-organizon-dalje-ne-malin-lisin\/","og_locale":"en_US","og_type":"article","og_title":"SHB \u201cRumia\u201d organizon dalje n\u00eb Malin Lisin - Lajme nga Ulqini","og_description":"Atje ku Tivari shihet m\u00eb s\u00eb bukuri, dalje n\u00eb malin Lisin, - SHB \u201cRumia\u201d organizon aktivitetin e radh\u00ebs. Shoqata e bjeshkatar\u00ebve \u201cRumia\u201d nga qyteti i","og_url":"https:\/\/www.visit-ulcinj.com\/blog\/2016\/11\/17\/shb-rumia-organizon-dalje-ne-malin-lisin\/","og_site_name":"Lajme nga Ulqini","article_published_time":"2016-11-17T16:48:50+00:00","twitter_misc":{"Written by":"ulqini","Est. reading time":"1 minute"},"schema":{"@context":"https:\/\/schema.org","@graph":[{"@type":"WebSite","@id":"https:\/\/www.visit-ulcinj.com\/blog\/#website","url":"https:\/\/www.visit-ulcinj.com\/blog\/","name":"Lajme nga Ulqini","description":"Lajme,Vijesti,Ulqini,Ulqin,Crna Gora,Mali i Zi","potentialAction":[{"@type":"SearchAction","target":{"@type":"EntryPoint","urlTemplate":"https:\/\/www.visit-ulcinj.com\/blog\/?s={search_term_string}"},"query-input":"required name=search_term_string"}],"inLanguage":"en-US"},{"@type":"WebPage","@id":"https:\/\/www.visit-ulcinj.com\/blog\/2016\/11\/17\/shb-rumia-organizon-dalje-ne-malin-lisin\/#webpage","url":"https:\/\/www.visit-ulcinj.com\/blog\/2016\/11\/17\/shb-rumia-organizon-dalje-ne-malin-lisin\/","name":"SHB \u201cRumia\u201d organizon dalje n\u00eb Malin Lisin - Lajme nga Ulqini","isPartOf":{"@id":"https:\/\/www.visit-ulcinj.com\/blog\/#website"},"datePublished":"2016-11-17T16:48:50+00:00","dateModified":"2016-11-17T16:48:50+00:00","author":{"@id":"https:\/\/www.visit-ulcinj.com\/blog\/#\/schema\/person\/dcab619c614d3038751c63bc2aadc06d"},"description":"Atje ku Tivari shihet m\u00eb s\u00eb bukuri, dalje n\u00eb malin Lisin, - SHB \u201cRumia\u201d organizon aktivitetin e radh\u00ebs. Shoqata e bjeshkatar\u00ebve \u201cRumia\u201d nga qyteti i","breadcrumb":{"@id":"https:\/\/www.visit-ulcinj.com\/blog\/2016\/11\/17\/shb-rumia-organizon-dalje-ne-malin-lisin\/#breadcrumb"},"inLanguage":"en-US","potentialAction":[{"@type":"ReadAction","target":["https:\/\/www.visit-ulcinj.com\/blog\/2016\/11\/17\/shb-rumia-organizon-dalje-ne-malin-lisin\/"]}]},{"@type":"BreadcrumbList","@id":"https:\/\/www.visit-ulcinj.com\/blog\/2016\/11\/17\/shb-rumia-organizon-dalje-ne-malin-lisin\/#breadcrumb","itemListElement":[{"@type":"ListItem","position":1,"name":"SHB \u201cRumia\u201d organizon dalje n\u00eb Malin Lisin"}]},{"@type":"Person","@id":"https:\/\/www.visit-ulcinj.com\/blog\/#\/schema\/person\/dcab619c614d3038751c63bc2aadc06d","name":"ulqini","sameAs":["http:\/\/www.visit-ulcinj.com"],"url":"https:\/\/www.visit-ulcinj.com\/blog\/author\/admin\/"}]}},"jetpack_featured_media_url":"","jetpack_sharing_enabled":true,"jetpack_shortlink":"https:\/\/wp.me\/pe6lTn-qih","_links":{"self":[{"href":"https:\/\/www.visit-ulcinj.com\/blog\/wp-json\/wp\/v2\/posts\/101077"}],"collection":[{"href":"https:\/\/www.visit-ulcinj.com\/blog\/wp-json\/wp\/v2\/posts"}],"about":[{"href":"https:\/\/www.visit-ulcinj.com\/blog\/wp-json\/wp\/v2\/types\/post"}],"author":[{"embeddable":true,"href":"https:\/\/www.visit-ulcinj.com\/blog\/wp-json\/wp\/v2\/users\/1"}],"replies":[{"embeddable":true,"href":"https:\/\/www.visit-ulcinj.com\/blog\/wp-json\/wp\/v2\/comments?post=101077"}],"version-history":[{"count":1,"href":"https:\/\/www.visit-ulcinj.com\/blog\/wp-json\/wp\/v2\/posts\/101077\/revisions"}],"predecessor-version":[{"id":101079,"href":"https:\/\/www.visit-ulcinj.com\/blog\/wp-json\/wp\/v2\/posts\/101077\/revisions\/101079"}],"wp:attachment":[{"href":"https:\/\/www.visit-ulcinj.com\/blog\/wp-json\/wp\/v2\/media?parent=101077"}],"wp:term":[{"taxonomy":"category","embeddable":true,"href":"https:\/\/www.visit-ulcinj.com\/blog\/wp-json\/wp\/v2\/categories?post=101077"},{"taxonomy":"post_tag","embeddable":true,"href":"https:\/\/www.visit-ulcinj.com\/blog\/wp-json\/wp\/v2\/tags?post=101077"}],"curies":[{"name":"wp","href":"https:\/\/api.w.org\/{rel}","templated":true}]}}