{"id":10109,"date":"2009-01-30T20:14:03","date_gmt":"2009-01-30T19:14:03","guid":{"rendered":"http:\/\/www.visit-ulcinj.com\/blog\/?p=10109"},"modified":"2009-01-30T20:34:19","modified_gmt":"2009-01-30T19:34:19","slug":"show-biz-pse-genta-eshte-me-e-forta","status":"publish","type":"post","link":"https:\/\/www.visit-ulcinj.com\/blog\/2009\/01\/30\/show-biz-pse-genta-eshte-me-e-forta\/","title":{"rendered":"Show Biz: Pse Genta \u00ebsht\u00eb m\u00eb e forta?"},"content":{"rendered":"<p><a rel=\"attachment wp-att-10110\" href=\"http:\/\/www.visit-ulcinj.com\/blog\/2009\/01\/30\/show-biz-pse-genta-eshte-me-e-forta\/genta-ismajli-011\/\"><img loading=\"lazy\" class=\"alignleft size-full wp-image-10110\" title=\"genta-ismajli-011\" src=\"http:\/\/www.visit-ulcinj.com\/blog\/wp-content\/uploads\/2009\/01\/genta-ismajli-011.jpg\" alt=\"genta-ismajli-011\" width=\"570\" height=\"400\" \/><\/a>\u00cbsht\u00eb padyshim nj\u00eb nd\u00ebr k\u00ebng\u00ebtaret m\u00eb t\u00eb k\u00ebrkuara e t\u00eb p\u00eblqyera nga publiku shqiptar kudo qoft\u00eb, por as kritika nuk ngelet mbrapa me vler\u00ebsimet e mira p\u00ebr t\u00eb. Si gjithnj\u00eb, punon fort dhe n\u00eb m\u00ebnyr\u00eb paralele p\u00ebr k\u00ebng\u00eb dhe klipe, t\u00eb cilat i realizon n\u00eb m\u00ebnyr\u00ebn m\u00eb t\u00eb mir\u00eb t\u00eb mundshme. Sepse nuk kursen p\u00ebr t\u00eb b\u00ebr\u00eb nj\u00eb k\u00ebng\u00eb a nj\u00eb klip t\u00eb mir\u00eb. T\u00eb nj\u00ebjt\u00ebn gj\u00eb e b\u00ebn edhe p\u00ebr dukjen dhe veshjen e saj. K\u00ebt\u00eb e ka pohuar dhe vet\u00eb disa her\u00eb, se investimet e saj n\u00eb muzik\u00eb qoft\u00eb me pun\u00eb, qoft\u00eb me t\u00eb holla, jan\u00eb shum\u00eb t\u00eb m\u00ebdha. Por, ia ka pa hairin k\u00ebsaj, pasi sukseset p\u00ebr t\u00eb kan\u00eb qen\u00eb t\u00eb nj\u00ebpasnj\u00ebshme, nd\u00ebrsa fitimet e larta. Q\u00eb do t\u00eb thot\u00eb se gjith\u00e7ka q\u00eb jep, i kompensohet shum\u00ebfish. Nd\u00ebrkoh\u00eb, \u00ebsht\u00eb shnd\u00ebrruar tashm\u00eb n\u00eb nj\u00ebr\u00ebn prej k\u00ebng\u00ebtar\u00ebve m\u00eb t\u00eb paguara t\u00eb estrad\u00ebs son\u00eb. Atraktiviteti, ekstravaganca e sportiviteti, nj\u00ebkoh\u00ebsisht, si dhe k\u00ebrcimi i saj i \u2018trent\u00eb\u2019 n\u00eb sken\u00eb jan\u00eb arm\u00ebt tjera t\u00eb forta t\u00eb saj, me t\u00eb cil\u00ebt elemente, sa her\u00eb do, ajo e magjeps publikun duke e b\u00ebr\u00eb vet\u00ebm p\u00ebr vete. Nd\u00ebrsa bukuria vet\u00ebm sa e b\u00ebn m\u00eb t\u00eb kompletuar. Edhe pse jo aq shum\u00eb e vler\u00ebsuar p\u00ebr z\u00ebrin e saj, ajo as p\u00ebr k\u00ebt\u00eb element par\u00ebsor p\u00ebr nj\u00eb k\u00ebng\u00ebtar nuk ngelet keq, sidomos e shquan ngjyra e ve\u00e7ant\u00eb e z\u00ebrit q\u00eb ka. Po k\u00ebshtu, jasht\u00eb sken\u00ebs, ajo \u00ebsht\u00eb shum\u00eb e hapur edhe p\u00ebr jet\u00ebn private t\u00eb saj. T\u00eb gjith\u00eb e din\u00eb q\u00eb prej fillimit se i dashuri i saj e ka emrin Milot Binaku. Madje, shpeshher\u00eb nuk e ka mbajtur fshehur lidhjen dhe raportet q\u00eb ka nd\u00ebrtuar me t\u00eb gjat\u00eb t\u00ebr\u00eb k\u00ebsaj kohe t\u00eb bashk\u00ebjetes\u00ebs s\u00eb tyre n\u00eb nj\u00eb banes\u00eb diku n\u00eb Prishtin\u00eb. Shum\u00ebkush e ka par\u00eb me skepticiz\u00ebm k\u00ebt\u00eb lidhje dhe kur t\u00eb gjith\u00eb e prisnin apo edhe e d\u00ebshironin m\u00eb te keqen, ata shfaqeshin para publikut m\u00eb t\u00eb fort\u00eb e m\u00eb t\u00eb dashur se kurr\u00eb. T\u00eb pandar\u00eb, n\u00eb krah t\u00eb nj\u00ebri-tjetrit, shpeshher\u00eb edhe n\u00ebp\u00ebr koncerte e organizime t\u00eb ndryshme, ata vazhdojn\u00eb t\u00eb b\u00ebjn\u00eb jet\u00eb t\u00eb qet\u00eb, duke mb\u00ebshtetur nj\u00ebri-tjetrin n\u00eb rrug\u00ebn e tyre profesionale muzikore, edhe pse n\u00eb zhanre t\u00eb ndryshme. Shum\u00eb shpifje p\u00ebr kriza e ndarje jan\u00eb thurur p\u00ebr ta, por t\u00eb pakt\u00ebn gjer m\u00eb tash ata kan\u00eb ecur qet\u00eb rrug\u00ebs s\u00eb tyre. Nd\u00ebrsa nuk \u00ebsht\u00eb p\u00ebr t\u2019u habitur n\u00ebse k\u00ebt\u00eb vit ata madje mund t\u2019i shohim duke kuror\u00ebzuar lidhjen e tyre me ndonj\u00eb dasm\u00eb. Prandaj, t\u00eb gjitha k\u00ebto elemente, t\u00eb jet\u00ebs profesionale e private, kan\u00eb b\u00ebr\u00eb q\u00eb Genta Ismajli t\u00eb jet\u00eb kaq e dashur dhe e suksesshme nj\u00ebkoh\u00ebsisht. Nj\u00eb shembull prej k\u00ebng\u00ebtareje se si duhet t\u00eb sillesh n\u00eb bot\u00ebn e shou-bizit p\u00ebr t\u00eb qen\u00eb n\u00eb maj\u00eb.<br \/>\n<strong>Violet\u00eb Pllana<br \/>\nBOTA SOT<\/strong><\/p>\n\n<!--YouTube Error: bad URL entered-->\n","protected":false},"excerpt":{"rendered":"<p>\u00cbsht\u00eb padyshim nj\u00eb nd\u00ebr k\u00ebng\u00ebtaret m\u00eb t\u00eb k\u00ebrkuara e t\u00eb p\u00eblqyera nga publiku shqiptar kudo qoft\u00eb, por as kritika nuk ngelet mbrapa me vler\u00ebsimet e mira p\u00ebr t\u00eb. Si gjithnj\u00eb, punon fort dhe n\u00eb m\u00ebnyr\u00eb paralele p\u00ebr k\u00ebng\u00eb dhe klipe, t\u00eb cilat i realizon n\u00eb m\u00ebnyr\u00ebn m\u00eb t\u00eb mir\u00eb t\u00eb mundshme. Sepse nuk kursen p\u00ebr [&hellip;]<\/p>\n","protected":false},"author":1,"featured_media":0,"comment_status":"open","ping_status":"closed","sticky":false,"template":"","format":"standard","meta":{"spay_email":"","jetpack_publicize_message":"","jetpack_is_tweetstorm":false,"jetpack_publicize_feature_enabled":true},"categories":[1],"tags":[323,6238],"jetpack_publicize_connections":[],"yoast_head":"<!-- This site is optimized with the Yoast SEO plugin v19.1 - https:\/\/yoast.com\/wordpress\/plugins\/seo\/ -->\n<title>Show Biz: Pse Genta \u00ebsht\u00eb m\u00eb e forta? - Lajme nga Ulqini<\/title>\n<meta name=\"description\" content=\"\u00cbsht\u00eb padyshim nj\u00eb nd\u00ebr k\u00ebng\u00ebtaret m\u00eb t\u00eb k\u00ebrkuara e t\u00eb p\u00eblqyera nga publiku shqiptar kudo qoft\u00eb, por as kritika nuk ngelet mbrapa me vler\u00ebsimet e mira p\u00ebr\" \/>\n<meta name=\"robots\" content=\"index, follow, max-snippet:-1, max-image-preview:large, max-video-preview:-1\" \/>\n<link rel=\"canonical\" href=\"https:\/\/www.visit-ulcinj.com\/blog\/2009\/01\/30\/show-biz-pse-genta-eshte-me-e-forta\/\" \/>\n<meta property=\"og:locale\" content=\"en_US\" \/>\n<meta property=\"og:type\" content=\"article\" \/>\n<meta property=\"og:title\" content=\"Show Biz: Pse Genta \u00ebsht\u00eb m\u00eb e forta? - Lajme nga Ulqini\" \/>\n<meta property=\"og:description\" content=\"\u00cbsht\u00eb padyshim nj\u00eb nd\u00ebr k\u00ebng\u00ebtaret m\u00eb t\u00eb k\u00ebrkuara e t\u00eb p\u00eblqyera nga publiku shqiptar kudo qoft\u00eb, por as kritika nuk ngelet mbrapa me vler\u00ebsimet e mira p\u00ebr\" \/>\n<meta property=\"og:url\" content=\"https:\/\/www.visit-ulcinj.com\/blog\/2009\/01\/30\/show-biz-pse-genta-eshte-me-e-forta\/\" \/>\n<meta property=\"og:site_name\" content=\"Lajme nga Ulqini\" \/>\n<meta property=\"article:published_time\" content=\"2009-01-30T19:14:03+00:00\" \/>\n<meta property=\"article:modified_time\" content=\"2009-01-30T19:34:19+00:00\" \/>\n<meta property=\"og:image\" content=\"https:\/\/www.visit-ulcinj.com\/blog\/wp-content\/uploads\/2009\/01\/genta-ismajli-011-150x150.jpg\" \/>\n<meta name=\"twitter:label1\" content=\"Written by\" \/>\n\t<meta name=\"twitter:data1\" content=\"ulqini\" \/>\n\t<meta name=\"twitter:label2\" content=\"Est. reading time\" \/>\n\t<meta name=\"twitter:data2\" content=\"3 minutes\" \/>\n<script type=\"application\/ld+json\" class=\"yoast-schema-graph\">{\"@context\":\"https:\/\/schema.org\",\"@graph\":[{\"@type\":\"WebSite\",\"@id\":\"https:\/\/www.visit-ulcinj.com\/blog\/#website\",\"url\":\"https:\/\/www.visit-ulcinj.com\/blog\/\",\"name\":\"Lajme nga Ulqini\",\"description\":\"Lajme,Vijesti,Ulqini,Ulqin,Crna Gora,Mali i Zi\",\"potentialAction\":[{\"@type\":\"SearchAction\",\"target\":{\"@type\":\"EntryPoint\",\"urlTemplate\":\"https:\/\/www.visit-ulcinj.com\/blog\/?s={search_term_string}\"},\"query-input\":\"required name=search_term_string\"}],\"inLanguage\":\"en-US\"},{\"@type\":\"ImageObject\",\"inLanguage\":\"en-US\",\"@id\":\"https:\/\/www.visit-ulcinj.com\/blog\/2009\/01\/30\/show-biz-pse-genta-eshte-me-e-forta\/#primaryimage\",\"url\":\"http:\/\/www.visit-ulcinj.com\/blog\/wp-content\/uploads\/2009\/01\/genta-ismajli-011.jpg\",\"contentUrl\":\"http:\/\/www.visit-ulcinj.com\/blog\/wp-content\/uploads\/2009\/01\/genta-ismajli-011.jpg\"},{\"@type\":\"WebPage\",\"@id\":\"https:\/\/www.visit-ulcinj.com\/blog\/2009\/01\/30\/show-biz-pse-genta-eshte-me-e-forta\/#webpage\",\"url\":\"https:\/\/www.visit-ulcinj.com\/blog\/2009\/01\/30\/show-biz-pse-genta-eshte-me-e-forta\/\",\"name\":\"Show Biz: Pse Genta \u00ebsht\u00eb m\u00eb e forta? - Lajme nga Ulqini\",\"isPartOf\":{\"@id\":\"https:\/\/www.visit-ulcinj.com\/blog\/#website\"},\"primaryImageOfPage\":{\"@id\":\"https:\/\/www.visit-ulcinj.com\/blog\/2009\/01\/30\/show-biz-pse-genta-eshte-me-e-forta\/#primaryimage\"},\"datePublished\":\"2009-01-30T19:14:03+00:00\",\"dateModified\":\"2009-01-30T19:34:19+00:00\",\"author\":{\"@id\":\"https:\/\/www.visit-ulcinj.com\/blog\/#\/schema\/person\/dcab619c614d3038751c63bc2aadc06d\"},\"description\":\"\u00cbsht\u00eb padyshim nj\u00eb nd\u00ebr k\u00ebng\u00ebtaret m\u00eb t\u00eb k\u00ebrkuara e t\u00eb p\u00eblqyera nga publiku shqiptar kudo qoft\u00eb, por as kritika nuk ngelet mbrapa me vler\u00ebsimet e mira p\u00ebr\",\"breadcrumb\":{\"@id\":\"https:\/\/www.visit-ulcinj.com\/blog\/2009\/01\/30\/show-biz-pse-genta-eshte-me-e-forta\/#breadcrumb\"},\"inLanguage\":\"en-US\",\"potentialAction\":[{\"@type\":\"ReadAction\",\"target\":[\"https:\/\/www.visit-ulcinj.com\/blog\/2009\/01\/30\/show-biz-pse-genta-eshte-me-e-forta\/\"]}]},{\"@type\":\"BreadcrumbList\",\"@id\":\"https:\/\/www.visit-ulcinj.com\/blog\/2009\/01\/30\/show-biz-pse-genta-eshte-me-e-forta\/#breadcrumb\",\"itemListElement\":[{\"@type\":\"ListItem\",\"position\":1,\"name\":\"Show Biz: Pse Genta \u00ebsht\u00eb m\u00eb e forta?\"}]},{\"@type\":\"Person\",\"@id\":\"https:\/\/www.visit-ulcinj.com\/blog\/#\/schema\/person\/dcab619c614d3038751c63bc2aadc06d\",\"name\":\"ulqini\",\"sameAs\":[\"http:\/\/www.visit-ulcinj.com\"],\"url\":\"https:\/\/www.visit-ulcinj.com\/blog\/author\/admin\/\"}]}<\/script>\n<!-- \/ Yoast SEO plugin. -->","yoast_head_json":{"title":"Show Biz: Pse Genta \u00ebsht\u00eb m\u00eb e forta? - Lajme nga Ulqini","description":"\u00cbsht\u00eb padyshim nj\u00eb nd\u00ebr k\u00ebng\u00ebtaret m\u00eb t\u00eb k\u00ebrkuara e t\u00eb p\u00eblqyera nga publiku shqiptar kudo qoft\u00eb, por as kritika nuk ngelet mbrapa me vler\u00ebsimet e mira p\u00ebr","robots":{"index":"index","follow":"follow","max-snippet":"max-snippet:-1","max-image-preview":"max-image-preview:large","max-video-preview":"max-video-preview:-1"},"canonical":"https:\/\/www.visit-ulcinj.com\/blog\/2009\/01\/30\/show-biz-pse-genta-eshte-me-e-forta\/","og_locale":"en_US","og_type":"article","og_title":"Show Biz: Pse Genta \u00ebsht\u00eb m\u00eb e forta? - Lajme nga Ulqini","og_description":"\u00cbsht\u00eb padyshim nj\u00eb nd\u00ebr k\u00ebng\u00ebtaret m\u00eb t\u00eb k\u00ebrkuara e t\u00eb p\u00eblqyera nga publiku shqiptar kudo qoft\u00eb, por as kritika nuk ngelet mbrapa me vler\u00ebsimet e mira p\u00ebr","og_url":"https:\/\/www.visit-ulcinj.com\/blog\/2009\/01\/30\/show-biz-pse-genta-eshte-me-e-forta\/","og_site_name":"Lajme nga Ulqini","article_published_time":"2009-01-30T19:14:03+00:00","article_modified_time":"2009-01-30T19:34:19+00:00","og_image":[{"url":"https:\/\/www.visit-ulcinj.com\/blog\/wp-content\/uploads\/2009\/01\/genta-ismajli-011-150x150.jpg"}],"twitter_misc":{"Written by":"ulqini","Est. reading time":"3 minutes"},"schema":{"@context":"https:\/\/schema.org","@graph":[{"@type":"WebSite","@id":"https:\/\/www.visit-ulcinj.com\/blog\/#website","url":"https:\/\/www.visit-ulcinj.com\/blog\/","name":"Lajme nga Ulqini","description":"Lajme,Vijesti,Ulqini,Ulqin,Crna Gora,Mali i Zi","potentialAction":[{"@type":"SearchAction","target":{"@type":"EntryPoint","urlTemplate":"https:\/\/www.visit-ulcinj.com\/blog\/?s={search_term_string}"},"query-input":"required name=search_term_string"}],"inLanguage":"en-US"},{"@type":"ImageObject","inLanguage":"en-US","@id":"https:\/\/www.visit-ulcinj.com\/blog\/2009\/01\/30\/show-biz-pse-genta-eshte-me-e-forta\/#primaryimage","url":"http:\/\/www.visit-ulcinj.com\/blog\/wp-content\/uploads\/2009\/01\/genta-ismajli-011.jpg","contentUrl":"http:\/\/www.visit-ulcinj.com\/blog\/wp-content\/uploads\/2009\/01\/genta-ismajli-011.jpg"},{"@type":"WebPage","@id":"https:\/\/www.visit-ulcinj.com\/blog\/2009\/01\/30\/show-biz-pse-genta-eshte-me-e-forta\/#webpage","url":"https:\/\/www.visit-ulcinj.com\/blog\/2009\/01\/30\/show-biz-pse-genta-eshte-me-e-forta\/","name":"Show Biz: Pse Genta \u00ebsht\u00eb m\u00eb e forta? - Lajme nga Ulqini","isPartOf":{"@id":"https:\/\/www.visit-ulcinj.com\/blog\/#website"},"primaryImageOfPage":{"@id":"https:\/\/www.visit-ulcinj.com\/blog\/2009\/01\/30\/show-biz-pse-genta-eshte-me-e-forta\/#primaryimage"},"datePublished":"2009-01-30T19:14:03+00:00","dateModified":"2009-01-30T19:34:19+00:00","author":{"@id":"https:\/\/www.visit-ulcinj.com\/blog\/#\/schema\/person\/dcab619c614d3038751c63bc2aadc06d"},"description":"\u00cbsht\u00eb padyshim nj\u00eb nd\u00ebr k\u00ebng\u00ebtaret m\u00eb t\u00eb k\u00ebrkuara e t\u00eb p\u00eblqyera nga publiku shqiptar kudo qoft\u00eb, por as kritika nuk ngelet mbrapa me vler\u00ebsimet e mira p\u00ebr","breadcrumb":{"@id":"https:\/\/www.visit-ulcinj.com\/blog\/2009\/01\/30\/show-biz-pse-genta-eshte-me-e-forta\/#breadcrumb"},"inLanguage":"en-US","potentialAction":[{"@type":"ReadAction","target":["https:\/\/www.visit-ulcinj.com\/blog\/2009\/01\/30\/show-biz-pse-genta-eshte-me-e-forta\/"]}]},{"@type":"BreadcrumbList","@id":"https:\/\/www.visit-ulcinj.com\/blog\/2009\/01\/30\/show-biz-pse-genta-eshte-me-e-forta\/#breadcrumb","itemListElement":[{"@type":"ListItem","position":1,"name":"Show Biz: Pse Genta \u00ebsht\u00eb m\u00eb e forta?"}]},{"@type":"Person","@id":"https:\/\/www.visit-ulcinj.com\/blog\/#\/schema\/person\/dcab619c614d3038751c63bc2aadc06d","name":"ulqini","sameAs":["http:\/\/www.visit-ulcinj.com"],"url":"https:\/\/www.visit-ulcinj.com\/blog\/author\/admin\/"}]}},"jetpack_featured_media_url":"","jetpack_sharing_enabled":true,"jetpack_shortlink":"https:\/\/wp.me\/pe6lTn-2D3","_links":{"self":[{"href":"https:\/\/www.visit-ulcinj.com\/blog\/wp-json\/wp\/v2\/posts\/10109"}],"collection":[{"href":"https:\/\/www.visit-ulcinj.com\/blog\/wp-json\/wp\/v2\/posts"}],"about":[{"href":"https:\/\/www.visit-ulcinj.com\/blog\/wp-json\/wp\/v2\/types\/post"}],"author":[{"embeddable":true,"href":"https:\/\/www.visit-ulcinj.com\/blog\/wp-json\/wp\/v2\/users\/1"}],"replies":[{"embeddable":true,"href":"https:\/\/www.visit-ulcinj.com\/blog\/wp-json\/wp\/v2\/comments?post=10109"}],"version-history":[{"count":0,"href":"https:\/\/www.visit-ulcinj.com\/blog\/wp-json\/wp\/v2\/posts\/10109\/revisions"}],"wp:attachment":[{"href":"https:\/\/www.visit-ulcinj.com\/blog\/wp-json\/wp\/v2\/media?parent=10109"}],"wp:term":[{"taxonomy":"category","embeddable":true,"href":"https:\/\/www.visit-ulcinj.com\/blog\/wp-json\/wp\/v2\/categories?post=10109"},{"taxonomy":"post_tag","embeddable":true,"href":"https:\/\/www.visit-ulcinj.com\/blog\/wp-json\/wp\/v2\/tags?post=10109"}],"curies":[{"name":"wp","href":"https:\/\/api.w.org\/{rel}","templated":true}]}}