{"id":101093,"date":"2016-11-18T17:59:28","date_gmt":"2016-11-18T16:59:28","guid":{"rendered":"http:\/\/www.visit-ulcinj.com\/blog\/?p=101093"},"modified":"2016-11-18T17:59:28","modified_gmt":"2016-11-18T16:59:28","slug":"prokuroria-e-malit-te-zi-interesohet-per-rastin-e-osmanoviq","status":"publish","type":"post","link":"https:\/\/www.visit-ulcinj.com\/blog\/2016\/11\/18\/prokuroria-e-malit-te-zi-interesohet-per-rastin-e-osmanoviq\/","title":{"rendered":"Prokuroria e Malit t\u00eb Zi interesohet p\u00ebr rastin e Osmanoviq?"},"content":{"rendered":"<p><a href=\"http:\/\/www.visit-ulcinj.com\/blog\/wp-content\/uploads\/2016\/11\/PDS-ULQIN.jpg\"><img loading=\"lazy\" class=\"alignleft wp-image-101094\" src=\"http:\/\/www.visit-ulcinj.com\/blog\/wp-content\/uploads\/2016\/11\/PDS-ULQIN.jpg\" alt=\"PDS-ULQIN\" width=\"508\" height=\"319\" srcset=\"https:\/\/www.visit-ulcinj.com\/blog\/wp-content\/uploads\/2016\/11\/PDS-ULQIN.jpg 560w, https:\/\/www.visit-ulcinj.com\/blog\/wp-content\/uploads\/2016\/11\/PDS-ULQIN-300x189.jpg 300w\" sizes=\"(max-width: 508px) 100vw, 508px\" \/><\/a>Prokuroria Speciale e Malit t\u00eb Zi ka k\u00ebrkuar nga Komuna e Ulqinit dokumentacionin n\u00eb lidhje me llogarin\u00eb e Partis\u00eb Demokratike t\u00eb Socialist\u00ebve prej 2290 eurove, e cila ishte e n\u00ebnshkruar nga sekretari p\u00ebr financa dhe an\u00ebtari i k\u00ebsaj partie Sead Osmanoviq, thon\u00eb burime t\u00eb gazet\u00ebs Vijesti, raporton portali TV Teuta.<\/p>\n<p>Ky shpenzim \u00ebsht\u00eb b\u00ebr\u00eb nga kjo parti gjat\u00eb fushat\u00ebs zgjedhore n\u00eb nj\u00eb lokal n\u00eb An\u00eb t\u00eb Malit kur p\u00ebr vizit\u00eb ishte kyetari i partis\u00eb Millo Gjukanoviq. M\u00eb her\u00ebt Osmanoviq p\u00ebr televizionin Teuta e ka mohuar q\u00eb n\u00eb komuna t\u00eb ket\u00eb paguar nj\u00eb llogari t\u00eb till\u00eb, kurse Nrekiq p\u00ebr Vijesti ka th\u00ebn\u00eb se shuma n\u00eb fjal\u00eb \u00ebsht\u00eb 229 euro, dhe se n\u00ebse dikush ka falsifikuar llogarin\u00eb duhet t\u00eb p\u00ebrgjigjet. Pagesa e shpenzimeve partiake nga buxheti publik \u00ebsht\u00eb rrept\u00ebsisht e ndaluar me ligj.<\/p>\n","protected":false},"excerpt":{"rendered":"<p>Prokuroria Speciale e Malit t\u00eb Zi ka k\u00ebrkuar nga Komuna e Ulqinit dokumentacionin n\u00eb lidhje me llogarin\u00eb e Partis\u00eb Demokratike t\u00eb Socialist\u00ebve prej 2290 eurove, e cila ishte e n\u00ebnshkruar nga sekretari p\u00ebr financa dhe an\u00ebtari i k\u00ebsaj partie Sead Osmanoviq, thon\u00eb burime t\u00eb gazet\u00ebs Vijesti, raporton portali TV Teuta. Ky shpenzim \u00ebsht\u00eb b\u00ebr\u00eb nga [&hellip;]<\/p>\n","protected":false},"author":1,"featured_media":0,"comment_status":"closed","ping_status":"closed","sticky":false,"template":"","format":"standard","meta":{"spay_email":"","jetpack_publicize_message":"","jetpack_is_tweetstorm":false,"jetpack_publicize_feature_enabled":true},"categories":[1],"tags":[],"jetpack_publicize_connections":[],"yoast_head":"<!-- This site is optimized with the Yoast SEO plugin v19.1 - https:\/\/yoast.com\/wordpress\/plugins\/seo\/ -->\n<title>Prokuroria e Malit t\u00eb Zi interesohet p\u00ebr rastin e Osmanoviq? - Lajme nga Ulqini<\/title>\n<meta name=\"description\" content=\"Prokuroria Speciale e Malit t\u00eb Zi ka k\u00ebrkuar nga Komuna e Ulqinit dokumentacionin n\u00eb lidhje me llogarin\u00eb e Partis\u00eb Demokratike t\u00eb Socialist\u00ebve prej 2290\" \/>\n<meta name=\"robots\" content=\"index, follow, max-snippet:-1, max-image-preview:large, max-video-preview:-1\" \/>\n<link rel=\"canonical\" href=\"https:\/\/www.visit-ulcinj.com\/blog\/2016\/11\/18\/prokuroria-e-malit-te-zi-interesohet-per-rastin-e-osmanoviq\/\" \/>\n<meta property=\"og:locale\" content=\"en_US\" \/>\n<meta property=\"og:type\" content=\"article\" \/>\n<meta property=\"og:title\" content=\"Prokuroria e Malit t\u00eb Zi interesohet p\u00ebr rastin e Osmanoviq? - Lajme nga Ulqini\" \/>\n<meta property=\"og:description\" content=\"Prokuroria Speciale e Malit t\u00eb Zi ka k\u00ebrkuar nga Komuna e Ulqinit dokumentacionin n\u00eb lidhje me llogarin\u00eb e Partis\u00eb Demokratike t\u00eb Socialist\u00ebve prej 2290\" \/>\n<meta property=\"og:url\" content=\"https:\/\/www.visit-ulcinj.com\/blog\/2016\/11\/18\/prokuroria-e-malit-te-zi-interesohet-per-rastin-e-osmanoviq\/\" \/>\n<meta property=\"og:site_name\" content=\"Lajme nga Ulqini\" \/>\n<meta property=\"article:published_time\" content=\"2016-11-18T16:59:28+00:00\" \/>\n<meta property=\"og:image\" content=\"http:\/\/www.visit-ulcinj.com\/blog\/wp-content\/uploads\/2016\/11\/PDS-ULQIN.jpg\" \/>\n<meta name=\"twitter:label1\" content=\"Written by\" \/>\n\t<meta name=\"twitter:data1\" content=\"ulqini\" \/>\n\t<meta name=\"twitter:label2\" content=\"Est. reading time\" \/>\n\t<meta name=\"twitter:data2\" content=\"1 minute\" \/>\n<script type=\"application\/ld+json\" class=\"yoast-schema-graph\">{\"@context\":\"https:\/\/schema.org\",\"@graph\":[{\"@type\":\"WebSite\",\"@id\":\"https:\/\/www.visit-ulcinj.com\/blog\/#website\",\"url\":\"https:\/\/www.visit-ulcinj.com\/blog\/\",\"name\":\"Lajme nga Ulqini\",\"description\":\"Lajme,Vijesti,Ulqini,Ulqin,Crna Gora,Mali i Zi\",\"potentialAction\":[{\"@type\":\"SearchAction\",\"target\":{\"@type\":\"EntryPoint\",\"urlTemplate\":\"https:\/\/www.visit-ulcinj.com\/blog\/?s={search_term_string}\"},\"query-input\":\"required name=search_term_string\"}],\"inLanguage\":\"en-US\"},{\"@type\":\"ImageObject\",\"inLanguage\":\"en-US\",\"@id\":\"https:\/\/www.visit-ulcinj.com\/blog\/2016\/11\/18\/prokuroria-e-malit-te-zi-interesohet-per-rastin-e-osmanoviq\/#primaryimage\",\"url\":\"https:\/\/www.visit-ulcinj.com\/blog\/wp-content\/uploads\/2016\/11\/PDS-ULQIN.jpg\",\"contentUrl\":\"https:\/\/www.visit-ulcinj.com\/blog\/wp-content\/uploads\/2016\/11\/PDS-ULQIN.jpg\",\"width\":560,\"height\":352},{\"@type\":\"WebPage\",\"@id\":\"https:\/\/www.visit-ulcinj.com\/blog\/2016\/11\/18\/prokuroria-e-malit-te-zi-interesohet-per-rastin-e-osmanoviq\/#webpage\",\"url\":\"https:\/\/www.visit-ulcinj.com\/blog\/2016\/11\/18\/prokuroria-e-malit-te-zi-interesohet-per-rastin-e-osmanoviq\/\",\"name\":\"Prokuroria e Malit t\u00eb Zi interesohet p\u00ebr rastin e Osmanoviq? - Lajme nga Ulqini\",\"isPartOf\":{\"@id\":\"https:\/\/www.visit-ulcinj.com\/blog\/#website\"},\"primaryImageOfPage\":{\"@id\":\"https:\/\/www.visit-ulcinj.com\/blog\/2016\/11\/18\/prokuroria-e-malit-te-zi-interesohet-per-rastin-e-osmanoviq\/#primaryimage\"},\"datePublished\":\"2016-11-18T16:59:28+00:00\",\"dateModified\":\"2016-11-18T16:59:28+00:00\",\"author\":{\"@id\":\"https:\/\/www.visit-ulcinj.com\/blog\/#\/schema\/person\/dcab619c614d3038751c63bc2aadc06d\"},\"description\":\"Prokuroria Speciale e Malit t\u00eb Zi ka k\u00ebrkuar nga Komuna e Ulqinit dokumentacionin n\u00eb lidhje me llogarin\u00eb e Partis\u00eb Demokratike t\u00eb Socialist\u00ebve prej 2290\",\"breadcrumb\":{\"@id\":\"https:\/\/www.visit-ulcinj.com\/blog\/2016\/11\/18\/prokuroria-e-malit-te-zi-interesohet-per-rastin-e-osmanoviq\/#breadcrumb\"},\"inLanguage\":\"en-US\",\"potentialAction\":[{\"@type\":\"ReadAction\",\"target\":[\"https:\/\/www.visit-ulcinj.com\/blog\/2016\/11\/18\/prokuroria-e-malit-te-zi-interesohet-per-rastin-e-osmanoviq\/\"]}]},{\"@type\":\"BreadcrumbList\",\"@id\":\"https:\/\/www.visit-ulcinj.com\/blog\/2016\/11\/18\/prokuroria-e-malit-te-zi-interesohet-per-rastin-e-osmanoviq\/#breadcrumb\",\"itemListElement\":[{\"@type\":\"ListItem\",\"position\":1,\"name\":\"Prokuroria e Malit t\u00eb Zi interesohet p\u00ebr rastin e Osmanoviq?\"}]},{\"@type\":\"Person\",\"@id\":\"https:\/\/www.visit-ulcinj.com\/blog\/#\/schema\/person\/dcab619c614d3038751c63bc2aadc06d\",\"name\":\"ulqini\",\"sameAs\":[\"http:\/\/www.visit-ulcinj.com\"],\"url\":\"https:\/\/www.visit-ulcinj.com\/blog\/author\/admin\/\"}]}<\/script>\n<!-- \/ Yoast SEO plugin. -->","yoast_head_json":{"title":"Prokuroria e Malit t\u00eb Zi interesohet p\u00ebr rastin e Osmanoviq? - Lajme nga Ulqini","description":"Prokuroria Speciale e Malit t\u00eb Zi ka k\u00ebrkuar nga Komuna e Ulqinit dokumentacionin n\u00eb lidhje me llogarin\u00eb e Partis\u00eb Demokratike t\u00eb Socialist\u00ebve prej 2290","robots":{"index":"index","follow":"follow","max-snippet":"max-snippet:-1","max-image-preview":"max-image-preview:large","max-video-preview":"max-video-preview:-1"},"canonical":"https:\/\/www.visit-ulcinj.com\/blog\/2016\/11\/18\/prokuroria-e-malit-te-zi-interesohet-per-rastin-e-osmanoviq\/","og_locale":"en_US","og_type":"article","og_title":"Prokuroria e Malit t\u00eb Zi interesohet p\u00ebr rastin e Osmanoviq? - Lajme nga Ulqini","og_description":"Prokuroria Speciale e Malit t\u00eb Zi ka k\u00ebrkuar nga Komuna e Ulqinit dokumentacionin n\u00eb lidhje me llogarin\u00eb e Partis\u00eb Demokratike t\u00eb Socialist\u00ebve prej 2290","og_url":"https:\/\/www.visit-ulcinj.com\/blog\/2016\/11\/18\/prokuroria-e-malit-te-zi-interesohet-per-rastin-e-osmanoviq\/","og_site_name":"Lajme nga Ulqini","article_published_time":"2016-11-18T16:59:28+00:00","og_image":[{"url":"http:\/\/www.visit-ulcinj.com\/blog\/wp-content\/uploads\/2016\/11\/PDS-ULQIN.jpg"}],"twitter_misc":{"Written by":"ulqini","Est. reading time":"1 minute"},"schema":{"@context":"https:\/\/schema.org","@graph":[{"@type":"WebSite","@id":"https:\/\/www.visit-ulcinj.com\/blog\/#website","url":"https:\/\/www.visit-ulcinj.com\/blog\/","name":"Lajme nga Ulqini","description":"Lajme,Vijesti,Ulqini,Ulqin,Crna Gora,Mali i Zi","potentialAction":[{"@type":"SearchAction","target":{"@type":"EntryPoint","urlTemplate":"https:\/\/www.visit-ulcinj.com\/blog\/?s={search_term_string}"},"query-input":"required name=search_term_string"}],"inLanguage":"en-US"},{"@type":"ImageObject","inLanguage":"en-US","@id":"https:\/\/www.visit-ulcinj.com\/blog\/2016\/11\/18\/prokuroria-e-malit-te-zi-interesohet-per-rastin-e-osmanoviq\/#primaryimage","url":"https:\/\/www.visit-ulcinj.com\/blog\/wp-content\/uploads\/2016\/11\/PDS-ULQIN.jpg","contentUrl":"https:\/\/www.visit-ulcinj.com\/blog\/wp-content\/uploads\/2016\/11\/PDS-ULQIN.jpg","width":560,"height":352},{"@type":"WebPage","@id":"https:\/\/www.visit-ulcinj.com\/blog\/2016\/11\/18\/prokuroria-e-malit-te-zi-interesohet-per-rastin-e-osmanoviq\/#webpage","url":"https:\/\/www.visit-ulcinj.com\/blog\/2016\/11\/18\/prokuroria-e-malit-te-zi-interesohet-per-rastin-e-osmanoviq\/","name":"Prokuroria e Malit t\u00eb Zi interesohet p\u00ebr rastin e Osmanoviq? - Lajme nga Ulqini","isPartOf":{"@id":"https:\/\/www.visit-ulcinj.com\/blog\/#website"},"primaryImageOfPage":{"@id":"https:\/\/www.visit-ulcinj.com\/blog\/2016\/11\/18\/prokuroria-e-malit-te-zi-interesohet-per-rastin-e-osmanoviq\/#primaryimage"},"datePublished":"2016-11-18T16:59:28+00:00","dateModified":"2016-11-18T16:59:28+00:00","author":{"@id":"https:\/\/www.visit-ulcinj.com\/blog\/#\/schema\/person\/dcab619c614d3038751c63bc2aadc06d"},"description":"Prokuroria Speciale e Malit t\u00eb Zi ka k\u00ebrkuar nga Komuna e Ulqinit dokumentacionin n\u00eb lidhje me llogarin\u00eb e Partis\u00eb Demokratike t\u00eb Socialist\u00ebve prej 2290","breadcrumb":{"@id":"https:\/\/www.visit-ulcinj.com\/blog\/2016\/11\/18\/prokuroria-e-malit-te-zi-interesohet-per-rastin-e-osmanoviq\/#breadcrumb"},"inLanguage":"en-US","potentialAction":[{"@type":"ReadAction","target":["https:\/\/www.visit-ulcinj.com\/blog\/2016\/11\/18\/prokuroria-e-malit-te-zi-interesohet-per-rastin-e-osmanoviq\/"]}]},{"@type":"BreadcrumbList","@id":"https:\/\/www.visit-ulcinj.com\/blog\/2016\/11\/18\/prokuroria-e-malit-te-zi-interesohet-per-rastin-e-osmanoviq\/#breadcrumb","itemListElement":[{"@type":"ListItem","position":1,"name":"Prokuroria e Malit t\u00eb Zi interesohet p\u00ebr rastin e Osmanoviq?"}]},{"@type":"Person","@id":"https:\/\/www.visit-ulcinj.com\/blog\/#\/schema\/person\/dcab619c614d3038751c63bc2aadc06d","name":"ulqini","sameAs":["http:\/\/www.visit-ulcinj.com"],"url":"https:\/\/www.visit-ulcinj.com\/blog\/author\/admin\/"}]}},"jetpack_featured_media_url":"","jetpack_sharing_enabled":true,"jetpack_shortlink":"https:\/\/wp.me\/pe6lTn-qix","_links":{"self":[{"href":"https:\/\/www.visit-ulcinj.com\/blog\/wp-json\/wp\/v2\/posts\/101093"}],"collection":[{"href":"https:\/\/www.visit-ulcinj.com\/blog\/wp-json\/wp\/v2\/posts"}],"about":[{"href":"https:\/\/www.visit-ulcinj.com\/blog\/wp-json\/wp\/v2\/types\/post"}],"author":[{"embeddable":true,"href":"https:\/\/www.visit-ulcinj.com\/blog\/wp-json\/wp\/v2\/users\/1"}],"replies":[{"embeddable":true,"href":"https:\/\/www.visit-ulcinj.com\/blog\/wp-json\/wp\/v2\/comments?post=101093"}],"version-history":[{"count":1,"href":"https:\/\/www.visit-ulcinj.com\/blog\/wp-json\/wp\/v2\/posts\/101093\/revisions"}],"predecessor-version":[{"id":101095,"href":"https:\/\/www.visit-ulcinj.com\/blog\/wp-json\/wp\/v2\/posts\/101093\/revisions\/101095"}],"wp:attachment":[{"href":"https:\/\/www.visit-ulcinj.com\/blog\/wp-json\/wp\/v2\/media?parent=101093"}],"wp:term":[{"taxonomy":"category","embeddable":true,"href":"https:\/\/www.visit-ulcinj.com\/blog\/wp-json\/wp\/v2\/categories?post=101093"},{"taxonomy":"post_tag","embeddable":true,"href":"https:\/\/www.visit-ulcinj.com\/blog\/wp-json\/wp\/v2\/tags?post=101093"}],"curies":[{"name":"wp","href":"https:\/\/api.w.org\/{rel}","templated":true}]}}