{"id":101096,"date":"2016-11-18T18:15:38","date_gmt":"2016-11-18T17:15:38","guid":{"rendered":"http:\/\/www.visit-ulcinj.com\/blog\/?p=101096"},"modified":"2016-11-18T18:15:38","modified_gmt":"2016-11-18T17:15:38","slug":"auv-e-maqedonise-mali-zi-nuk-ka-pranuar-mish-derri-nga-rezervat-e-nato-se-1982","status":"publish","type":"post","link":"https:\/\/www.visit-ulcinj.com\/blog\/2016\/11\/18\/auv-e-maqedonise-mali-zi-nuk-ka-pranuar-mish-derri-nga-rezervat-e-nato-se-1982\/","title":{"rendered":"AUV e Maqedonis\u00eb: Mali i Zi nuk ka pranuar mish derri nga rezervat e NATO-s\u00eb 1982"},"content":{"rendered":"<div id=\"content-area\" class=\"post-204560 post type-post status-publish format-standard has-post-thumbnail hentry category-maqedoni\">\n<div class=\"post-cont-out\">\n<div class=\"post-cont-in\">\n<div id=\"content-main\" class=\"left relative\">\n<p><a href=\"http:\/\/www.visit-ulcinj.com\/blog\/wp-content\/uploads\/2016\/11\/AUV-e-Maqedonis\u00eb-Mali-i-Zi.jpg\"><img loading=\"lazy\" class=\"alignleft wp-image-101097\" src=\"http:\/\/www.visit-ulcinj.com\/blog\/wp-content\/uploads\/2016\/11\/AUV-e-Maqedonis\u00eb-Mali-i-Zi.jpg\" alt=\"AUV e Maqedonis\u00eb-Mali i Zi\" width=\"508\" height=\"286\" \/><\/a>Drejtori i Agjencis\u00eb p\u00ebr ushqim dhe veterinari (AUV), Zoran Popovski, zyrtarisht njofton se Mali i Zi nuk ka pranuar mish derri nga Italia, q\u00eb \u00ebsht\u00eb i ngrir\u00eb q\u00eb nga viti 1982.<\/p>\n<p>Medita shpekuluan se ky mish ka hyr\u00eb n\u00eb tregun ballkanik, dhe se b\u00ebhet fjal\u00eb p\u00ebr rezerva t\u00eb NATO-s\u00eb. Mir\u00ebpo, drejtori b\u00ebn t\u00eb ditur se ka realizuar telefonat\u00eb t\u00eb drejtp\u00ebrdrejt\u00eb me institucionet veterinere t\u00eb Malit t\u00eb Zi, t\u00eb cilat e kan\u00eb konfirmuar se Mali i Zi nuk ka pranuar n\u00eb limanin detar t\u00eb Barit, mish dhe prodhime mishi nga Italia.<\/p>\n<p><strong>Burimi: LajmPress.com<\/strong><\/p>\n<\/div>\n<\/div>\n<\/div>\n<\/div>\n","protected":false},"excerpt":{"rendered":"<p>Drejtori i Agjencis\u00eb p\u00ebr ushqim dhe veterinari (AUV), Zoran Popovski, zyrtarisht njofton se Mali i Zi nuk ka pranuar mish derri nga Italia, q\u00eb \u00ebsht\u00eb i ngrir\u00eb q\u00eb nga viti 1982. Medita shpekuluan se ky mish ka hyr\u00eb n\u00eb tregun ballkanik, dhe se b\u00ebhet fjal\u00eb p\u00ebr rezerva t\u00eb NATO-s\u00eb. Mir\u00ebpo, drejtori b\u00ebn t\u00eb ditur se [&hellip;]<\/p>\n","protected":false},"author":1,"featured_media":0,"comment_status":"closed","ping_status":"closed","sticky":false,"template":"","format":"standard","meta":{"spay_email":"","jetpack_publicize_message":"","jetpack_is_tweetstorm":false,"jetpack_publicize_feature_enabled":true},"categories":[6950],"tags":[],"jetpack_publicize_connections":[],"yoast_head":"<!-- This site is optimized with the Yoast SEO plugin v19.1 - https:\/\/yoast.com\/wordpress\/plugins\/seo\/ -->\n<title>AUV e Maqedonis\u00eb: Mali i Zi nuk ka pranuar mish derri nga rezervat e NATO-s\u00eb 1982 - Lajme nga Ulqini<\/title>\n<meta name=\"description\" content=\"Drejtori i Agjencis\u00eb p\u00ebr ushqim dhe veterinari (AUV), Zoran Popovski, zyrtarisht njofton se Mali i Zi nuk ka pranuar mish derri nga Italia, q\u00eb \u00ebsht\u00eb i\" \/>\n<meta name=\"robots\" content=\"index, follow, max-snippet:-1, max-image-preview:large, max-video-preview:-1\" \/>\n<link rel=\"canonical\" href=\"https:\/\/www.visit-ulcinj.com\/blog\/2016\/11\/18\/auv-e-maqedonise-mali-zi-nuk-ka-pranuar-mish-derri-nga-rezervat-e-nato-se-1982\/\" \/>\n<meta property=\"og:locale\" content=\"en_US\" \/>\n<meta property=\"og:type\" content=\"article\" \/>\n<meta property=\"og:title\" content=\"AUV e Maqedonis\u00eb: Mali i Zi nuk ka pranuar mish derri nga rezervat e NATO-s\u00eb 1982 - Lajme nga Ulqini\" \/>\n<meta property=\"og:description\" content=\"Drejtori i Agjencis\u00eb p\u00ebr ushqim dhe veterinari (AUV), Zoran Popovski, zyrtarisht njofton se Mali i Zi nuk ka pranuar mish derri nga Italia, q\u00eb \u00ebsht\u00eb i\" \/>\n<meta property=\"og:url\" content=\"https:\/\/www.visit-ulcinj.com\/blog\/2016\/11\/18\/auv-e-maqedonise-mali-zi-nuk-ka-pranuar-mish-derri-nga-rezervat-e-nato-se-1982\/\" \/>\n<meta property=\"og:site_name\" content=\"Lajme nga Ulqini\" \/>\n<meta property=\"article:published_time\" content=\"2016-11-18T17:15:38+00:00\" \/>\n<meta name=\"twitter:label1\" content=\"Written by\" \/>\n\t<meta name=\"twitter:data1\" content=\"ulqini\" \/>\n<script type=\"application\/ld+json\" class=\"yoast-schema-graph\">{\"@context\":\"https:\/\/schema.org\",\"@graph\":[{\"@type\":\"WebSite\",\"@id\":\"https:\/\/www.visit-ulcinj.com\/blog\/#website\",\"url\":\"https:\/\/www.visit-ulcinj.com\/blog\/\",\"name\":\"Lajme nga Ulqini\",\"description\":\"Lajme,Vijesti,Ulqini,Ulqin,Crna Gora,Mali i Zi\",\"potentialAction\":[{\"@type\":\"SearchAction\",\"target\":{\"@type\":\"EntryPoint\",\"urlTemplate\":\"https:\/\/www.visit-ulcinj.com\/blog\/?s={search_term_string}\"},\"query-input\":\"required name=search_term_string\"}],\"inLanguage\":\"en-US\"},{\"@type\":\"WebPage\",\"@id\":\"https:\/\/www.visit-ulcinj.com\/blog\/2016\/11\/18\/auv-e-maqedonise-mali-zi-nuk-ka-pranuar-mish-derri-nga-rezervat-e-nato-se-1982\/#webpage\",\"url\":\"https:\/\/www.visit-ulcinj.com\/blog\/2016\/11\/18\/auv-e-maqedonise-mali-zi-nuk-ka-pranuar-mish-derri-nga-rezervat-e-nato-se-1982\/\",\"name\":\"AUV e Maqedonis\u00eb: Mali i Zi nuk ka pranuar mish derri nga rezervat e NATO-s\u00eb 1982 - Lajme nga Ulqini\",\"isPartOf\":{\"@id\":\"https:\/\/www.visit-ulcinj.com\/blog\/#website\"},\"datePublished\":\"2016-11-18T17:15:38+00:00\",\"dateModified\":\"2016-11-18T17:15:38+00:00\",\"author\":{\"@id\":\"https:\/\/www.visit-ulcinj.com\/blog\/#\/schema\/person\/dcab619c614d3038751c63bc2aadc06d\"},\"description\":\"Drejtori i Agjencis\u00eb p\u00ebr ushqim dhe veterinari (AUV), Zoran Popovski, zyrtarisht njofton se Mali i Zi nuk ka pranuar mish derri nga Italia, q\u00eb \u00ebsht\u00eb i\",\"breadcrumb\":{\"@id\":\"https:\/\/www.visit-ulcinj.com\/blog\/2016\/11\/18\/auv-e-maqedonise-mali-zi-nuk-ka-pranuar-mish-derri-nga-rezervat-e-nato-se-1982\/#breadcrumb\"},\"inLanguage\":\"en-US\",\"potentialAction\":[{\"@type\":\"ReadAction\",\"target\":[\"https:\/\/www.visit-ulcinj.com\/blog\/2016\/11\/18\/auv-e-maqedonise-mali-zi-nuk-ka-pranuar-mish-derri-nga-rezervat-e-nato-se-1982\/\"]}]},{\"@type\":\"BreadcrumbList\",\"@id\":\"https:\/\/www.visit-ulcinj.com\/blog\/2016\/11\/18\/auv-e-maqedonise-mali-zi-nuk-ka-pranuar-mish-derri-nga-rezervat-e-nato-se-1982\/#breadcrumb\",\"itemListElement\":[{\"@type\":\"ListItem\",\"position\":1,\"name\":\"AUV e Maqedonis\u00eb: Mali i Zi nuk ka pranuar mish derri nga rezervat e NATO-s\u00eb 1982\"}]},{\"@type\":\"Person\",\"@id\":\"https:\/\/www.visit-ulcinj.com\/blog\/#\/schema\/person\/dcab619c614d3038751c63bc2aadc06d\",\"name\":\"ulqini\",\"sameAs\":[\"http:\/\/www.visit-ulcinj.com\"],\"url\":\"https:\/\/www.visit-ulcinj.com\/blog\/author\/admin\/\"}]}<\/script>\n<!-- \/ Yoast SEO plugin. -->","yoast_head_json":{"title":"AUV e Maqedonis\u00eb: Mali i Zi nuk ka pranuar mish derri nga rezervat e NATO-s\u00eb 1982 - Lajme nga Ulqini","description":"Drejtori i Agjencis\u00eb p\u00ebr ushqim dhe veterinari (AUV), Zoran Popovski, zyrtarisht njofton se Mali i Zi nuk ka pranuar mish derri nga Italia, q\u00eb \u00ebsht\u00eb i","robots":{"index":"index","follow":"follow","max-snippet":"max-snippet:-1","max-image-preview":"max-image-preview:large","max-video-preview":"max-video-preview:-1"},"canonical":"https:\/\/www.visit-ulcinj.com\/blog\/2016\/11\/18\/auv-e-maqedonise-mali-zi-nuk-ka-pranuar-mish-derri-nga-rezervat-e-nato-se-1982\/","og_locale":"en_US","og_type":"article","og_title":"AUV e Maqedonis\u00eb: Mali i Zi nuk ka pranuar mish derri nga rezervat e NATO-s\u00eb 1982 - Lajme nga Ulqini","og_description":"Drejtori i Agjencis\u00eb p\u00ebr ushqim dhe veterinari (AUV), Zoran Popovski, zyrtarisht njofton se Mali i Zi nuk ka pranuar mish derri nga Italia, q\u00eb \u00ebsht\u00eb i","og_url":"https:\/\/www.visit-ulcinj.com\/blog\/2016\/11\/18\/auv-e-maqedonise-mali-zi-nuk-ka-pranuar-mish-derri-nga-rezervat-e-nato-se-1982\/","og_site_name":"Lajme nga Ulqini","article_published_time":"2016-11-18T17:15:38+00:00","twitter_misc":{"Written by":"ulqini"},"schema":{"@context":"https:\/\/schema.org","@graph":[{"@type":"WebSite","@id":"https:\/\/www.visit-ulcinj.com\/blog\/#website","url":"https:\/\/www.visit-ulcinj.com\/blog\/","name":"Lajme nga Ulqini","description":"Lajme,Vijesti,Ulqini,Ulqin,Crna Gora,Mali i Zi","potentialAction":[{"@type":"SearchAction","target":{"@type":"EntryPoint","urlTemplate":"https:\/\/www.visit-ulcinj.com\/blog\/?s={search_term_string}"},"query-input":"required name=search_term_string"}],"inLanguage":"en-US"},{"@type":"WebPage","@id":"https:\/\/www.visit-ulcinj.com\/blog\/2016\/11\/18\/auv-e-maqedonise-mali-zi-nuk-ka-pranuar-mish-derri-nga-rezervat-e-nato-se-1982\/#webpage","url":"https:\/\/www.visit-ulcinj.com\/blog\/2016\/11\/18\/auv-e-maqedonise-mali-zi-nuk-ka-pranuar-mish-derri-nga-rezervat-e-nato-se-1982\/","name":"AUV e Maqedonis\u00eb: Mali i Zi nuk ka pranuar mish derri nga rezervat e NATO-s\u00eb 1982 - Lajme nga Ulqini","isPartOf":{"@id":"https:\/\/www.visit-ulcinj.com\/blog\/#website"},"datePublished":"2016-11-18T17:15:38+00:00","dateModified":"2016-11-18T17:15:38+00:00","author":{"@id":"https:\/\/www.visit-ulcinj.com\/blog\/#\/schema\/person\/dcab619c614d3038751c63bc2aadc06d"},"description":"Drejtori i Agjencis\u00eb p\u00ebr ushqim dhe veterinari (AUV), Zoran Popovski, zyrtarisht njofton se Mali i Zi nuk ka pranuar mish derri nga Italia, q\u00eb \u00ebsht\u00eb i","breadcrumb":{"@id":"https:\/\/www.visit-ulcinj.com\/blog\/2016\/11\/18\/auv-e-maqedonise-mali-zi-nuk-ka-pranuar-mish-derri-nga-rezervat-e-nato-se-1982\/#breadcrumb"},"inLanguage":"en-US","potentialAction":[{"@type":"ReadAction","target":["https:\/\/www.visit-ulcinj.com\/blog\/2016\/11\/18\/auv-e-maqedonise-mali-zi-nuk-ka-pranuar-mish-derri-nga-rezervat-e-nato-se-1982\/"]}]},{"@type":"BreadcrumbList","@id":"https:\/\/www.visit-ulcinj.com\/blog\/2016\/11\/18\/auv-e-maqedonise-mali-zi-nuk-ka-pranuar-mish-derri-nga-rezervat-e-nato-se-1982\/#breadcrumb","itemListElement":[{"@type":"ListItem","position":1,"name":"AUV e Maqedonis\u00eb: Mali i Zi nuk ka pranuar mish derri nga rezervat e NATO-s\u00eb 1982"}]},{"@type":"Person","@id":"https:\/\/www.visit-ulcinj.com\/blog\/#\/schema\/person\/dcab619c614d3038751c63bc2aadc06d","name":"ulqini","sameAs":["http:\/\/www.visit-ulcinj.com"],"url":"https:\/\/www.visit-ulcinj.com\/blog\/author\/admin\/"}]}},"jetpack_featured_media_url":"","jetpack_sharing_enabled":true,"jetpack_shortlink":"https:\/\/wp.me\/pe6lTn-qiA","_links":{"self":[{"href":"https:\/\/www.visit-ulcinj.com\/blog\/wp-json\/wp\/v2\/posts\/101096"}],"collection":[{"href":"https:\/\/www.visit-ulcinj.com\/blog\/wp-json\/wp\/v2\/posts"}],"about":[{"href":"https:\/\/www.visit-ulcinj.com\/blog\/wp-json\/wp\/v2\/types\/post"}],"author":[{"embeddable":true,"href":"https:\/\/www.visit-ulcinj.com\/blog\/wp-json\/wp\/v2\/users\/1"}],"replies":[{"embeddable":true,"href":"https:\/\/www.visit-ulcinj.com\/blog\/wp-json\/wp\/v2\/comments?post=101096"}],"version-history":[{"count":1,"href":"https:\/\/www.visit-ulcinj.com\/blog\/wp-json\/wp\/v2\/posts\/101096\/revisions"}],"predecessor-version":[{"id":101098,"href":"https:\/\/www.visit-ulcinj.com\/blog\/wp-json\/wp\/v2\/posts\/101096\/revisions\/101098"}],"wp:attachment":[{"href":"https:\/\/www.visit-ulcinj.com\/blog\/wp-json\/wp\/v2\/media?parent=101096"}],"wp:term":[{"taxonomy":"category","embeddable":true,"href":"https:\/\/www.visit-ulcinj.com\/blog\/wp-json\/wp\/v2\/categories?post=101096"},{"taxonomy":"post_tag","embeddable":true,"href":"https:\/\/www.visit-ulcinj.com\/blog\/wp-json\/wp\/v2\/tags?post=101096"}],"curies":[{"name":"wp","href":"https:\/\/api.w.org\/{rel}","templated":true}]}}