{"id":101109,"date":"2016-11-20T17:39:33","date_gmt":"2016-11-20T16:39:33","guid":{"rendered":"http:\/\/www.visit-ulcinj.com\/blog\/?p=101109"},"modified":"2016-11-21T19:35:15","modified_gmt":"2016-11-21T18:35:15","slug":"mark-gjonaj-dhe-kontributi-veprimtari-atdhetare","status":"publish","type":"post","link":"https:\/\/www.visit-ulcinj.com\/blog\/2016\/11\/20\/mark-gjonaj-dhe-kontributi-veprimtari-atdhetare\/","title":{"rendered":"Mark Gjonaj dhe kontributi me veprimtari atdhetare"},"content":{"rendered":"<p><a href=\"http:\/\/www.visit-ulcinj.com\/blog\/wp-content\/uploads\/2016\/11\/Mark-Gjonaj-Samiti-i-Diaspores-Tirane.jpg\"><img loading=\"lazy\" class=\"alignleft wp-image-101110\" src=\"http:\/\/www.visit-ulcinj.com\/blog\/wp-content\/uploads\/2016\/11\/Mark-Gjonaj-Samiti-i-Diaspores-Tirane.jpg\" alt=\"Mark-Gjonaj-Samiti i Diaspores-Tirane\" width=\"508\" height=\"455\" srcset=\"https:\/\/www.visit-ulcinj.com\/blog\/wp-content\/uploads\/2016\/11\/Mark-Gjonaj-Samiti-i-Diaspores-Tirane.jpg 960w, https:\/\/www.visit-ulcinj.com\/blog\/wp-content\/uploads\/2016\/11\/Mark-Gjonaj-Samiti-i-Diaspores-Tirane-300x269.jpg 300w, https:\/\/www.visit-ulcinj.com\/blog\/wp-content\/uploads\/2016\/11\/Mark-Gjonaj-Samiti-i-Diaspores-Tirane-768x688.jpg 768w\" sizes=\"(max-width: 508px) 100vw, 508px\" \/><\/a>Samiti i Diaspor\u00ebs ka mbledhur n\u00eb Tiran\u00eb, rreth 1000 an\u00ebtar\u00eb\u00a0t\u00eb diaspor\u00ebs shqiptare nga 40 vende t\u00eb bot\u00ebs. N\u00ebn sloganin \u201cT\u00eb pandar\u00eb p\u00ebr Shqip\u00ebrin\u00eb\u201d, dit\u00ebn e sotme jan\u00eb zhvilluar disa takime. Nj\u00eb prej tyre ishte dhe takimi i zhvilluar n\u00eb ambjentet e Ministris\u00eb s\u00eb Jashtme me tem\u00ebn: \u201cOrganizimi i Diaspor\u00ebs dhe roli i saj n\u00eb zhvillimin e Atdheut: Eksperienca nga bota.\u201d<\/p>\n<p>N\u00eb panelin e t\u00eb ftuarve ishte edhe, an\u00ebtari i Asambles\u00eb s\u00eb Shtetit t\u00eb Nju Jorkut, Mark Gjonaj. Gjonaj \u00ebsht\u00eb shprehur p\u00ebr\u00a0dritare.net\u00a0se \u00ebsht\u00eb e r\u00ebnd\u00ebsishme t\u00eb krijohet nj\u00eb K\u00ebshill i Diaspor\u00ebs, dhe t\u00eb investohet n\u00eb t\u00eb gjitha komunitet e shqiptar\u00ebve n\u00eb bot\u00eb.<\/p>\n<p>\u201cDuhet t\u00eb krijohet nj\u00eb K\u00ebshill i Diaspor\u00ebs, jan\u00eb rreth 40 shtete n\u00eb t\u00eb cilat Shqip\u00ebria ka Ambasada. P\u00ebr k\u00ebt\u00eb arsye duhet t\u00eb b\u00ebhet nj\u00eb institucionalizim m\u00eb i fort\u00eb mes shtetit dhe shqiptar\u00ebve n\u00eb Diaspor\u00eb. T\u00eb kemi nj\u00eb K\u00ebshill t\u00eb Diaspor\u00ebs, t\u00eb pandikuar nga partit\u00eb poltike, pavar\u00ebsisht kush \u00ebsht\u00eb n\u00eb qeverisje. Duhet q\u00eb qeveria shqiptare t\u00eb investoj\u00eb n\u00eb edukimin ton\u00eb dhe n\u00eb qendrat komunitare.\u201d<\/p>\n<p><a href=\"http:\/\/www.visit-ulcinj.com\/blog\/wp-content\/uploads\/2016\/11\/Mark-Gjonaj-Samiti-i-Diaspores-Tirane-1.jpg\"><img loading=\"lazy\" class=\"alignleft wp-image-101111\" src=\"http:\/\/www.visit-ulcinj.com\/blog\/wp-content\/uploads\/2016\/11\/Mark-Gjonaj-Samiti-i-Diaspores-Tirane-1.jpg\" alt=\"Mark-Gjonaj-Samiti i Diaspores-Tirane-1\" width=\"508\" height=\"355\" srcset=\"https:\/\/www.visit-ulcinj.com\/blog\/wp-content\/uploads\/2016\/11\/Mark-Gjonaj-Samiti-i-Diaspores-Tirane-1.jpg 960w, https:\/\/www.visit-ulcinj.com\/blog\/wp-content\/uploads\/2016\/11\/Mark-Gjonaj-Samiti-i-Diaspores-Tirane-1-300x210.jpg 300w, https:\/\/www.visit-ulcinj.com\/blog\/wp-content\/uploads\/2016\/11\/Mark-Gjonaj-Samiti-i-Diaspores-Tirane-1-768x537.jpg 768w\" sizes=\"(max-width: 508px) 100vw, 508px\" \/><\/a><\/p>\n<p>P\u00ebr t\u00eb Samiti i Diaspor\u00ebs \u00ebsht\u00eb nj\u00eb fillim i mir\u00eb p\u00ebr t\u00eb lidhur shqiptar\u00ebt q\u00eb jetojn\u00eb larg vendit am\u00eb.<\/p>\n<p>\u201cJam shum\u00eb i lumtur q\u00eb kam ardhur k\u00ebtu. Sapo vij n\u00eb Tiran\u00eb, marr nj\u00eb energji shume pozitive. Ky samit \u00ebsht\u00eb nj\u00eb fillim i mir\u00eb dhe \u00ebsht\u00eb shum\u00eb i r\u00ebnd\u00ebsish\u00ebm, pasi n\u00ebp\u00ebrmjet tij ne nd\u00ebrtojm\u00eb ura lidh\u00ebse p\u00ebr vendin ku shum\u00eb shqiptar\u00eb jetojn\u00eb me Atdheun e tyre q\u00eb \u00ebsht\u00eb Shqip\u00ebria. Dhe kjo \u00ebsht\u00eb nj\u00eb avantazh shum\u00eb i madh, p\u00ebr t\u00eb gjith\u00eb shqiptar\u00ebt\u201d<\/p>\n<p>Gjonaj thot\u00eb p\u00ebr\u00a0dritare.net\u00a0se komuniteti i shqiptar\u00ebve n\u00eb SHBA \u00ebsht\u00eb me shum\u00eb potenciale dhe jan\u00eb shqiptar\u00ebt q\u00eb po e zhvillojn\u00eb Amerik\u00ebn, n\u00ebp\u00ebrmjet kontributeve n\u00eb profesionet p\u00ebrkat\u00ebse.<\/p>\n<p>\u201cShqiptar\u00ebt n\u00eb Amerik\u00eb jan\u00eb t\u00eb vendosur, t\u00eb arsimuar dhe t\u00eb fokusuar p\u00ebr t\u00eb b\u00ebr\u00eb \u00e7do dit\u00eb m\u00eb t\u00eb mir\u00ebn n\u00eb profesionet e tyre. Jan\u00eb ata q\u00eb po e b\u00ebjn\u00eb Amerik\u00ebn nj\u00eb vend m\u00eb t\u00eb mir\u00eb.<\/p>\n<p>Komuniteti shqiptar njihet jo vet\u00ebm n\u00eb qytetin e Nju Jorkut, por edhe n\u00eb shtetin e Nju Jorkut, p\u00ebr kontributin e madh q\u00eb ka dh\u00ebn\u00eb dhe jep \u00e7do dit\u00eb. Flasim p\u00ebr m\u00eb shum\u00eb se gjys\u00ebm milion\u00eb shqiptar\u00eb q\u00eb po japin ndihmes\u00ebn e tyre n\u00eb zhvillimin e v\u00ebndit.\u201d<\/p>\n<p><a href=\"http:\/\/www.visit-ulcinj.com\/blog\/wp-content\/uploads\/2016\/11\/Mark-Gjonaj-Samiti-i-Diaspores-Tirane-me-Ulqinak\u00ebt.jpg\"><img loading=\"lazy\" class=\"alignleft wp-image-101113\" src=\"http:\/\/www.visit-ulcinj.com\/blog\/wp-content\/uploads\/2016\/11\/Mark-Gjonaj-Samiti-i-Diaspores-Tirane-me-Ulqinak\u00ebt.jpg\" alt=\"Mark-Gjonaj-Samiti i Diaspores-Tirane me Ulqinak\u00ebt\" width=\"508\" height=\"381\" srcset=\"https:\/\/www.visit-ulcinj.com\/blog\/wp-content\/uploads\/2016\/11\/Mark-Gjonaj-Samiti-i-Diaspores-Tirane-me-Ulqinak\u00ebt.jpg 960w, https:\/\/www.visit-ulcinj.com\/blog\/wp-content\/uploads\/2016\/11\/Mark-Gjonaj-Samiti-i-Diaspores-Tirane-me-Ulqinak\u00ebt-300x225.jpg 300w, https:\/\/www.visit-ulcinj.com\/blog\/wp-content\/uploads\/2016\/11\/Mark-Gjonaj-Samiti-i-Diaspores-Tirane-me-Ulqinak\u00ebt-768x576.jpg 768w\" sizes=\"(max-width: 508px) 100vw, 508px\" \/><\/a><\/p>\n<p>Me optimiz\u00ebm, Gjonaj thot\u00eb p\u00ebr\u00a0dritare.net, se shqiptar\u00ebt e Diaspor\u00ebs do t\u00eb kthehen nj\u00eb dit\u00eb dhe do ta b\u00ebjn\u00eb Atdheun e tyre, nj\u00eb vend m\u00eb t\u00eb mir\u00eb.<\/p>\n<p>\u201cUn\u00eb jam natyr\u00eb optimiste dhe un\u00eb nuk shoh probleme, un\u00eb shoh potenciale. Por kur kemi probleme, ne i identifikojm\u00eb ato, p\u00ebr t\u00eb arritur n\u00eb gjetjen e zgjidhjeve. Ajo q\u00eb un\u00eb kam pare, \u00ebsht\u00eb se \u00e7do dit\u00eb, takoj gra edhe burra q\u00eb kan\u00eb arritur suksese n\u00eb fusha p\u00ebrkat\u00ebse, si doktor\u00eb, m\u00ebsues, ushtar\u00eb, e shum\u00eb t\u00eb tjera.<\/p>\n<p>T\u00eb gjith\u00eb shqiptar\u00ebt jan\u00eb larguar nga vendlindjet e tyre p\u00ebr nj\u00eb arsye, t\u00eb ken\u00eb nj\u00eb cil\u00ebsi jetese m\u00eb t\u00eb lart\u00eb, nj\u00eb t\u00eb ardhme m\u00eb t\u00eb mir\u00eb. Por komuniteti i shqiptar\u00ebve n\u00eb Shtetet e Bashkuara, \u00ebsht\u00eb me shum\u00eb potencial dhe tashm\u00eb shohin p\u00ebr t\u00eb ndihmuar Atdheun e tyre. Ata do t\u00eb rikthehen p\u00ebr t\u00eb krijuar nj\u00eb t\u00eb ardhme m\u00eb t\u00eb ndrit\u00ebshme p\u00ebr vendlindjet tona. \u00c7do dit\u00eb takoj burra dhe gra, q\u00eb jan\u00eb t\u00eb plot\u00ebsuar dhe t\u00eb arrir\u00eb n\u00eb profesionet e tyre. Njer\u00ebzit kan\u00eb nj\u00eb d\u00ebshir\u00eb t\u00eb madhe p\u00ebr t\u00eb ecur para dhe gjithmon\u00eb mendojn\u00eb \u2018\u00e7far\u00eb mund t\u00eb b\u00ebj un\u00eb p\u00ebr komunitetin tim, p\u00ebr brezat e ardhshme.\u2019\u201d<\/p>\n<p>I zgjedhur an\u00ebtar i Asambles t\u00eb Nju Jorkut, p\u00ebr partin\u00eb Demokratike, Gjonaj shprehet se shqiptar\u00ebt nuk kan\u00eb pse t\u00eb shqet\u00ebsohen p\u00ebr zgjedhjen e Tramp si President.<\/p>\n<p><a href=\"http:\/\/www.visit-ulcinj.com\/blog\/wp-content\/uploads\/2016\/11\/Mark-Gjonaj-Hillary-Clinton.jpg\"><img loading=\"lazy\" class=\"alignleft wp-image-101112\" src=\"http:\/\/www.visit-ulcinj.com\/blog\/wp-content\/uploads\/2016\/11\/Mark-Gjonaj-Hillary-Clinton.jpg\" alt=\"Mark-Gjonaj-Hillary-Clinton\" width=\"508\" height=\"331\" \/><\/a><\/p>\n<p>\u201cUn\u00eb e respektoj vullnetin e popullit dhe Tramp \u00ebsht\u00eb presidenti i Amerik\u00ebs. Pres me padurim t\u00eb filloj t\u00eb punoj me t\u00eb, e t\u00eb sigurohem q\u00eb shteti t\u00eb ket\u00eb drejtimin e duhur. Ne kemi marr\u00ebdh\u00ebnie shum\u00eb t\u00eb mira, sukseset e shqiptar\u00ebve atje jan\u00eb t\u00eb shumta dhe ne jemi nj\u00eb pjes\u00eb q\u00eb e b\u00ebn Amerik\u00ebn nj\u00eb vend t\u00eb mrekulluesh\u00ebm. Shqiptar\u00ebt nuk kan\u00eb pse t\u00eb shqet\u00ebsohen pasi jan\u00eb t\u00eb sigurte\u201d- e mbylli \u00a0Gjonaj.\/\u00a0<strong><a href=\"http:\/\/dritare.net\/\">dritare.net<\/a><\/strong><\/p>\n","protected":false},"excerpt":{"rendered":"<p>Samiti i Diaspor\u00ebs ka mbledhur n\u00eb Tiran\u00eb, rreth 1000 an\u00ebtar\u00eb\u00a0t\u00eb diaspor\u00ebs shqiptare nga 40 vende t\u00eb bot\u00ebs. N\u00ebn sloganin \u201cT\u00eb pandar\u00eb p\u00ebr Shqip\u00ebrin\u00eb\u201d, dit\u00ebn e sotme jan\u00eb zhvilluar disa takime. Nj\u00eb prej tyre ishte dhe takimi i zhvilluar n\u00eb ambjentet e Ministris\u00eb s\u00eb Jashtme me tem\u00ebn: \u201cOrganizimi i Diaspor\u00ebs dhe roli i saj n\u00eb zhvillimin [&hellip;]<\/p>\n","protected":false},"author":1,"featured_media":0,"comment_status":"closed","ping_status":"closed","sticky":false,"template":"","format":"standard","meta":{"spay_email":"","jetpack_publicize_message":"","jetpack_is_tweetstorm":false,"jetpack_publicize_feature_enabled":true},"categories":[1,12],"tags":[],"jetpack_publicize_connections":[],"yoast_head":"<!-- This site is optimized with the Yoast SEO plugin v19.1 - https:\/\/yoast.com\/wordpress\/plugins\/seo\/ -->\n<title>Mark Gjonaj dhe kontributi me veprimtari atdhetare - Lajme nga Ulqini<\/title>\n<meta name=\"description\" content=\"Samiti i Diaspor\u00ebs ka mbledhur n\u00eb Tiran\u00eb, rreth 1000 an\u00ebtar\u00eb\u00a0t\u00eb diaspor\u00ebs shqiptare nga 40 vende t\u00eb bot\u00ebs. N\u00ebn sloganin \u201cT\u00eb pandar\u00eb p\u00ebr Shqip\u00ebrin\u00eb\u201d, dit\u00ebn\" \/>\n<meta name=\"robots\" content=\"index, follow, max-snippet:-1, max-image-preview:large, max-video-preview:-1\" \/>\n<link rel=\"canonical\" href=\"https:\/\/www.visit-ulcinj.com\/blog\/2016\/11\/20\/mark-gjonaj-dhe-kontributi-veprimtari-atdhetare\/\" \/>\n<meta property=\"og:locale\" content=\"en_US\" \/>\n<meta property=\"og:type\" content=\"article\" \/>\n<meta property=\"og:title\" content=\"Mark Gjonaj dhe kontributi me veprimtari atdhetare - Lajme nga Ulqini\" \/>\n<meta property=\"og:description\" content=\"Samiti i Diaspor\u00ebs ka mbledhur n\u00eb Tiran\u00eb, rreth 1000 an\u00ebtar\u00eb\u00a0t\u00eb diaspor\u00ebs shqiptare nga 40 vende t\u00eb bot\u00ebs. N\u00ebn sloganin \u201cT\u00eb pandar\u00eb p\u00ebr Shqip\u00ebrin\u00eb\u201d, dit\u00ebn\" \/>\n<meta property=\"og:url\" content=\"https:\/\/www.visit-ulcinj.com\/blog\/2016\/11\/20\/mark-gjonaj-dhe-kontributi-veprimtari-atdhetare\/\" \/>\n<meta property=\"og:site_name\" content=\"Lajme nga Ulqini\" \/>\n<meta property=\"article:published_time\" content=\"2016-11-20T16:39:33+00:00\" \/>\n<meta property=\"article:modified_time\" content=\"2016-11-21T18:35:15+00:00\" \/>\n<meta property=\"og:image\" content=\"http:\/\/www.visit-ulcinj.com\/blog\/wp-content\/uploads\/2016\/11\/Mark-Gjonaj-Samiti-i-Diaspores-Tirane.jpg\" \/>\n<meta name=\"twitter:label1\" content=\"Written by\" \/>\n\t<meta name=\"twitter:data1\" content=\"ulqini\" \/>\n\t<meta name=\"twitter:label2\" content=\"Est. reading time\" \/>\n\t<meta name=\"twitter:data2\" content=\"4 minutes\" \/>\n<script type=\"application\/ld+json\" class=\"yoast-schema-graph\">{\"@context\":\"https:\/\/schema.org\",\"@graph\":[{\"@type\":\"WebSite\",\"@id\":\"https:\/\/www.visit-ulcinj.com\/blog\/#website\",\"url\":\"https:\/\/www.visit-ulcinj.com\/blog\/\",\"name\":\"Lajme nga Ulqini\",\"description\":\"Lajme,Vijesti,Ulqini,Ulqin,Crna Gora,Mali i Zi\",\"potentialAction\":[{\"@type\":\"SearchAction\",\"target\":{\"@type\":\"EntryPoint\",\"urlTemplate\":\"https:\/\/www.visit-ulcinj.com\/blog\/?s={search_term_string}\"},\"query-input\":\"required name=search_term_string\"}],\"inLanguage\":\"en-US\"},{\"@type\":\"ImageObject\",\"inLanguage\":\"en-US\",\"@id\":\"https:\/\/www.visit-ulcinj.com\/blog\/2016\/11\/20\/mark-gjonaj-dhe-kontributi-veprimtari-atdhetare\/#primaryimage\",\"url\":\"https:\/\/www.visit-ulcinj.com\/blog\/wp-content\/uploads\/2016\/11\/Mark-Gjonaj-Samiti-i-Diaspores-Tirane.jpg\",\"contentUrl\":\"https:\/\/www.visit-ulcinj.com\/blog\/wp-content\/uploads\/2016\/11\/Mark-Gjonaj-Samiti-i-Diaspores-Tirane.jpg\",\"width\":960,\"height\":860},{\"@type\":\"WebPage\",\"@id\":\"https:\/\/www.visit-ulcinj.com\/blog\/2016\/11\/20\/mark-gjonaj-dhe-kontributi-veprimtari-atdhetare\/#webpage\",\"url\":\"https:\/\/www.visit-ulcinj.com\/blog\/2016\/11\/20\/mark-gjonaj-dhe-kontributi-veprimtari-atdhetare\/\",\"name\":\"Mark Gjonaj dhe kontributi me veprimtari atdhetare - Lajme nga Ulqini\",\"isPartOf\":{\"@id\":\"https:\/\/www.visit-ulcinj.com\/blog\/#website\"},\"primaryImageOfPage\":{\"@id\":\"https:\/\/www.visit-ulcinj.com\/blog\/2016\/11\/20\/mark-gjonaj-dhe-kontributi-veprimtari-atdhetare\/#primaryimage\"},\"datePublished\":\"2016-11-20T16:39:33+00:00\",\"dateModified\":\"2016-11-21T18:35:15+00:00\",\"author\":{\"@id\":\"https:\/\/www.visit-ulcinj.com\/blog\/#\/schema\/person\/dcab619c614d3038751c63bc2aadc06d\"},\"description\":\"Samiti i Diaspor\u00ebs ka mbledhur n\u00eb Tiran\u00eb, rreth 1000 an\u00ebtar\u00eb\u00a0t\u00eb diaspor\u00ebs shqiptare nga 40 vende t\u00eb bot\u00ebs. N\u00ebn sloganin \u201cT\u00eb pandar\u00eb p\u00ebr Shqip\u00ebrin\u00eb\u201d, dit\u00ebn\",\"breadcrumb\":{\"@id\":\"https:\/\/www.visit-ulcinj.com\/blog\/2016\/11\/20\/mark-gjonaj-dhe-kontributi-veprimtari-atdhetare\/#breadcrumb\"},\"inLanguage\":\"en-US\",\"potentialAction\":[{\"@type\":\"ReadAction\",\"target\":[\"https:\/\/www.visit-ulcinj.com\/blog\/2016\/11\/20\/mark-gjonaj-dhe-kontributi-veprimtari-atdhetare\/\"]}]},{\"@type\":\"BreadcrumbList\",\"@id\":\"https:\/\/www.visit-ulcinj.com\/blog\/2016\/11\/20\/mark-gjonaj-dhe-kontributi-veprimtari-atdhetare\/#breadcrumb\",\"itemListElement\":[{\"@type\":\"ListItem\",\"position\":1,\"name\":\"Mark Gjonaj dhe kontributi me veprimtari atdhetare\"}]},{\"@type\":\"Person\",\"@id\":\"https:\/\/www.visit-ulcinj.com\/blog\/#\/schema\/person\/dcab619c614d3038751c63bc2aadc06d\",\"name\":\"ulqini\",\"sameAs\":[\"http:\/\/www.visit-ulcinj.com\"],\"url\":\"https:\/\/www.visit-ulcinj.com\/blog\/author\/admin\/\"}]}<\/script>\n<!-- \/ Yoast SEO plugin. -->","yoast_head_json":{"title":"Mark Gjonaj dhe kontributi me veprimtari atdhetare - Lajme nga Ulqini","description":"Samiti i Diaspor\u00ebs ka mbledhur n\u00eb Tiran\u00eb, rreth 1000 an\u00ebtar\u00eb\u00a0t\u00eb diaspor\u00ebs shqiptare nga 40 vende t\u00eb bot\u00ebs. N\u00ebn sloganin \u201cT\u00eb pandar\u00eb p\u00ebr Shqip\u00ebrin\u00eb\u201d, dit\u00ebn","robots":{"index":"index","follow":"follow","max-snippet":"max-snippet:-1","max-image-preview":"max-image-preview:large","max-video-preview":"max-video-preview:-1"},"canonical":"https:\/\/www.visit-ulcinj.com\/blog\/2016\/11\/20\/mark-gjonaj-dhe-kontributi-veprimtari-atdhetare\/","og_locale":"en_US","og_type":"article","og_title":"Mark Gjonaj dhe kontributi me veprimtari atdhetare - Lajme nga Ulqini","og_description":"Samiti i Diaspor\u00ebs ka mbledhur n\u00eb Tiran\u00eb, rreth 1000 an\u00ebtar\u00eb\u00a0t\u00eb diaspor\u00ebs shqiptare nga 40 vende t\u00eb bot\u00ebs. N\u00ebn sloganin \u201cT\u00eb pandar\u00eb p\u00ebr Shqip\u00ebrin\u00eb\u201d, dit\u00ebn","og_url":"https:\/\/www.visit-ulcinj.com\/blog\/2016\/11\/20\/mark-gjonaj-dhe-kontributi-veprimtari-atdhetare\/","og_site_name":"Lajme nga Ulqini","article_published_time":"2016-11-20T16:39:33+00:00","article_modified_time":"2016-11-21T18:35:15+00:00","og_image":[{"url":"http:\/\/www.visit-ulcinj.com\/blog\/wp-content\/uploads\/2016\/11\/Mark-Gjonaj-Samiti-i-Diaspores-Tirane.jpg"}],"twitter_misc":{"Written by":"ulqini","Est. reading time":"4 minutes"},"schema":{"@context":"https:\/\/schema.org","@graph":[{"@type":"WebSite","@id":"https:\/\/www.visit-ulcinj.com\/blog\/#website","url":"https:\/\/www.visit-ulcinj.com\/blog\/","name":"Lajme nga Ulqini","description":"Lajme,Vijesti,Ulqini,Ulqin,Crna Gora,Mali i Zi","potentialAction":[{"@type":"SearchAction","target":{"@type":"EntryPoint","urlTemplate":"https:\/\/www.visit-ulcinj.com\/blog\/?s={search_term_string}"},"query-input":"required name=search_term_string"}],"inLanguage":"en-US"},{"@type":"ImageObject","inLanguage":"en-US","@id":"https:\/\/www.visit-ulcinj.com\/blog\/2016\/11\/20\/mark-gjonaj-dhe-kontributi-veprimtari-atdhetare\/#primaryimage","url":"https:\/\/www.visit-ulcinj.com\/blog\/wp-content\/uploads\/2016\/11\/Mark-Gjonaj-Samiti-i-Diaspores-Tirane.jpg","contentUrl":"https:\/\/www.visit-ulcinj.com\/blog\/wp-content\/uploads\/2016\/11\/Mark-Gjonaj-Samiti-i-Diaspores-Tirane.jpg","width":960,"height":860},{"@type":"WebPage","@id":"https:\/\/www.visit-ulcinj.com\/blog\/2016\/11\/20\/mark-gjonaj-dhe-kontributi-veprimtari-atdhetare\/#webpage","url":"https:\/\/www.visit-ulcinj.com\/blog\/2016\/11\/20\/mark-gjonaj-dhe-kontributi-veprimtari-atdhetare\/","name":"Mark Gjonaj dhe kontributi me veprimtari atdhetare - Lajme nga Ulqini","isPartOf":{"@id":"https:\/\/www.visit-ulcinj.com\/blog\/#website"},"primaryImageOfPage":{"@id":"https:\/\/www.visit-ulcinj.com\/blog\/2016\/11\/20\/mark-gjonaj-dhe-kontributi-veprimtari-atdhetare\/#primaryimage"},"datePublished":"2016-11-20T16:39:33+00:00","dateModified":"2016-11-21T18:35:15+00:00","author":{"@id":"https:\/\/www.visit-ulcinj.com\/blog\/#\/schema\/person\/dcab619c614d3038751c63bc2aadc06d"},"description":"Samiti i Diaspor\u00ebs ka mbledhur n\u00eb Tiran\u00eb, rreth 1000 an\u00ebtar\u00eb\u00a0t\u00eb diaspor\u00ebs shqiptare nga 40 vende t\u00eb bot\u00ebs. N\u00ebn sloganin \u201cT\u00eb pandar\u00eb p\u00ebr Shqip\u00ebrin\u00eb\u201d, dit\u00ebn","breadcrumb":{"@id":"https:\/\/www.visit-ulcinj.com\/blog\/2016\/11\/20\/mark-gjonaj-dhe-kontributi-veprimtari-atdhetare\/#breadcrumb"},"inLanguage":"en-US","potentialAction":[{"@type":"ReadAction","target":["https:\/\/www.visit-ulcinj.com\/blog\/2016\/11\/20\/mark-gjonaj-dhe-kontributi-veprimtari-atdhetare\/"]}]},{"@type":"BreadcrumbList","@id":"https:\/\/www.visit-ulcinj.com\/blog\/2016\/11\/20\/mark-gjonaj-dhe-kontributi-veprimtari-atdhetare\/#breadcrumb","itemListElement":[{"@type":"ListItem","position":1,"name":"Mark Gjonaj dhe kontributi me veprimtari atdhetare"}]},{"@type":"Person","@id":"https:\/\/www.visit-ulcinj.com\/blog\/#\/schema\/person\/dcab619c614d3038751c63bc2aadc06d","name":"ulqini","sameAs":["http:\/\/www.visit-ulcinj.com"],"url":"https:\/\/www.visit-ulcinj.com\/blog\/author\/admin\/"}]}},"jetpack_featured_media_url":"","jetpack_sharing_enabled":true,"jetpack_shortlink":"https:\/\/wp.me\/pe6lTn-qiN","_links":{"self":[{"href":"https:\/\/www.visit-ulcinj.com\/blog\/wp-json\/wp\/v2\/posts\/101109"}],"collection":[{"href":"https:\/\/www.visit-ulcinj.com\/blog\/wp-json\/wp\/v2\/posts"}],"about":[{"href":"https:\/\/www.visit-ulcinj.com\/blog\/wp-json\/wp\/v2\/types\/post"}],"author":[{"embeddable":true,"href":"https:\/\/www.visit-ulcinj.com\/blog\/wp-json\/wp\/v2\/users\/1"}],"replies":[{"embeddable":true,"href":"https:\/\/www.visit-ulcinj.com\/blog\/wp-json\/wp\/v2\/comments?post=101109"}],"version-history":[{"count":1,"href":"https:\/\/www.visit-ulcinj.com\/blog\/wp-json\/wp\/v2\/posts\/101109\/revisions"}],"predecessor-version":[{"id":101114,"href":"https:\/\/www.visit-ulcinj.com\/blog\/wp-json\/wp\/v2\/posts\/101109\/revisions\/101114"}],"wp:attachment":[{"href":"https:\/\/www.visit-ulcinj.com\/blog\/wp-json\/wp\/v2\/media?parent=101109"}],"wp:term":[{"taxonomy":"category","embeddable":true,"href":"https:\/\/www.visit-ulcinj.com\/blog\/wp-json\/wp\/v2\/categories?post=101109"},{"taxonomy":"post_tag","embeddable":true,"href":"https:\/\/www.visit-ulcinj.com\/blog\/wp-json\/wp\/v2\/tags?post=101109"}],"curies":[{"name":"wp","href":"https:\/\/api.w.org\/{rel}","templated":true}]}}