{"id":101115,"date":"2016-11-20T17:56:50","date_gmt":"2016-11-20T16:56:50","guid":{"rendered":"http:\/\/www.visit-ulcinj.com\/blog\/?p=101115"},"modified":"2016-11-20T17:56:50","modified_gmt":"2016-11-20T16:56:50","slug":"lulzim-basha-mesazh-per-bashkeatdhetaret-ne-samitin-e-diaspores","status":"publish","type":"post","link":"https:\/\/www.visit-ulcinj.com\/blog\/2016\/11\/20\/lulzim-basha-mesazh-per-bashkeatdhetaret-ne-samitin-e-diaspores\/","title":{"rendered":"Lulzim Basha: Mesazh p\u00ebr bashk\u00ebatdhetar\u00ebt n\u00eb Samitin e Diaspor\u00ebs"},"content":{"rendered":"<div class=\"_39k5 _5s6c\">\n<div>\n<div class=\"_2cuy _3dgx _2vxa\"><strong><a href=\"http:\/\/www.visit-ulcinj.com\/blog\/wp-content\/uploads\/2016\/11\/Kabil-Kurti-Lulzim-Basha-Hatixhe-Gjoni-Samiti-Diaspores-Tirane.jpg\"><img loading=\"lazy\" class=\"alignleft wp-image-101116\" src=\"http:\/\/www.visit-ulcinj.com\/blog\/wp-content\/uploads\/2016\/11\/Kabil-Kurti-Lulzim-Basha-Hatixhe-Gjoni-Samiti-Diaspores-Tirane.jpg\" alt=\"Kabil-Kurti-Lulzim-Basha-Hatixhe-Gjoni-Samiti-Diaspores-Tirane\" width=\"508\" height=\"381\" srcset=\"https:\/\/www.visit-ulcinj.com\/blog\/wp-content\/uploads\/2016\/11\/Kabil-Kurti-Lulzim-Basha-Hatixhe-Gjoni-Samiti-Diaspores-Tirane.jpg 960w, https:\/\/www.visit-ulcinj.com\/blog\/wp-content\/uploads\/2016\/11\/Kabil-Kurti-Lulzim-Basha-Hatixhe-Gjoni-Samiti-Diaspores-Tirane-300x225.jpg 300w, https:\/\/www.visit-ulcinj.com\/blog\/wp-content\/uploads\/2016\/11\/Kabil-Kurti-Lulzim-Basha-Hatixhe-Gjoni-Samiti-Diaspores-Tirane-768x576.jpg 768w\" sizes=\"(max-width: 508px) 100vw, 508px\" \/><\/a>Nga <span class=\"fwn fcg\"><span class=\"fwb fcg\" data-ft=\"{&quot;tn&quot;:&quot;k&quot;}\"><a href=\"https:\/\/www.facebook.com\/lulzimbasha.al\/?hc_ref=PAGES_TIMELINE&amp;fref=nf\" data-hovercard=\"\/ajax\/hovercard\/page.php?id=166424440075412&amp;extragetparams=%7B%22hc_ref%22%3A%22PAGES_TIMELINE%22%2C%22fref%22%3A%22nf%22%7D\">Lulzim Basha Facebook<\/a><\/span><\/span><\/strong><\/div>\n<div class=\"_2cuy _3dgx _2vxa\"><\/div>\n<div class=\"_2cuy _3dgx _2vxa\"><strong>T\u00eb dashur bashkatdhetar\u00eb,<\/strong><\/div>\n<div class=\"_2cuy _3dgx _2vxa\"><\/div>\n<div class=\"_2cuy _3dgx _2vxa\">D\u00ebshiroj t\u2019ju uroj mir\u00ebseardhjen n\u00eb atdhe dhe t\u2019ju p\u00ebrsh\u00ebndes p\u00ebrz\u00ebm\u00ebrsisht. K\u00ebto dit\u00eb q\u00eb ju jeni k\u00ebtu, Shqip\u00ebria \u00ebsht\u00eb m\u00eb e plot\u00eb, m\u00eb e gjall\u00eb dhe m\u00eb e v\u00ebrtet\u00eb.<\/div>\n<div class=\"_2cuy _3dgx _2vxa\">Do t\u00eb kisha dashur shum\u00eb t\u00eb kisha ndar\u00eb mendimet nga af\u00ebr me ju n\u00eb tryez\u00ebn e diskutimeve dhe t\u00eb rrahjes s\u00eb ideve, por e vetmja mund\u00ebsi q\u00eb organizator\u00ebt e samitit m\u00eb dhan\u00eb \u00ebsht\u00eb t\u2019ju p\u00ebrsh\u00ebndesja n\u00eb mbr\u00ebmjen gala q\u00eb qeveria ka planifikuar p\u00ebr nderin tuaj. Duke qen\u00eb se e kam t\u00eb pamundur t\u00eb marr\u00eb pjes\u00eb n\u00eb k\u00ebt\u00eb mbr\u00ebmje gala, po ndaj me ju publikisht, me p\u00ebrunj\u00ebsi disa mendime t\u00eb miat.<\/div>\n<div class=\"_2cuy _3dgx _2vxa\">Braktisja e Shqip\u00ebris\u00eb \u00ebsht\u00eb k\u00ebrc\u00ebnimi kryesor ndaj t\u00eb ardhmes s\u00eb vendit dhe t\u00eb vet\u00eb kombit ton\u00eb. Pak dit\u00eb para se ju t\u00eb vini n\u00eb Tiran\u00eb, mbi 100 mij\u00eb shqiptar\u00eb kan\u00eb aplikuar p\u00ebr t\u00eb disat\u00ebn her\u00eb p\u00ebr t\u00eb emigruar n\u00eb SHBA, nd\u00ebrkoh\u00eb q\u00eb dhjetra mijra t\u00eb tjer\u00eb p\u00ebrpiqen \u00e7do vit t\u00eb emigrojn\u00eb n\u00eb Europ\u00eb, Kanada dhe kudo tjet\u00ebr n\u00eb bot\u00eb. N\u00eb 5-10 vitet e ardhshme, numri i shqiptar\u00ebve t\u00eb lindur n\u00eb Shqip\u00ebri t\u00eb cil\u00ebt jan\u00eb vendosur p\u00ebrgjithmon\u00eb n\u00eb vende t\u00eb tjera do jet\u00eb m\u00eb i madh se ai i atyre q\u00eb jetojn\u00eb n\u00eb Shqip\u00ebri.<\/div>\n<div class=\"_2cuy _3dgx _2vxa\">Kjo dram\u00eb komb\u00ebtare \u00ebsht\u00eb akoma m\u00eb e r\u00ebnd\u00eb p\u00ebr shkak se nga Shqip\u00ebria jan\u00eb larguar dhe po largohen m\u00eb t\u00eb diturit dhe m\u00eb t\u00eb zot\u00ebt. \u00c7do vit, mij\u00ebra mjek\u00eb, inxhinjer\u00eb, artist\u00eb, sportist\u00eb, pedagog\u00eb, profesionist\u00eb dhe sip\u00ebrmarr\u00ebs t\u00eb arrir\u00eb braktisin vendin e tyre. Akoma edhe m\u00eb i d\u00ebmsh\u00ebm \u00ebsht\u00eb largimi i rinis\u00eb: kryesisht p\u00ebr k\u00ebt\u00eb shkak, mosha mesatare e popullsis\u00eb \u00ebsht\u00eb rritur nga 26 vje\u00e7 n\u00eb vitin 1991 n\u00eb rreth 38 vje\u00e7 sot.<\/div>\n<div class=\"_2cuy _3dgx _2vxa\">Shqiptar\u00ebt kan\u00eb ikur, po ikin dhe duan t\u00eb ikin masivisht p\u00ebr arsyen m\u00eb t\u00eb r\u00ebnd\u00ebsishme njer\u00ebzore: atdheu i tyre nuk ju ofron mund\u00ebsi p\u00ebr nj\u00eb jet\u00eb t\u00eb mir\u00eb dhe t\u00eb denj\u00eb. Ju e dini m\u00eb mir\u00eb se un\u00eb sa e madhe \u00ebsht\u00eb dhimbja e ikjes, q\u00eb t\u00eb ther n\u00eb zem\u00ebr dhe n\u00eb gjith\u00eb qenien, por ju jeni d\u00ebshmia e v\u00ebrtet\u00eb sa i madh \u00ebsht\u00eb d\u00ebshp\u00ebrimi kur kupton se atdheu nuk t\u00eb jep asnj\u00eb shpres\u00eb p\u00ebr t\u00eb p\u00ebrmbushur q\u00ebllimet dhe \u00ebndrrat e jet\u00ebs me pun\u00ebn, talentin, zot\u00ebsin\u00eb dhe ndershm\u00ebrin\u00eb t\u00ebnde.<\/div>\n<div class=\"_2cuy _3dgx _2vxa\"><a href=\"http:\/\/www.visit-ulcinj.com\/blog\/wp-content\/uploads\/2016\/11\/Kabil-Kurti-Lulzim-Basha-Samiti-Diaspores-Tirane.jpg\"><img loading=\"lazy\" class=\"alignleft wp-image-101117\" src=\"http:\/\/www.visit-ulcinj.com\/blog\/wp-content\/uploads\/2016\/11\/Kabil-Kurti-Lulzim-Basha-Samiti-Diaspores-Tirane.jpg\" alt=\"Kabil-Kurti-Lulzim-Basha-Samiti-Diaspores-Tirane\" width=\"508\" height=\"677\" srcset=\"https:\/\/www.visit-ulcinj.com\/blog\/wp-content\/uploads\/2016\/11\/Kabil-Kurti-Lulzim-Basha-Samiti-Diaspores-Tirane.jpg 720w, https:\/\/www.visit-ulcinj.com\/blog\/wp-content\/uploads\/2016\/11\/Kabil-Kurti-Lulzim-Basha-Samiti-Diaspores-Tirane-225x300.jpg 225w\" sizes=\"(max-width: 508px) 100vw, 508px\" \/><\/a><\/div>\n<div class=\"_2cuy _3dgx _2vxa\">Ne e hodh\u00ebm pas ngrehin\u00ebn komuniste t\u00eb shoq\u00ebris\u00eb m\u00eb shum\u00eb se nj\u00eb \u00e7erek shekulli m\u00eb par\u00eb, por nuk kemi mundur ende t\u00eb nd\u00ebrtojm\u00eb nj\u00eb sistem politik demokratik, nj\u00eb ekonomi t\u00eb lir\u00eb tregu dhe nj\u00eb shoq\u00ebri t\u00eb denj\u00eb p\u00ebr njer\u00ebzit e saj.<\/div>\n<div class=\"_2cuy _3dgx _2vxa\">Nj\u00eb pjes\u00eb e k\u00ebtij d\u00ebshtimi \u00ebsht\u00eb i vet\u00ebkuptuesh\u00ebm: gjendja nga u nis\u00ebm dhe burimet q\u00eb ne kishim nuk mund\u00ebsuan dot transformimin e shpejt\u00eb. Por prap\u00eb, pengesa kryesore p\u00ebr mosp\u00ebrmbushjen e \u00ebndrrave t\u00eb shqiptar\u00ebve \u00ebsht\u00eb politika, e cila m\u00eb shum\u00eb se interesit t\u00eb p\u00ebrbashk\u00ebt dhe atij komb\u00ebtar i ka sh\u00ebrbyer pasurimit dhe pushtetit t\u00eb nj\u00eb pakice, e cila sot sundon e patrazuar n\u00eb politik\u00eb, ekonomi dhe shoq\u00ebri.<\/div>\n<div class=\"_2cuy _3dgx _2vxa\">Shqip\u00ebria nuk mund t\u00eb ndryshoj\u00eb n\u00ebse ne nuk do t\u00eb ndryshojm\u00eb politik\u00ebn e saj, p\u00ebr ta v\u00ebn\u00eb at\u00eb n\u00eb sh\u00ebrbim t\u00eb qytetar\u00ebve p\u00ebrmes p\u00ebrfshirjes dhe jo p\u00ebrjashtimit, p\u00ebrmes konkurenc\u00ebs e pluralizmit dhe jo autokracis\u00eb, p\u00ebrmes sundimit t\u00eb ligjit dhe jo sundimit t\u00eb drejtuesve, p\u00ebrmes merit\u00ebs dhe jo klientelizmit, p\u00ebrmes transparenc\u00ebs dhe jo fsheht\u00ebsis\u00eb. P\u00ebr ta arritur k\u00ebt\u00eb gj\u00eb, Shqip\u00ebria ka nevoj\u00eb p\u00ebr ju. Ndryshimi dhe p\u00ebrparimi i Shqip\u00ebris\u00eb nuk mund t\u00eb arrihet pa ju.<\/div>\n<div class=\"_2cuy _3dgx _2vxa\">Pa asnj\u00eb dyshim, \u00e7do lloj kontribut i juaji p\u00ebr atdheun ton\u00eb \u00ebsht\u00eb i vyer dhe i r\u00ebnd\u00ebsish\u00ebm. Investimet e diaspor\u00ebs n\u00eb \u00e7do fush\u00eb t\u00eb ekonomis\u00eb jan\u00eb t\u00eb mir\u00ebpritura si uj\u00ebt e pak\u00ebt. Burimet dhe mund\u00ebsit\u00eb e Shqip\u00ebris\u00eb jan\u00eb t\u00eb m\u00ebdha. Partia Demokratike ka gati nj\u00eb projekt t\u00eb ri t\u00eb stimulimit t\u00eb investimeve private p\u00ebrmes uljes s\u00eb taksave dhe \u00e7lirimit t\u00eb sip\u00ebrmarrjes nga monopolet klienteliste dhe nj\u00eb mori pengesash q\u00eb ndrydhin lirin\u00eb e saj. Un\u00eb do t\u00eb jem shum\u00eb i vemendsh\u00ebm ndaj propozimeve tuaja p\u00ebr t\u2019i p\u00ebrfshir\u00eb e zbatuar n\u00eb programin ton\u00eb t\u00eb zhvillimit.<\/div>\n<div class=\"_2cuy _3dgx _2vxa\">Por mbi t\u00eb gjitha k\u00ebto, kontributi juaj p\u00ebr kultur\u00ebn demokratike n\u00eb vend ka nj\u00eb r\u00ebnd\u00ebsi t\u00eb dor\u00ebs s\u00eb par\u00eb. Partit\u00eb, institucionet, shoq\u00ebria civile, t\u00eb gjith\u00eb ne do t\u00eb donim nga ju t\u00eb ndani me ne vlerat e liris\u00eb, demokracis\u00eb dhe dinjitetit njer\u00ebzor e shoq\u00ebror q\u00eb ju k\u00ebrkuat dhe gjet\u00ebt n\u00eb vendet ku ju jeni, vende q\u00eb jan\u00eb b\u00ebr\u00eb atdhe i dyt\u00eb p\u00ebr ju.<\/div>\n<div class=\"_2cuy _3dgx _2vxa\">Ju mund ta k\u00ebshilloni politik\u00ebn, ju mund t\u00eb ushtroni trysni mbi t\u00eb, ju mund t\u00eb merrni pjes\u00eb n\u00eb debatin publik t\u00eb vendit, ju mund t\u00eb nxisni familjar\u00ebt dhe t\u00eb af\u00ebrmit tuaj t\u00eb punojn\u00eb p\u00ebr k\u00ebto vlera. Ju mund dhe duhet t\u00eb b\u00ebheni nd\u00ebrgjegjia e Shqip\u00ebris\u00eb, nd\u00ebrgjegjia q\u00eb th\u00ebrret p\u00ebr liri, p\u00ebrparim dhe dinjitet.<\/div>\n<div class=\"_2cuy _3dgx _2vxa\">N\u00eb vart\u00ebsi t\u00eb zgjedhjes, \u00e7do shqiptar i diaspor\u00ebs duhet t\u00eb ket\u00eb mund\u00ebsin\u00eb t\u00eb marr\u00eb p\u00ebrgjegj\u00ebsi t\u00eb drejt\u00ebp\u00ebrdrejt\u00eb p\u00ebr zhvillimin e vendit k\u00ebtu n\u00eb Shqip\u00ebri. P\u00ebrpara atdheut t\u00eb p\u00ebrbashk\u00ebt shqiptar\u00ebt jan\u00eb e duhet t\u00eb jen\u00eb t\u00eb barabart\u00eb kudo ku jetojn\u00eb.<\/div>\n<div class=\"_2cuy _3dgx _2vxa\">E drejta e vot\u00ebs p\u00ebr emigrant\u00ebt, leht\u00ebsimi i marrjes s\u00eb shtet\u00ebsis\u00eb s\u00eb dyfisht\u00eb, p\u00ebrfaq\u00ebsimi juaj i v\u00ebrtet\u00eb n\u00eb vendimmarrjet e r\u00ebnd\u00ebsishme politike, nxitja dhe mbrojtja e investimeve t\u00eb diaspor\u00ebs, mb\u00ebshtetja shtet\u00ebrore p\u00ebr arsimin, kultur\u00ebn, artin dhe sportin n\u00eb komunitetet e diaspor\u00ebs, jan\u00eb disa nga prioritetet kryesore t\u00eb projektit tim dhe t\u00eb Partis\u00eb Demokratike p\u00ebr Diaspor\u00ebn.<\/div>\n<div class=\"_2cuy _3dgx _2vxa\">Dua gjithashtu t\u00eb pohoj se megjith\u00eb ndryshimet epokale q\u00eb ndodhen pas r\u00ebnies s\u00eb regjimit shtyp\u00ebs n\u00eb vitin 1990, un\u00eb njoh detyrimet e pap\u00ebrmbushura q\u00eb vendi i ka borxh diaspor\u00ebs n\u00eb t\u00ebr\u00ebsi dhe sidomos asaj antikomuniste t\u00eb cil\u00ebs iu imponua me dhun\u00eb ndarja me atdheun. P\u00ebrmbushja e k\u00ebtyre detyrimeve \u00ebsht\u00eb nj\u00eb obligim moral dhe politik p\u00ebr mua dhe Partin\u00eb Demokratike.<\/div>\n<div class=\"_2cuy _3dgx _2vxa\">T\u00eb par\u00ebt tan\u00eb na lan\u00eb nj\u00eb urt\u00ebsi t\u00eb mrekullueshme, kuptimplot\u00eb: Bashk\u00eb jemi m\u00eb shum\u00eb. Le t\u00eb mbetemi t\u00eb bashkuar rreth vlerave demokratike dhe atdhetare.<\/div>\n<div class=\"_2cuy _3dgx _2vxa\">Un\u00eb dua t\u2019ju shpreh p\u00ebrkushtimin dhe vendosm\u00ebrin\u00eb time personale p\u00ebr t\u00eb luftuar p\u00ebr k\u00ebto vlera dhe p\u00ebr t\u00eb punuar me kurajo p\u00ebr nj\u00eb Shqip\u00ebri t\u00eb mir\u00eb, t\u00eb p\u00ebrparuar dhe t\u00eb denj\u00eb p\u00ebr t\u00eb gjith\u00eb bijt\u00eb dhe bijat e saj, kudo q\u00eb jan\u00eb n\u00eb bot\u00eb.<\/div>\n<div class=\"_2cuy _3dgx _2vxa\">Ju uroj gjith\u00e7ka t\u00eb mir\u00eb p\u00ebr ju dhe familjet tuaja.<\/div>\n<div class=\"_2cuy _3dgx _2vxa\">Zoti e bekoft\u00eb Shqip\u00ebrin\u00eb dhe shqiptar\u00ebt.<\/div>\n<div class=\"_2cuy _3dgx _2vxa\"><\/div>\n<div class=\"_2cuy _3dgx _2vxa\">\n<p id=\"js_djk\" class=\"_5pbw _5vra _11dd\" data-ft=\"{&quot;tn&quot;:&quot;C&quot;}\"><strong><span class=\"fwn fcg\"><span class=\"fwb fcg\" data-ft=\"{&quot;tn&quot;:&quot;k&quot;}\"><a href=\"https:\/\/www.facebook.com\/lulzimbasha.al\/?hc_ref=PAGES_TIMELINE&amp;fref=nf\" data-hovercard=\"\/ajax\/hovercard\/page.php?id=166424440075412&amp;extragetparams=%7B%22hc_ref%22%3A%22PAGES_TIMELINE%22%2C%22fref%22%3A%22nf%22%7D\">Lulzim Basha Facebook<\/a><\/span><\/span><\/strong><\/p>\n<\/div>\n<\/div>\n<\/div>\n","protected":false},"excerpt":{"rendered":"<p>Nga Lulzim Basha Facebook T\u00eb dashur bashkatdhetar\u00eb, D\u00ebshiroj t\u2019ju uroj mir\u00ebseardhjen n\u00eb atdhe dhe t\u2019ju p\u00ebrsh\u00ebndes p\u00ebrz\u00ebm\u00ebrsisht. K\u00ebto dit\u00eb q\u00eb ju jeni k\u00ebtu, Shqip\u00ebria \u00ebsht\u00eb m\u00eb e plot\u00eb, m\u00eb e gjall\u00eb dhe m\u00eb e v\u00ebrtet\u00eb. Do t\u00eb kisha dashur shum\u00eb t\u00eb kisha ndar\u00eb mendimet nga af\u00ebr me ju n\u00eb tryez\u00ebn e diskutimeve dhe t\u00eb rrahjes [&hellip;]<\/p>\n","protected":false},"author":1,"featured_media":0,"comment_status":"closed","ping_status":"closed","sticky":false,"template":"","format":"standard","meta":{"spay_email":"","jetpack_publicize_message":"","jetpack_is_tweetstorm":false,"jetpack_publicize_feature_enabled":true},"categories":[14249],"tags":[],"jetpack_publicize_connections":[],"yoast_head":"<!-- This site is optimized with the Yoast SEO plugin v19.1 - https:\/\/yoast.com\/wordpress\/plugins\/seo\/ -->\n<title>Lulzim Basha: Mesazh p\u00ebr bashk\u00ebatdhetar\u00ebt n\u00eb Samitin e Diaspor\u00ebs - Lajme nga Ulqini<\/title>\n<meta name=\"description\" content=\"Nga Lulzim Basha Facebook T\u00eb dashur bashkatdhetar\u00eb, D\u00ebshiroj t\u2019ju uroj mir\u00ebseardhjen n\u00eb atdhe dhe t\u2019ju p\u00ebrsh\u00ebndes p\u00ebrz\u00ebm\u00ebrsisht. K\u00ebto dit\u00eb q\u00eb ju jeni\" \/>\n<meta name=\"robots\" content=\"index, follow, max-snippet:-1, max-image-preview:large, max-video-preview:-1\" \/>\n<link rel=\"canonical\" href=\"https:\/\/www.visit-ulcinj.com\/blog\/2016\/11\/20\/lulzim-basha-mesazh-per-bashkeatdhetaret-ne-samitin-e-diaspores\/\" \/>\n<meta property=\"og:locale\" content=\"en_US\" \/>\n<meta property=\"og:type\" content=\"article\" \/>\n<meta property=\"og:title\" content=\"Lulzim Basha: Mesazh p\u00ebr bashk\u00ebatdhetar\u00ebt n\u00eb Samitin e Diaspor\u00ebs - Lajme nga Ulqini\" \/>\n<meta property=\"og:description\" content=\"Nga Lulzim Basha Facebook T\u00eb dashur bashkatdhetar\u00eb, D\u00ebshiroj t\u2019ju uroj mir\u00ebseardhjen n\u00eb atdhe dhe t\u2019ju p\u00ebrsh\u00ebndes p\u00ebrz\u00ebm\u00ebrsisht. K\u00ebto dit\u00eb q\u00eb ju jeni\" \/>\n<meta property=\"og:url\" content=\"https:\/\/www.visit-ulcinj.com\/blog\/2016\/11\/20\/lulzim-basha-mesazh-per-bashkeatdhetaret-ne-samitin-e-diaspores\/\" \/>\n<meta property=\"og:site_name\" content=\"Lajme nga Ulqini\" \/>\n<meta property=\"article:published_time\" content=\"2016-11-20T16:56:50+00:00\" \/>\n<meta property=\"og:image\" content=\"http:\/\/www.visit-ulcinj.com\/blog\/wp-content\/uploads\/2016\/11\/Kabil-Kurti-Lulzim-Basha-Hatixhe-Gjoni-Samiti-Diaspores-Tirane.jpg\" \/>\n<meta name=\"twitter:label1\" content=\"Written by\" \/>\n\t<meta name=\"twitter:data1\" content=\"ulqini\" \/>\n\t<meta name=\"twitter:label2\" content=\"Est. reading time\" \/>\n\t<meta name=\"twitter:data2\" content=\"6 minutes\" \/>\n<script type=\"application\/ld+json\" class=\"yoast-schema-graph\">{\"@context\":\"https:\/\/schema.org\",\"@graph\":[{\"@type\":\"WebSite\",\"@id\":\"https:\/\/www.visit-ulcinj.com\/blog\/#website\",\"url\":\"https:\/\/www.visit-ulcinj.com\/blog\/\",\"name\":\"Lajme nga Ulqini\",\"description\":\"Lajme,Vijesti,Ulqini,Ulqin,Crna Gora,Mali i Zi\",\"potentialAction\":[{\"@type\":\"SearchAction\",\"target\":{\"@type\":\"EntryPoint\",\"urlTemplate\":\"https:\/\/www.visit-ulcinj.com\/blog\/?s={search_term_string}\"},\"query-input\":\"required name=search_term_string\"}],\"inLanguage\":\"en-US\"},{\"@type\":\"ImageObject\",\"inLanguage\":\"en-US\",\"@id\":\"https:\/\/www.visit-ulcinj.com\/blog\/2016\/11\/20\/lulzim-basha-mesazh-per-bashkeatdhetaret-ne-samitin-e-diaspores\/#primaryimage\",\"url\":\"https:\/\/www.visit-ulcinj.com\/blog\/wp-content\/uploads\/2016\/11\/Kabil-Kurti-Lulzim-Basha-Hatixhe-Gjoni-Samiti-Diaspores-Tirane.jpg\",\"contentUrl\":\"https:\/\/www.visit-ulcinj.com\/blog\/wp-content\/uploads\/2016\/11\/Kabil-Kurti-Lulzim-Basha-Hatixhe-Gjoni-Samiti-Diaspores-Tirane.jpg\",\"width\":960,\"height\":720},{\"@type\":\"WebPage\",\"@id\":\"https:\/\/www.visit-ulcinj.com\/blog\/2016\/11\/20\/lulzim-basha-mesazh-per-bashkeatdhetaret-ne-samitin-e-diaspores\/#webpage\",\"url\":\"https:\/\/www.visit-ulcinj.com\/blog\/2016\/11\/20\/lulzim-basha-mesazh-per-bashkeatdhetaret-ne-samitin-e-diaspores\/\",\"name\":\"Lulzim Basha: Mesazh p\u00ebr bashk\u00ebatdhetar\u00ebt n\u00eb Samitin e Diaspor\u00ebs - Lajme nga Ulqini\",\"isPartOf\":{\"@id\":\"https:\/\/www.visit-ulcinj.com\/blog\/#website\"},\"primaryImageOfPage\":{\"@id\":\"https:\/\/www.visit-ulcinj.com\/blog\/2016\/11\/20\/lulzim-basha-mesazh-per-bashkeatdhetaret-ne-samitin-e-diaspores\/#primaryimage\"},\"datePublished\":\"2016-11-20T16:56:50+00:00\",\"dateModified\":\"2016-11-20T16:56:50+00:00\",\"author\":{\"@id\":\"https:\/\/www.visit-ulcinj.com\/blog\/#\/schema\/person\/dcab619c614d3038751c63bc2aadc06d\"},\"description\":\"Nga Lulzim Basha Facebook T\u00eb dashur bashkatdhetar\u00eb, D\u00ebshiroj t\u2019ju uroj mir\u00ebseardhjen n\u00eb atdhe dhe t\u2019ju p\u00ebrsh\u00ebndes p\u00ebrz\u00ebm\u00ebrsisht. K\u00ebto dit\u00eb q\u00eb ju jeni\",\"breadcrumb\":{\"@id\":\"https:\/\/www.visit-ulcinj.com\/blog\/2016\/11\/20\/lulzim-basha-mesazh-per-bashkeatdhetaret-ne-samitin-e-diaspores\/#breadcrumb\"},\"inLanguage\":\"en-US\",\"potentialAction\":[{\"@type\":\"ReadAction\",\"target\":[\"https:\/\/www.visit-ulcinj.com\/blog\/2016\/11\/20\/lulzim-basha-mesazh-per-bashkeatdhetaret-ne-samitin-e-diaspores\/\"]}]},{\"@type\":\"BreadcrumbList\",\"@id\":\"https:\/\/www.visit-ulcinj.com\/blog\/2016\/11\/20\/lulzim-basha-mesazh-per-bashkeatdhetaret-ne-samitin-e-diaspores\/#breadcrumb\",\"itemListElement\":[{\"@type\":\"ListItem\",\"position\":1,\"name\":\"Lulzim Basha: Mesazh p\u00ebr bashk\u00ebatdhetar\u00ebt n\u00eb Samitin e Diaspor\u00ebs\"}]},{\"@type\":\"Person\",\"@id\":\"https:\/\/www.visit-ulcinj.com\/blog\/#\/schema\/person\/dcab619c614d3038751c63bc2aadc06d\",\"name\":\"ulqini\",\"sameAs\":[\"http:\/\/www.visit-ulcinj.com\"],\"url\":\"https:\/\/www.visit-ulcinj.com\/blog\/author\/admin\/\"}]}<\/script>\n<!-- \/ Yoast SEO plugin. -->","yoast_head_json":{"title":"Lulzim Basha: Mesazh p\u00ebr bashk\u00ebatdhetar\u00ebt n\u00eb Samitin e Diaspor\u00ebs - Lajme nga Ulqini","description":"Nga Lulzim Basha Facebook T\u00eb dashur bashkatdhetar\u00eb, D\u00ebshiroj t\u2019ju uroj mir\u00ebseardhjen n\u00eb atdhe dhe t\u2019ju p\u00ebrsh\u00ebndes p\u00ebrz\u00ebm\u00ebrsisht. K\u00ebto dit\u00eb q\u00eb ju jeni","robots":{"index":"index","follow":"follow","max-snippet":"max-snippet:-1","max-image-preview":"max-image-preview:large","max-video-preview":"max-video-preview:-1"},"canonical":"https:\/\/www.visit-ulcinj.com\/blog\/2016\/11\/20\/lulzim-basha-mesazh-per-bashkeatdhetaret-ne-samitin-e-diaspores\/","og_locale":"en_US","og_type":"article","og_title":"Lulzim Basha: Mesazh p\u00ebr bashk\u00ebatdhetar\u00ebt n\u00eb Samitin e Diaspor\u00ebs - Lajme nga Ulqini","og_description":"Nga Lulzim Basha Facebook T\u00eb dashur bashkatdhetar\u00eb, D\u00ebshiroj t\u2019ju uroj mir\u00ebseardhjen n\u00eb atdhe dhe t\u2019ju p\u00ebrsh\u00ebndes p\u00ebrz\u00ebm\u00ebrsisht. K\u00ebto dit\u00eb q\u00eb ju jeni","og_url":"https:\/\/www.visit-ulcinj.com\/blog\/2016\/11\/20\/lulzim-basha-mesazh-per-bashkeatdhetaret-ne-samitin-e-diaspores\/","og_site_name":"Lajme nga Ulqini","article_published_time":"2016-11-20T16:56:50+00:00","og_image":[{"url":"http:\/\/www.visit-ulcinj.com\/blog\/wp-content\/uploads\/2016\/11\/Kabil-Kurti-Lulzim-Basha-Hatixhe-Gjoni-Samiti-Diaspores-Tirane.jpg"}],"twitter_misc":{"Written by":"ulqini","Est. reading time":"6 minutes"},"schema":{"@context":"https:\/\/schema.org","@graph":[{"@type":"WebSite","@id":"https:\/\/www.visit-ulcinj.com\/blog\/#website","url":"https:\/\/www.visit-ulcinj.com\/blog\/","name":"Lajme nga Ulqini","description":"Lajme,Vijesti,Ulqini,Ulqin,Crna Gora,Mali i Zi","potentialAction":[{"@type":"SearchAction","target":{"@type":"EntryPoint","urlTemplate":"https:\/\/www.visit-ulcinj.com\/blog\/?s={search_term_string}"},"query-input":"required name=search_term_string"}],"inLanguage":"en-US"},{"@type":"ImageObject","inLanguage":"en-US","@id":"https:\/\/www.visit-ulcinj.com\/blog\/2016\/11\/20\/lulzim-basha-mesazh-per-bashkeatdhetaret-ne-samitin-e-diaspores\/#primaryimage","url":"https:\/\/www.visit-ulcinj.com\/blog\/wp-content\/uploads\/2016\/11\/Kabil-Kurti-Lulzim-Basha-Hatixhe-Gjoni-Samiti-Diaspores-Tirane.jpg","contentUrl":"https:\/\/www.visit-ulcinj.com\/blog\/wp-content\/uploads\/2016\/11\/Kabil-Kurti-Lulzim-Basha-Hatixhe-Gjoni-Samiti-Diaspores-Tirane.jpg","width":960,"height":720},{"@type":"WebPage","@id":"https:\/\/www.visit-ulcinj.com\/blog\/2016\/11\/20\/lulzim-basha-mesazh-per-bashkeatdhetaret-ne-samitin-e-diaspores\/#webpage","url":"https:\/\/www.visit-ulcinj.com\/blog\/2016\/11\/20\/lulzim-basha-mesazh-per-bashkeatdhetaret-ne-samitin-e-diaspores\/","name":"Lulzim Basha: Mesazh p\u00ebr bashk\u00ebatdhetar\u00ebt n\u00eb Samitin e Diaspor\u00ebs - Lajme nga Ulqini","isPartOf":{"@id":"https:\/\/www.visit-ulcinj.com\/blog\/#website"},"primaryImageOfPage":{"@id":"https:\/\/www.visit-ulcinj.com\/blog\/2016\/11\/20\/lulzim-basha-mesazh-per-bashkeatdhetaret-ne-samitin-e-diaspores\/#primaryimage"},"datePublished":"2016-11-20T16:56:50+00:00","dateModified":"2016-11-20T16:56:50+00:00","author":{"@id":"https:\/\/www.visit-ulcinj.com\/blog\/#\/schema\/person\/dcab619c614d3038751c63bc2aadc06d"},"description":"Nga Lulzim Basha Facebook T\u00eb dashur bashkatdhetar\u00eb, D\u00ebshiroj t\u2019ju uroj mir\u00ebseardhjen n\u00eb atdhe dhe t\u2019ju p\u00ebrsh\u00ebndes p\u00ebrz\u00ebm\u00ebrsisht. K\u00ebto dit\u00eb q\u00eb ju jeni","breadcrumb":{"@id":"https:\/\/www.visit-ulcinj.com\/blog\/2016\/11\/20\/lulzim-basha-mesazh-per-bashkeatdhetaret-ne-samitin-e-diaspores\/#breadcrumb"},"inLanguage":"en-US","potentialAction":[{"@type":"ReadAction","target":["https:\/\/www.visit-ulcinj.com\/blog\/2016\/11\/20\/lulzim-basha-mesazh-per-bashkeatdhetaret-ne-samitin-e-diaspores\/"]}]},{"@type":"BreadcrumbList","@id":"https:\/\/www.visit-ulcinj.com\/blog\/2016\/11\/20\/lulzim-basha-mesazh-per-bashkeatdhetaret-ne-samitin-e-diaspores\/#breadcrumb","itemListElement":[{"@type":"ListItem","position":1,"name":"Lulzim Basha: Mesazh p\u00ebr bashk\u00ebatdhetar\u00ebt n\u00eb Samitin e Diaspor\u00ebs"}]},{"@type":"Person","@id":"https:\/\/www.visit-ulcinj.com\/blog\/#\/schema\/person\/dcab619c614d3038751c63bc2aadc06d","name":"ulqini","sameAs":["http:\/\/www.visit-ulcinj.com"],"url":"https:\/\/www.visit-ulcinj.com\/blog\/author\/admin\/"}]}},"jetpack_featured_media_url":"","jetpack_sharing_enabled":true,"jetpack_shortlink":"https:\/\/wp.me\/pe6lTn-qiT","_links":{"self":[{"href":"https:\/\/www.visit-ulcinj.com\/blog\/wp-json\/wp\/v2\/posts\/101115"}],"collection":[{"href":"https:\/\/www.visit-ulcinj.com\/blog\/wp-json\/wp\/v2\/posts"}],"about":[{"href":"https:\/\/www.visit-ulcinj.com\/blog\/wp-json\/wp\/v2\/types\/post"}],"author":[{"embeddable":true,"href":"https:\/\/www.visit-ulcinj.com\/blog\/wp-json\/wp\/v2\/users\/1"}],"replies":[{"embeddable":true,"href":"https:\/\/www.visit-ulcinj.com\/blog\/wp-json\/wp\/v2\/comments?post=101115"}],"version-history":[{"count":1,"href":"https:\/\/www.visit-ulcinj.com\/blog\/wp-json\/wp\/v2\/posts\/101115\/revisions"}],"predecessor-version":[{"id":101118,"href":"https:\/\/www.visit-ulcinj.com\/blog\/wp-json\/wp\/v2\/posts\/101115\/revisions\/101118"}],"wp:attachment":[{"href":"https:\/\/www.visit-ulcinj.com\/blog\/wp-json\/wp\/v2\/media?parent=101115"}],"wp:term":[{"taxonomy":"category","embeddable":true,"href":"https:\/\/www.visit-ulcinj.com\/blog\/wp-json\/wp\/v2\/categories?post=101115"},{"taxonomy":"post_tag","embeddable":true,"href":"https:\/\/www.visit-ulcinj.com\/blog\/wp-json\/wp\/v2\/tags?post=101115"}],"curies":[{"name":"wp","href":"https:\/\/api.w.org\/{rel}","templated":true}]}}