{"id":101119,"date":"2016-11-20T18:23:22","date_gmt":"2016-11-20T17:23:22","guid":{"rendered":"http:\/\/www.visit-ulcinj.com\/blog\/?p=101119"},"modified":"2016-11-20T18:23:22","modified_gmt":"2016-11-20T17:23:23","slug":"mustafa-canka-savremeni-ulcinjski-paradoksi","status":"publish","type":"post","link":"https:\/\/www.visit-ulcinj.com\/blog\/2016\/11\/20\/mustafa-canka-savremeni-ulcinjski-paradoksi\/","title":{"rendered":"Mustafa Canka: Savremeni Ulcinjski paradoksi"},"content":{"rendered":"<p><a href=\"http:\/\/www.visit-ulcinj.com\/blog\/wp-content\/uploads\/2016\/11\/dom-kultiure-ulcinj.jpg\"><img loading=\"lazy\" class=\"alignleft wp-image-100964\" src=\"http:\/\/www.visit-ulcinj.com\/blog\/wp-content\/uploads\/2016\/11\/dom-kultiure-ulcinj.jpg\" alt=\"dom kultiure ulcinj\" width=\"508\" height=\"381\" srcset=\"https:\/\/www.visit-ulcinj.com\/blog\/wp-content\/uploads\/2016\/11\/dom-kultiure-ulcinj.jpg 960w, https:\/\/www.visit-ulcinj.com\/blog\/wp-content\/uploads\/2016\/11\/dom-kultiure-ulcinj-300x225.jpg 300w, https:\/\/www.visit-ulcinj.com\/blog\/wp-content\/uploads\/2016\/11\/dom-kultiure-ulcinj-768x576.jpg 768w\" sizes=\"(max-width: 508px) 100vw, 508px\" \/><\/a><strong>Foto Bruno<\/strong><\/p>\n<p>Staro je pravilo da sa prvim jesenjim ki\u0161ama gradovi na Primorju, pa tako i Ulcinj, ulaze u fazu sivila. Nakon turisti\u010dke sezone zamru privredne aktivnosti, sve se do maja prakti\u010dno svodi samo na puko \u017eivotarenje.<\/p>\n<p>Ali, ove godine nije tako. Na sve strane, na cijeloj teritoriji ove op\u0161tine od Ade do Kru\u010da, se ne\u0161tedimice gradi. Mnogo vi\u0161e nelegalno nego legalno. Ni\u010du ogromne ku\u0107e, novi spratovi se dodaju kao lego kockice, ne pla\u0107aju se da\u017ebine, urbanisti\u010dki haos vlada u op\u0161tini koja ionako ima preko pet hiljada objekata bez dozvole. Zadovoljno trljaju ruke \u0161pekulanti i posrednici u tim nelegalnim radnjama. Kao i izvo\u0111a\u010di radova i njihova slabo pla\u0107ena radna snaga koja uglavnom dolazi iz drugih dijelova nekada\u0161nje zajedni\u010dke nam dr\u017eave.<\/p>\n<p>Inspekcijske slu\u017ebe su u borbi protiv ove pojave zakazale. Kako i ne bi, kada u cijeloj zemlji djeluju tek tri inspektora za gra\u0111evinarstvo. A jedan od njih je zadu\u017een za op\u0161tine Ulcinj i Bar. Op\u0161tinske slu\u017ebe su tako\u0111e nemo\u0107ne.<\/p>\n<p>A sve se to de\u0161ava u gradu koji je jo\u0161 prije gotovo sedam stolje\u0107a, u svom Statutu iz 1330. godine, regulisao pitanje divlje gradnje.<\/p>\n<p>\u201eGradi se sigurno preko 200 objekata. Op\u0161tina nema novaca, a ljudi imaju. Nevjerovatno je, paradoks je da ljudi masovno investiraju u svoje ku\u0107e, apartmane, objekte, a da je lokalna uprava siroma\u0161na\u201c, ka\u017ee odbornik Gra\u0111anskog pokreta URA <strong>Dritan Abazovi\u0107<\/strong>.<\/p>\n<p>On navodi da je to o\u010dekivano ako se zna da lokalna vlast ve\u0107 decenijama ne usvaja urbanisti\u010dke planove koji ljudima omogu\u0107avaju legalnu gradnju napominju\u0107i da je na taj na\u010din otvoren prostor za korupciju, kao i za degradaciju prostora.<\/p>\n<p>Ve\u0107 sedam godina se ne donosi krovni planski dokument, Prostorno-urbanisti\u010dki plan Op\u0161tine. To je tim \u010dudnije ukoliko se zna da taj plan radi centralna vlast. To je jedini slu\u010daj u zemlji da je Vlada Crne Gore preuzela ingerencije na tom polju od jedne lokalne samouprave nastoje\u0107i da u \u010ditavom tom periodu ovoj zajednici nametne planska rje\u0161enja za najatraktivnija podru\u010dja koja je ulcinjska Skup\u0161tina nekoliko puta jednoglasno odbijala. Radi se, prije svega, o vizijama ure\u0111enja Velike pla\u017ee, Valdanosa i Solane.<\/p>\n<p>Iz tih razloga je ve\u0107 du\u017ee od godinu dana blokirano dono\u0161enje detaljnih urbanisti\u010dkih planova, pa se ljudi snalaze tako \u0161to na divlje grade, iako je to krivi\u010dno djelo. I istovremeno ne pla\u0107aju komunalije, pa se bud\u017eet op\u0161tine Ulcinj ve\u0107 godinama kre\u0107e oko \u0161est miliona eura, \u0161to zna\u010di da je 2,5 puta manji od barskog ili sedam puta manji od bud\u017eeta op\u0161tine Budva.<\/p>\n<p>Ulcinjski paradoks je tako\u0111e da nakon instaliranja nove vlasti u martu ove godine, vladaju\u0107u ve\u0107inu u Skup\u0161tini op\u0161tine \u010dini \u010dak 27 od ukupno 33 odbornika. Zato je takva vlast, odgovorna samo Podgorici, inertna i nesposobna, \u0161to se ogleda u \u010dinjenici da je, na primjer, samo dug po osnovu nepla\u0107enih komunalija prema\u0161io deset miliona eura!<\/p>\n<p>\u201c\u010cak je lokalna vlast u Ulcinju ove godine uzela kredit od 4,25 miliona eura, a sada tra\u017ei novi od 500 hiljada eura, bez ikakvog obrazlo\u017eenja i pravno valjano obavljene procedure\u201d, ka\u017ee Abazovi\u0107 i pita lokalne funkcionere: \u201c\u0160to je to kapitalno investirano u ovoj godini na teritoriji op\u0161tine Ulcinj? Ko \u0107e da ka\u017ee: potro\u0161ili smo pet miliona eura od kredita, ali, evo: imamo ovaj most, ovu saobra\u0107ajnicu, fontanu\u2026 Barem ne\u0161to. Ni\u0161ta!\u201d<\/p>\n<p>Tri su, ipak, klju\u010dna razloga \u0161to je op\u0161tinska kasa u Ulcinju hroni\u010dno prazna. Prvi je \u0161to je najkvaliteniji dio ove Op\u0161tine, od koje su ubire najve\u0107i profit, pod ingerencijom Javnog preduze\u0107a za upravljanje morskim dobrom, \u010dije je sjedi\u0161te u Budvi. Gotovo sa 13 odsto teritorije Ulcinja gazduje ovo dr\u017eavno preduze\u0107e ve\u0107 25 godina, a prihodi za ovu op\u0161tinu su izuzetno skromni. Na pojedinim mjestima, linija zahvata morskog dobra ide do dva kilometra u dubinu ulcinjske teritorije, a \u010dak su i obale rijeke Bojane \u201cmorsko dobro\u201d.<\/p>\n<p>Drugi razlog jeste katastrofalna privatizacija koja je urnisala najva\u017enija preduze\u0107a u Ulcinju koja su sagradila i hranila moderni Ulcinj, a tre\u0107i simboli\u010dna ulaganja u infrastrukturu. Tako je, na primjer, neshatljivo da se ve\u0107 tri godine zbog navodnih proceduralnih problema odla\u017ee izgradnja 13,5 kilometara puta od Ulcinja prema Vladimirskim Krutama, odnosno prema grani\u010dnom prijelazu Sukobin, koji je najfrekventniji u dr\u017eavi. Tim gotovo makadamskim putem putem u Ulcinj dolazi preko 60 odsto turista.<\/p>\n<p>Stoga su iz nevladine organizacije \u201eZeleni korak\u201c saop\u0161tili da rijeka Bojana i najve\u0107i dio obale mora da bude pod ingerencijom Op\u0161tine Ulcinj, odnosno da \u201egra\u0111ani Ulcinja budu vlasnici svojih resursa, svoje budu\u0107nosti i svojih \u017eivota, kroz partnerstvo i saradnju sa nadle\u017enim institucijama dr\u017eave Crne Gore\u201c.<\/p>\n<p>\u201eU protivnom, posljedice \u0107e biti promjena demografske strukture Ulcinja na \u0161tetu domicilnog stanovni\u0161tva i poja\u010dana emigracija ulcinjske omladine u zemlje Evropske unije i u SAD\u201c, smatraju u toj organizaciji civilnog sektora.<\/p>\n<p>Ulcinj je, kako pokazuju podaci Monstata, jedini grad na Primorju koji danas ima manje stanovnika nego prije po\u010detka ratova na podru\u010dju biv\u0161e Jugoslavije.<\/p>\n<p>Prema zvani\u010dnim podacima, 1991. godine u ovoj op\u0161tini je \u017eivjelo 24.217 stanovnika, a 2,5 decenije kasnije samo 20.081. To zna\u010di da je broj stanovnika opao u ovom periodu za 4.136 osoba, odnosno za jednu \u0161estinu.<\/p>\n<p>Istovremeno je samo pove\u0107an broj bira\u010da kojih je, na nedavno odr\u017eanim parlamentarnim izborima, bilo upisano 19.735, ili tek 346 manje od ukupnog broja stanovnika!?<\/p>\n<p>Jer, ne\u0161to manje od \u010detiri hiljade stanovnika \u010dine u Ulcinju oni koji imaju ispod 18 godina, \u0161to zna\u010di da bira\u010dko pravo ima oko 3,5 hiljade lica koja ne \u017eive u ovoj op\u0161tini.<\/p>\n<p>Mo\u017eda je u tom kontekstu razumljivo \u0161to su, na primjer, mje\u0161tani Ulcinja vlasnici samo oko 150 od preko 560 objekata na Bojani \u0161to zna\u010di da Ulcinjanima pripada manje od 30 odsto objekata na obalama ove rijeke.<\/p>\n<p>\u201c\u010cinjenica je i da smo u predizbornoj kampanji svi bili nezadovoljni ukupnim stanjem u privredi i dru\u0161tvu. A onda je 80 odsto gra\u0111ana Ulcinja glasalo za stranke koje su i do tada bile vlast na centralnom i lokalnom nivou\u201d, zaklju\u010duje Abazovi\u0107 listu savremenih ulcinjskih paradoksa.<\/p>\n<p><strong><em>Monitor<\/em><\/strong><\/p>\n","protected":false},"excerpt":{"rendered":"<p>Foto Bruno Staro je pravilo da sa prvim jesenjim ki\u0161ama gradovi na Primorju, pa tako i Ulcinj, ulaze u fazu sivila. Nakon turisti\u010dke sezone zamru privredne aktivnosti, sve se do maja prakti\u010dno svodi samo na puko \u017eivotarenje. Ali, ove godine nije tako. Na sve strane, na cijeloj teritoriji ove op\u0161tine od Ade do Kru\u010da, se [&hellip;]<\/p>\n","protected":false},"author":1,"featured_media":0,"comment_status":"closed","ping_status":"closed","sticky":false,"template":"","format":"standard","meta":{"spay_email":"","jetpack_publicize_message":"","jetpack_is_tweetstorm":false,"jetpack_publicize_feature_enabled":true},"categories":[8337],"tags":[],"jetpack_publicize_connections":[],"yoast_head":"<!-- This site is optimized with the Yoast SEO plugin v19.1 - https:\/\/yoast.com\/wordpress\/plugins\/seo\/ -->\n<title>Mustafa Canka: Savremeni Ulcinjski paradoksi - Lajme nga Ulqini<\/title>\n<meta name=\"description\" content=\"Foto Bruno Staro je pravilo da sa prvim jesenjim ki\u0161ama gradovi na Primorju, pa tako i Ulcinj, ulaze u fazu sivila. Nakon turisti\u010dke sezone zamru\" \/>\n<meta name=\"robots\" content=\"index, follow, max-snippet:-1, max-image-preview:large, max-video-preview:-1\" \/>\n<link rel=\"canonical\" href=\"https:\/\/www.visit-ulcinj.com\/blog\/2016\/11\/20\/mustafa-canka-savremeni-ulcinjski-paradoksi\/\" \/>\n<meta property=\"og:locale\" content=\"en_US\" \/>\n<meta property=\"og:type\" content=\"article\" \/>\n<meta property=\"og:title\" content=\"Mustafa Canka: Savremeni Ulcinjski paradoksi - Lajme nga Ulqini\" \/>\n<meta property=\"og:description\" content=\"Foto Bruno Staro je pravilo da sa prvim jesenjim ki\u0161ama gradovi na Primorju, pa tako i Ulcinj, ulaze u fazu sivila. Nakon turisti\u010dke sezone zamru\" \/>\n<meta property=\"og:url\" content=\"https:\/\/www.visit-ulcinj.com\/blog\/2016\/11\/20\/mustafa-canka-savremeni-ulcinjski-paradoksi\/\" \/>\n<meta property=\"og:site_name\" content=\"Lajme nga Ulqini\" \/>\n<meta property=\"article:published_time\" content=\"2016-11-20T17:23:22+00:00\" \/>\n<meta property=\"article:modified_time\" content=\"2016-11-20T17:23:23+00:00\" \/>\n<meta property=\"og:image\" content=\"http:\/\/www.visit-ulcinj.com\/blog\/wp-content\/uploads\/2016\/11\/dom-kultiure-ulcinj.jpg\" \/>\n<meta name=\"twitter:label1\" content=\"Written by\" \/>\n\t<meta name=\"twitter:data1\" content=\"ulqini\" \/>\n\t<meta name=\"twitter:label2\" content=\"Est. reading time\" \/>\n\t<meta name=\"twitter:data2\" content=\"5 minutes\" \/>\n<script type=\"application\/ld+json\" class=\"yoast-schema-graph\">{\"@context\":\"https:\/\/schema.org\",\"@graph\":[{\"@type\":\"WebSite\",\"@id\":\"https:\/\/www.visit-ulcinj.com\/blog\/#website\",\"url\":\"https:\/\/www.visit-ulcinj.com\/blog\/\",\"name\":\"Lajme nga Ulqini\",\"description\":\"Lajme,Vijesti,Ulqini,Ulqin,Crna Gora,Mali i Zi\",\"potentialAction\":[{\"@type\":\"SearchAction\",\"target\":{\"@type\":\"EntryPoint\",\"urlTemplate\":\"https:\/\/www.visit-ulcinj.com\/blog\/?s={search_term_string}\"},\"query-input\":\"required name=search_term_string\"}],\"inLanguage\":\"en-US\"},{\"@type\":\"ImageObject\",\"inLanguage\":\"en-US\",\"@id\":\"https:\/\/www.visit-ulcinj.com\/blog\/2016\/11\/20\/mustafa-canka-savremeni-ulcinjski-paradoksi\/#primaryimage\",\"url\":\"https:\/\/www.visit-ulcinj.com\/blog\/wp-content\/uploads\/2016\/11\/dom-kultiure-ulcinj.jpg\",\"contentUrl\":\"https:\/\/www.visit-ulcinj.com\/blog\/wp-content\/uploads\/2016\/11\/dom-kultiure-ulcinj.jpg\",\"width\":960,\"height\":720},{\"@type\":\"WebPage\",\"@id\":\"https:\/\/www.visit-ulcinj.com\/blog\/2016\/11\/20\/mustafa-canka-savremeni-ulcinjski-paradoksi\/#webpage\",\"url\":\"https:\/\/www.visit-ulcinj.com\/blog\/2016\/11\/20\/mustafa-canka-savremeni-ulcinjski-paradoksi\/\",\"name\":\"Mustafa Canka: Savremeni Ulcinjski paradoksi - Lajme nga Ulqini\",\"isPartOf\":{\"@id\":\"https:\/\/www.visit-ulcinj.com\/blog\/#website\"},\"primaryImageOfPage\":{\"@id\":\"https:\/\/www.visit-ulcinj.com\/blog\/2016\/11\/20\/mustafa-canka-savremeni-ulcinjski-paradoksi\/#primaryimage\"},\"datePublished\":\"2016-11-20T17:23:22+00:00\",\"dateModified\":\"2016-11-20T17:23:23+00:00\",\"author\":{\"@id\":\"https:\/\/www.visit-ulcinj.com\/blog\/#\/schema\/person\/dcab619c614d3038751c63bc2aadc06d\"},\"description\":\"Foto Bruno Staro je pravilo da sa prvim jesenjim ki\u0161ama gradovi na Primorju, pa tako i Ulcinj, ulaze u fazu sivila. Nakon turisti\u010dke sezone zamru\",\"breadcrumb\":{\"@id\":\"https:\/\/www.visit-ulcinj.com\/blog\/2016\/11\/20\/mustafa-canka-savremeni-ulcinjski-paradoksi\/#breadcrumb\"},\"inLanguage\":\"en-US\",\"potentialAction\":[{\"@type\":\"ReadAction\",\"target\":[\"https:\/\/www.visit-ulcinj.com\/blog\/2016\/11\/20\/mustafa-canka-savremeni-ulcinjski-paradoksi\/\"]}]},{\"@type\":\"BreadcrumbList\",\"@id\":\"https:\/\/www.visit-ulcinj.com\/blog\/2016\/11\/20\/mustafa-canka-savremeni-ulcinjski-paradoksi\/#breadcrumb\",\"itemListElement\":[{\"@type\":\"ListItem\",\"position\":1,\"name\":\"Mustafa Canka: Savremeni Ulcinjski paradoksi\"}]},{\"@type\":\"Person\",\"@id\":\"https:\/\/www.visit-ulcinj.com\/blog\/#\/schema\/person\/dcab619c614d3038751c63bc2aadc06d\",\"name\":\"ulqini\",\"sameAs\":[\"http:\/\/www.visit-ulcinj.com\"],\"url\":\"https:\/\/www.visit-ulcinj.com\/blog\/author\/admin\/\"}]}<\/script>\n<!-- \/ Yoast SEO plugin. -->","yoast_head_json":{"title":"Mustafa Canka: Savremeni Ulcinjski paradoksi - Lajme nga Ulqini","description":"Foto Bruno Staro je pravilo da sa prvim jesenjim ki\u0161ama gradovi na Primorju, pa tako i Ulcinj, ulaze u fazu sivila. Nakon turisti\u010dke sezone zamru","robots":{"index":"index","follow":"follow","max-snippet":"max-snippet:-1","max-image-preview":"max-image-preview:large","max-video-preview":"max-video-preview:-1"},"canonical":"https:\/\/www.visit-ulcinj.com\/blog\/2016\/11\/20\/mustafa-canka-savremeni-ulcinjski-paradoksi\/","og_locale":"en_US","og_type":"article","og_title":"Mustafa Canka: Savremeni Ulcinjski paradoksi - Lajme nga Ulqini","og_description":"Foto Bruno Staro je pravilo da sa prvim jesenjim ki\u0161ama gradovi na Primorju, pa tako i Ulcinj, ulaze u fazu sivila. Nakon turisti\u010dke sezone zamru","og_url":"https:\/\/www.visit-ulcinj.com\/blog\/2016\/11\/20\/mustafa-canka-savremeni-ulcinjski-paradoksi\/","og_site_name":"Lajme nga Ulqini","article_published_time":"2016-11-20T17:23:22+00:00","article_modified_time":"2016-11-20T17:23:23+00:00","og_image":[{"url":"http:\/\/www.visit-ulcinj.com\/blog\/wp-content\/uploads\/2016\/11\/dom-kultiure-ulcinj.jpg"}],"twitter_misc":{"Written by":"ulqini","Est. reading time":"5 minutes"},"schema":{"@context":"https:\/\/schema.org","@graph":[{"@type":"WebSite","@id":"https:\/\/www.visit-ulcinj.com\/blog\/#website","url":"https:\/\/www.visit-ulcinj.com\/blog\/","name":"Lajme nga Ulqini","description":"Lajme,Vijesti,Ulqini,Ulqin,Crna Gora,Mali i Zi","potentialAction":[{"@type":"SearchAction","target":{"@type":"EntryPoint","urlTemplate":"https:\/\/www.visit-ulcinj.com\/blog\/?s={search_term_string}"},"query-input":"required name=search_term_string"}],"inLanguage":"en-US"},{"@type":"ImageObject","inLanguage":"en-US","@id":"https:\/\/www.visit-ulcinj.com\/blog\/2016\/11\/20\/mustafa-canka-savremeni-ulcinjski-paradoksi\/#primaryimage","url":"https:\/\/www.visit-ulcinj.com\/blog\/wp-content\/uploads\/2016\/11\/dom-kultiure-ulcinj.jpg","contentUrl":"https:\/\/www.visit-ulcinj.com\/blog\/wp-content\/uploads\/2016\/11\/dom-kultiure-ulcinj.jpg","width":960,"height":720},{"@type":"WebPage","@id":"https:\/\/www.visit-ulcinj.com\/blog\/2016\/11\/20\/mustafa-canka-savremeni-ulcinjski-paradoksi\/#webpage","url":"https:\/\/www.visit-ulcinj.com\/blog\/2016\/11\/20\/mustafa-canka-savremeni-ulcinjski-paradoksi\/","name":"Mustafa Canka: Savremeni Ulcinjski paradoksi - Lajme nga Ulqini","isPartOf":{"@id":"https:\/\/www.visit-ulcinj.com\/blog\/#website"},"primaryImageOfPage":{"@id":"https:\/\/www.visit-ulcinj.com\/blog\/2016\/11\/20\/mustafa-canka-savremeni-ulcinjski-paradoksi\/#primaryimage"},"datePublished":"2016-11-20T17:23:22+00:00","dateModified":"2016-11-20T17:23:23+00:00","author":{"@id":"https:\/\/www.visit-ulcinj.com\/blog\/#\/schema\/person\/dcab619c614d3038751c63bc2aadc06d"},"description":"Foto Bruno Staro je pravilo da sa prvim jesenjim ki\u0161ama gradovi na Primorju, pa tako i Ulcinj, ulaze u fazu sivila. Nakon turisti\u010dke sezone zamru","breadcrumb":{"@id":"https:\/\/www.visit-ulcinj.com\/blog\/2016\/11\/20\/mustafa-canka-savremeni-ulcinjski-paradoksi\/#breadcrumb"},"inLanguage":"en-US","potentialAction":[{"@type":"ReadAction","target":["https:\/\/www.visit-ulcinj.com\/blog\/2016\/11\/20\/mustafa-canka-savremeni-ulcinjski-paradoksi\/"]}]},{"@type":"BreadcrumbList","@id":"https:\/\/www.visit-ulcinj.com\/blog\/2016\/11\/20\/mustafa-canka-savremeni-ulcinjski-paradoksi\/#breadcrumb","itemListElement":[{"@type":"ListItem","position":1,"name":"Mustafa Canka: Savremeni Ulcinjski paradoksi"}]},{"@type":"Person","@id":"https:\/\/www.visit-ulcinj.com\/blog\/#\/schema\/person\/dcab619c614d3038751c63bc2aadc06d","name":"ulqini","sameAs":["http:\/\/www.visit-ulcinj.com"],"url":"https:\/\/www.visit-ulcinj.com\/blog\/author\/admin\/"}]}},"jetpack_featured_media_url":"","jetpack_sharing_enabled":true,"jetpack_shortlink":"https:\/\/wp.me\/pe6lTn-qiX","_links":{"self":[{"href":"https:\/\/www.visit-ulcinj.com\/blog\/wp-json\/wp\/v2\/posts\/101119"}],"collection":[{"href":"https:\/\/www.visit-ulcinj.com\/blog\/wp-json\/wp\/v2\/posts"}],"about":[{"href":"https:\/\/www.visit-ulcinj.com\/blog\/wp-json\/wp\/v2\/types\/post"}],"author":[{"embeddable":true,"href":"https:\/\/www.visit-ulcinj.com\/blog\/wp-json\/wp\/v2\/users\/1"}],"replies":[{"embeddable":true,"href":"https:\/\/www.visit-ulcinj.com\/blog\/wp-json\/wp\/v2\/comments?post=101119"}],"version-history":[{"count":1,"href":"https:\/\/www.visit-ulcinj.com\/blog\/wp-json\/wp\/v2\/posts\/101119\/revisions"}],"predecessor-version":[{"id":101120,"href":"https:\/\/www.visit-ulcinj.com\/blog\/wp-json\/wp\/v2\/posts\/101119\/revisions\/101120"}],"wp:attachment":[{"href":"https:\/\/www.visit-ulcinj.com\/blog\/wp-json\/wp\/v2\/media?parent=101119"}],"wp:term":[{"taxonomy":"category","embeddable":true,"href":"https:\/\/www.visit-ulcinj.com\/blog\/wp-json\/wp\/v2\/categories?post=101119"},{"taxonomy":"post_tag","embeddable":true,"href":"https:\/\/www.visit-ulcinj.com\/blog\/wp-json\/wp\/v2\/tags?post=101119"}],"curies":[{"name":"wp","href":"https:\/\/api.w.org\/{rel}","templated":true}]}}