{"id":101121,"date":"2016-11-21T06:42:57","date_gmt":"2016-11-21T05:42:57","guid":{"rendered":"http:\/\/www.visit-ulcinj.com\/blog\/?p=101121"},"modified":"2016-11-21T06:57:35","modified_gmt":"2016-11-21T05:57:35","slug":"kostanjijada-u-ostrosu-video","status":"publish","type":"post","link":"https:\/\/www.visit-ulcinj.com\/blog\/2016\/11\/21\/kostanjijada-u-ostrosu-video\/","title":{"rendered":"Ko\u0161tanjijada u Ostrosu &#8211; Video"},"content":{"rendered":"<p><strong><a href=\"http:\/\/www.visit-ulcinj.com\/blog\/wp-content\/uploads\/2016\/11\/Kostanijada-Ostros.jpg\"><img loading=\"lazy\" class=\"alignleft wp-image-101122\" src=\"http:\/\/www.visit-ulcinj.com\/blog\/wp-content\/uploads\/2016\/11\/Kostanijada-Ostros.jpg\" alt=\"Kostanijada-Ostros\" width=\"508\" height=\"307\" srcset=\"https:\/\/www.visit-ulcinj.com\/blog\/wp-content\/uploads\/2016\/11\/Kostanijada-Ostros.jpg 800w, https:\/\/www.visit-ulcinj.com\/blog\/wp-content\/uploads\/2016\/11\/Kostanijada-Ostros-300x182.jpg 300w, https:\/\/www.visit-ulcinj.com\/blog\/wp-content\/uploads\/2016\/11\/Kostanijada-Ostros-768x465.jpg 768w\" sizes=\"(max-width: 508px) 100vw, 508px\" \/><\/a>Poljoprivredna, kulturna i turisti\u010dka manifestacija \u201cKo\u0161tanjijada\u201d odr\u017eana je danas u Ostrosu, u prisustvu velikog broja gra\u0111ana. Osim kestena, vrijedni poljoprivredni proizvo\u0111a\u010di izlo\u017eili su i druge organske proizvode Krajine, koja sa izvanrednom prirodom, plodnom zemljom i ekolo\u0161kom sredinom, u \u010dijem zale\u0111u su i more jezero, predstavlja zna\u010dajan razvojni potencijal barske op\u0161tine. \u201cKo\u0161tanjijadu\u201d, koja je uvr\u0161tena u zvani\u010dan program proslave 24. novembra, Dana Bara, otvorio je predsjednik Op\u0161tine dr Zoran Srzenti\u0107, a prisutne su pozdravili i predsjednik Odbora MZ Ostros Vebija Dodi\u0107 i direktorka TO Bar Neda Ivanovi\u0107.<\/strong><\/p>\n<p>\u0160arolikost i bogatstvo potencijala barske op\u0161tine ogleda se podjednako u njenoj morskoj obali, Skadarskom jezeru i \u017eivopisnoj Crmnici, Starom Baru i Mrkojevi\u0107ima, ali i plodnoj Krajini, njenim vrijednim i dobrim doma\u0107inima, ljepoti prirode i divnog pejza\u017ea, kao i nepreglednom \u0161umom kestena, sa vi\u0161e desetina hiljada stabala, po \u010demu je ovaj kraj najbogatiji u regionu.<\/p>\n<p>Ali, nije samo kesten obilje\u017eje Krajine. Iako bezvodno podru\u010dje, u ovom nezaga\u0111enom i ekolo\u0161kom dijelu barske op\u0161tine, sa \u010distim vazduhom i plodnom zemljom, proizvode se najukusniji i najzdraviji organski proizvodi &#8211; \u010duveni krajinski kozji i kravlji sir, vo\u0107e i povr\u0107e, riba iz Skadarskog jezera, ali i naj\u010distiji duvan, koga je i kralj Nikola cijenio i konzumirao kao najbolji i najkvalitetniji.<\/p>\n<p><strong>Selim Berja\u0161evi\u0107<\/strong>, iz Ostrosa, koji je penziju do\u010dekao rade\u0107i u Luci Bar, od petnaeste godine se bavi poljoprivrednom proizvodnjom.<\/p>\n<p>\u201cRadio sam trideset i osam godina u Luci, ali od kada postojim, odnosno znam za sebe, bavio sam se poljoprivredom. Sve smo proizvodili, kesten, masline, luk, duvan, i nisam se pokajao, ni stidio. Jer, ovdje, jo\u0161 da imamo vodu, nema boljeg, pitomijeg i plodnijeg zemlji\u0161ta, ne samo u Crnoj Gori, nego Jugoslaviji. Kada bismo imali vodu, ne bi trebalo da nam je jedna tre\u0107ina ljudi u inostranstvu, jer ovdje se mo\u017ee lijepo \u017eivjeti, raditi, bolje i ljep\u0161e nego na bilo kom drugom mjestu. Zato je dobro \u0161to to shvatamo, i mi i ljudi iz op\u0161tine i \u0161to se tome okre\u0107emo\u201d, kazao je Berja\u0161evi\u0107.<\/p>\n<p>Brojni gra\u0111ani, iz \u010ditave Crne Gore i susjedne Albanije, do\u0161li su na \u201cKo\u0161tanjijadu\u201d i u\u017eivali u plodovima Krajine, ali i muzi\u010dkom programu u kojem su nastupili: <strong>Merima Njegomir, Muzafer Koli\u0107i<\/strong>, Pljevaljski tambura\u0161i, <strong>\u0110usta Vuljaj<\/strong>, orkestar <strong>Omera Hod\u017ei\u0107a<\/strong>..<\/p>\n<p>\u201cDivno je, lijep sun\u010dan dan i ova ljepota. Ovo je mnogo lijepa manifestacija, a Krajina je otkrovenje, \u010destitke organizatorima\u201d, kazali su <strong>Suada Novakovi\u0107, Ismet Liharevi\u0107, Ned\u017eo Murtovi\u0107<\/strong> iz Bara.<\/p>\n<p>Poznata zvijezda narodne muzike Merima Njegomir, koja je upravo na \u201cKo\u0161tanjijadi\u201d promovisala premijerno svoj novi CD, isklju\u010divo sa crnogorskim pjesmama, kazala je za Radio Bar i Bar info da je odu\u0161evljena, prvo krajolikom, lijepotom prirode i pogledom u kojem je u\u017eivala dok je putovala prema Ostrosu, ali i sun\u010danom i toplom vremenu.<\/p>\n<p>\u201cZaista je sve fantasti\u010dno. Ima svega, meda od kestena, koga \u0107u obavezno ponijeti ku\u0107i, divljih pomorand\u017ei i \u0161ipkova, kola\u010da&#8230; U\u017eivam\u201d, rekla nam je Merima Njegomir, koju su Barani imali zadovoljstvo da vide i \u010duju i na pro\u0161logodi\u0161njoj \u201cMaslinijadi\u201d.<\/p>\n<p>Dobrodo\u0161licu je gostima po\u017eelio predsjednik MZ Ostros Vebija Dodi\u0107, koji se zahvalio podr\u017eavaocima manifestacije, prije svega op\u0161tini i TO Bar, ali i Ministarstvu za ljudska i manjinska prava, preduze\u0107u Nacionalni parkovi, Turisti\u010dkoj organizaciji \u201cBra\u0107a Luja\u201d iz Skadra i drugim institucijama i privatnim preduze\u0107ima.<\/p>\n<p>\u201cOvo je na\u0161e zajedni\u010dko veselje, \u010destitam deseti rodjendan Ko\u0161tanjijadi i \u017eelim svim na\u0161im dragim gostima da se lijepo provedu\u201d, kazao je Vebija Dodi\u0107.<\/p>\n<p>Uz Mjesnu zajednicu, suorganizatori \u201cKo\u0161tanjijade\u201d su i op\u0161tina i Turisti\u010dka organizacija Bar. Predsjednik <strong>dr Zoran Srzenti\u0107<\/strong>, koji je otvorio desetu &#8211; jubilarnu manifestaciju, izrazio je zadovoljstvo \u0161to je me\u0111u Krajinjanima divnim povodom.<\/p>\n<p>\u201cOstros je uvijek bio most koji je spajao dvije susjedne op\u0161tine, Bar i Skadar. Ovdje su danas poslenici kulture iz Skadra i direktor tamo\u0161njeg teatra. Dogovorili smo ve\u0107 danas saradnju u oblasti kulture, a u okviru prekograni\u010dne saradnje Crne Gore i Albanije, aplicirali za sredstva sa Op\u0161tinom Lje\u0161, za valorizaciju kulturnog naslje\u0111a, ure\u0111enje prostora manastira Pre\u010dista Krajinska, u godini jubileja &#8211; hiljadugodi\u0161njce smrti kneza Vladimira i destogodi\u0161njici nezavisnosti. Sa Direkcijom za saobra\u0107aj radi se projekat rekonstrukcije puta Virpazar- Muri\u0107i (prva faza) i Muri\u0107i-Ostros (druga faza). Tek kada to zavr\u0161imo, ovaj prostor oko bazena Skadarskog jezera pokaza\u0107e na pravi na\u010din sve svoje ljepote i biti valorizovan na pravi na\u010din\u201d, kazao je predsjednik Op\u0161tine dr Zoran Srzenti\u0107.<\/p>\n<p>Turisti\u010dka organizacija Bara podr\u017eava sve manifestacije koje su zna\u010dajne za promociju i afirmaciju turisti\u010dkih potencijala op\u0161tine.<\/p>\n<p>\u201cPriznanje i zahvalnost MZ Ostros, koja je inicirala ovu divnu manifestaciju i koja je u po\u010detku, uglavnom sama radila. Sada ima na\u0161u punu podr\u0161ku, jer je zna\u010dajno pokazati svo bogatstvo Bara. Vi\u0161e desetina hiljada stabala kestena i \u2018Ko\u0161tanjijada\u2019, preko 100.000 maslina i \u2018Maslinijada\u2019, na drugoj strani Crmnica i na\u0161e \u010duveno vino i Festival vina i ukljeve. Sve to je ne\u0161to sa \u010dime se hvalimo i ponosimo kada i na me\u0111unarodnim sajmovima prezentiramo na\u0161u ponudu. Ovdje u Ostrosu nalazi se i jedan od najstarijih slovenskih manastira, u godini jubileja, hiljadugodi\u0161njice dr\u017eavnosti, decenije nezavisnosti i evo, desetogodi\u0161njice i ove lijepe manifestacije, dosta povoda da se ovako ne\u0161to organizuje, a broj posjetilaca i danas to potvr\u0111uje\u201d, kazala je direktorka TO Bar <strong>Neda Ivanovi\u0107<\/strong>.<\/p>\n<p>Predsjednik Op\u0161tine dr Zoran Srzenti\u0107 prilikom nedavne posjete novog koordinatora Turske razvojne agencije \u201cTika\u201d <strong>Ahmeta Altuna<\/strong> Baru, dogovorio je dalje korake na realizaciji projekta dovo\u0111enja vode u Krajinu, \u0161to je za ovaj dio barske op\u0161tine od presudnog zna\u010daja.<\/p>\n<p><strong>Izvor: BarINFO\u00a0<\/strong><\/p>\n<p><span class=\"embed-youtube\" style=\"text-align:center; display: block;\"><iframe loading=\"lazy\" class=\"youtube-player\" width=\"640\" height=\"360\" src=\"https:\/\/www.youtube.com\/embed\/InIzLc2qc4s?version=3&#038;rel=1&#038;showsearch=0&#038;showinfo=1&#038;iv_load_policy=1&#038;fs=1&#038;hl=en-US&#038;autohide=2&#038;wmode=transparent\" allowfullscreen=\"true\" style=\"border:0;\" sandbox=\"allow-scripts allow-same-origin allow-popups allow-presentation\"><\/iframe><\/span><\/p>\n","protected":false},"excerpt":{"rendered":"<p>Poljoprivredna, kulturna i turisti\u010dka manifestacija \u201cKo\u0161tanjijada\u201d odr\u017eana je danas u Ostrosu, u prisustvu velikog broja gra\u0111ana. Osim kestena, vrijedni poljoprivredni proizvo\u0111a\u010di izlo\u017eili su i druge organske proizvode Krajine, koja sa izvanrednom prirodom, plodnom zemljom i ekolo\u0161kom sredinom, u \u010dijem zale\u0111u su i more jezero, predstavlja zna\u010dajan razvojni potencijal barske op\u0161tine. \u201cKo\u0161tanjijadu\u201d, koja je uvr\u0161tena u [&hellip;]<\/p>\n","protected":false},"author":1,"featured_media":0,"comment_status":"closed","ping_status":"closed","sticky":false,"template":"","format":"standard","meta":{"spay_email":"","jetpack_publicize_message":"","jetpack_is_tweetstorm":false,"jetpack_publicize_feature_enabled":true},"categories":[6950],"tags":[],"jetpack_publicize_connections":[],"yoast_head":"<!-- This site is optimized with the Yoast SEO plugin v19.1 - https:\/\/yoast.com\/wordpress\/plugins\/seo\/ -->\n<title>Ko\u0161tanjijada u Ostrosu - Video - Lajme nga Ulqini<\/title>\n<meta name=\"description\" content=\"Poljoprivredna, kulturna i turisti\u010dka manifestacija \u201cKo\u0161tanjijada\u201d odr\u017eana je danas u Ostrosu, u prisustvu velikog broja gra\u0111ana. Osim kestena, vrijedni\" \/>\n<meta name=\"robots\" content=\"index, follow, max-snippet:-1, max-image-preview:large, max-video-preview:-1\" \/>\n<link rel=\"canonical\" href=\"https:\/\/www.visit-ulcinj.com\/blog\/2016\/11\/21\/kostanjijada-u-ostrosu-video\/\" \/>\n<meta property=\"og:locale\" content=\"en_US\" \/>\n<meta property=\"og:type\" content=\"article\" \/>\n<meta property=\"og:title\" content=\"Ko\u0161tanjijada u Ostrosu - Video - Lajme nga Ulqini\" \/>\n<meta property=\"og:description\" content=\"Poljoprivredna, kulturna i turisti\u010dka manifestacija \u201cKo\u0161tanjijada\u201d odr\u017eana je danas u Ostrosu, u prisustvu velikog broja gra\u0111ana. Osim kestena, vrijedni\" \/>\n<meta property=\"og:url\" content=\"https:\/\/www.visit-ulcinj.com\/blog\/2016\/11\/21\/kostanjijada-u-ostrosu-video\/\" \/>\n<meta property=\"og:site_name\" content=\"Lajme nga Ulqini\" \/>\n<meta property=\"article:published_time\" content=\"2016-11-21T05:42:57+00:00\" \/>\n<meta property=\"article:modified_time\" content=\"2016-11-21T05:57:35+00:00\" \/>\n<meta property=\"og:image\" content=\"http:\/\/www.visit-ulcinj.com\/blog\/wp-content\/uploads\/2016\/11\/Kostanijada-Ostros.jpg\" \/>\n<meta name=\"twitter:label1\" content=\"Written by\" \/>\n\t<meta name=\"twitter:data1\" content=\"ulqini\" \/>\n\t<meta name=\"twitter:label2\" content=\"Est. reading time\" \/>\n\t<meta name=\"twitter:data2\" content=\"5 minutes\" \/>\n<script type=\"application\/ld+json\" class=\"yoast-schema-graph\">{\"@context\":\"https:\/\/schema.org\",\"@graph\":[{\"@type\":\"WebSite\",\"@id\":\"https:\/\/www.visit-ulcinj.com\/blog\/#website\",\"url\":\"https:\/\/www.visit-ulcinj.com\/blog\/\",\"name\":\"Lajme nga Ulqini\",\"description\":\"Lajme,Vijesti,Ulqini,Ulqin,Crna Gora,Mali i Zi\",\"potentialAction\":[{\"@type\":\"SearchAction\",\"target\":{\"@type\":\"EntryPoint\",\"urlTemplate\":\"https:\/\/www.visit-ulcinj.com\/blog\/?s={search_term_string}\"},\"query-input\":\"required name=search_term_string\"}],\"inLanguage\":\"en-US\"},{\"@type\":\"ImageObject\",\"inLanguage\":\"en-US\",\"@id\":\"https:\/\/www.visit-ulcinj.com\/blog\/2016\/11\/21\/kostanjijada-u-ostrosu-video\/#primaryimage\",\"url\":\"https:\/\/www.visit-ulcinj.com\/blog\/wp-content\/uploads\/2016\/11\/Kostanijada-Ostros.jpg\",\"contentUrl\":\"https:\/\/www.visit-ulcinj.com\/blog\/wp-content\/uploads\/2016\/11\/Kostanijada-Ostros.jpg\",\"width\":800,\"height\":484},{\"@type\":\"WebPage\",\"@id\":\"https:\/\/www.visit-ulcinj.com\/blog\/2016\/11\/21\/kostanjijada-u-ostrosu-video\/#webpage\",\"url\":\"https:\/\/www.visit-ulcinj.com\/blog\/2016\/11\/21\/kostanjijada-u-ostrosu-video\/\",\"name\":\"Ko\u0161tanjijada u Ostrosu - Video - Lajme nga Ulqini\",\"isPartOf\":{\"@id\":\"https:\/\/www.visit-ulcinj.com\/blog\/#website\"},\"primaryImageOfPage\":{\"@id\":\"https:\/\/www.visit-ulcinj.com\/blog\/2016\/11\/21\/kostanjijada-u-ostrosu-video\/#primaryimage\"},\"datePublished\":\"2016-11-21T05:42:57+00:00\",\"dateModified\":\"2016-11-21T05:57:35+00:00\",\"author\":{\"@id\":\"https:\/\/www.visit-ulcinj.com\/blog\/#\/schema\/person\/dcab619c614d3038751c63bc2aadc06d\"},\"description\":\"Poljoprivredna, kulturna i turisti\u010dka manifestacija \u201cKo\u0161tanjijada\u201d odr\u017eana je danas u Ostrosu, u prisustvu velikog broja gra\u0111ana. Osim kestena, vrijedni\",\"breadcrumb\":{\"@id\":\"https:\/\/www.visit-ulcinj.com\/blog\/2016\/11\/21\/kostanjijada-u-ostrosu-video\/#breadcrumb\"},\"inLanguage\":\"en-US\",\"potentialAction\":[{\"@type\":\"ReadAction\",\"target\":[\"https:\/\/www.visit-ulcinj.com\/blog\/2016\/11\/21\/kostanjijada-u-ostrosu-video\/\"]}]},{\"@type\":\"BreadcrumbList\",\"@id\":\"https:\/\/www.visit-ulcinj.com\/blog\/2016\/11\/21\/kostanjijada-u-ostrosu-video\/#breadcrumb\",\"itemListElement\":[{\"@type\":\"ListItem\",\"position\":1,\"name\":\"Ko\u0161tanjijada u Ostrosu &#8211; Video\"}]},{\"@type\":\"Person\",\"@id\":\"https:\/\/www.visit-ulcinj.com\/blog\/#\/schema\/person\/dcab619c614d3038751c63bc2aadc06d\",\"name\":\"ulqini\",\"sameAs\":[\"http:\/\/www.visit-ulcinj.com\"],\"url\":\"https:\/\/www.visit-ulcinj.com\/blog\/author\/admin\/\"}]}<\/script>\n<!-- \/ Yoast SEO plugin. -->","yoast_head_json":{"title":"Ko\u0161tanjijada u Ostrosu - Video - Lajme nga Ulqini","description":"Poljoprivredna, kulturna i turisti\u010dka manifestacija \u201cKo\u0161tanjijada\u201d odr\u017eana je danas u Ostrosu, u prisustvu velikog broja gra\u0111ana. Osim kestena, vrijedni","robots":{"index":"index","follow":"follow","max-snippet":"max-snippet:-1","max-image-preview":"max-image-preview:large","max-video-preview":"max-video-preview:-1"},"canonical":"https:\/\/www.visit-ulcinj.com\/blog\/2016\/11\/21\/kostanjijada-u-ostrosu-video\/","og_locale":"en_US","og_type":"article","og_title":"Ko\u0161tanjijada u Ostrosu - Video - Lajme nga Ulqini","og_description":"Poljoprivredna, kulturna i turisti\u010dka manifestacija \u201cKo\u0161tanjijada\u201d odr\u017eana je danas u Ostrosu, u prisustvu velikog broja gra\u0111ana. Osim kestena, vrijedni","og_url":"https:\/\/www.visit-ulcinj.com\/blog\/2016\/11\/21\/kostanjijada-u-ostrosu-video\/","og_site_name":"Lajme nga Ulqini","article_published_time":"2016-11-21T05:42:57+00:00","article_modified_time":"2016-11-21T05:57:35+00:00","og_image":[{"url":"http:\/\/www.visit-ulcinj.com\/blog\/wp-content\/uploads\/2016\/11\/Kostanijada-Ostros.jpg"}],"twitter_misc":{"Written by":"ulqini","Est. reading time":"5 minutes"},"schema":{"@context":"https:\/\/schema.org","@graph":[{"@type":"WebSite","@id":"https:\/\/www.visit-ulcinj.com\/blog\/#website","url":"https:\/\/www.visit-ulcinj.com\/blog\/","name":"Lajme nga Ulqini","description":"Lajme,Vijesti,Ulqini,Ulqin,Crna Gora,Mali i Zi","potentialAction":[{"@type":"SearchAction","target":{"@type":"EntryPoint","urlTemplate":"https:\/\/www.visit-ulcinj.com\/blog\/?s={search_term_string}"},"query-input":"required name=search_term_string"}],"inLanguage":"en-US"},{"@type":"ImageObject","inLanguage":"en-US","@id":"https:\/\/www.visit-ulcinj.com\/blog\/2016\/11\/21\/kostanjijada-u-ostrosu-video\/#primaryimage","url":"https:\/\/www.visit-ulcinj.com\/blog\/wp-content\/uploads\/2016\/11\/Kostanijada-Ostros.jpg","contentUrl":"https:\/\/www.visit-ulcinj.com\/blog\/wp-content\/uploads\/2016\/11\/Kostanijada-Ostros.jpg","width":800,"height":484},{"@type":"WebPage","@id":"https:\/\/www.visit-ulcinj.com\/blog\/2016\/11\/21\/kostanjijada-u-ostrosu-video\/#webpage","url":"https:\/\/www.visit-ulcinj.com\/blog\/2016\/11\/21\/kostanjijada-u-ostrosu-video\/","name":"Ko\u0161tanjijada u Ostrosu - Video - Lajme nga Ulqini","isPartOf":{"@id":"https:\/\/www.visit-ulcinj.com\/blog\/#website"},"primaryImageOfPage":{"@id":"https:\/\/www.visit-ulcinj.com\/blog\/2016\/11\/21\/kostanjijada-u-ostrosu-video\/#primaryimage"},"datePublished":"2016-11-21T05:42:57+00:00","dateModified":"2016-11-21T05:57:35+00:00","author":{"@id":"https:\/\/www.visit-ulcinj.com\/blog\/#\/schema\/person\/dcab619c614d3038751c63bc2aadc06d"},"description":"Poljoprivredna, kulturna i turisti\u010dka manifestacija \u201cKo\u0161tanjijada\u201d odr\u017eana je danas u Ostrosu, u prisustvu velikog broja gra\u0111ana. Osim kestena, vrijedni","breadcrumb":{"@id":"https:\/\/www.visit-ulcinj.com\/blog\/2016\/11\/21\/kostanjijada-u-ostrosu-video\/#breadcrumb"},"inLanguage":"en-US","potentialAction":[{"@type":"ReadAction","target":["https:\/\/www.visit-ulcinj.com\/blog\/2016\/11\/21\/kostanjijada-u-ostrosu-video\/"]}]},{"@type":"BreadcrumbList","@id":"https:\/\/www.visit-ulcinj.com\/blog\/2016\/11\/21\/kostanjijada-u-ostrosu-video\/#breadcrumb","itemListElement":[{"@type":"ListItem","position":1,"name":"Ko\u0161tanjijada u Ostrosu &#8211; Video"}]},{"@type":"Person","@id":"https:\/\/www.visit-ulcinj.com\/blog\/#\/schema\/person\/dcab619c614d3038751c63bc2aadc06d","name":"ulqini","sameAs":["http:\/\/www.visit-ulcinj.com"],"url":"https:\/\/www.visit-ulcinj.com\/blog\/author\/admin\/"}]}},"jetpack_featured_media_url":"","jetpack_sharing_enabled":true,"jetpack_shortlink":"https:\/\/wp.me\/pe6lTn-qiZ","_links":{"self":[{"href":"https:\/\/www.visit-ulcinj.com\/blog\/wp-json\/wp\/v2\/posts\/101121"}],"collection":[{"href":"https:\/\/www.visit-ulcinj.com\/blog\/wp-json\/wp\/v2\/posts"}],"about":[{"href":"https:\/\/www.visit-ulcinj.com\/blog\/wp-json\/wp\/v2\/types\/post"}],"author":[{"embeddable":true,"href":"https:\/\/www.visit-ulcinj.com\/blog\/wp-json\/wp\/v2\/users\/1"}],"replies":[{"embeddable":true,"href":"https:\/\/www.visit-ulcinj.com\/blog\/wp-json\/wp\/v2\/comments?post=101121"}],"version-history":[{"count":8,"href":"https:\/\/www.visit-ulcinj.com\/blog\/wp-json\/wp\/v2\/posts\/101121\/revisions"}],"predecessor-version":[{"id":101130,"href":"https:\/\/www.visit-ulcinj.com\/blog\/wp-json\/wp\/v2\/posts\/101121\/revisions\/101130"}],"wp:attachment":[{"href":"https:\/\/www.visit-ulcinj.com\/blog\/wp-json\/wp\/v2\/media?parent=101121"}],"wp:term":[{"taxonomy":"category","embeddable":true,"href":"https:\/\/www.visit-ulcinj.com\/blog\/wp-json\/wp\/v2\/categories?post=101121"},{"taxonomy":"post_tag","embeddable":true,"href":"https:\/\/www.visit-ulcinj.com\/blog\/wp-json\/wp\/v2\/tags?post=101121"}],"curies":[{"name":"wp","href":"https:\/\/api.w.org\/{rel}","templated":true}]}}