{"id":101131,"date":"2016-11-21T07:33:24","date_gmt":"2016-11-21T06:33:24","guid":{"rendered":"http:\/\/www.visit-ulcinj.com\/blog\/?p=101131"},"modified":"2016-11-21T08:14:08","modified_gmt":"2016-11-21T07:14:08","slug":"ulqin-roli-pakicave-ne-mal-te-zi-video","status":"publish","type":"post","link":"https:\/\/www.visit-ulcinj.com\/blog\/2016\/11\/21\/ulqin-roli-pakicave-ne-mal-te-zi-video\/","title":{"rendered":"Ulqin: Roli i pakicave n\u00eb Mal t\u00eb Zi &#8211; Video"},"content":{"rendered":"<p><a href=\"http:\/\/www.visit-ulcinj.com\/blog\/wp-content\/uploads\/2016\/11\/Roli-i-pakicave-n\u00eb-Mal-t\u00eb-Zi-.jpg\"><img loading=\"lazy\" class=\"alignleft wp-image-101132\" src=\"http:\/\/www.visit-ulcinj.com\/blog\/wp-content\/uploads\/2016\/11\/Roli-i-pakicave-n\u00eb-Mal-t\u00eb-Zi-.jpg\" alt=\"Roli i pakicave n\u00eb Mal t\u00eb Zi\" width=\"508\" height=\"249\" srcset=\"https:\/\/www.visit-ulcinj.com\/blog\/wp-content\/uploads\/2016\/11\/Roli-i-pakicave-n\u00eb-Mal-t\u00eb-Zi-.jpg 650w, https:\/\/www.visit-ulcinj.com\/blog\/wp-content\/uploads\/2016\/11\/Roli-i-pakicave-n\u00eb-Mal-t\u00eb-Zi--300x147.jpg 300w\" sizes=\"(max-width: 508px) 100vw, 508px\" \/><\/a>Rrjeti Global i Gruas Shqiptare n\u00eb Ulqin zhvilloi tryez\u00ebn me tem\u00ebn \u201cPozita e shqiptar\u00ebve n\u00eb prag t\u00eb integrimit t\u00eb Malit t\u00eb Zi n\u00eb BE\u201d ku u trajtuan problematikat e ndryshme p\u00ebr pakicat n\u00eb faz\u00ebn e p\u00ebrgatitjes s\u00eb vendit n\u00eb integrimin n\u00eb Bashkimin Evropian.<\/p>\n<p>Korrespondenti i Z\u00ebrit t\u00eb Amerik\u00ebs Ali <span class=\"il\">Salaj<\/span>\u00a0 p\u00ebrgatiti kronik\u00ebn.<\/p>\n<p>VAO<\/p>\n<!--YouTube Error: bad URL entered-->\n<div class=\"heading cf\">\n<p class=\"post-title item fn\" style=\"text-align: center;\"><strong>Pozita e shqiptar\u00ebve n\u00eb Mal t\u00eb Zi shqet\u00ebsuese<\/strong><\/p>\n<\/div>\n<p>Ulqin \u2013 Rrjeti Global i Gruas Shqiptare organizoi t\u00eb mart\u00ebn n\u00eb mjediset e kompleksit \u201cLlolla\u201d n\u00eb Ulqin tryez\u00ebn e rrumbullak\u00ebt me tem\u00eb \u201cPozita e shqiptar\u00ebve n\u00eb prag t\u00eb integrimit t\u00eb Malit t\u00eb Zi n\u00eb Bashkimin Evropian\u201d.<br \/>\nN\u00eb fjal\u00ebn hyr\u00ebse, kryetarja e deg\u00ebs s\u00eb Rrjetit Global t\u00eb Gruas Shqiptare p\u00ebr Malin e Zi, Shefika Gjoni, ka th\u00ebn\u00eb se pozita e shqiptar\u00ebve n\u00eb Mal t\u00eb Zi vazhdon t\u00eb jet\u00eb shqet\u00ebsuese edhe n\u00eb shekullin XXI.<br \/>\n\u201cShqiptar\u00ebt n\u00eb Mal te Zi nuk po arrijn\u00eb t\u00eb realizojn\u00eb as minimumin e t\u00eb drejtave elementare si popull autokton, t\u00eb drejta k\u00ebto t\u00eb parapara edhe me Kushtetut\u00ebn e Malit te Zi dhe t\u00eb garantuara me konventat nd\u00ebrkomb\u00ebtare\u201d, ka th\u00ebn\u00eb ajo, duke konstatuar se \u201cshqiptar\u00ebt n\u00eb Mal t\u00eb Zi kishin m\u00eb shum\u00eb t\u00eb drejta ligjore n\u00eb vitet \u201890 t\u00eb shekullit t\u00eb kaluar sesa sot\u201d.<br \/>\nGjoni ka theksuar se \u00ebsht\u00eb momenti i fundit q\u00eb t\u2019u t\u00ebrhiqet v\u00ebmendja p\u00ebrfaq\u00ebsuesve politik\u00eb dhe qytetar\u00ebve se vazaliteti nuk \u00ebsht\u00eb metod\u00eb p\u00ebr t\u00eb fituar t\u00eb drejtat q\u00eb na takojn\u00eb, si\u00e7 jan\u00eb e drejta p\u00ebr p\u00ebrfaq\u00ebsim proporcional n\u00eb Kuvendin e Malit t\u00eb Zi, qeveri dhe organet tjera shtet\u00ebrore, e drejta e shkollimit n\u00eb gjuh\u00ebn ametare n\u00eb t\u00eb gjitha nivelet.<br \/>\nAjo ka th\u00ebn\u00eb se \u00ebsht\u00eb momenti i faktorizimit t\u00eb shqiptar\u00ebve duke vendosur kushte dhe k\u00ebrkesa p\u00ebr fomimin e shumic\u00ebs s\u00eb re qeveris\u00ebse. \u00a0<strong>i.k.<\/strong><\/p>\n<p><strong>Koha Javore<\/strong><\/p>\n","protected":false},"excerpt":{"rendered":"<p>Rrjeti Global i Gruas Shqiptare n\u00eb Ulqin zhvilloi tryez\u00ebn me tem\u00ebn \u201cPozita e shqiptar\u00ebve n\u00eb prag t\u00eb integrimit t\u00eb Malit t\u00eb Zi n\u00eb BE\u201d ku u trajtuan problematikat e ndryshme p\u00ebr pakicat n\u00eb faz\u00ebn e p\u00ebrgatitjes s\u00eb vendit n\u00eb integrimin n\u00eb Bashkimin Evropian. Korrespondenti i Z\u00ebrit t\u00eb Amerik\u00ebs Ali Salaj\u00a0 p\u00ebrgatiti kronik\u00ebn. VAO Pozita e [&hellip;]<\/p>\n","protected":false},"author":1,"featured_media":0,"comment_status":"closed","ping_status":"closed","sticky":false,"template":"","format":"standard","meta":{"spay_email":"","jetpack_publicize_message":"","jetpack_is_tweetstorm":false,"jetpack_publicize_feature_enabled":true},"categories":[11],"tags":[],"jetpack_publicize_connections":[],"yoast_head":"<!-- This site is optimized with the Yoast SEO plugin v19.1 - https:\/\/yoast.com\/wordpress\/plugins\/seo\/ -->\n<title>Ulqin: Roli i pakicave n\u00eb Mal t\u00eb Zi - Video - Lajme nga Ulqini<\/title>\n<meta name=\"description\" content=\"Rrjeti Global i Gruas Shqiptare n\u00eb Ulqin zhvilloi tryez\u00ebn me tem\u00ebn \u201cPozita e shqiptar\u00ebve n\u00eb prag t\u00eb integrimit t\u00eb Malit t\u00eb Zi n\u00eb BE\u201d ku u trajtuan\" \/>\n<meta name=\"robots\" content=\"index, follow, max-snippet:-1, max-image-preview:large, max-video-preview:-1\" \/>\n<link rel=\"canonical\" href=\"https:\/\/www.visit-ulcinj.com\/blog\/2016\/11\/21\/ulqin-roli-pakicave-ne-mal-te-zi-video\/\" \/>\n<meta property=\"og:locale\" content=\"en_US\" \/>\n<meta property=\"og:type\" content=\"article\" \/>\n<meta property=\"og:title\" content=\"Ulqin: Roli i pakicave n\u00eb Mal t\u00eb Zi - Video - Lajme nga Ulqini\" \/>\n<meta property=\"og:description\" content=\"Rrjeti Global i Gruas Shqiptare n\u00eb Ulqin zhvilloi tryez\u00ebn me tem\u00ebn \u201cPozita e shqiptar\u00ebve n\u00eb prag t\u00eb integrimit t\u00eb Malit t\u00eb Zi n\u00eb BE\u201d ku u trajtuan\" \/>\n<meta property=\"og:url\" content=\"https:\/\/www.visit-ulcinj.com\/blog\/2016\/11\/21\/ulqin-roli-pakicave-ne-mal-te-zi-video\/\" \/>\n<meta property=\"og:site_name\" content=\"Lajme nga Ulqini\" \/>\n<meta property=\"article:published_time\" content=\"2016-11-21T06:33:24+00:00\" \/>\n<meta property=\"article:modified_time\" content=\"2016-11-21T07:14:08+00:00\" \/>\n<meta name=\"twitter:label1\" content=\"Written by\" \/>\n\t<meta name=\"twitter:data1\" content=\"ulqini\" \/>\n\t<meta name=\"twitter:label2\" content=\"Est. reading time\" \/>\n\t<meta name=\"twitter:data2\" content=\"2 minutes\" \/>\n<script type=\"application\/ld+json\" class=\"yoast-schema-graph\">{\"@context\":\"https:\/\/schema.org\",\"@graph\":[{\"@type\":\"WebSite\",\"@id\":\"https:\/\/www.visit-ulcinj.com\/blog\/#website\",\"url\":\"https:\/\/www.visit-ulcinj.com\/blog\/\",\"name\":\"Lajme nga Ulqini\",\"description\":\"Lajme,Vijesti,Ulqini,Ulqin,Crna Gora,Mali i Zi\",\"potentialAction\":[{\"@type\":\"SearchAction\",\"target\":{\"@type\":\"EntryPoint\",\"urlTemplate\":\"https:\/\/www.visit-ulcinj.com\/blog\/?s={search_term_string}\"},\"query-input\":\"required name=search_term_string\"}],\"inLanguage\":\"en-US\"},{\"@type\":\"WebPage\",\"@id\":\"https:\/\/www.visit-ulcinj.com\/blog\/2016\/11\/21\/ulqin-roli-pakicave-ne-mal-te-zi-video\/#webpage\",\"url\":\"https:\/\/www.visit-ulcinj.com\/blog\/2016\/11\/21\/ulqin-roli-pakicave-ne-mal-te-zi-video\/\",\"name\":\"Ulqin: Roli i pakicave n\u00eb Mal t\u00eb Zi - Video - Lajme nga Ulqini\",\"isPartOf\":{\"@id\":\"https:\/\/www.visit-ulcinj.com\/blog\/#website\"},\"datePublished\":\"2016-11-21T06:33:24+00:00\",\"dateModified\":\"2016-11-21T07:14:08+00:00\",\"author\":{\"@id\":\"https:\/\/www.visit-ulcinj.com\/blog\/#\/schema\/person\/dcab619c614d3038751c63bc2aadc06d\"},\"description\":\"Rrjeti Global i Gruas Shqiptare n\u00eb Ulqin zhvilloi tryez\u00ebn me tem\u00ebn \u201cPozita e shqiptar\u00ebve n\u00eb prag t\u00eb integrimit t\u00eb Malit t\u00eb Zi n\u00eb BE\u201d ku u trajtuan\",\"breadcrumb\":{\"@id\":\"https:\/\/www.visit-ulcinj.com\/blog\/2016\/11\/21\/ulqin-roli-pakicave-ne-mal-te-zi-video\/#breadcrumb\"},\"inLanguage\":\"en-US\",\"potentialAction\":[{\"@type\":\"ReadAction\",\"target\":[\"https:\/\/www.visit-ulcinj.com\/blog\/2016\/11\/21\/ulqin-roli-pakicave-ne-mal-te-zi-video\/\"]}]},{\"@type\":\"BreadcrumbList\",\"@id\":\"https:\/\/www.visit-ulcinj.com\/blog\/2016\/11\/21\/ulqin-roli-pakicave-ne-mal-te-zi-video\/#breadcrumb\",\"itemListElement\":[{\"@type\":\"ListItem\",\"position\":1,\"name\":\"Ulqin: Roli i pakicave n\u00eb Mal t\u00eb Zi &#8211; Video\"}]},{\"@type\":\"Person\",\"@id\":\"https:\/\/www.visit-ulcinj.com\/blog\/#\/schema\/person\/dcab619c614d3038751c63bc2aadc06d\",\"name\":\"ulqini\",\"sameAs\":[\"http:\/\/www.visit-ulcinj.com\"],\"url\":\"https:\/\/www.visit-ulcinj.com\/blog\/author\/admin\/\"}]}<\/script>\n<!-- \/ Yoast SEO plugin. -->","yoast_head_json":{"title":"Ulqin: Roli i pakicave n\u00eb Mal t\u00eb Zi - Video - Lajme nga Ulqini","description":"Rrjeti Global i Gruas Shqiptare n\u00eb Ulqin zhvilloi tryez\u00ebn me tem\u00ebn \u201cPozita e shqiptar\u00ebve n\u00eb prag t\u00eb integrimit t\u00eb Malit t\u00eb Zi n\u00eb BE\u201d ku u trajtuan","robots":{"index":"index","follow":"follow","max-snippet":"max-snippet:-1","max-image-preview":"max-image-preview:large","max-video-preview":"max-video-preview:-1"},"canonical":"https:\/\/www.visit-ulcinj.com\/blog\/2016\/11\/21\/ulqin-roli-pakicave-ne-mal-te-zi-video\/","og_locale":"en_US","og_type":"article","og_title":"Ulqin: Roli i pakicave n\u00eb Mal t\u00eb Zi - Video - Lajme nga Ulqini","og_description":"Rrjeti Global i Gruas Shqiptare n\u00eb Ulqin zhvilloi tryez\u00ebn me tem\u00ebn \u201cPozita e shqiptar\u00ebve n\u00eb prag t\u00eb integrimit t\u00eb Malit t\u00eb Zi n\u00eb BE\u201d ku u trajtuan","og_url":"https:\/\/www.visit-ulcinj.com\/blog\/2016\/11\/21\/ulqin-roli-pakicave-ne-mal-te-zi-video\/","og_site_name":"Lajme nga Ulqini","article_published_time":"2016-11-21T06:33:24+00:00","article_modified_time":"2016-11-21T07:14:08+00:00","twitter_misc":{"Written by":"ulqini","Est. reading time":"2 minutes"},"schema":{"@context":"https:\/\/schema.org","@graph":[{"@type":"WebSite","@id":"https:\/\/www.visit-ulcinj.com\/blog\/#website","url":"https:\/\/www.visit-ulcinj.com\/blog\/","name":"Lajme nga Ulqini","description":"Lajme,Vijesti,Ulqini,Ulqin,Crna Gora,Mali i Zi","potentialAction":[{"@type":"SearchAction","target":{"@type":"EntryPoint","urlTemplate":"https:\/\/www.visit-ulcinj.com\/blog\/?s={search_term_string}"},"query-input":"required name=search_term_string"}],"inLanguage":"en-US"},{"@type":"WebPage","@id":"https:\/\/www.visit-ulcinj.com\/blog\/2016\/11\/21\/ulqin-roli-pakicave-ne-mal-te-zi-video\/#webpage","url":"https:\/\/www.visit-ulcinj.com\/blog\/2016\/11\/21\/ulqin-roli-pakicave-ne-mal-te-zi-video\/","name":"Ulqin: Roli i pakicave n\u00eb Mal t\u00eb Zi - Video - Lajme nga Ulqini","isPartOf":{"@id":"https:\/\/www.visit-ulcinj.com\/blog\/#website"},"datePublished":"2016-11-21T06:33:24+00:00","dateModified":"2016-11-21T07:14:08+00:00","author":{"@id":"https:\/\/www.visit-ulcinj.com\/blog\/#\/schema\/person\/dcab619c614d3038751c63bc2aadc06d"},"description":"Rrjeti Global i Gruas Shqiptare n\u00eb Ulqin zhvilloi tryez\u00ebn me tem\u00ebn \u201cPozita e shqiptar\u00ebve n\u00eb prag t\u00eb integrimit t\u00eb Malit t\u00eb Zi n\u00eb BE\u201d ku u trajtuan","breadcrumb":{"@id":"https:\/\/www.visit-ulcinj.com\/blog\/2016\/11\/21\/ulqin-roli-pakicave-ne-mal-te-zi-video\/#breadcrumb"},"inLanguage":"en-US","potentialAction":[{"@type":"ReadAction","target":["https:\/\/www.visit-ulcinj.com\/blog\/2016\/11\/21\/ulqin-roli-pakicave-ne-mal-te-zi-video\/"]}]},{"@type":"BreadcrumbList","@id":"https:\/\/www.visit-ulcinj.com\/blog\/2016\/11\/21\/ulqin-roli-pakicave-ne-mal-te-zi-video\/#breadcrumb","itemListElement":[{"@type":"ListItem","position":1,"name":"Ulqin: Roli i pakicave n\u00eb Mal t\u00eb Zi &#8211; Video"}]},{"@type":"Person","@id":"https:\/\/www.visit-ulcinj.com\/blog\/#\/schema\/person\/dcab619c614d3038751c63bc2aadc06d","name":"ulqini","sameAs":["http:\/\/www.visit-ulcinj.com"],"url":"https:\/\/www.visit-ulcinj.com\/blog\/author\/admin\/"}]}},"jetpack_featured_media_url":"","jetpack_sharing_enabled":true,"jetpack_shortlink":"https:\/\/wp.me\/pe6lTn-qj9","_links":{"self":[{"href":"https:\/\/www.visit-ulcinj.com\/blog\/wp-json\/wp\/v2\/posts\/101131"}],"collection":[{"href":"https:\/\/www.visit-ulcinj.com\/blog\/wp-json\/wp\/v2\/posts"}],"about":[{"href":"https:\/\/www.visit-ulcinj.com\/blog\/wp-json\/wp\/v2\/types\/post"}],"author":[{"embeddable":true,"href":"https:\/\/www.visit-ulcinj.com\/blog\/wp-json\/wp\/v2\/users\/1"}],"replies":[{"embeddable":true,"href":"https:\/\/www.visit-ulcinj.com\/blog\/wp-json\/wp\/v2\/comments?post=101131"}],"version-history":[{"count":2,"href":"https:\/\/www.visit-ulcinj.com\/blog\/wp-json\/wp\/v2\/posts\/101131\/revisions"}],"predecessor-version":[{"id":101134,"href":"https:\/\/www.visit-ulcinj.com\/blog\/wp-json\/wp\/v2\/posts\/101131\/revisions\/101134"}],"wp:attachment":[{"href":"https:\/\/www.visit-ulcinj.com\/blog\/wp-json\/wp\/v2\/media?parent=101131"}],"wp:term":[{"taxonomy":"category","embeddable":true,"href":"https:\/\/www.visit-ulcinj.com\/blog\/wp-json\/wp\/v2\/categories?post=101131"},{"taxonomy":"post_tag","embeddable":true,"href":"https:\/\/www.visit-ulcinj.com\/blog\/wp-json\/wp\/v2\/tags?post=101131"}],"curies":[{"name":"wp","href":"https:\/\/api.w.org\/{rel}","templated":true}]}}