{"id":101152,"date":"2016-11-22T18:21:13","date_gmt":"2016-11-22T17:21:13","guid":{"rendered":"http:\/\/www.visit-ulcinj.com\/blog\/?p=101152"},"modified":"2016-11-22T18:21:13","modified_gmt":"2016-11-22T17:21:13","slug":"dhjete-medalje-per-klubin-e-karatese-ulqini-ne-kampionatin-e-malit-te-zi-per-kadete","status":"publish","type":"post","link":"https:\/\/www.visit-ulcinj.com\/blog\/2016\/11\/22\/dhjete-medalje-per-klubin-e-karatese-ulqini-ne-kampionatin-e-malit-te-zi-per-kadete\/","title":{"rendered":"Dhjet\u00eb medalje p\u00ebr Klubin e Karates\u00eb &#8220;ULQINI&#8221; n\u00eb Kampionatin e Malit t\u00eb Zi p\u00ebr Kadet\u00eb"},"content":{"rendered":"<p><a href=\"http:\/\/www.visit-ulcinj.com\/blog\/wp-content\/uploads\/2016\/11\/Klubi-i-karates\u00eb-Ulqini-.jpg\"><img loading=\"lazy\" class=\"alignleft wp-image-101153\" src=\"http:\/\/www.visit-ulcinj.com\/blog\/wp-content\/uploads\/2016\/11\/Klubi-i-karates\u00eb-Ulqini-.jpg\" alt=\"Klubi i karates\u00eb Ulqini-\" width=\"508\" height=\"360\" srcset=\"https:\/\/www.visit-ulcinj.com\/blog\/wp-content\/uploads\/2016\/11\/Klubi-i-karates\u00eb-Ulqini-.jpg 960w, https:\/\/www.visit-ulcinj.com\/blog\/wp-content\/uploads\/2016\/11\/Klubi-i-karates\u00eb-Ulqini--300x213.jpg 300w, https:\/\/www.visit-ulcinj.com\/blog\/wp-content\/uploads\/2016\/11\/Klubi-i-karates\u00eb-Ulqini--768x544.jpg 768w\" sizes=\"(max-width: 508px) 100vw, 508px\" \/><\/a>Dhjet\u00eb medalje p\u00ebr Klubin e Karates\u00eb &#8220;ULQINI&#8221; n\u00eb Kampionatin e Malit t\u00eb Zi p\u00ebr Kadet\u00eb, Junior\u00eb dhe U21Senior\u00eb t\u00eb rinj<\/p>\n<p><strong>KK <\/strong>&#8220;<strong>ULQINI<\/strong>&#8220;<strong> VAZHDON T\u00cb JET\u00cb KRAH P\u00cbR KRAH N\u00cb MESIN E PES\u00cb KLUBEVE M\u00cb T\u00cb MIR\u00cb <\/strong><\/p>\n<p>N\u00eb Podgoric\u00eb, m\u00eb 13 n\u00ebntor 2016 u mbajt dita e par\u00eb n\u00eb kata e Kampionatit t\u00eb Malit t\u00eb Zi n\u00eb Karate p\u00ebr Kadet\u00eb, Junior\u00eb dhe U21 Senior\u00eb t\u00eb Rinj, kurse dita e dyt\u00eb n\u00eb luft\u00ebra u mbajt n\u00eb Budv\u00eb, m\u00eb 19.11.2016, n\u00eb t\u00eb cil\u00ebt mori pjes\u00eb edhe Klubi i Karates\u00eb &#8220;Ulqini&#8221;.<br \/>\nSi n\u00eb \u00e7do kampionat vazhdojm\u00eb t\u00eb renditemi n\u00eb mesin e pes\u00eb klubeve m\u00eb t\u00eb mir\u00eb nga 21 klube pjes\u00ebmarr\u00ebse.\u00a0 \u00a0\u00a0\u00a0\u00a0\u00a0\u00a0\u00a0\u00a0\u00a0\u00a0\u00a0\u00a0\u00a0\u00a0\u00a0\u00a0\u00a0\u00a0\u00a0\u00a0\u00a0\u00a0\u00a0\u00a0\u00a0\u00a0\u00a0\u00a0\u00a0\u00a0\u00a0\u00a0\u00a0\u00a0\u00a0\u00a0\u00a0\u00a0\u00a0\u00a0\u00a0\u00a0\u00a0\u00a0\u00a0\u00a0\u00a0\u00a0\u00a0\u00a0\u00a0\u00a0\u00a0\u00a0\u00a0\u00a0\u00a0\u00a0\u00a0\u00a0\u00a0\u00a0\u00a0\u00a0\u00a0\u00a0\u00a0\u00a0\u00a0\u00a0\u00a0\u00a0\u00a0\u00a0\u00a0\u00a0\u00a0\u00a0\u00a0\u00a0\u00a0\u00a0\u00a0\u00a0\u00a0\u00a0\u00a0\u00a0\u00a0\u00a0\u00a0\u00a0\u00a0\u00a0\u00a0\u00a0\u00a0\u00a0\u00a0\u00a0\u00a0\u00a0\u00a0\u00a0\u00a0\u00a0\u00a0\u00a0\u00a0\u00a0\u00a0\u00a0\u00a0\u00a0\u00a0\u00a0\u00a0\u00a0\u00a0\u00a0\u00a0\u00a0\u00a0\u00a0\u00a0\u00a0\u00a0\u00a0\u00a0\u00a0\u00a0\u00a0\u00a0\u00a0\u00a0\u00a0\u00a0\u00a0\u00a0\u00a0\u00a0\u00a0\u00a0\u00a0\u00a0\u00a0\u00a0\u00a0\u00a0\u00a0\u00a0\u00a0\u00a0\u00a0Garuesit e Klubit t\u00eb karates\u00eb &#8220;Ulqini&#8221; u kuror\u00ebzuan me 10 medalje: 3 medalje t\u00eb arta, 2 t\u00eb argjendta dhe 5 t\u00eb bronzta, pra nga radh\u00ebt e klubit u shpall\u00ebn 2 kampion\u00eb n\u00eb kategorin\u00eb individuale p\u00ebr seniore t\u00eb reja, 1 ekip kampion p\u00ebr seniore t\u00eb reja, 2 n\u00ebnkampion\u00eb n\u00eb luft\u00ebra individuale, 2 medalje t\u00eb bronzta n\u00eb luft\u00ebra individuale, medalje t\u00eb bronzta p\u00ebr ekipin e kadet\u00ebve dhe junior\u00ebve n\u00eb kata t\u00eb cil\u00ebt punojn\u00eb s\u00eb bashku, si dhe medalje t\u00eb bronzta p\u00ebr ekipin e kadet\u00ebve n\u00eb luft\u00ebra dhe ekipin e junior\u00ebve n\u00eb luft\u00ebra.\u00a0\u00a0\u00a0\u00a0\u00a0\u00a0\u00a0\u00a0\u00a0\u00a0\u00a0\u00a0\u00a0\u00a0\u00a0\u00a0\u00a0\u00a0\u00a0\u00a0\u00a0\u00a0\u00a0\u00a0\u00a0\u00a0\u00a0\u00a0\u00a0\u00a0\u00a0\u00a0\u00a0\u00a0\u00a0\u00a0\u00a0\u00a0\u00a0\u00a0\u00a0\u00a0\u00a0\u00a0\u00a0\u00a0\u00a0\u00a0\u00a0\u00a0\u00a0\u00a0\u00a0\u00a0\u00a0\u00a0\u00a0\u00a0\u00a0\u00a0\u00a0\u00a0\u00a0\u00a0\u00a0\u00a0\u00a0\u00a0\u00a0\u00a0\u00a0\u00a0\u00a0\u00a0\u00a0\u00a0\u00a0\u00a0\u00a0\u00a0\u00a0\u00a0\u00a0\u00a0\u00a0\u00a0\u00a0\u00a0\u00a0\u00a0\u00a0\u00a0\u00a0\u00a0\u00a0\u00a0\u00a0\u00a0\u00a0\u00a0\u00a0\u00a0\u00a0\u00a0\u00a0\u00a0\u00a0\u00a0\u00a0\u00a0\u00a0\u00a0\u00a0\u00a0\u00a0\u00a0\u00a0\u00a0\u00a0\u00a0\u00a0\u00a0\u00a0\u00a0\u00a0\u00a0\u00a0\u00a0\u00a0\u00a0\u00a0\u00a0\u00a0\u00a0\u00a0\u00a0\u00a0\u00a0\u00a0\u00a0\u00a0\u00a0\u00a0\u00a0\u00a0\u00a0\u00a0\u00a0\u00a0\u00a0\u00a0\u00a0\u00a0\u00a0\u00a0\u00a0\u00a0\u00a0\u00a0\u00a0\u00a0\u00a0\u00a0\u00a0\u00a0\u00a0\u00a0\u00a0\u00a0\u00a0\u00a0\u00a0\u00a0\u00a0\u00a0\u00a0\u00a0\u00a0\u00a0\u00a0\u00a0\u00a0\u00a0\u00a0\u00a0\u00a0\u00a0\u00a0\u00a0\u00a0\u00a0\u00a0\u00a0<a href=\"http:\/\/www.visit-ulcinj.com\/blog\/wp-content\/uploads\/2016\/11\/Klubi-i-karates\u00eb-Ulqini-2.jpg\"><img loading=\"lazy\" class=\"alignleft wp-image-101155\" src=\"http:\/\/www.visit-ulcinj.com\/blog\/wp-content\/uploads\/2016\/11\/Klubi-i-karates\u00eb-Ulqini-2.jpg\" alt=\"Klubi i karates\u00eb Ulqini-2\" width=\"508\" height=\"339\" srcset=\"https:\/\/www.visit-ulcinj.com\/blog\/wp-content\/uploads\/2016\/11\/Klubi-i-karates\u00eb-Ulqini-2.jpg 960w, https:\/\/www.visit-ulcinj.com\/blog\/wp-content\/uploads\/2016\/11\/Klubi-i-karates\u00eb-Ulqini-2-300x200.jpg 300w, https:\/\/www.visit-ulcinj.com\/blog\/wp-content\/uploads\/2016\/11\/Klubi-i-karates\u00eb-Ulqini-2-768x512.jpg 768w\" sizes=\"(max-width: 508px) 100vw, 508px\" \/><\/a><\/p>\n<p>Kampione t\u00eb dyfishta t\u00eb Malit t\u00eb Zi p\u00ebr seniore t\u00eb reja\u00a0 U21 u shpall\u00ebn Antigona Rama dhe Venesa Nuhi, t\u00eb cilat ishin \u00a0t\u00eb pa konkurenc\u00eb n\u00eb kategorit\u00eb e tyre individuale, si dhe at\u00eb ekipore n\u00eb luft\u00ebra. Antigona Rama u shpall kampione n\u00eb kategorin\u00eb +68 kg dhe n\u00eb luft\u00ebra ekipore, nd\u00ebrsa dhe Venesa Nuhi u shpall kampione n\u00eb kategorin\u00eb -55kg dhe n\u00eb luft\u00ebra ekipore.<\/p>\n<p>N\u00ebnkampion u shpall Adnan Kuqi n\u00eb luft\u00ebra individuale p\u00ebr junior\u00eb n\u00eb kategorin\u00eb +76kg dhe Diell\u00ebza Rama n\u00eb kategorin\u00eb +54kg p\u00ebr kadete luft\u00ebra individuale.<\/p>\n<p>Me medalje t\u00eb bronzt\u00eb n\u00eb luft\u00ebra inviduale u kuror\u00ebzuan Edin Kraja -75kg senior i ri U21 dhe Ronald Jacoviq -63kg kadet. Ekipi i junior\u00ebve dhe kadet\u00ebve n\u00eb luft\u00ebra ekipore u kuror\u00ebzuan me medaljen e bronzt\u00eb: ekipi i junior\u00ebve n\u00eb p\u00ebrb\u00ebrje me Marko Daboviq dhe Adnan Kuqi, nd\u00ebrsa ekipi i kadet\u00ebve ishte n\u00eb p\u00ebrb\u00ebrje Mensur Ceka, Albert Rudoviq dhe Ronald Jacoviq. Ekipi i kadet\u00ebve dhe junior\u00ebve n\u00eb kata ekipore n\u00eb p\u00ebrb\u00ebrje nga Elvir Islami, Ronald Jacoviq dhe Marko Daboviq u kuror\u00ebzuan me medaljen e bronzt\u00eb.<br \/>\n<a href=\"http:\/\/www.visit-ulcinj.com\/blog\/wp-content\/uploads\/2016\/11\/Klubi-i-karates\u00eb-Ulqini-1.jpg\"><img loading=\"lazy\" class=\"alignleft wp-image-101154\" src=\"http:\/\/www.visit-ulcinj.com\/blog\/wp-content\/uploads\/2016\/11\/Klubi-i-karates\u00eb-Ulqini-1.jpg\" alt=\"Klubi i karates\u00eb Ulqini-1\" width=\"508\" height=\"339\" srcset=\"https:\/\/www.visit-ulcinj.com\/blog\/wp-content\/uploads\/2016\/11\/Klubi-i-karates\u00eb-Ulqini-1.jpg 960w, https:\/\/www.visit-ulcinj.com\/blog\/wp-content\/uploads\/2016\/11\/Klubi-i-karates\u00eb-Ulqini-1-300x200.jpg 300w, https:\/\/www.visit-ulcinj.com\/blog\/wp-content\/uploads\/2016\/11\/Klubi-i-karates\u00eb-Ulqini-1-768x512.jpg 768w\" sizes=\"(max-width: 508px) 100vw, 508px\" \/><\/a><br \/>\nNga k\u00ebta garues, gjasht\u00eb prej tyre u kualifikuan p\u00ebr n\u00eb Kampionatin Ballkanik, i cili do t\u00eb mbahet 09-11.12.2016 n\u00eb Sarajev\u00eb, por pjes\u00ebmarrja e tyre varet krejt nga mund\u00ebsit\u00eb financiare.<br \/>\nUdh\u00ebheq\u00ebsia dhe trajner\u00ebt e klubit shpresojn\u00eb q\u00eb do t\u00eb hasin n\u00eb mir\u00ebkuptim tek sponsor\u00ebt q\u00eb t&#8217;u mund\u00ebsohet k\u00ebtyre garuesve pjes\u00ebmarrja n\u00eb Kampionatin Ballkanik.<\/p>\n<p><strong>Sh\u00ebrbimi informativ i Klubit t\u00eb Karates\u00eb \u201cUlqini\u201d<\/strong><\/p>\n","protected":false},"excerpt":{"rendered":"<p>Dhjet\u00eb medalje p\u00ebr Klubin e Karates\u00eb &#8220;ULQINI&#8221; n\u00eb Kampionatin e Malit t\u00eb Zi p\u00ebr Kadet\u00eb, Junior\u00eb dhe U21Senior\u00eb t\u00eb rinj KK &#8220;ULQINI&#8220; VAZHDON T\u00cb JET\u00cb KRAH P\u00cbR KRAH N\u00cb MESIN E PES\u00cb KLUBEVE M\u00cb T\u00cb MIR\u00cb N\u00eb Podgoric\u00eb, m\u00eb 13 n\u00ebntor 2016 u mbajt dita e par\u00eb n\u00eb kata e Kampionatit t\u00eb Malit t\u00eb Zi [&hellip;]<\/p>\n","protected":false},"author":1,"featured_media":0,"comment_status":"closed","ping_status":"closed","sticky":false,"template":"","format":"standard","meta":{"spay_email":"","jetpack_publicize_message":"","jetpack_is_tweetstorm":false,"jetpack_publicize_feature_enabled":true},"categories":[3],"tags":[],"jetpack_publicize_connections":[],"yoast_head":"<!-- This site is optimized with the Yoast SEO plugin v19.1 - https:\/\/yoast.com\/wordpress\/plugins\/seo\/ -->\n<title>Dhjet\u00eb medalje p\u00ebr Klubin e Karates\u00eb &quot;ULQINI&quot; n\u00eb Kampionatin e Malit t\u00eb Zi p\u00ebr Kadet\u00eb - Lajme nga Ulqini<\/title>\n<meta name=\"description\" content=\"Dhjet\u00eb medalje p\u00ebr Klubin e Karates\u00eb &quot;ULQINI&quot; n\u00eb Kampionatin e Malit t\u00eb Zi p\u00ebr Kadet\u00eb, Junior\u00eb dhe U21Senior\u00eb t\u00eb rinj KK &quot;ULQINI&quot; VAZHDON T\u00cb JET\u00cb KRAH P\u00cbR\" \/>\n<meta name=\"robots\" content=\"index, follow, max-snippet:-1, max-image-preview:large, max-video-preview:-1\" \/>\n<link rel=\"canonical\" href=\"https:\/\/www.visit-ulcinj.com\/blog\/2016\/11\/22\/dhjete-medalje-per-klubin-e-karatese-ulqini-ne-kampionatin-e-malit-te-zi-per-kadete\/\" \/>\n<meta property=\"og:locale\" content=\"en_US\" \/>\n<meta property=\"og:type\" content=\"article\" \/>\n<meta property=\"og:title\" content=\"Dhjet\u00eb medalje p\u00ebr Klubin e Karates\u00eb &quot;ULQINI&quot; n\u00eb Kampionatin e Malit t\u00eb Zi p\u00ebr Kadet\u00eb - Lajme nga Ulqini\" \/>\n<meta property=\"og:description\" content=\"Dhjet\u00eb medalje p\u00ebr Klubin e Karates\u00eb &quot;ULQINI&quot; n\u00eb Kampionatin e Malit t\u00eb Zi p\u00ebr Kadet\u00eb, Junior\u00eb dhe U21Senior\u00eb t\u00eb rinj KK &quot;ULQINI&quot; VAZHDON T\u00cb JET\u00cb KRAH P\u00cbR\" \/>\n<meta property=\"og:url\" content=\"https:\/\/www.visit-ulcinj.com\/blog\/2016\/11\/22\/dhjete-medalje-per-klubin-e-karatese-ulqini-ne-kampionatin-e-malit-te-zi-per-kadete\/\" \/>\n<meta property=\"og:site_name\" content=\"Lajme nga Ulqini\" \/>\n<meta property=\"article:published_time\" content=\"2016-11-22T17:21:13+00:00\" \/>\n<meta name=\"twitter:label1\" content=\"Written by\" \/>\n\t<meta name=\"twitter:data1\" content=\"ulqini\" \/>\n\t<meta name=\"twitter:label2\" content=\"Est. reading time\" \/>\n\t<meta name=\"twitter:data2\" content=\"2 minutes\" \/>\n<script type=\"application\/ld+json\" class=\"yoast-schema-graph\">{\"@context\":\"https:\/\/schema.org\",\"@graph\":[{\"@type\":\"WebSite\",\"@id\":\"https:\/\/www.visit-ulcinj.com\/blog\/#website\",\"url\":\"https:\/\/www.visit-ulcinj.com\/blog\/\",\"name\":\"Lajme nga Ulqini\",\"description\":\"Lajme,Vijesti,Ulqini,Ulqin,Crna Gora,Mali i Zi\",\"potentialAction\":[{\"@type\":\"SearchAction\",\"target\":{\"@type\":\"EntryPoint\",\"urlTemplate\":\"https:\/\/www.visit-ulcinj.com\/blog\/?s={search_term_string}\"},\"query-input\":\"required name=search_term_string\"}],\"inLanguage\":\"en-US\"},{\"@type\":\"WebPage\",\"@id\":\"https:\/\/www.visit-ulcinj.com\/blog\/2016\/11\/22\/dhjete-medalje-per-klubin-e-karatese-ulqini-ne-kampionatin-e-malit-te-zi-per-kadete\/#webpage\",\"url\":\"https:\/\/www.visit-ulcinj.com\/blog\/2016\/11\/22\/dhjete-medalje-per-klubin-e-karatese-ulqini-ne-kampionatin-e-malit-te-zi-per-kadete\/\",\"name\":\"Dhjet\u00eb medalje p\u00ebr Klubin e Karates\u00eb \\\"ULQINI\\\" n\u00eb Kampionatin e Malit t\u00eb Zi p\u00ebr Kadet\u00eb - Lajme nga Ulqini\",\"isPartOf\":{\"@id\":\"https:\/\/www.visit-ulcinj.com\/blog\/#website\"},\"datePublished\":\"2016-11-22T17:21:13+00:00\",\"dateModified\":\"2016-11-22T17:21:13+00:00\",\"author\":{\"@id\":\"https:\/\/www.visit-ulcinj.com\/blog\/#\/schema\/person\/dcab619c614d3038751c63bc2aadc06d\"},\"description\":\"Dhjet\u00eb medalje p\u00ebr Klubin e Karates\u00eb \\\"ULQINI\\\" n\u00eb Kampionatin e Malit t\u00eb Zi p\u00ebr Kadet\u00eb, Junior\u00eb dhe U21Senior\u00eb t\u00eb rinj KK \\\"ULQINI\\\" VAZHDON T\u00cb JET\u00cb KRAH P\u00cbR\",\"breadcrumb\":{\"@id\":\"https:\/\/www.visit-ulcinj.com\/blog\/2016\/11\/22\/dhjete-medalje-per-klubin-e-karatese-ulqini-ne-kampionatin-e-malit-te-zi-per-kadete\/#breadcrumb\"},\"inLanguage\":\"en-US\",\"potentialAction\":[{\"@type\":\"ReadAction\",\"target\":[\"https:\/\/www.visit-ulcinj.com\/blog\/2016\/11\/22\/dhjete-medalje-per-klubin-e-karatese-ulqini-ne-kampionatin-e-malit-te-zi-per-kadete\/\"]}]},{\"@type\":\"BreadcrumbList\",\"@id\":\"https:\/\/www.visit-ulcinj.com\/blog\/2016\/11\/22\/dhjete-medalje-per-klubin-e-karatese-ulqini-ne-kampionatin-e-malit-te-zi-per-kadete\/#breadcrumb\",\"itemListElement\":[{\"@type\":\"ListItem\",\"position\":1,\"name\":\"Dhjet\u00eb medalje p\u00ebr Klubin e Karates\u00eb &#8220;ULQINI&#8221; n\u00eb Kampionatin e Malit t\u00eb Zi p\u00ebr Kadet\u00eb\"}]},{\"@type\":\"Person\",\"@id\":\"https:\/\/www.visit-ulcinj.com\/blog\/#\/schema\/person\/dcab619c614d3038751c63bc2aadc06d\",\"name\":\"ulqini\",\"sameAs\":[\"http:\/\/www.visit-ulcinj.com\"],\"url\":\"https:\/\/www.visit-ulcinj.com\/blog\/author\/admin\/\"}]}<\/script>\n<!-- \/ Yoast SEO plugin. -->","yoast_head_json":{"title":"Dhjet\u00eb medalje p\u00ebr Klubin e Karates\u00eb \"ULQINI\" n\u00eb Kampionatin e Malit t\u00eb Zi p\u00ebr Kadet\u00eb - Lajme nga Ulqini","description":"Dhjet\u00eb medalje p\u00ebr Klubin e Karates\u00eb \"ULQINI\" n\u00eb Kampionatin e Malit t\u00eb Zi p\u00ebr Kadet\u00eb, Junior\u00eb dhe U21Senior\u00eb t\u00eb rinj KK \"ULQINI\" VAZHDON T\u00cb JET\u00cb KRAH P\u00cbR","robots":{"index":"index","follow":"follow","max-snippet":"max-snippet:-1","max-image-preview":"max-image-preview:large","max-video-preview":"max-video-preview:-1"},"canonical":"https:\/\/www.visit-ulcinj.com\/blog\/2016\/11\/22\/dhjete-medalje-per-klubin-e-karatese-ulqini-ne-kampionatin-e-malit-te-zi-per-kadete\/","og_locale":"en_US","og_type":"article","og_title":"Dhjet\u00eb medalje p\u00ebr Klubin e Karates\u00eb \"ULQINI\" n\u00eb Kampionatin e Malit t\u00eb Zi p\u00ebr Kadet\u00eb - Lajme nga Ulqini","og_description":"Dhjet\u00eb medalje p\u00ebr Klubin e Karates\u00eb \"ULQINI\" n\u00eb Kampionatin e Malit t\u00eb Zi p\u00ebr Kadet\u00eb, Junior\u00eb dhe U21Senior\u00eb t\u00eb rinj KK \"ULQINI\" VAZHDON T\u00cb JET\u00cb KRAH P\u00cbR","og_url":"https:\/\/www.visit-ulcinj.com\/blog\/2016\/11\/22\/dhjete-medalje-per-klubin-e-karatese-ulqini-ne-kampionatin-e-malit-te-zi-per-kadete\/","og_site_name":"Lajme nga Ulqini","article_published_time":"2016-11-22T17:21:13+00:00","twitter_misc":{"Written by":"ulqini","Est. reading time":"2 minutes"},"schema":{"@context":"https:\/\/schema.org","@graph":[{"@type":"WebSite","@id":"https:\/\/www.visit-ulcinj.com\/blog\/#website","url":"https:\/\/www.visit-ulcinj.com\/blog\/","name":"Lajme nga Ulqini","description":"Lajme,Vijesti,Ulqini,Ulqin,Crna Gora,Mali i Zi","potentialAction":[{"@type":"SearchAction","target":{"@type":"EntryPoint","urlTemplate":"https:\/\/www.visit-ulcinj.com\/blog\/?s={search_term_string}"},"query-input":"required name=search_term_string"}],"inLanguage":"en-US"},{"@type":"WebPage","@id":"https:\/\/www.visit-ulcinj.com\/blog\/2016\/11\/22\/dhjete-medalje-per-klubin-e-karatese-ulqini-ne-kampionatin-e-malit-te-zi-per-kadete\/#webpage","url":"https:\/\/www.visit-ulcinj.com\/blog\/2016\/11\/22\/dhjete-medalje-per-klubin-e-karatese-ulqini-ne-kampionatin-e-malit-te-zi-per-kadete\/","name":"Dhjet\u00eb medalje p\u00ebr Klubin e Karates\u00eb \"ULQINI\" n\u00eb Kampionatin e Malit t\u00eb Zi p\u00ebr Kadet\u00eb - Lajme nga Ulqini","isPartOf":{"@id":"https:\/\/www.visit-ulcinj.com\/blog\/#website"},"datePublished":"2016-11-22T17:21:13+00:00","dateModified":"2016-11-22T17:21:13+00:00","author":{"@id":"https:\/\/www.visit-ulcinj.com\/blog\/#\/schema\/person\/dcab619c614d3038751c63bc2aadc06d"},"description":"Dhjet\u00eb medalje p\u00ebr Klubin e Karates\u00eb \"ULQINI\" n\u00eb Kampionatin e Malit t\u00eb Zi p\u00ebr Kadet\u00eb, Junior\u00eb dhe U21Senior\u00eb t\u00eb rinj KK \"ULQINI\" VAZHDON T\u00cb JET\u00cb KRAH P\u00cbR","breadcrumb":{"@id":"https:\/\/www.visit-ulcinj.com\/blog\/2016\/11\/22\/dhjete-medalje-per-klubin-e-karatese-ulqini-ne-kampionatin-e-malit-te-zi-per-kadete\/#breadcrumb"},"inLanguage":"en-US","potentialAction":[{"@type":"ReadAction","target":["https:\/\/www.visit-ulcinj.com\/blog\/2016\/11\/22\/dhjete-medalje-per-klubin-e-karatese-ulqini-ne-kampionatin-e-malit-te-zi-per-kadete\/"]}]},{"@type":"BreadcrumbList","@id":"https:\/\/www.visit-ulcinj.com\/blog\/2016\/11\/22\/dhjete-medalje-per-klubin-e-karatese-ulqini-ne-kampionatin-e-malit-te-zi-per-kadete\/#breadcrumb","itemListElement":[{"@type":"ListItem","position":1,"name":"Dhjet\u00eb medalje p\u00ebr Klubin e Karates\u00eb &#8220;ULQINI&#8221; n\u00eb Kampionatin e Malit t\u00eb Zi p\u00ebr Kadet\u00eb"}]},{"@type":"Person","@id":"https:\/\/www.visit-ulcinj.com\/blog\/#\/schema\/person\/dcab619c614d3038751c63bc2aadc06d","name":"ulqini","sameAs":["http:\/\/www.visit-ulcinj.com"],"url":"https:\/\/www.visit-ulcinj.com\/blog\/author\/admin\/"}]}},"jetpack_featured_media_url":"","jetpack_sharing_enabled":true,"jetpack_shortlink":"https:\/\/wp.me\/pe6lTn-qju","_links":{"self":[{"href":"https:\/\/www.visit-ulcinj.com\/blog\/wp-json\/wp\/v2\/posts\/101152"}],"collection":[{"href":"https:\/\/www.visit-ulcinj.com\/blog\/wp-json\/wp\/v2\/posts"}],"about":[{"href":"https:\/\/www.visit-ulcinj.com\/blog\/wp-json\/wp\/v2\/types\/post"}],"author":[{"embeddable":true,"href":"https:\/\/www.visit-ulcinj.com\/blog\/wp-json\/wp\/v2\/users\/1"}],"replies":[{"embeddable":true,"href":"https:\/\/www.visit-ulcinj.com\/blog\/wp-json\/wp\/v2\/comments?post=101152"}],"version-history":[{"count":1,"href":"https:\/\/www.visit-ulcinj.com\/blog\/wp-json\/wp\/v2\/posts\/101152\/revisions"}],"predecessor-version":[{"id":101156,"href":"https:\/\/www.visit-ulcinj.com\/blog\/wp-json\/wp\/v2\/posts\/101152\/revisions\/101156"}],"wp:attachment":[{"href":"https:\/\/www.visit-ulcinj.com\/blog\/wp-json\/wp\/v2\/media?parent=101152"}],"wp:term":[{"taxonomy":"category","embeddable":true,"href":"https:\/\/www.visit-ulcinj.com\/blog\/wp-json\/wp\/v2\/categories?post=101152"},{"taxonomy":"post_tag","embeddable":true,"href":"https:\/\/www.visit-ulcinj.com\/blog\/wp-json\/wp\/v2\/tags?post=101152"}],"curies":[{"name":"wp","href":"https:\/\/api.w.org\/{rel}","templated":true}]}}