{"id":101164,"date":"2016-11-23T14:17:40","date_gmt":"2016-11-23T13:17:40","guid":{"rendered":"http:\/\/www.visit-ulcinj.com\/blog\/?p=101164"},"modified":"2016-11-23T14:17:40","modified_gmt":"2016-11-23T13:17:40","slug":"rama-ne-zanima-nas-velika-albanija-video","status":"publish","type":"post","link":"https:\/\/www.visit-ulcinj.com\/blog\/2016\/11\/23\/rama-ne-zanima-nas-velika-albanija-video\/","title":{"rendered":"Rama: Ne zanima nas Velika Albanija &#8211; Video"},"content":{"rendered":"<p><a href=\"http:\/\/www.visit-ulcinj.com\/blog\/wp-content\/uploads\/2016\/11\/EDIN-RAMA.jpg\"><img loading=\"lazy\" class=\"alignleft wp-image-101165\" src=\"http:\/\/www.visit-ulcinj.com\/blog\/wp-content\/uploads\/2016\/11\/EDIN-RAMA.jpg\" alt=\"BRUSSELS, BELGIUM - FEBRUARY 19:  Albanian Prime Minister Edi Rama holds a press conference after meeting European Council President Donald Tusk at the EU Headquarters in Brussels, Belgium, on February 19, 2015. (Photo by Dursun Aydemir\/Anadolu Agency\/Getty Images)\" width=\"508\" height=\"343\" srcset=\"https:\/\/www.visit-ulcinj.com\/blog\/wp-content\/uploads\/2016\/11\/EDIN-RAMA.jpg 594w, https:\/\/www.visit-ulcinj.com\/blog\/wp-content\/uploads\/2016\/11\/EDIN-RAMA-300x203.jpg 300w\" sizes=\"(max-width: 508px) 100vw, 508px\" \/><\/a><\/p>\n<p>Albanski premijer, Edi Rama, rekao je da njegova zemlja nema nikakav plan ili namjeru da susjednim dr\u017eavama oduzima djelove teritorija, kako bi stvorila Veliku Albaniju.<\/p>\n<div class=\"fix\">\n<p>On je ocijenio da su termin &#8220;prirodna&#8221; ili Veliku Albanija izmislili drugi, U intervjuu gr\u010dkoj Televiziji &#8220;Skai&#8221;, Rama je izjavio kako nema namjeru da promijeni granice Albanije, kao i da njegova zemlja nije nikada imala ekspanzionisti\u010dke teritorijalne planove protiv Gr\u010dke ili bilo koje susjedne zemlje.<\/p>\n<p>Naglasio je da u \u0161kolama u Albaniji ne postoji nikakva karta Velike Albanije, ve\u0107 da je rije\u010d o kartama zemalja regije gdje \u017eive Albanci.<\/p>\n<p>&#8220;Nemamo pravo da mijenjamo granice niti da uzmemo dio teritorije od Gr\u010dke, Srbije ili Makedonije i da na taj na\u010din stvaramo Prirodnu Albaniju. Ali, imamo jednu zanimljivu pro\u0161lost, budu\u0107i da smo jedan narod u dvije zemlje. Imamo Albaniju i Kosovo, imamo Albance koji \u017eive na jugu Srbije, koji \u017eive u Makedoniji i Crnoj Gori i onda? Ne postoji nikakav plan, niti normalna ideja koja predvi\u0111a da ove zemlje okupi u Veliku Albaniju&#8221;, rekao je Rama.<\/p>\n<p>Upitan da otkrije \u0161ta stoji iza izraza &#8220;Prirodna Albanija&#8221;, \u0161ef albanske vlade je negirao da postoje bilo kakvi planovi o ujedinjenju Albanaca u jednu teritorijalnu cjelinu.<\/p>\n<p>&#8220;Izraz &#8216;Velika Albanija&#8217; ili &#8216;Prirodna Albanija&#8217; nije na\u0161. Prirodna Albanija je ne\u0161to \u0161to su drugi izmislili. Prirodna Albanija je evropska Albanija, ona je dio Evropske unije koja \u0107e nas u budu\u0107nosti sve okupiti i tada granice ne\u0107e biti bitne \u0161to se ti\u010de komunikacija ili su\u017eivota na istom evropskom prostoru&#8221;, kazao je Rama, prenosi Anadolija.<\/p>\n<p><strong>Izvor: TVCG<\/strong><\/p>\n<p><iframe loading=\"lazy\" src=\"https:\/\/www.facebook.com\/plugins\/video.php?href=https%3A%2F%2Fwww.facebook.com%2Fedirama.al%2Fvideos%2F10154212110831523%2F&#038;show_text=0&#038;width=508\" width=\"508\" height=\"345\" style=\"border:none;overflow:hidden\" scrolling=\"no\" frameborder=\"0\" allowTransparency=\"true\" allowFullScreen=\"true\"><\/iframe><\/p>\n","protected":false},"excerpt":{"rendered":"<p>Albanski premijer, Edi Rama, rekao je da njegova zemlja nema nikakav plan ili namjeru da susjednim dr\u017eavama oduzima djelove teritorija, kako bi stvorila Veliku Albaniju. On je ocijenio da su termin &#8220;prirodna&#8221; ili Veliku Albanija izmislili drugi, U intervjuu gr\u010dkoj Televiziji &#8220;Skai&#8221;, Rama je izjavio kako nema namjeru da promijeni granice Albanije, kao i da [&hellip;]<\/p>\n","protected":false},"author":1,"featured_media":0,"comment_status":"closed","ping_status":"closed","sticky":false,"template":"","format":"standard","meta":{"spay_email":"","jetpack_publicize_message":"","jetpack_is_tweetstorm":false,"jetpack_publicize_feature_enabled":true},"categories":[8337],"tags":[],"jetpack_publicize_connections":[],"yoast_head":"<!-- This site is optimized with the Yoast SEO plugin v19.1 - https:\/\/yoast.com\/wordpress\/plugins\/seo\/ -->\n<title>Rama: Ne zanima nas Velika Albanija - Video - Lajme nga Ulqini<\/title>\n<meta name=\"description\" content=\"Albanski premijer, Edi Rama, rekao je da njegova zemlja nema nikakav plan ili namjeru da susjednim dr\u017eavama oduzima djelove teritorija, kako bi stvorila\" \/>\n<meta name=\"robots\" content=\"index, follow, max-snippet:-1, max-image-preview:large, max-video-preview:-1\" \/>\n<link rel=\"canonical\" href=\"https:\/\/www.visit-ulcinj.com\/blog\/2016\/11\/23\/rama-ne-zanima-nas-velika-albanija-video\/\" \/>\n<meta property=\"og:locale\" content=\"en_US\" \/>\n<meta property=\"og:type\" content=\"article\" \/>\n<meta property=\"og:title\" content=\"Rama: Ne zanima nas Velika Albanija - Video - Lajme nga Ulqini\" \/>\n<meta property=\"og:description\" content=\"Albanski premijer, Edi Rama, rekao je da njegova zemlja nema nikakav plan ili namjeru da susjednim dr\u017eavama oduzima djelove teritorija, kako bi stvorila\" \/>\n<meta property=\"og:url\" content=\"https:\/\/www.visit-ulcinj.com\/blog\/2016\/11\/23\/rama-ne-zanima-nas-velika-albanija-video\/\" \/>\n<meta property=\"og:site_name\" content=\"Lajme nga Ulqini\" \/>\n<meta property=\"article:published_time\" content=\"2016-11-23T13:17:40+00:00\" \/>\n<meta property=\"og:image\" content=\"http:\/\/www.visit-ulcinj.com\/blog\/wp-content\/uploads\/2016\/11\/EDIN-RAMA.jpg\" \/>\n<meta name=\"twitter:label1\" content=\"Written by\" \/>\n\t<meta name=\"twitter:data1\" content=\"ulqini\" \/>\n\t<meta name=\"twitter:label2\" content=\"Est. reading time\" \/>\n\t<meta name=\"twitter:data2\" content=\"1 minute\" \/>\n<script type=\"application\/ld+json\" class=\"yoast-schema-graph\">{\"@context\":\"https:\/\/schema.org\",\"@graph\":[{\"@type\":\"WebSite\",\"@id\":\"https:\/\/www.visit-ulcinj.com\/blog\/#website\",\"url\":\"https:\/\/www.visit-ulcinj.com\/blog\/\",\"name\":\"Lajme nga Ulqini\",\"description\":\"Lajme,Vijesti,Ulqini,Ulqin,Crna Gora,Mali i Zi\",\"potentialAction\":[{\"@type\":\"SearchAction\",\"target\":{\"@type\":\"EntryPoint\",\"urlTemplate\":\"https:\/\/www.visit-ulcinj.com\/blog\/?s={search_term_string}\"},\"query-input\":\"required name=search_term_string\"}],\"inLanguage\":\"en-US\"},{\"@type\":\"ImageObject\",\"inLanguage\":\"en-US\",\"@id\":\"https:\/\/www.visit-ulcinj.com\/blog\/2016\/11\/23\/rama-ne-zanima-nas-velika-albanija-video\/#primaryimage\",\"url\":\"https:\/\/www.visit-ulcinj.com\/blog\/wp-content\/uploads\/2016\/11\/EDIN-RAMA.jpg\",\"contentUrl\":\"https:\/\/www.visit-ulcinj.com\/blog\/wp-content\/uploads\/2016\/11\/EDIN-RAMA.jpg\",\"width\":594,\"height\":401,\"caption\":\"BRUSSELS, BELGIUM - FEBRUARY 19: Albanian Prime Minister Edi Rama holds a press conference after meeting European Council President Donald Tusk at the EU Headquarters in Brussels, Belgium, on February 19, 2015. (Photo by Dursun Aydemir\/Anadolu Agency\/Getty Images)\"},{\"@type\":\"WebPage\",\"@id\":\"https:\/\/www.visit-ulcinj.com\/blog\/2016\/11\/23\/rama-ne-zanima-nas-velika-albanija-video\/#webpage\",\"url\":\"https:\/\/www.visit-ulcinj.com\/blog\/2016\/11\/23\/rama-ne-zanima-nas-velika-albanija-video\/\",\"name\":\"Rama: Ne zanima nas Velika Albanija - Video - Lajme nga Ulqini\",\"isPartOf\":{\"@id\":\"https:\/\/www.visit-ulcinj.com\/blog\/#website\"},\"primaryImageOfPage\":{\"@id\":\"https:\/\/www.visit-ulcinj.com\/blog\/2016\/11\/23\/rama-ne-zanima-nas-velika-albanija-video\/#primaryimage\"},\"datePublished\":\"2016-11-23T13:17:40+00:00\",\"dateModified\":\"2016-11-23T13:17:40+00:00\",\"author\":{\"@id\":\"https:\/\/www.visit-ulcinj.com\/blog\/#\/schema\/person\/dcab619c614d3038751c63bc2aadc06d\"},\"description\":\"Albanski premijer, Edi Rama, rekao je da njegova zemlja nema nikakav plan ili namjeru da susjednim dr\u017eavama oduzima djelove teritorija, kako bi stvorila\",\"breadcrumb\":{\"@id\":\"https:\/\/www.visit-ulcinj.com\/blog\/2016\/11\/23\/rama-ne-zanima-nas-velika-albanija-video\/#breadcrumb\"},\"inLanguage\":\"en-US\",\"potentialAction\":[{\"@type\":\"ReadAction\",\"target\":[\"https:\/\/www.visit-ulcinj.com\/blog\/2016\/11\/23\/rama-ne-zanima-nas-velika-albanija-video\/\"]}]},{\"@type\":\"BreadcrumbList\",\"@id\":\"https:\/\/www.visit-ulcinj.com\/blog\/2016\/11\/23\/rama-ne-zanima-nas-velika-albanija-video\/#breadcrumb\",\"itemListElement\":[{\"@type\":\"ListItem\",\"position\":1,\"name\":\"Rama: Ne zanima nas Velika Albanija &#8211; Video\"}]},{\"@type\":\"Person\",\"@id\":\"https:\/\/www.visit-ulcinj.com\/blog\/#\/schema\/person\/dcab619c614d3038751c63bc2aadc06d\",\"name\":\"ulqini\",\"sameAs\":[\"http:\/\/www.visit-ulcinj.com\"],\"url\":\"https:\/\/www.visit-ulcinj.com\/blog\/author\/admin\/\"}]}<\/script>\n<!-- \/ Yoast SEO plugin. -->","yoast_head_json":{"title":"Rama: Ne zanima nas Velika Albanija - Video - Lajme nga Ulqini","description":"Albanski premijer, Edi Rama, rekao je da njegova zemlja nema nikakav plan ili namjeru da susjednim dr\u017eavama oduzima djelove teritorija, kako bi stvorila","robots":{"index":"index","follow":"follow","max-snippet":"max-snippet:-1","max-image-preview":"max-image-preview:large","max-video-preview":"max-video-preview:-1"},"canonical":"https:\/\/www.visit-ulcinj.com\/blog\/2016\/11\/23\/rama-ne-zanima-nas-velika-albanija-video\/","og_locale":"en_US","og_type":"article","og_title":"Rama: Ne zanima nas Velika Albanija - Video - Lajme nga Ulqini","og_description":"Albanski premijer, Edi Rama, rekao je da njegova zemlja nema nikakav plan ili namjeru da susjednim dr\u017eavama oduzima djelove teritorija, kako bi stvorila","og_url":"https:\/\/www.visit-ulcinj.com\/blog\/2016\/11\/23\/rama-ne-zanima-nas-velika-albanija-video\/","og_site_name":"Lajme nga Ulqini","article_published_time":"2016-11-23T13:17:40+00:00","og_image":[{"url":"http:\/\/www.visit-ulcinj.com\/blog\/wp-content\/uploads\/2016\/11\/EDIN-RAMA.jpg"}],"twitter_misc":{"Written by":"ulqini","Est. reading time":"1 minute"},"schema":{"@context":"https:\/\/schema.org","@graph":[{"@type":"WebSite","@id":"https:\/\/www.visit-ulcinj.com\/blog\/#website","url":"https:\/\/www.visit-ulcinj.com\/blog\/","name":"Lajme nga Ulqini","description":"Lajme,Vijesti,Ulqini,Ulqin,Crna Gora,Mali i Zi","potentialAction":[{"@type":"SearchAction","target":{"@type":"EntryPoint","urlTemplate":"https:\/\/www.visit-ulcinj.com\/blog\/?s={search_term_string}"},"query-input":"required name=search_term_string"}],"inLanguage":"en-US"},{"@type":"ImageObject","inLanguage":"en-US","@id":"https:\/\/www.visit-ulcinj.com\/blog\/2016\/11\/23\/rama-ne-zanima-nas-velika-albanija-video\/#primaryimage","url":"https:\/\/www.visit-ulcinj.com\/blog\/wp-content\/uploads\/2016\/11\/EDIN-RAMA.jpg","contentUrl":"https:\/\/www.visit-ulcinj.com\/blog\/wp-content\/uploads\/2016\/11\/EDIN-RAMA.jpg","width":594,"height":401,"caption":"BRUSSELS, BELGIUM - FEBRUARY 19: Albanian Prime Minister Edi Rama holds a press conference after meeting European Council President Donald Tusk at the EU Headquarters in Brussels, Belgium, on February 19, 2015. (Photo by Dursun Aydemir\/Anadolu Agency\/Getty Images)"},{"@type":"WebPage","@id":"https:\/\/www.visit-ulcinj.com\/blog\/2016\/11\/23\/rama-ne-zanima-nas-velika-albanija-video\/#webpage","url":"https:\/\/www.visit-ulcinj.com\/blog\/2016\/11\/23\/rama-ne-zanima-nas-velika-albanija-video\/","name":"Rama: Ne zanima nas Velika Albanija - Video - Lajme nga Ulqini","isPartOf":{"@id":"https:\/\/www.visit-ulcinj.com\/blog\/#website"},"primaryImageOfPage":{"@id":"https:\/\/www.visit-ulcinj.com\/blog\/2016\/11\/23\/rama-ne-zanima-nas-velika-albanija-video\/#primaryimage"},"datePublished":"2016-11-23T13:17:40+00:00","dateModified":"2016-11-23T13:17:40+00:00","author":{"@id":"https:\/\/www.visit-ulcinj.com\/blog\/#\/schema\/person\/dcab619c614d3038751c63bc2aadc06d"},"description":"Albanski premijer, Edi Rama, rekao je da njegova zemlja nema nikakav plan ili namjeru da susjednim dr\u017eavama oduzima djelove teritorija, kako bi stvorila","breadcrumb":{"@id":"https:\/\/www.visit-ulcinj.com\/blog\/2016\/11\/23\/rama-ne-zanima-nas-velika-albanija-video\/#breadcrumb"},"inLanguage":"en-US","potentialAction":[{"@type":"ReadAction","target":["https:\/\/www.visit-ulcinj.com\/blog\/2016\/11\/23\/rama-ne-zanima-nas-velika-albanija-video\/"]}]},{"@type":"BreadcrumbList","@id":"https:\/\/www.visit-ulcinj.com\/blog\/2016\/11\/23\/rama-ne-zanima-nas-velika-albanija-video\/#breadcrumb","itemListElement":[{"@type":"ListItem","position":1,"name":"Rama: Ne zanima nas Velika Albanija &#8211; Video"}]},{"@type":"Person","@id":"https:\/\/www.visit-ulcinj.com\/blog\/#\/schema\/person\/dcab619c614d3038751c63bc2aadc06d","name":"ulqini","sameAs":["http:\/\/www.visit-ulcinj.com"],"url":"https:\/\/www.visit-ulcinj.com\/blog\/author\/admin\/"}]}},"jetpack_featured_media_url":"","jetpack_sharing_enabled":true,"jetpack_shortlink":"https:\/\/wp.me\/pe6lTn-qjG","_links":{"self":[{"href":"https:\/\/www.visit-ulcinj.com\/blog\/wp-json\/wp\/v2\/posts\/101164"}],"collection":[{"href":"https:\/\/www.visit-ulcinj.com\/blog\/wp-json\/wp\/v2\/posts"}],"about":[{"href":"https:\/\/www.visit-ulcinj.com\/blog\/wp-json\/wp\/v2\/types\/post"}],"author":[{"embeddable":true,"href":"https:\/\/www.visit-ulcinj.com\/blog\/wp-json\/wp\/v2\/users\/1"}],"replies":[{"embeddable":true,"href":"https:\/\/www.visit-ulcinj.com\/blog\/wp-json\/wp\/v2\/comments?post=101164"}],"version-history":[{"count":1,"href":"https:\/\/www.visit-ulcinj.com\/blog\/wp-json\/wp\/v2\/posts\/101164\/revisions"}],"predecessor-version":[{"id":101166,"href":"https:\/\/www.visit-ulcinj.com\/blog\/wp-json\/wp\/v2\/posts\/101164\/revisions\/101166"}],"wp:attachment":[{"href":"https:\/\/www.visit-ulcinj.com\/blog\/wp-json\/wp\/v2\/media?parent=101164"}],"wp:term":[{"taxonomy":"category","embeddable":true,"href":"https:\/\/www.visit-ulcinj.com\/blog\/wp-json\/wp\/v2\/categories?post=101164"},{"taxonomy":"post_tag","embeddable":true,"href":"https:\/\/www.visit-ulcinj.com\/blog\/wp-json\/wp\/v2\/tags?post=101164"}],"curies":[{"name":"wp","href":"https:\/\/api.w.org\/{rel}","templated":true}]}}