{"id":101167,"date":"2016-11-23T14:31:02","date_gmt":"2016-11-23T13:31:02","guid":{"rendered":"http:\/\/www.visit-ulcinj.com\/blog\/?p=101167"},"modified":"2016-11-24T15:02:52","modified_gmt":"2016-11-24T14:02:52","slug":"jetlir-kovaci-fiton-cmimin-e-pare-ne-ekspoziten-po-vijne","status":"publish","type":"post","link":"https:\/\/www.visit-ulcinj.com\/blog\/2016\/11\/23\/jetlir-kovaci-fiton-cmimin-e-pare-ne-ekspoziten-po-vijne\/","title":{"rendered":"Jetlir Kova\u00e7i fiton \u00c7mimin e Par\u00eb n\u00eb ekspozit\u00ebn &#8220;Po vijn\u00eb&#8221;"},"content":{"rendered":"<div><a href=\"http:\/\/www.visit-ulcinj.com\/blog\/wp-content\/uploads\/2016\/11\/Jetlir-Kovaci-Po-vijne.jpg\"><img loading=\"lazy\" class=\"alignleft wp-image-101168\" src=\"http:\/\/www.visit-ulcinj.com\/blog\/wp-content\/uploads\/2016\/11\/Jetlir-Kovaci-Po-vijne.jpg\" alt=\"Jetlir-Kovaci-Po vijne\" width=\"508\" height=\"359\" \/><\/a>Me 22 n\u00ebntor 2016, n\u00eb or\u00ebn 18.00 n\u00eb Galerin\u00eb e Qytetit n\u00eb Viti (Kosov\u00eb), u hap Festivali i Fotografis\u00eb\u00a0&#8220;PIMI Photography 2016&#8221; &#8211; Edicioni i Dyt\u00eb\u00a0me ekspozit\u00ebn &#8220;Po vijn\u00eb&#8221;!\u00a0Jetlir Kova\u00e7i\u00a0\u00ebsht\u00eb\u00a0fituesi i \u00c7mimit t\u00eb\u00a0Par\u00eb n\u00eb k\u00ebt\u00eb ekspozit\u00eb i cili ka vler\u00ebn 500 euro.\u00a0K\u00ebt\u00eb vendim e mori juria profesionale e p\u00ebrb\u00ebr\u00eb nga Rozafa Shpuza, Adrian Fezollari, Arton Humolli dhe Osman Demiri.<\/div>\n<div>\n<div><\/div>\n<div>\n<div>Festivali i k\u00ebtij edicioni i cili zhvillohet nga data 22 deri m\u00eb\u00a026 n\u00ebntor u hap me ekspozit\u00ebn \u201cPo vijn\u00eb\u201d e cila \u00ebsht\u00eb konceptuar si ekspozit\u00eb e 24 fotograf\u00ebve shqiptar\u00eb t\u00eb gjenerat\u00ebs s\u00eb re e cila do t\u00eb duhej t\u00eb bartte mbi supet e saj zhvillimin e artit fotografik n\u00eb vitet q\u00eb vijn\u00eb. Ekspozita ka qen\u00eb konkuruese ku nga 24 artist\u00ebt pjes\u00ebmarr\u00ebs Juria profesionale e Festivalit shpalli fotografin\u00eb\u00a0m\u00eb t\u00eb\u00a0mire t\u00eb\u00a0ekspozit\u00ebs autor i s\u00eb\u00a0cil\u00ebs\u00a0\u00ebsht\u00eb\u00a0fotografi nga Ulqini Jetlir Kova\u00e7i.<\/div>\n<div><\/div>\n<div>\n<p>Drejtori i festivalit dhe ideatori, artisti i mir\u00ebnjohun i fotografis\u00eb, Fahredin Spahija, shprehet: \u201cKjo ekspozit\u00eb me autor\u00eb tejet t\u00eb guximsh\u00ebm dhe kreativ\u00eb ka si tendenc\u00eb thyerjen e stereotipeve tematike, po ashtu edhe atyre teknike, q\u00eb kan\u00eb mbizot\u00ebruar fotografin\u00eb shqiptare n\u00eb gjysm\u00ebn e fundit t\u00eb shekullit t\u00eb kaluar.<\/p>\n<p>Ajo q\u00eb deri dje ishte tabu n\u00eb artin fotografik, sot \u00ebsht\u00eb krejt\u00ebsisht e mundshme dhe e lejueshme, prandaj kjo ekspozit\u00eb, nd\u00ebr t\u00eb tjera, do t\u00eb sjell\u00eb risi dhe kahje inkurajuse p\u00ebr gjith\u00eb ata t\u00eb rinj q\u00eb d\u00ebshirojn\u00eb t\u00eb rrug\u00ebtojn\u00eb drejt aventur\u00ebs t\u00eb quajtur \u201cfotografi artistike\u201d.<\/p>\n<\/div>\n<div>\n<p>Bashkangjitur mund t\u00eb\u00a0shihni fotografin\u00eb\u00a0fituese t\u00eb\u00a0ekspozites &#8221;Po vijne&#8221;<\/p>\n<p><iframe loading=\"lazy\" style=\"border: none; overflow: hidden;\" src=\"https:\/\/www.facebook.com\/plugins\/video.php?href=https%3A%2F%2Fwww.facebook.com%2Fplustelevizion%2Fvideos%2F10154495211491858%2F&amp;show_text=0&amp;width=508\" width=\"508\" height=\"345\" frameborder=\"0\" scrolling=\"no\" allowfullscreen=\"allowfullscreen\"><\/iframe><\/p>\n<\/div>\n<\/div>\n<\/div>\n","protected":false},"excerpt":{"rendered":"<p>Me 22 n\u00ebntor 2016, n\u00eb or\u00ebn 18.00 n\u00eb Galerin\u00eb e Qytetit n\u00eb Viti (Kosov\u00eb), u hap Festivali i Fotografis\u00eb\u00a0&#8220;PIMI Photography 2016&#8221; &#8211; Edicioni i Dyt\u00eb\u00a0me ekspozit\u00ebn &#8220;Po vijn\u00eb&#8221;!\u00a0Jetlir Kova\u00e7i\u00a0\u00ebsht\u00eb\u00a0fituesi i \u00c7mimit t\u00eb\u00a0Par\u00eb n\u00eb k\u00ebt\u00eb ekspozit\u00eb i cili ka vler\u00ebn 500 euro.\u00a0K\u00ebt\u00eb vendim e mori juria profesionale e p\u00ebrb\u00ebr\u00eb nga Rozafa Shpuza, Adrian Fezollari, Arton Humolli [&hellip;]<\/p>\n","protected":false},"author":1,"featured_media":0,"comment_status":"closed","ping_status":"closed","sticky":false,"template":"","format":"standard","meta":{"spay_email":"","jetpack_publicize_message":"","jetpack_is_tweetstorm":false,"jetpack_publicize_feature_enabled":true},"categories":[4,1],"tags":[],"jetpack_publicize_connections":[],"yoast_head":"<!-- This site is optimized with the Yoast SEO plugin v19.1 - https:\/\/yoast.com\/wordpress\/plugins\/seo\/ -->\n<title>Jetlir Kova\u00e7i fiton \u00c7mimin e Par\u00eb n\u00eb ekspozit\u00ebn &quot;Po vijn\u00eb&quot; - Lajme nga Ulqini<\/title>\n<meta name=\"description\" content=\"Me 22 n\u00ebntor 2016, n\u00eb or\u00ebn 18.00 n\u00eb Galerin\u00eb e Qytetit n\u00eb Viti (Kosov\u00eb), u hap Festivali i Fotografis\u00eb\u00a0&quot;PIMI Photography 2016&quot; - Edicioni i Dyt\u00eb\u00a0me\" \/>\n<meta name=\"robots\" content=\"index, follow, max-snippet:-1, max-image-preview:large, max-video-preview:-1\" \/>\n<link rel=\"canonical\" href=\"https:\/\/www.visit-ulcinj.com\/blog\/2016\/11\/23\/jetlir-kovaci-fiton-cmimin-e-pare-ne-ekspoziten-po-vijne\/\" \/>\n<meta property=\"og:locale\" content=\"en_US\" \/>\n<meta property=\"og:type\" content=\"article\" \/>\n<meta property=\"og:title\" content=\"Jetlir Kova\u00e7i fiton \u00c7mimin e Par\u00eb n\u00eb ekspozit\u00ebn &quot;Po vijn\u00eb&quot; - Lajme nga Ulqini\" \/>\n<meta property=\"og:description\" content=\"Me 22 n\u00ebntor 2016, n\u00eb or\u00ebn 18.00 n\u00eb Galerin\u00eb e Qytetit n\u00eb Viti (Kosov\u00eb), u hap Festivali i Fotografis\u00eb\u00a0&quot;PIMI Photography 2016&quot; - Edicioni i Dyt\u00eb\u00a0me\" \/>\n<meta property=\"og:url\" content=\"https:\/\/www.visit-ulcinj.com\/blog\/2016\/11\/23\/jetlir-kovaci-fiton-cmimin-e-pare-ne-ekspoziten-po-vijne\/\" \/>\n<meta property=\"og:site_name\" content=\"Lajme nga Ulqini\" \/>\n<meta property=\"article:published_time\" content=\"2016-11-23T13:31:02+00:00\" \/>\n<meta property=\"article:modified_time\" content=\"2016-11-24T14:02:52+00:00\" \/>\n<meta property=\"og:image\" content=\"http:\/\/www.visit-ulcinj.com\/blog\/wp-content\/uploads\/2016\/11\/Jetlir-Kovaci-Po-vijne.jpg\" \/>\n<meta name=\"twitter:label1\" content=\"Written by\" \/>\n\t<meta name=\"twitter:data1\" content=\"ulqini\" \/>\n\t<meta name=\"twitter:label2\" content=\"Est. reading time\" \/>\n\t<meta name=\"twitter:data2\" content=\"1 minute\" \/>\n<script type=\"application\/ld+json\" class=\"yoast-schema-graph\">{\"@context\":\"https:\/\/schema.org\",\"@graph\":[{\"@type\":\"WebSite\",\"@id\":\"https:\/\/www.visit-ulcinj.com\/blog\/#website\",\"url\":\"https:\/\/www.visit-ulcinj.com\/blog\/\",\"name\":\"Lajme nga Ulqini\",\"description\":\"Lajme,Vijesti,Ulqini,Ulqin,Crna Gora,Mali i Zi\",\"potentialAction\":[{\"@type\":\"SearchAction\",\"target\":{\"@type\":\"EntryPoint\",\"urlTemplate\":\"https:\/\/www.visit-ulcinj.com\/blog\/?s={search_term_string}\"},\"query-input\":\"required name=search_term_string\"}],\"inLanguage\":\"en-US\"},{\"@type\":\"ImageObject\",\"inLanguage\":\"en-US\",\"@id\":\"https:\/\/www.visit-ulcinj.com\/blog\/2016\/11\/23\/jetlir-kovaci-fiton-cmimin-e-pare-ne-ekspoziten-po-vijne\/#primaryimage\",\"url\":\"http:\/\/www.visit-ulcinj.com\/blog\/wp-content\/uploads\/2016\/11\/Jetlir-Kovaci-Po-vijne.jpg\",\"contentUrl\":\"http:\/\/www.visit-ulcinj.com\/blog\/wp-content\/uploads\/2016\/11\/Jetlir-Kovaci-Po-vijne.jpg\"},{\"@type\":\"WebPage\",\"@id\":\"https:\/\/www.visit-ulcinj.com\/blog\/2016\/11\/23\/jetlir-kovaci-fiton-cmimin-e-pare-ne-ekspoziten-po-vijne\/#webpage\",\"url\":\"https:\/\/www.visit-ulcinj.com\/blog\/2016\/11\/23\/jetlir-kovaci-fiton-cmimin-e-pare-ne-ekspoziten-po-vijne\/\",\"name\":\"Jetlir Kova\u00e7i fiton \u00c7mimin e Par\u00eb n\u00eb ekspozit\u00ebn \\\"Po vijn\u00eb\\\" - Lajme nga Ulqini\",\"isPartOf\":{\"@id\":\"https:\/\/www.visit-ulcinj.com\/blog\/#website\"},\"primaryImageOfPage\":{\"@id\":\"https:\/\/www.visit-ulcinj.com\/blog\/2016\/11\/23\/jetlir-kovaci-fiton-cmimin-e-pare-ne-ekspoziten-po-vijne\/#primaryimage\"},\"datePublished\":\"2016-11-23T13:31:02+00:00\",\"dateModified\":\"2016-11-24T14:02:52+00:00\",\"author\":{\"@id\":\"https:\/\/www.visit-ulcinj.com\/blog\/#\/schema\/person\/dcab619c614d3038751c63bc2aadc06d\"},\"description\":\"Me 22 n\u00ebntor 2016, n\u00eb or\u00ebn 18.00 n\u00eb Galerin\u00eb e Qytetit n\u00eb Viti (Kosov\u00eb), u hap Festivali i Fotografis\u00eb\u00a0\\\"PIMI Photography 2016\\\" - Edicioni i Dyt\u00eb\u00a0me\",\"breadcrumb\":{\"@id\":\"https:\/\/www.visit-ulcinj.com\/blog\/2016\/11\/23\/jetlir-kovaci-fiton-cmimin-e-pare-ne-ekspoziten-po-vijne\/#breadcrumb\"},\"inLanguage\":\"en-US\",\"potentialAction\":[{\"@type\":\"ReadAction\",\"target\":[\"https:\/\/www.visit-ulcinj.com\/blog\/2016\/11\/23\/jetlir-kovaci-fiton-cmimin-e-pare-ne-ekspoziten-po-vijne\/\"]}]},{\"@type\":\"BreadcrumbList\",\"@id\":\"https:\/\/www.visit-ulcinj.com\/blog\/2016\/11\/23\/jetlir-kovaci-fiton-cmimin-e-pare-ne-ekspoziten-po-vijne\/#breadcrumb\",\"itemListElement\":[{\"@type\":\"ListItem\",\"position\":1,\"name\":\"Jetlir Kova\u00e7i fiton \u00c7mimin e Par\u00eb n\u00eb ekspozit\u00ebn &#8220;Po vijn\u00eb&#8221;\"}]},{\"@type\":\"Person\",\"@id\":\"https:\/\/www.visit-ulcinj.com\/blog\/#\/schema\/person\/dcab619c614d3038751c63bc2aadc06d\",\"name\":\"ulqini\",\"sameAs\":[\"http:\/\/www.visit-ulcinj.com\"],\"url\":\"https:\/\/www.visit-ulcinj.com\/blog\/author\/admin\/\"}]}<\/script>\n<!-- \/ Yoast SEO plugin. -->","yoast_head_json":{"title":"Jetlir Kova\u00e7i fiton \u00c7mimin e Par\u00eb n\u00eb ekspozit\u00ebn \"Po vijn\u00eb\" - Lajme nga Ulqini","description":"Me 22 n\u00ebntor 2016, n\u00eb or\u00ebn 18.00 n\u00eb Galerin\u00eb e Qytetit n\u00eb Viti (Kosov\u00eb), u hap Festivali i Fotografis\u00eb\u00a0\"PIMI Photography 2016\" - Edicioni i Dyt\u00eb\u00a0me","robots":{"index":"index","follow":"follow","max-snippet":"max-snippet:-1","max-image-preview":"max-image-preview:large","max-video-preview":"max-video-preview:-1"},"canonical":"https:\/\/www.visit-ulcinj.com\/blog\/2016\/11\/23\/jetlir-kovaci-fiton-cmimin-e-pare-ne-ekspoziten-po-vijne\/","og_locale":"en_US","og_type":"article","og_title":"Jetlir Kova\u00e7i fiton \u00c7mimin e Par\u00eb n\u00eb ekspozit\u00ebn \"Po vijn\u00eb\" - Lajme nga Ulqini","og_description":"Me 22 n\u00ebntor 2016, n\u00eb or\u00ebn 18.00 n\u00eb Galerin\u00eb e Qytetit n\u00eb Viti (Kosov\u00eb), u hap Festivali i Fotografis\u00eb\u00a0\"PIMI Photography 2016\" - Edicioni i Dyt\u00eb\u00a0me","og_url":"https:\/\/www.visit-ulcinj.com\/blog\/2016\/11\/23\/jetlir-kovaci-fiton-cmimin-e-pare-ne-ekspoziten-po-vijne\/","og_site_name":"Lajme nga Ulqini","article_published_time":"2016-11-23T13:31:02+00:00","article_modified_time":"2016-11-24T14:02:52+00:00","og_image":[{"url":"http:\/\/www.visit-ulcinj.com\/blog\/wp-content\/uploads\/2016\/11\/Jetlir-Kovaci-Po-vijne.jpg"}],"twitter_misc":{"Written by":"ulqini","Est. reading time":"1 minute"},"schema":{"@context":"https:\/\/schema.org","@graph":[{"@type":"WebSite","@id":"https:\/\/www.visit-ulcinj.com\/blog\/#website","url":"https:\/\/www.visit-ulcinj.com\/blog\/","name":"Lajme nga Ulqini","description":"Lajme,Vijesti,Ulqini,Ulqin,Crna Gora,Mali i Zi","potentialAction":[{"@type":"SearchAction","target":{"@type":"EntryPoint","urlTemplate":"https:\/\/www.visit-ulcinj.com\/blog\/?s={search_term_string}"},"query-input":"required name=search_term_string"}],"inLanguage":"en-US"},{"@type":"ImageObject","inLanguage":"en-US","@id":"https:\/\/www.visit-ulcinj.com\/blog\/2016\/11\/23\/jetlir-kovaci-fiton-cmimin-e-pare-ne-ekspoziten-po-vijne\/#primaryimage","url":"http:\/\/www.visit-ulcinj.com\/blog\/wp-content\/uploads\/2016\/11\/Jetlir-Kovaci-Po-vijne.jpg","contentUrl":"http:\/\/www.visit-ulcinj.com\/blog\/wp-content\/uploads\/2016\/11\/Jetlir-Kovaci-Po-vijne.jpg"},{"@type":"WebPage","@id":"https:\/\/www.visit-ulcinj.com\/blog\/2016\/11\/23\/jetlir-kovaci-fiton-cmimin-e-pare-ne-ekspoziten-po-vijne\/#webpage","url":"https:\/\/www.visit-ulcinj.com\/blog\/2016\/11\/23\/jetlir-kovaci-fiton-cmimin-e-pare-ne-ekspoziten-po-vijne\/","name":"Jetlir Kova\u00e7i fiton \u00c7mimin e Par\u00eb n\u00eb ekspozit\u00ebn \"Po vijn\u00eb\" - Lajme nga Ulqini","isPartOf":{"@id":"https:\/\/www.visit-ulcinj.com\/blog\/#website"},"primaryImageOfPage":{"@id":"https:\/\/www.visit-ulcinj.com\/blog\/2016\/11\/23\/jetlir-kovaci-fiton-cmimin-e-pare-ne-ekspoziten-po-vijne\/#primaryimage"},"datePublished":"2016-11-23T13:31:02+00:00","dateModified":"2016-11-24T14:02:52+00:00","author":{"@id":"https:\/\/www.visit-ulcinj.com\/blog\/#\/schema\/person\/dcab619c614d3038751c63bc2aadc06d"},"description":"Me 22 n\u00ebntor 2016, n\u00eb or\u00ebn 18.00 n\u00eb Galerin\u00eb e Qytetit n\u00eb Viti (Kosov\u00eb), u hap Festivali i Fotografis\u00eb\u00a0\"PIMI Photography 2016\" - Edicioni i Dyt\u00eb\u00a0me","breadcrumb":{"@id":"https:\/\/www.visit-ulcinj.com\/blog\/2016\/11\/23\/jetlir-kovaci-fiton-cmimin-e-pare-ne-ekspoziten-po-vijne\/#breadcrumb"},"inLanguage":"en-US","potentialAction":[{"@type":"ReadAction","target":["https:\/\/www.visit-ulcinj.com\/blog\/2016\/11\/23\/jetlir-kovaci-fiton-cmimin-e-pare-ne-ekspoziten-po-vijne\/"]}]},{"@type":"BreadcrumbList","@id":"https:\/\/www.visit-ulcinj.com\/blog\/2016\/11\/23\/jetlir-kovaci-fiton-cmimin-e-pare-ne-ekspoziten-po-vijne\/#breadcrumb","itemListElement":[{"@type":"ListItem","position":1,"name":"Jetlir Kova\u00e7i fiton \u00c7mimin e Par\u00eb n\u00eb ekspozit\u00ebn &#8220;Po vijn\u00eb&#8221;"}]},{"@type":"Person","@id":"https:\/\/www.visit-ulcinj.com\/blog\/#\/schema\/person\/dcab619c614d3038751c63bc2aadc06d","name":"ulqini","sameAs":["http:\/\/www.visit-ulcinj.com"],"url":"https:\/\/www.visit-ulcinj.com\/blog\/author\/admin\/"}]}},"jetpack_featured_media_url":"","jetpack_sharing_enabled":true,"jetpack_shortlink":"https:\/\/wp.me\/pe6lTn-qjJ","_links":{"self":[{"href":"https:\/\/www.visit-ulcinj.com\/blog\/wp-json\/wp\/v2\/posts\/101167"}],"collection":[{"href":"https:\/\/www.visit-ulcinj.com\/blog\/wp-json\/wp\/v2\/posts"}],"about":[{"href":"https:\/\/www.visit-ulcinj.com\/blog\/wp-json\/wp\/v2\/types\/post"}],"author":[{"embeddable":true,"href":"https:\/\/www.visit-ulcinj.com\/blog\/wp-json\/wp\/v2\/users\/1"}],"replies":[{"embeddable":true,"href":"https:\/\/www.visit-ulcinj.com\/blog\/wp-json\/wp\/v2\/comments?post=101167"}],"version-history":[{"count":1,"href":"https:\/\/www.visit-ulcinj.com\/blog\/wp-json\/wp\/v2\/posts\/101167\/revisions"}],"predecessor-version":[{"id":101169,"href":"https:\/\/www.visit-ulcinj.com\/blog\/wp-json\/wp\/v2\/posts\/101167\/revisions\/101169"}],"wp:attachment":[{"href":"https:\/\/www.visit-ulcinj.com\/blog\/wp-json\/wp\/v2\/media?parent=101167"}],"wp:term":[{"taxonomy":"category","embeddable":true,"href":"https:\/\/www.visit-ulcinj.com\/blog\/wp-json\/wp\/v2\/categories?post=101167"},{"taxonomy":"post_tag","embeddable":true,"href":"https:\/\/www.visit-ulcinj.com\/blog\/wp-json\/wp\/v2\/tags?post=101167"}],"curies":[{"name":"wp","href":"https:\/\/api.w.org\/{rel}","templated":true}]}}