{"id":101170,"date":"2016-11-23T14:46:48","date_gmt":"2016-11-23T13:46:48","guid":{"rendered":"http:\/\/www.visit-ulcinj.com\/blog\/?p=101170"},"modified":"2016-11-23T14:47:18","modified_gmt":"2016-11-23T13:47:18","slug":"kf-otranti-ulqinit-merr-ftese-per-kupen-pavaresia","status":"publish","type":"post","link":"https:\/\/www.visit-ulcinj.com\/blog\/2016\/11\/23\/kf-otranti-ulqinit-merr-ftese-per-kupen-pavaresia\/","title":{"rendered":"KF Otranti i Ulqinit merr ftes\u00eb p\u00ebr Kup\u00ebn \u201cPavar\u00ebsia\u201d"},"content":{"rendered":"<p><a href=\"http:\/\/www.visit-ulcinj.com\/blog\/wp-content\/uploads\/2016\/11\/FK-Otrant-Olympic.jpg\"><img loading=\"lazy\" class=\"alignleft wp-image-101171\" src=\"http:\/\/www.visit-ulcinj.com\/blog\/wp-content\/uploads\/2016\/11\/FK-Otrant-Olympic.jpg\" alt=\"FK Otrant Olympic\" width=\"508\" height=\"273\" srcset=\"https:\/\/www.visit-ulcinj.com\/blog\/wp-content\/uploads\/2016\/11\/FK-Otrant-Olympic.jpg 786w, https:\/\/www.visit-ulcinj.com\/blog\/wp-content\/uploads\/2016\/11\/FK-Otrant-Olympic-300x161.jpg 300w, https:\/\/www.visit-ulcinj.com\/blog\/wp-content\/uploads\/2016\/11\/FK-Otrant-Olympic-768x412.jpg 768w\" sizes=\"(max-width: 508px) 100vw, 508px\" \/><\/a>Si p\u00ebr \u00e7do vit\u00eb &#8220;Dita e 28 N\u00ebntorit&#8221;, edhe k\u00ebt\u00eb vit do t\u00eb mbledh skuadra nga trojet shqiptare. N\u00eb edicionin e tet\u00eb t\u00eb Kup\u00ebs \u201cPavar\u00ebsia\u201d, do t\u00eb marrin pjes\u00eb skuadra \u201cOtrant\u201d e Ulqinit, \u201cShk\u00ebndija\u201d e Tetov\u00ebs, \u201cPrishtina\u201d dhe \u201cKuk\u00ebsi\u201d, ka njoftuar Federata Shqiptare e Fubollit (FSHF).<\/p>\n<p>\u201cEkipet do t\u00eb grumbullohen m\u00eb dat\u00eb 27 n\u00ebntor n\u00eb Resortin \u201cTropikal\u201d n\u00eb Durr\u00ebs, ku n\u00eb mbr\u00ebmje do t\u00eb hidhet edhe shorti i aktivitetit. Gjysm\u00ebfinalet do t\u00eb fillojn\u00eb, m\u00eb dat\u00eb 28 n\u00ebntor n\u00eb or\u00ebn 11.00, nd\u00ebrsa ndeshja finale do t\u00eb luhet rreth or\u00ebs 12.30\u201d, thuhet n\u00eb njoftimin e FSHF-s\u00eb.<\/p>\n<p>\u201cP\u00ebr fituesit do t\u00eb dor\u00ebzohet kupa e aktivitetit. P\u00ebr t\u00eb dy finalist\u00ebt, do t\u00eb shp\u00ebrndahen medalje, nd\u00ebrkoh\u00eb q\u00eb do t\u00eb ket\u00eb edhe trofe p\u00ebr skuadr\u00ebn \u201cFair Play\u201d, p\u00ebr lojtarin m\u00eb t\u00eb mir\u00eb t\u00eb Kup\u00ebs \u201cPavar\u00ebsia\u201d\u201d, p\u00ebrfundon njoftimi.\/Lajm<\/p>\n","protected":false},"excerpt":{"rendered":"<p>Si p\u00ebr \u00e7do vit\u00eb &#8220;Dita e 28 N\u00ebntorit&#8221;, edhe k\u00ebt\u00eb vit do t\u00eb mbledh skuadra nga trojet shqiptare. N\u00eb edicionin e tet\u00eb t\u00eb Kup\u00ebs \u201cPavar\u00ebsia\u201d, do t\u00eb marrin pjes\u00eb skuadra \u201cOtrant\u201d e Ulqinit, \u201cShk\u00ebndija\u201d e Tetov\u00ebs, \u201cPrishtina\u201d dhe \u201cKuk\u00ebsi\u201d, ka njoftuar Federata Shqiptare e Fubollit (FSHF). \u201cEkipet do t\u00eb grumbullohen m\u00eb dat\u00eb 27 n\u00ebntor n\u00eb [&hellip;]<\/p>\n","protected":false},"author":1,"featured_media":0,"comment_status":"closed","ping_status":"closed","sticky":false,"template":"","format":"standard","meta":{"spay_email":"","jetpack_publicize_message":"","jetpack_is_tweetstorm":false,"jetpack_publicize_feature_enabled":true},"categories":[14],"tags":[],"jetpack_publicize_connections":[],"yoast_head":"<!-- This site is optimized with the Yoast SEO plugin v19.1 - https:\/\/yoast.com\/wordpress\/plugins\/seo\/ -->\n<title>KF Otranti i Ulqinit merr ftes\u00eb p\u00ebr Kup\u00ebn \u201cPavar\u00ebsia\u201d - Lajme nga Ulqini<\/title>\n<meta name=\"description\" content=\"Si p\u00ebr \u00e7do vit\u00eb &quot;Dita e 28 N\u00ebntorit&quot;, edhe k\u00ebt\u00eb vit do t\u00eb mbledh skuadra nga trojet shqiptare. N\u00eb edicionin e tet\u00eb t\u00eb Kup\u00ebs \u201cPavar\u00ebsia\u201d, do t\u00eb marrin\" \/>\n<meta name=\"robots\" content=\"index, follow, max-snippet:-1, max-image-preview:large, max-video-preview:-1\" \/>\n<link rel=\"canonical\" href=\"https:\/\/www.visit-ulcinj.com\/blog\/2016\/11\/23\/kf-otranti-ulqinit-merr-ftese-per-kupen-pavaresia\/\" \/>\n<meta property=\"og:locale\" content=\"en_US\" \/>\n<meta property=\"og:type\" content=\"article\" \/>\n<meta property=\"og:title\" content=\"KF Otranti i Ulqinit merr ftes\u00eb p\u00ebr Kup\u00ebn \u201cPavar\u00ebsia\u201d - Lajme nga Ulqini\" \/>\n<meta property=\"og:description\" content=\"Si p\u00ebr \u00e7do vit\u00eb &quot;Dita e 28 N\u00ebntorit&quot;, edhe k\u00ebt\u00eb vit do t\u00eb mbledh skuadra nga trojet shqiptare. N\u00eb edicionin e tet\u00eb t\u00eb Kup\u00ebs \u201cPavar\u00ebsia\u201d, do t\u00eb marrin\" \/>\n<meta property=\"og:url\" content=\"https:\/\/www.visit-ulcinj.com\/blog\/2016\/11\/23\/kf-otranti-ulqinit-merr-ftese-per-kupen-pavaresia\/\" \/>\n<meta property=\"og:site_name\" content=\"Lajme nga Ulqini\" \/>\n<meta property=\"article:published_time\" content=\"2016-11-23T13:46:48+00:00\" \/>\n<meta property=\"article:modified_time\" content=\"2016-11-23T13:47:18+00:00\" \/>\n<meta property=\"og:image\" content=\"http:\/\/www.visit-ulcinj.com\/blog\/wp-content\/uploads\/2016\/11\/FK-Otrant-Olympic.jpg\" \/>\n<meta name=\"twitter:label1\" content=\"Written by\" \/>\n\t<meta name=\"twitter:data1\" content=\"ulqini\" \/>\n\t<meta name=\"twitter:label2\" content=\"Est. reading time\" \/>\n\t<meta name=\"twitter:data2\" content=\"1 minute\" \/>\n<script type=\"application\/ld+json\" class=\"yoast-schema-graph\">{\"@context\":\"https:\/\/schema.org\",\"@graph\":[{\"@type\":\"WebSite\",\"@id\":\"https:\/\/www.visit-ulcinj.com\/blog\/#website\",\"url\":\"https:\/\/www.visit-ulcinj.com\/blog\/\",\"name\":\"Lajme nga Ulqini\",\"description\":\"Lajme,Vijesti,Ulqini,Ulqin,Crna Gora,Mali i Zi\",\"potentialAction\":[{\"@type\":\"SearchAction\",\"target\":{\"@type\":\"EntryPoint\",\"urlTemplate\":\"https:\/\/www.visit-ulcinj.com\/blog\/?s={search_term_string}\"},\"query-input\":\"required name=search_term_string\"}],\"inLanguage\":\"en-US\"},{\"@type\":\"ImageObject\",\"inLanguage\":\"en-US\",\"@id\":\"https:\/\/www.visit-ulcinj.com\/blog\/2016\/11\/23\/kf-otranti-ulqinit-merr-ftese-per-kupen-pavaresia\/#primaryimage\",\"url\":\"https:\/\/www.visit-ulcinj.com\/blog\/wp-content\/uploads\/2016\/11\/FK-Otrant-Olympic.jpg\",\"contentUrl\":\"https:\/\/www.visit-ulcinj.com\/blog\/wp-content\/uploads\/2016\/11\/FK-Otrant-Olympic.jpg\",\"width\":786,\"height\":422},{\"@type\":\"WebPage\",\"@id\":\"https:\/\/www.visit-ulcinj.com\/blog\/2016\/11\/23\/kf-otranti-ulqinit-merr-ftese-per-kupen-pavaresia\/#webpage\",\"url\":\"https:\/\/www.visit-ulcinj.com\/blog\/2016\/11\/23\/kf-otranti-ulqinit-merr-ftese-per-kupen-pavaresia\/\",\"name\":\"KF Otranti i Ulqinit merr ftes\u00eb p\u00ebr Kup\u00ebn \u201cPavar\u00ebsia\u201d - Lajme nga Ulqini\",\"isPartOf\":{\"@id\":\"https:\/\/www.visit-ulcinj.com\/blog\/#website\"},\"primaryImageOfPage\":{\"@id\":\"https:\/\/www.visit-ulcinj.com\/blog\/2016\/11\/23\/kf-otranti-ulqinit-merr-ftese-per-kupen-pavaresia\/#primaryimage\"},\"datePublished\":\"2016-11-23T13:46:48+00:00\",\"dateModified\":\"2016-11-23T13:47:18+00:00\",\"author\":{\"@id\":\"https:\/\/www.visit-ulcinj.com\/blog\/#\/schema\/person\/dcab619c614d3038751c63bc2aadc06d\"},\"description\":\"Si p\u00ebr \u00e7do vit\u00eb \\\"Dita e 28 N\u00ebntorit\\\", edhe k\u00ebt\u00eb vit do t\u00eb mbledh skuadra nga trojet shqiptare. N\u00eb edicionin e tet\u00eb t\u00eb Kup\u00ebs \u201cPavar\u00ebsia\u201d, do t\u00eb marrin\",\"breadcrumb\":{\"@id\":\"https:\/\/www.visit-ulcinj.com\/blog\/2016\/11\/23\/kf-otranti-ulqinit-merr-ftese-per-kupen-pavaresia\/#breadcrumb\"},\"inLanguage\":\"en-US\",\"potentialAction\":[{\"@type\":\"ReadAction\",\"target\":[\"https:\/\/www.visit-ulcinj.com\/blog\/2016\/11\/23\/kf-otranti-ulqinit-merr-ftese-per-kupen-pavaresia\/\"]}]},{\"@type\":\"BreadcrumbList\",\"@id\":\"https:\/\/www.visit-ulcinj.com\/blog\/2016\/11\/23\/kf-otranti-ulqinit-merr-ftese-per-kupen-pavaresia\/#breadcrumb\",\"itemListElement\":[{\"@type\":\"ListItem\",\"position\":1,\"name\":\"KF Otranti i Ulqinit merr ftes\u00eb p\u00ebr Kup\u00ebn \u201cPavar\u00ebsia\u201d\"}]},{\"@type\":\"Person\",\"@id\":\"https:\/\/www.visit-ulcinj.com\/blog\/#\/schema\/person\/dcab619c614d3038751c63bc2aadc06d\",\"name\":\"ulqini\",\"sameAs\":[\"http:\/\/www.visit-ulcinj.com\"],\"url\":\"https:\/\/www.visit-ulcinj.com\/blog\/author\/admin\/\"}]}<\/script>\n<!-- \/ Yoast SEO plugin. -->","yoast_head_json":{"title":"KF Otranti i Ulqinit merr ftes\u00eb p\u00ebr Kup\u00ebn \u201cPavar\u00ebsia\u201d - Lajme nga Ulqini","description":"Si p\u00ebr \u00e7do vit\u00eb \"Dita e 28 N\u00ebntorit\", edhe k\u00ebt\u00eb vit do t\u00eb mbledh skuadra nga trojet shqiptare. N\u00eb edicionin e tet\u00eb t\u00eb Kup\u00ebs \u201cPavar\u00ebsia\u201d, do t\u00eb marrin","robots":{"index":"index","follow":"follow","max-snippet":"max-snippet:-1","max-image-preview":"max-image-preview:large","max-video-preview":"max-video-preview:-1"},"canonical":"https:\/\/www.visit-ulcinj.com\/blog\/2016\/11\/23\/kf-otranti-ulqinit-merr-ftese-per-kupen-pavaresia\/","og_locale":"en_US","og_type":"article","og_title":"KF Otranti i Ulqinit merr ftes\u00eb p\u00ebr Kup\u00ebn \u201cPavar\u00ebsia\u201d - Lajme nga Ulqini","og_description":"Si p\u00ebr \u00e7do vit\u00eb \"Dita e 28 N\u00ebntorit\", edhe k\u00ebt\u00eb vit do t\u00eb mbledh skuadra nga trojet shqiptare. N\u00eb edicionin e tet\u00eb t\u00eb Kup\u00ebs \u201cPavar\u00ebsia\u201d, do t\u00eb marrin","og_url":"https:\/\/www.visit-ulcinj.com\/blog\/2016\/11\/23\/kf-otranti-ulqinit-merr-ftese-per-kupen-pavaresia\/","og_site_name":"Lajme nga Ulqini","article_published_time":"2016-11-23T13:46:48+00:00","article_modified_time":"2016-11-23T13:47:18+00:00","og_image":[{"url":"http:\/\/www.visit-ulcinj.com\/blog\/wp-content\/uploads\/2016\/11\/FK-Otrant-Olympic.jpg"}],"twitter_misc":{"Written by":"ulqini","Est. reading time":"1 minute"},"schema":{"@context":"https:\/\/schema.org","@graph":[{"@type":"WebSite","@id":"https:\/\/www.visit-ulcinj.com\/blog\/#website","url":"https:\/\/www.visit-ulcinj.com\/blog\/","name":"Lajme nga Ulqini","description":"Lajme,Vijesti,Ulqini,Ulqin,Crna Gora,Mali i Zi","potentialAction":[{"@type":"SearchAction","target":{"@type":"EntryPoint","urlTemplate":"https:\/\/www.visit-ulcinj.com\/blog\/?s={search_term_string}"},"query-input":"required name=search_term_string"}],"inLanguage":"en-US"},{"@type":"ImageObject","inLanguage":"en-US","@id":"https:\/\/www.visit-ulcinj.com\/blog\/2016\/11\/23\/kf-otranti-ulqinit-merr-ftese-per-kupen-pavaresia\/#primaryimage","url":"https:\/\/www.visit-ulcinj.com\/blog\/wp-content\/uploads\/2016\/11\/FK-Otrant-Olympic.jpg","contentUrl":"https:\/\/www.visit-ulcinj.com\/blog\/wp-content\/uploads\/2016\/11\/FK-Otrant-Olympic.jpg","width":786,"height":422},{"@type":"WebPage","@id":"https:\/\/www.visit-ulcinj.com\/blog\/2016\/11\/23\/kf-otranti-ulqinit-merr-ftese-per-kupen-pavaresia\/#webpage","url":"https:\/\/www.visit-ulcinj.com\/blog\/2016\/11\/23\/kf-otranti-ulqinit-merr-ftese-per-kupen-pavaresia\/","name":"KF Otranti i Ulqinit merr ftes\u00eb p\u00ebr Kup\u00ebn \u201cPavar\u00ebsia\u201d - Lajme nga Ulqini","isPartOf":{"@id":"https:\/\/www.visit-ulcinj.com\/blog\/#website"},"primaryImageOfPage":{"@id":"https:\/\/www.visit-ulcinj.com\/blog\/2016\/11\/23\/kf-otranti-ulqinit-merr-ftese-per-kupen-pavaresia\/#primaryimage"},"datePublished":"2016-11-23T13:46:48+00:00","dateModified":"2016-11-23T13:47:18+00:00","author":{"@id":"https:\/\/www.visit-ulcinj.com\/blog\/#\/schema\/person\/dcab619c614d3038751c63bc2aadc06d"},"description":"Si p\u00ebr \u00e7do vit\u00eb \"Dita e 28 N\u00ebntorit\", edhe k\u00ebt\u00eb vit do t\u00eb mbledh skuadra nga trojet shqiptare. N\u00eb edicionin e tet\u00eb t\u00eb Kup\u00ebs \u201cPavar\u00ebsia\u201d, do t\u00eb marrin","breadcrumb":{"@id":"https:\/\/www.visit-ulcinj.com\/blog\/2016\/11\/23\/kf-otranti-ulqinit-merr-ftese-per-kupen-pavaresia\/#breadcrumb"},"inLanguage":"en-US","potentialAction":[{"@type":"ReadAction","target":["https:\/\/www.visit-ulcinj.com\/blog\/2016\/11\/23\/kf-otranti-ulqinit-merr-ftese-per-kupen-pavaresia\/"]}]},{"@type":"BreadcrumbList","@id":"https:\/\/www.visit-ulcinj.com\/blog\/2016\/11\/23\/kf-otranti-ulqinit-merr-ftese-per-kupen-pavaresia\/#breadcrumb","itemListElement":[{"@type":"ListItem","position":1,"name":"KF Otranti i Ulqinit merr ftes\u00eb p\u00ebr Kup\u00ebn \u201cPavar\u00ebsia\u201d"}]},{"@type":"Person","@id":"https:\/\/www.visit-ulcinj.com\/blog\/#\/schema\/person\/dcab619c614d3038751c63bc2aadc06d","name":"ulqini","sameAs":["http:\/\/www.visit-ulcinj.com"],"url":"https:\/\/www.visit-ulcinj.com\/blog\/author\/admin\/"}]}},"jetpack_featured_media_url":"","jetpack_sharing_enabled":true,"jetpack_shortlink":"https:\/\/wp.me\/pe6lTn-qjM","_links":{"self":[{"href":"https:\/\/www.visit-ulcinj.com\/blog\/wp-json\/wp\/v2\/posts\/101170"}],"collection":[{"href":"https:\/\/www.visit-ulcinj.com\/blog\/wp-json\/wp\/v2\/posts"}],"about":[{"href":"https:\/\/www.visit-ulcinj.com\/blog\/wp-json\/wp\/v2\/types\/post"}],"author":[{"embeddable":true,"href":"https:\/\/www.visit-ulcinj.com\/blog\/wp-json\/wp\/v2\/users\/1"}],"replies":[{"embeddable":true,"href":"https:\/\/www.visit-ulcinj.com\/blog\/wp-json\/wp\/v2\/comments?post=101170"}],"version-history":[{"count":2,"href":"https:\/\/www.visit-ulcinj.com\/blog\/wp-json\/wp\/v2\/posts\/101170\/revisions"}],"predecessor-version":[{"id":101173,"href":"https:\/\/www.visit-ulcinj.com\/blog\/wp-json\/wp\/v2\/posts\/101170\/revisions\/101173"}],"wp:attachment":[{"href":"https:\/\/www.visit-ulcinj.com\/blog\/wp-json\/wp\/v2\/media?parent=101170"}],"wp:term":[{"taxonomy":"category","embeddable":true,"href":"https:\/\/www.visit-ulcinj.com\/blog\/wp-json\/wp\/v2\/categories?post=101170"},{"taxonomy":"post_tag","embeddable":true,"href":"https:\/\/www.visit-ulcinj.com\/blog\/wp-json\/wp\/v2\/tags?post=101170"}],"curies":[{"name":"wp","href":"https:\/\/api.w.org\/{rel}","templated":true}]}}