{"id":101187,"date":"2016-11-24T14:58:45","date_gmt":"2016-11-24T13:58:45","guid":{"rendered":"http:\/\/www.visit-ulcinj.com\/blog\/?p=101187"},"modified":"2016-11-24T19:15:50","modified_gmt":"2016-11-24T18:15:50","slug":"nika-une-tejkalimin-e-krizes-ne-ulqin-e-shoh-disi-ndryshe-skandal2","status":"publish","type":"post","link":"https:\/\/www.visit-ulcinj.com\/blog\/2016\/11\/24\/nika-une-tejkalimin-e-krizes-ne-ulqin-e-shoh-disi-ndryshe-skandal2\/","title":{"rendered":"Nika: Un\u00eb tejkalimin e kriz\u00ebs n\u00eb Ulqin e shoh disi ndryshe &#8211; Skandal(2)"},"content":{"rendered":"<p><strong><em><a href=\"http:\/\/www.visit-ulcinj.com\/blog\/wp-content\/uploads\/2016\/11\/Knjiga-za-evidenciju.jpg\"><img loading=\"lazy\" class=\"alignleft wp-image-101188\" src=\"http:\/\/www.visit-ulcinj.com\/blog\/wp-content\/uploads\/2016\/11\/Knjiga-za-evidenciju.jpg\" alt=\"Knjiga za evidenciju\" width=\"508\" height=\"406\" srcset=\"https:\/\/www.visit-ulcinj.com\/blog\/wp-content\/uploads\/2016\/11\/Knjiga-za-evidenciju.jpg 720w, https:\/\/www.visit-ulcinj.com\/blog\/wp-content\/uploads\/2016\/11\/Knjiga-za-evidenciju-300x240.jpg 300w\" sizes=\"(max-width: 508px) 100vw, 508px\" \/><\/a>Shkruan Muhamet Nika<\/em><\/strong><\/p>\n<p><strong><em>\u00a0DYSHOHET SE\u00a0 N\u00cb \u00a0KOMUN\u00cb NUK \u00a0EKZITON FARE \u00a0LIBRI I EVIDENC\u00cbS S\u00cb\u00a0 GJENDJES S\u00cb PASURIS\u00cb &#8230;?!!!!<\/em><\/strong><\/p>\n<p>N\u00eb \u00e7ka e bazoj th\u00ebnien \u00a0e m\u00eb sip\u00ebrme:<\/p>\n<p>K\u00ebshilltari\u00a0 Borisllav Bashoviq, tash disa koh\u00eb\u00a0 ka v\u00ebn\u00eb po duket\u00a0 nj\u00eb ultimatum t\u00eb \u00e7uditsh\u00ebm dhe\u00a0 deklaron se \u00a0nuk i vjen Loros n\u00eb Kuvend , deri sa p\u00ebr pyetjet e v\u00ebna\u00a0 si k\u00ebshilltar \u00a0t\u00eb mos marr\u00eb p\u00ebrgjigjet\u00a0 adekuate nga ata t\u00eb cil\u00ebve\u00a0 u adresohen.<\/p>\n<p>Me\u00a0 kushtetut\u00eb, ligj , statut dhe rregullore , kuvendi ka t\u00eb drejt\u00eb t\u00eb \u00a0p\u00ebrfaq\u00ebsoj\u00eb qytetar\u00ebt, t\u00eb nxjerr\u00eb vendimet dhe t\u00eb kontrolloj\u00eb pushtetin .<\/p>\n<p>Shprehur n\u00eb m\u00ebnyr\u00eb figurative n\u00ebse\u00a0 n\u00eb nj\u00eb autobus (komun\u00eb) me udh\u00ebtar\u00eb(popull), shoferi i bie t\u00eb jet\u00eb kryetari i kuvendit ,at\u00ebher\u00eb \u00a0kryetari i komun\u00ebs i bie t\u00eb jet\u00eb konduktori- biletaxhia . Po \u00e7ka \u00a0djalli hyn\u00eb Boroja si\u00a0 k\u00ebshilltar k\u00ebtu &#8211; \u00a0mund t\u00eb pyesni?! Boroja- Kuvendi \u00a0i bie sipas metafor\u00ebs s\u00eb cekur , \u00a0t\u00eb jet\u00eb kontrollori&#8230;?!! Andaj un\u00eb edhe e p\u00ebrkrah q\u00ebndrimin e tij p\u00ebr mos ulje n\u00eb kuvend- vaj halli i biletave t\u00eb autobusit pa kontrollor&#8230;?!!<\/p>\n<p>Prandaj n\u00eb baz\u00eb t\u00eb munges\u00ebs s\u00eb regjistrit t\u00eb till\u00eb n\u00eb \u00a0raportin buxhetor ,\u00a0 as q\u00eb mund t\u00eb flitet p\u00ebr rregullsi biletash- buxheti&#8230;.?! Aq\u00a0 sa mund t\u00eb flitet p\u00ebr rregullsi votash pa flet\u00eb kontrolluese n\u00eb \u00a0vendvotim.<\/p>\n<p>Po deri kur\u00eb mund t\u00eb vazhdoj\u00eb kjo gjendje? Mbledhja e fundit ishte hera e tret\u00eb q\u00eb Boroja l\u00ebshoj kuvendin. N\u00eb buxhet, Boro u shpreh se\u00a0 figuronin rreth 100 mij\u00eb euro si ekonomi e zez\u00eb&#8230;?!!<\/p>\n<p>Kujdes:Thuhet q\u00eb \u00a0as Zoti nuk t\u00eb ndihmon pas k\u00ebsaj here?!<\/p>\n<p>P\u00ebr\u00a0 \u00e7udin\u00eb ton\u00eb ekzekutivi hesht me p\u00ebrgjigje duke\u00a0 l\u00ebn\u00eb p\u00ebrshtypjen e strucit .<\/p>\n<p>Konstatohet se \u00a0struci\u00a0 kur sheh gjuetarin, \u00a0e fut\u00eb kok\u00ebn n\u00eb r\u00ebr\u00eb dhe kujton\u00a0 se \u00a0edhe gjuetari nuk e sheh at\u00eb , pasi vet\u00eb \u00a0nuk e sheh..<\/p>\n<p>Po \u00e7far\u00eb ndodh\u00eb do pyesni ju?! Ai me k\u00ebt\u00eb veprim \u2013 struci, b\u00ebhet m\u00eb leht\u00eb\u00a0 pre e tij, pasi q\u00eb gjuetari \u00a0rehatsh\u00ebm e\u00a0 merr \u00a0n\u00eb shenj&#8230;?!!<\/p>\n<p><strong><em>Vazhdon :Na ishin tre shok\u00eb-\u00a0 A u prish \u201c trojka..\u201d Boro \u2013 Lubo- Loro&#8230;?!!<\/em><\/strong><\/p>\n","protected":false},"excerpt":{"rendered":"<p>Shkruan Muhamet Nika \u00a0DYSHOHET SE\u00a0 N\u00cb \u00a0KOMUN\u00cb NUK \u00a0EKZITON FARE \u00a0LIBRI I EVIDENC\u00cbS S\u00cb\u00a0 GJENDJES S\u00cb PASURIS\u00cb &#8230;?!!!! N\u00eb \u00e7ka e bazoj th\u00ebnien \u00a0e m\u00eb sip\u00ebrme: K\u00ebshilltari\u00a0 Borisllav Bashoviq, tash disa koh\u00eb\u00a0 ka v\u00ebn\u00eb po duket\u00a0 nj\u00eb ultimatum t\u00eb \u00e7uditsh\u00ebm dhe\u00a0 deklaron se \u00a0nuk i vjen Loros n\u00eb Kuvend , deri sa p\u00ebr pyetjet e [&hellip;]<\/p>\n","protected":false},"author":1,"featured_media":0,"comment_status":"closed","ping_status":"closed","sticky":false,"template":"","format":"standard","meta":{"spay_email":"","jetpack_publicize_message":"","jetpack_is_tweetstorm":false,"jetpack_publicize_feature_enabled":true},"categories":[1,14249],"tags":[],"jetpack_publicize_connections":[],"yoast_head":"<!-- This site is optimized with the Yoast SEO plugin v19.1 - https:\/\/yoast.com\/wordpress\/plugins\/seo\/ -->\n<title>Nika: Un\u00eb tejkalimin e kriz\u00ebs n\u00eb Ulqin e shoh disi ndryshe - Skandal(2) - Lajme nga Ulqini<\/title>\n<meta name=\"description\" content=\"Shkruan Muhamet Nika \u00a0DYSHOHET SE\u00a0 N\u00cb \u00a0KOMUN\u00cb NUK \u00a0EKZITON FARE \u00a0LIBRI I EVIDENC\u00cbS S\u00cb\u00a0 GJENDJES S\u00cb PASURIS\u00cb ...?!!!! N\u00eb \u00e7ka e bazoj th\u00ebnien \u00a0e m\u00eb sip\u00ebrme:\" \/>\n<meta name=\"robots\" content=\"index, follow, max-snippet:-1, max-image-preview:large, max-video-preview:-1\" \/>\n<link rel=\"canonical\" href=\"https:\/\/www.visit-ulcinj.com\/blog\/2016\/11\/24\/nika-une-tejkalimin-e-krizes-ne-ulqin-e-shoh-disi-ndryshe-skandal2\/\" \/>\n<meta property=\"og:locale\" content=\"en_US\" \/>\n<meta property=\"og:type\" content=\"article\" \/>\n<meta property=\"og:title\" content=\"Nika: Un\u00eb tejkalimin e kriz\u00ebs n\u00eb Ulqin e shoh disi ndryshe - Skandal(2) - Lajme nga Ulqini\" \/>\n<meta property=\"og:description\" content=\"Shkruan Muhamet Nika \u00a0DYSHOHET SE\u00a0 N\u00cb \u00a0KOMUN\u00cb NUK \u00a0EKZITON FARE \u00a0LIBRI I EVIDENC\u00cbS S\u00cb\u00a0 GJENDJES S\u00cb PASURIS\u00cb ...?!!!! N\u00eb \u00e7ka e bazoj th\u00ebnien \u00a0e m\u00eb sip\u00ebrme:\" \/>\n<meta property=\"og:url\" content=\"https:\/\/www.visit-ulcinj.com\/blog\/2016\/11\/24\/nika-une-tejkalimin-e-krizes-ne-ulqin-e-shoh-disi-ndryshe-skandal2\/\" \/>\n<meta property=\"og:site_name\" content=\"Lajme nga Ulqini\" \/>\n<meta property=\"article:published_time\" content=\"2016-11-24T13:58:45+00:00\" \/>\n<meta property=\"article:modified_time\" content=\"2016-11-24T18:15:50+00:00\" \/>\n<meta property=\"og:image\" content=\"http:\/\/www.visit-ulcinj.com\/blog\/wp-content\/uploads\/2016\/11\/Knjiga-za-evidenciju.jpg\" \/>\n<meta name=\"twitter:label1\" content=\"Written by\" \/>\n\t<meta name=\"twitter:data1\" content=\"ulqini\" \/>\n\t<meta name=\"twitter:label2\" content=\"Est. reading time\" \/>\n\t<meta name=\"twitter:data2\" content=\"2 minutes\" \/>\n<script type=\"application\/ld+json\" class=\"yoast-schema-graph\">{\"@context\":\"https:\/\/schema.org\",\"@graph\":[{\"@type\":\"WebSite\",\"@id\":\"https:\/\/www.visit-ulcinj.com\/blog\/#website\",\"url\":\"https:\/\/www.visit-ulcinj.com\/blog\/\",\"name\":\"Lajme nga Ulqini\",\"description\":\"Lajme,Vijesti,Ulqini,Ulqin,Crna Gora,Mali i Zi\",\"potentialAction\":[{\"@type\":\"SearchAction\",\"target\":{\"@type\":\"EntryPoint\",\"urlTemplate\":\"https:\/\/www.visit-ulcinj.com\/blog\/?s={search_term_string}\"},\"query-input\":\"required name=search_term_string\"}],\"inLanguage\":\"en-US\"},{\"@type\":\"ImageObject\",\"inLanguage\":\"en-US\",\"@id\":\"https:\/\/www.visit-ulcinj.com\/blog\/2016\/11\/24\/nika-une-tejkalimin-e-krizes-ne-ulqin-e-shoh-disi-ndryshe-skandal2\/#primaryimage\",\"url\":\"https:\/\/www.visit-ulcinj.com\/blog\/wp-content\/uploads\/2016\/11\/Knjiga-za-evidenciju.jpg\",\"contentUrl\":\"https:\/\/www.visit-ulcinj.com\/blog\/wp-content\/uploads\/2016\/11\/Knjiga-za-evidenciju.jpg\",\"width\":720,\"height\":576},{\"@type\":\"WebPage\",\"@id\":\"https:\/\/www.visit-ulcinj.com\/blog\/2016\/11\/24\/nika-une-tejkalimin-e-krizes-ne-ulqin-e-shoh-disi-ndryshe-skandal2\/#webpage\",\"url\":\"https:\/\/www.visit-ulcinj.com\/blog\/2016\/11\/24\/nika-une-tejkalimin-e-krizes-ne-ulqin-e-shoh-disi-ndryshe-skandal2\/\",\"name\":\"Nika: Un\u00eb tejkalimin e kriz\u00ebs n\u00eb Ulqin e shoh disi ndryshe - Skandal(2) - Lajme nga Ulqini\",\"isPartOf\":{\"@id\":\"https:\/\/www.visit-ulcinj.com\/blog\/#website\"},\"primaryImageOfPage\":{\"@id\":\"https:\/\/www.visit-ulcinj.com\/blog\/2016\/11\/24\/nika-une-tejkalimin-e-krizes-ne-ulqin-e-shoh-disi-ndryshe-skandal2\/#primaryimage\"},\"datePublished\":\"2016-11-24T13:58:45+00:00\",\"dateModified\":\"2016-11-24T18:15:50+00:00\",\"author\":{\"@id\":\"https:\/\/www.visit-ulcinj.com\/blog\/#\/schema\/person\/dcab619c614d3038751c63bc2aadc06d\"},\"description\":\"Shkruan Muhamet Nika \u00a0DYSHOHET SE\u00a0 N\u00cb \u00a0KOMUN\u00cb NUK \u00a0EKZITON FARE \u00a0LIBRI I EVIDENC\u00cbS S\u00cb\u00a0 GJENDJES S\u00cb PASURIS\u00cb ...?!!!! N\u00eb \u00e7ka e bazoj th\u00ebnien \u00a0e m\u00eb sip\u00ebrme:\",\"breadcrumb\":{\"@id\":\"https:\/\/www.visit-ulcinj.com\/blog\/2016\/11\/24\/nika-une-tejkalimin-e-krizes-ne-ulqin-e-shoh-disi-ndryshe-skandal2\/#breadcrumb\"},\"inLanguage\":\"en-US\",\"potentialAction\":[{\"@type\":\"ReadAction\",\"target\":[\"https:\/\/www.visit-ulcinj.com\/blog\/2016\/11\/24\/nika-une-tejkalimin-e-krizes-ne-ulqin-e-shoh-disi-ndryshe-skandal2\/\"]}]},{\"@type\":\"BreadcrumbList\",\"@id\":\"https:\/\/www.visit-ulcinj.com\/blog\/2016\/11\/24\/nika-une-tejkalimin-e-krizes-ne-ulqin-e-shoh-disi-ndryshe-skandal2\/#breadcrumb\",\"itemListElement\":[{\"@type\":\"ListItem\",\"position\":1,\"name\":\"Nika: Un\u00eb tejkalimin e kriz\u00ebs n\u00eb Ulqin e shoh disi ndryshe &#8211; Skandal(2)\"}]},{\"@type\":\"Person\",\"@id\":\"https:\/\/www.visit-ulcinj.com\/blog\/#\/schema\/person\/dcab619c614d3038751c63bc2aadc06d\",\"name\":\"ulqini\",\"sameAs\":[\"http:\/\/www.visit-ulcinj.com\"],\"url\":\"https:\/\/www.visit-ulcinj.com\/blog\/author\/admin\/\"}]}<\/script>\n<!-- \/ Yoast SEO plugin. -->","yoast_head_json":{"title":"Nika: Un\u00eb tejkalimin e kriz\u00ebs n\u00eb Ulqin e shoh disi ndryshe - Skandal(2) - Lajme nga Ulqini","description":"Shkruan Muhamet Nika \u00a0DYSHOHET SE\u00a0 N\u00cb \u00a0KOMUN\u00cb NUK \u00a0EKZITON FARE \u00a0LIBRI I EVIDENC\u00cbS S\u00cb\u00a0 GJENDJES S\u00cb PASURIS\u00cb ...?!!!! N\u00eb \u00e7ka e bazoj th\u00ebnien \u00a0e m\u00eb sip\u00ebrme:","robots":{"index":"index","follow":"follow","max-snippet":"max-snippet:-1","max-image-preview":"max-image-preview:large","max-video-preview":"max-video-preview:-1"},"canonical":"https:\/\/www.visit-ulcinj.com\/blog\/2016\/11\/24\/nika-une-tejkalimin-e-krizes-ne-ulqin-e-shoh-disi-ndryshe-skandal2\/","og_locale":"en_US","og_type":"article","og_title":"Nika: Un\u00eb tejkalimin e kriz\u00ebs n\u00eb Ulqin e shoh disi ndryshe - Skandal(2) - Lajme nga Ulqini","og_description":"Shkruan Muhamet Nika \u00a0DYSHOHET SE\u00a0 N\u00cb \u00a0KOMUN\u00cb NUK \u00a0EKZITON FARE \u00a0LIBRI I EVIDENC\u00cbS S\u00cb\u00a0 GJENDJES S\u00cb PASURIS\u00cb ...?!!!! N\u00eb \u00e7ka e bazoj th\u00ebnien \u00a0e m\u00eb sip\u00ebrme:","og_url":"https:\/\/www.visit-ulcinj.com\/blog\/2016\/11\/24\/nika-une-tejkalimin-e-krizes-ne-ulqin-e-shoh-disi-ndryshe-skandal2\/","og_site_name":"Lajme nga Ulqini","article_published_time":"2016-11-24T13:58:45+00:00","article_modified_time":"2016-11-24T18:15:50+00:00","og_image":[{"url":"http:\/\/www.visit-ulcinj.com\/blog\/wp-content\/uploads\/2016\/11\/Knjiga-za-evidenciju.jpg"}],"twitter_misc":{"Written by":"ulqini","Est. reading time":"2 minutes"},"schema":{"@context":"https:\/\/schema.org","@graph":[{"@type":"WebSite","@id":"https:\/\/www.visit-ulcinj.com\/blog\/#website","url":"https:\/\/www.visit-ulcinj.com\/blog\/","name":"Lajme nga Ulqini","description":"Lajme,Vijesti,Ulqini,Ulqin,Crna Gora,Mali i Zi","potentialAction":[{"@type":"SearchAction","target":{"@type":"EntryPoint","urlTemplate":"https:\/\/www.visit-ulcinj.com\/blog\/?s={search_term_string}"},"query-input":"required name=search_term_string"}],"inLanguage":"en-US"},{"@type":"ImageObject","inLanguage":"en-US","@id":"https:\/\/www.visit-ulcinj.com\/blog\/2016\/11\/24\/nika-une-tejkalimin-e-krizes-ne-ulqin-e-shoh-disi-ndryshe-skandal2\/#primaryimage","url":"https:\/\/www.visit-ulcinj.com\/blog\/wp-content\/uploads\/2016\/11\/Knjiga-za-evidenciju.jpg","contentUrl":"https:\/\/www.visit-ulcinj.com\/blog\/wp-content\/uploads\/2016\/11\/Knjiga-za-evidenciju.jpg","width":720,"height":576},{"@type":"WebPage","@id":"https:\/\/www.visit-ulcinj.com\/blog\/2016\/11\/24\/nika-une-tejkalimin-e-krizes-ne-ulqin-e-shoh-disi-ndryshe-skandal2\/#webpage","url":"https:\/\/www.visit-ulcinj.com\/blog\/2016\/11\/24\/nika-une-tejkalimin-e-krizes-ne-ulqin-e-shoh-disi-ndryshe-skandal2\/","name":"Nika: Un\u00eb tejkalimin e kriz\u00ebs n\u00eb Ulqin e shoh disi ndryshe - Skandal(2) - Lajme nga Ulqini","isPartOf":{"@id":"https:\/\/www.visit-ulcinj.com\/blog\/#website"},"primaryImageOfPage":{"@id":"https:\/\/www.visit-ulcinj.com\/blog\/2016\/11\/24\/nika-une-tejkalimin-e-krizes-ne-ulqin-e-shoh-disi-ndryshe-skandal2\/#primaryimage"},"datePublished":"2016-11-24T13:58:45+00:00","dateModified":"2016-11-24T18:15:50+00:00","author":{"@id":"https:\/\/www.visit-ulcinj.com\/blog\/#\/schema\/person\/dcab619c614d3038751c63bc2aadc06d"},"description":"Shkruan Muhamet Nika \u00a0DYSHOHET SE\u00a0 N\u00cb \u00a0KOMUN\u00cb NUK \u00a0EKZITON FARE \u00a0LIBRI I EVIDENC\u00cbS S\u00cb\u00a0 GJENDJES S\u00cb PASURIS\u00cb ...?!!!! N\u00eb \u00e7ka e bazoj th\u00ebnien \u00a0e m\u00eb sip\u00ebrme:","breadcrumb":{"@id":"https:\/\/www.visit-ulcinj.com\/blog\/2016\/11\/24\/nika-une-tejkalimin-e-krizes-ne-ulqin-e-shoh-disi-ndryshe-skandal2\/#breadcrumb"},"inLanguage":"en-US","potentialAction":[{"@type":"ReadAction","target":["https:\/\/www.visit-ulcinj.com\/blog\/2016\/11\/24\/nika-une-tejkalimin-e-krizes-ne-ulqin-e-shoh-disi-ndryshe-skandal2\/"]}]},{"@type":"BreadcrumbList","@id":"https:\/\/www.visit-ulcinj.com\/blog\/2016\/11\/24\/nika-une-tejkalimin-e-krizes-ne-ulqin-e-shoh-disi-ndryshe-skandal2\/#breadcrumb","itemListElement":[{"@type":"ListItem","position":1,"name":"Nika: Un\u00eb tejkalimin e kriz\u00ebs n\u00eb Ulqin e shoh disi ndryshe &#8211; Skandal(2)"}]},{"@type":"Person","@id":"https:\/\/www.visit-ulcinj.com\/blog\/#\/schema\/person\/dcab619c614d3038751c63bc2aadc06d","name":"ulqini","sameAs":["http:\/\/www.visit-ulcinj.com"],"url":"https:\/\/www.visit-ulcinj.com\/blog\/author\/admin\/"}]}},"jetpack_featured_media_url":"","jetpack_sharing_enabled":true,"jetpack_shortlink":"https:\/\/wp.me\/pe6lTn-qk3","_links":{"self":[{"href":"https:\/\/www.visit-ulcinj.com\/blog\/wp-json\/wp\/v2\/posts\/101187"}],"collection":[{"href":"https:\/\/www.visit-ulcinj.com\/blog\/wp-json\/wp\/v2\/posts"}],"about":[{"href":"https:\/\/www.visit-ulcinj.com\/blog\/wp-json\/wp\/v2\/types\/post"}],"author":[{"embeddable":true,"href":"https:\/\/www.visit-ulcinj.com\/blog\/wp-json\/wp\/v2\/users\/1"}],"replies":[{"embeddable":true,"href":"https:\/\/www.visit-ulcinj.com\/blog\/wp-json\/wp\/v2\/comments?post=101187"}],"version-history":[{"count":1,"href":"https:\/\/www.visit-ulcinj.com\/blog\/wp-json\/wp\/v2\/posts\/101187\/revisions"}],"predecessor-version":[{"id":101189,"href":"https:\/\/www.visit-ulcinj.com\/blog\/wp-json\/wp\/v2\/posts\/101187\/revisions\/101189"}],"wp:attachment":[{"href":"https:\/\/www.visit-ulcinj.com\/blog\/wp-json\/wp\/v2\/media?parent=101187"}],"wp:term":[{"taxonomy":"category","embeddable":true,"href":"https:\/\/www.visit-ulcinj.com\/blog\/wp-json\/wp\/v2\/categories?post=101187"},{"taxonomy":"post_tag","embeddable":true,"href":"https:\/\/www.visit-ulcinj.com\/blog\/wp-json\/wp\/v2\/tags?post=101187"}],"curies":[{"name":"wp","href":"https:\/\/api.w.org\/{rel}","templated":true}]}}