{"id":101190,"date":"2016-11-24T15:23:20","date_gmt":"2016-11-24T14:23:20","guid":{"rendered":"http:\/\/www.visit-ulcinj.com\/blog\/?p=101190"},"modified":"2016-11-24T15:23:20","modified_gmt":"2016-11-24T14:23:20","slug":"zenki-nude-ministarstvo-za-manjine","status":"publish","type":"post","link":"https:\/\/www.visit-ulcinj.com\/blog\/2016\/11\/24\/zenki-nude-ministarstvo-za-manjine\/","title":{"rendered":"Zenki nude ministarstvo za manjine?"},"content":{"rendered":"<p><a href=\"http:\/\/www.visit-ulcinj.com\/blog\/wp-content\/uploads\/2016\/11\/Mehmet-Zenka-.jpg\"><img loading=\"lazy\" class=\"alignleft wp-image-101191\" src=\"http:\/\/www.visit-ulcinj.com\/blog\/wp-content\/uploads\/2016\/11\/Mehmet-Zenka-.jpg\" alt=\"Mehmet-Zenka-\" width=\"508\" height=\"319\" srcset=\"https:\/\/www.visit-ulcinj.com\/blog\/wp-content\/uploads\/2016\/11\/Mehmet-Zenka-.jpg 560w, https:\/\/www.visit-ulcinj.com\/blog\/wp-content\/uploads\/2016\/11\/Mehmet-Zenka--300x189.jpg 300w\" sizes=\"(max-width: 508px) 100vw, 508px\" \/><\/a>Iako zvani\u010dno nijesu zavr\u0161ili pregovore sa Markovi\u0107em, predstavnicima koalicije \u201cAlbanci odlu\u010dno\u201d predo\u010deno je da mogu da ra\u010dunaju samo na ministarstvo za ljudska i manjinska prava koje bi trebalo da vodi lider DUA Mehmet Zenka i funkciju potpredsjednika parlamenta, na koje \u0107e biti imenovan Genci Nimanbegu. Sagovornik \u201cVijesti\u201d kazao je da je bilo zastoja u pregovorima oko platforme zbog insitiranja na rokovima. Albanci insistiraju na rje\u0161avanju pitanja samostalne op\u0161tine Tuzi i Morskog dobra.<\/p>\n<p>\u201cVeoma nam je va\u017eno da se dogovorimo oko na\u010dina i rokova za ispunjavanje na\u0161ih zahtjeva iz platforme\u201d, kazao je sagovornik \u201cVijesti\u201d.<\/p>\n<p><strong><span class=\"credits__author\"> Autori: Mila Radulovi\u0107, Samir Kajo\u0161evi\u0107 <\/span><\/strong><\/p>\n<p><strong>Izvor: Vijesti Online<\/strong><\/p>\n","protected":false},"excerpt":{"rendered":"<p>Iako zvani\u010dno nijesu zavr\u0161ili pregovore sa Markovi\u0107em, predstavnicima koalicije \u201cAlbanci odlu\u010dno\u201d predo\u010deno je da mogu da ra\u010dunaju samo na ministarstvo za ljudska i manjinska prava koje bi trebalo da vodi lider DUA Mehmet Zenka i funkciju potpredsjednika parlamenta, na koje \u0107e biti imenovan Genci Nimanbegu. Sagovornik \u201cVijesti\u201d kazao je da je bilo zastoja u pregovorima [&hellip;]<\/p>\n","protected":false},"author":1,"featured_media":0,"comment_status":"closed","ping_status":"closed","sticky":false,"template":"","format":"standard","meta":{"spay_email":"","jetpack_publicize_message":"","jetpack_is_tweetstorm":false,"jetpack_publicize_feature_enabled":true},"categories":[8337],"tags":[],"jetpack_publicize_connections":[],"yoast_head":"<!-- This site is optimized with the Yoast SEO plugin v19.1 - https:\/\/yoast.com\/wordpress\/plugins\/seo\/ -->\n<title>Zenki nude ministarstvo za manjine? - Lajme nga Ulqini<\/title>\n<meta name=\"description\" content=\"Iako zvani\u010dno nijesu zavr\u0161ili pregovore sa Markovi\u0107em, predstavnicima koalicije \u201cAlbanci odlu\u010dno\u201d predo\u010deno je da mogu da ra\u010dunaju samo na ministarstvo za\" \/>\n<meta name=\"robots\" content=\"index, follow, max-snippet:-1, max-image-preview:large, max-video-preview:-1\" \/>\n<link rel=\"canonical\" href=\"https:\/\/www.visit-ulcinj.com\/blog\/2016\/11\/24\/zenki-nude-ministarstvo-za-manjine\/\" \/>\n<meta property=\"og:locale\" content=\"en_US\" \/>\n<meta property=\"og:type\" content=\"article\" \/>\n<meta property=\"og:title\" content=\"Zenki nude ministarstvo za manjine? - Lajme nga Ulqini\" \/>\n<meta property=\"og:description\" content=\"Iako zvani\u010dno nijesu zavr\u0161ili pregovore sa Markovi\u0107em, predstavnicima koalicije \u201cAlbanci odlu\u010dno\u201d predo\u010deno je da mogu da ra\u010dunaju samo na ministarstvo za\" \/>\n<meta property=\"og:url\" content=\"https:\/\/www.visit-ulcinj.com\/blog\/2016\/11\/24\/zenki-nude-ministarstvo-za-manjine\/\" \/>\n<meta property=\"og:site_name\" content=\"Lajme nga Ulqini\" \/>\n<meta property=\"article:published_time\" content=\"2016-11-24T14:23:20+00:00\" \/>\n<meta property=\"og:image\" content=\"http:\/\/www.visit-ulcinj.com\/blog\/wp-content\/uploads\/2016\/11\/Mehmet-Zenka-.jpg\" \/>\n<meta name=\"twitter:label1\" content=\"Written by\" \/>\n\t<meta name=\"twitter:data1\" content=\"ulqini\" \/>\n\t<meta name=\"twitter:label2\" content=\"Est. reading time\" \/>\n\t<meta name=\"twitter:data2\" content=\"1 minute\" \/>\n<script type=\"application\/ld+json\" class=\"yoast-schema-graph\">{\"@context\":\"https:\/\/schema.org\",\"@graph\":[{\"@type\":\"WebSite\",\"@id\":\"https:\/\/www.visit-ulcinj.com\/blog\/#website\",\"url\":\"https:\/\/www.visit-ulcinj.com\/blog\/\",\"name\":\"Lajme nga Ulqini\",\"description\":\"Lajme,Vijesti,Ulqini,Ulqin,Crna Gora,Mali i Zi\",\"potentialAction\":[{\"@type\":\"SearchAction\",\"target\":{\"@type\":\"EntryPoint\",\"urlTemplate\":\"https:\/\/www.visit-ulcinj.com\/blog\/?s={search_term_string}\"},\"query-input\":\"required name=search_term_string\"}],\"inLanguage\":\"en-US\"},{\"@type\":\"ImageObject\",\"inLanguage\":\"en-US\",\"@id\":\"https:\/\/www.visit-ulcinj.com\/blog\/2016\/11\/24\/zenki-nude-ministarstvo-za-manjine\/#primaryimage\",\"url\":\"https:\/\/www.visit-ulcinj.com\/blog\/wp-content\/uploads\/2016\/11\/Mehmet-Zenka-.jpg\",\"contentUrl\":\"https:\/\/www.visit-ulcinj.com\/blog\/wp-content\/uploads\/2016\/11\/Mehmet-Zenka-.jpg\",\"width\":560,\"height\":352},{\"@type\":\"WebPage\",\"@id\":\"https:\/\/www.visit-ulcinj.com\/blog\/2016\/11\/24\/zenki-nude-ministarstvo-za-manjine\/#webpage\",\"url\":\"https:\/\/www.visit-ulcinj.com\/blog\/2016\/11\/24\/zenki-nude-ministarstvo-za-manjine\/\",\"name\":\"Zenki nude ministarstvo za manjine? - Lajme nga Ulqini\",\"isPartOf\":{\"@id\":\"https:\/\/www.visit-ulcinj.com\/blog\/#website\"},\"primaryImageOfPage\":{\"@id\":\"https:\/\/www.visit-ulcinj.com\/blog\/2016\/11\/24\/zenki-nude-ministarstvo-za-manjine\/#primaryimage\"},\"datePublished\":\"2016-11-24T14:23:20+00:00\",\"dateModified\":\"2016-11-24T14:23:20+00:00\",\"author\":{\"@id\":\"https:\/\/www.visit-ulcinj.com\/blog\/#\/schema\/person\/dcab619c614d3038751c63bc2aadc06d\"},\"description\":\"Iako zvani\u010dno nijesu zavr\u0161ili pregovore sa Markovi\u0107em, predstavnicima koalicije \u201cAlbanci odlu\u010dno\u201d predo\u010deno je da mogu da ra\u010dunaju samo na ministarstvo za\",\"breadcrumb\":{\"@id\":\"https:\/\/www.visit-ulcinj.com\/blog\/2016\/11\/24\/zenki-nude-ministarstvo-za-manjine\/#breadcrumb\"},\"inLanguage\":\"en-US\",\"potentialAction\":[{\"@type\":\"ReadAction\",\"target\":[\"https:\/\/www.visit-ulcinj.com\/blog\/2016\/11\/24\/zenki-nude-ministarstvo-za-manjine\/\"]}]},{\"@type\":\"BreadcrumbList\",\"@id\":\"https:\/\/www.visit-ulcinj.com\/blog\/2016\/11\/24\/zenki-nude-ministarstvo-za-manjine\/#breadcrumb\",\"itemListElement\":[{\"@type\":\"ListItem\",\"position\":1,\"name\":\"Zenki nude ministarstvo za manjine?\"}]},{\"@type\":\"Person\",\"@id\":\"https:\/\/www.visit-ulcinj.com\/blog\/#\/schema\/person\/dcab619c614d3038751c63bc2aadc06d\",\"name\":\"ulqini\",\"sameAs\":[\"http:\/\/www.visit-ulcinj.com\"],\"url\":\"https:\/\/www.visit-ulcinj.com\/blog\/author\/admin\/\"}]}<\/script>\n<!-- \/ Yoast SEO plugin. -->","yoast_head_json":{"title":"Zenki nude ministarstvo za manjine? - Lajme nga Ulqini","description":"Iako zvani\u010dno nijesu zavr\u0161ili pregovore sa Markovi\u0107em, predstavnicima koalicije \u201cAlbanci odlu\u010dno\u201d predo\u010deno je da mogu da ra\u010dunaju samo na ministarstvo za","robots":{"index":"index","follow":"follow","max-snippet":"max-snippet:-1","max-image-preview":"max-image-preview:large","max-video-preview":"max-video-preview:-1"},"canonical":"https:\/\/www.visit-ulcinj.com\/blog\/2016\/11\/24\/zenki-nude-ministarstvo-za-manjine\/","og_locale":"en_US","og_type":"article","og_title":"Zenki nude ministarstvo za manjine? - Lajme nga Ulqini","og_description":"Iako zvani\u010dno nijesu zavr\u0161ili pregovore sa Markovi\u0107em, predstavnicima koalicije \u201cAlbanci odlu\u010dno\u201d predo\u010deno je da mogu da ra\u010dunaju samo na ministarstvo za","og_url":"https:\/\/www.visit-ulcinj.com\/blog\/2016\/11\/24\/zenki-nude-ministarstvo-za-manjine\/","og_site_name":"Lajme nga Ulqini","article_published_time":"2016-11-24T14:23:20+00:00","og_image":[{"url":"http:\/\/www.visit-ulcinj.com\/blog\/wp-content\/uploads\/2016\/11\/Mehmet-Zenka-.jpg"}],"twitter_misc":{"Written by":"ulqini","Est. reading time":"1 minute"},"schema":{"@context":"https:\/\/schema.org","@graph":[{"@type":"WebSite","@id":"https:\/\/www.visit-ulcinj.com\/blog\/#website","url":"https:\/\/www.visit-ulcinj.com\/blog\/","name":"Lajme nga Ulqini","description":"Lajme,Vijesti,Ulqini,Ulqin,Crna Gora,Mali i Zi","potentialAction":[{"@type":"SearchAction","target":{"@type":"EntryPoint","urlTemplate":"https:\/\/www.visit-ulcinj.com\/blog\/?s={search_term_string}"},"query-input":"required name=search_term_string"}],"inLanguage":"en-US"},{"@type":"ImageObject","inLanguage":"en-US","@id":"https:\/\/www.visit-ulcinj.com\/blog\/2016\/11\/24\/zenki-nude-ministarstvo-za-manjine\/#primaryimage","url":"https:\/\/www.visit-ulcinj.com\/blog\/wp-content\/uploads\/2016\/11\/Mehmet-Zenka-.jpg","contentUrl":"https:\/\/www.visit-ulcinj.com\/blog\/wp-content\/uploads\/2016\/11\/Mehmet-Zenka-.jpg","width":560,"height":352},{"@type":"WebPage","@id":"https:\/\/www.visit-ulcinj.com\/blog\/2016\/11\/24\/zenki-nude-ministarstvo-za-manjine\/#webpage","url":"https:\/\/www.visit-ulcinj.com\/blog\/2016\/11\/24\/zenki-nude-ministarstvo-za-manjine\/","name":"Zenki nude ministarstvo za manjine? - Lajme nga Ulqini","isPartOf":{"@id":"https:\/\/www.visit-ulcinj.com\/blog\/#website"},"primaryImageOfPage":{"@id":"https:\/\/www.visit-ulcinj.com\/blog\/2016\/11\/24\/zenki-nude-ministarstvo-za-manjine\/#primaryimage"},"datePublished":"2016-11-24T14:23:20+00:00","dateModified":"2016-11-24T14:23:20+00:00","author":{"@id":"https:\/\/www.visit-ulcinj.com\/blog\/#\/schema\/person\/dcab619c614d3038751c63bc2aadc06d"},"description":"Iako zvani\u010dno nijesu zavr\u0161ili pregovore sa Markovi\u0107em, predstavnicima koalicije \u201cAlbanci odlu\u010dno\u201d predo\u010deno je da mogu da ra\u010dunaju samo na ministarstvo za","breadcrumb":{"@id":"https:\/\/www.visit-ulcinj.com\/blog\/2016\/11\/24\/zenki-nude-ministarstvo-za-manjine\/#breadcrumb"},"inLanguage":"en-US","potentialAction":[{"@type":"ReadAction","target":["https:\/\/www.visit-ulcinj.com\/blog\/2016\/11\/24\/zenki-nude-ministarstvo-za-manjine\/"]}]},{"@type":"BreadcrumbList","@id":"https:\/\/www.visit-ulcinj.com\/blog\/2016\/11\/24\/zenki-nude-ministarstvo-za-manjine\/#breadcrumb","itemListElement":[{"@type":"ListItem","position":1,"name":"Zenki nude ministarstvo za manjine?"}]},{"@type":"Person","@id":"https:\/\/www.visit-ulcinj.com\/blog\/#\/schema\/person\/dcab619c614d3038751c63bc2aadc06d","name":"ulqini","sameAs":["http:\/\/www.visit-ulcinj.com"],"url":"https:\/\/www.visit-ulcinj.com\/blog\/author\/admin\/"}]}},"jetpack_featured_media_url":"","jetpack_sharing_enabled":true,"jetpack_shortlink":"https:\/\/wp.me\/pe6lTn-qk6","_links":{"self":[{"href":"https:\/\/www.visit-ulcinj.com\/blog\/wp-json\/wp\/v2\/posts\/101190"}],"collection":[{"href":"https:\/\/www.visit-ulcinj.com\/blog\/wp-json\/wp\/v2\/posts"}],"about":[{"href":"https:\/\/www.visit-ulcinj.com\/blog\/wp-json\/wp\/v2\/types\/post"}],"author":[{"embeddable":true,"href":"https:\/\/www.visit-ulcinj.com\/blog\/wp-json\/wp\/v2\/users\/1"}],"replies":[{"embeddable":true,"href":"https:\/\/www.visit-ulcinj.com\/blog\/wp-json\/wp\/v2\/comments?post=101190"}],"version-history":[{"count":1,"href":"https:\/\/www.visit-ulcinj.com\/blog\/wp-json\/wp\/v2\/posts\/101190\/revisions"}],"predecessor-version":[{"id":101192,"href":"https:\/\/www.visit-ulcinj.com\/blog\/wp-json\/wp\/v2\/posts\/101190\/revisions\/101192"}],"wp:attachment":[{"href":"https:\/\/www.visit-ulcinj.com\/blog\/wp-json\/wp\/v2\/media?parent=101190"}],"wp:term":[{"taxonomy":"category","embeddable":true,"href":"https:\/\/www.visit-ulcinj.com\/blog\/wp-json\/wp\/v2\/categories?post=101190"},{"taxonomy":"post_tag","embeddable":true,"href":"https:\/\/www.visit-ulcinj.com\/blog\/wp-json\/wp\/v2\/tags?post=101190"}],"curies":[{"name":"wp","href":"https:\/\/api.w.org\/{rel}","templated":true}]}}