{"id":101193,"date":"2016-11-24T19:12:29","date_gmt":"2016-11-24T18:12:29","guid":{"rendered":"http:\/\/www.visit-ulcinj.com\/blog\/?p=101193"},"modified":"2016-11-25T20:04:19","modified_gmt":"2016-11-25T19:04:19","slug":"betimi-solemn-genci-nimanbegu-si-nenkryetar-parlamentit-video","status":"publish","type":"post","link":"https:\/\/www.visit-ulcinj.com\/blog\/2016\/11\/24\/betimi-solemn-genci-nimanbegu-si-nenkryetar-parlamentit-video\/","title":{"rendered":"Betimi Solemn i Genci Nimanbegut si Nenkryetar i Parlamentit &#8211; Video"},"content":{"rendered":"<p><a href=\"http:\/\/www.visit-ulcinj.com\/blog\/wp-content\/uploads\/2016\/11\/Betimi-Solemn-i-Genci-Nimanbegu-si-Nenkryetar-i-Parlamentit.jpg\"><img loading=\"lazy\" class=\"alignleft wp-image-101194\" src=\"http:\/\/www.visit-ulcinj.com\/blog\/wp-content\/uploads\/2016\/11\/Betimi-Solemn-i-Genci-Nimanbegu-si-Nenkryetar-i-Parlamentit.jpg\" alt=\"Betimi Solemn i Genci Nimanbegu si Nenkryetar i Parlamentit\" width=\"508\" height=\"243\" srcset=\"https:\/\/www.visit-ulcinj.com\/blog\/wp-content\/uploads\/2016\/11\/Betimi-Solemn-i-Genci-Nimanbegu-si-Nenkryetar-i-Parlamentit.jpg 702w, https:\/\/www.visit-ulcinj.com\/blog\/wp-content\/uploads\/2016\/11\/Betimi-Solemn-i-Genci-Nimanbegu-si-Nenkryetar-i-Parlamentit-300x144.jpg 300w\" sizes=\"(max-width: 508px) 100vw, 508px\" \/><\/a>N\u00eb seanc\u00ebn e sotme t\u00eb Kuvendit t\u00eb Malit t\u00eb Zi, kryetari i Socialdemokrat\u00ebve Ivan Brajoviq u zgjedh kryetar i ri i k\u00ebtij institucioni. P\u00ebr n\u00ebnkryetar t\u00eb Kuvendit u zgjodh\u00ebn Branimit Gvozdenoviq nga Partia Demokratike e Socialist\u00ebve dhe Deputeti i Koalicionit \u201cShqiptar\u00ebt e Vendosur\u201d Genci Nimanbegu.<\/p>\n<p>P\u00ebr zgjedhjen e tyre me votim t\u00eb fsheht\u00eb votuan 42 deputet\u00eb t\u00eb cil\u00ebt ishin prezent n\u00eb sall\u00eb. Deputetet e opozit\u00ebs bojkotuan seanc\u00ebn.<\/p>\n<p>Deputeti i PDS-s\u00eb Obrad Stanishiq tha se Nimanbegu \u00ebsht\u00eb d\u00ebshmuar si luft\u00ebtar p\u00ebr interesat e Malit t\u00eb Zi, e sidomos kur b\u00ebhet fjal\u00eb p\u00ebr prioritetet e politikes s\u00eb jashtme.<\/p>\n<p>Nimanbegu nuk harroi as mjedisin nga vjen, as popullin t\u00eb cilin e p\u00ebrfaq\u00ebson, p\u00ebrkundrazi, ai ka potencuar k\u00ebto \u00e7\u00ebshtje. Jam i bindur se me zgjedhjen e tij puna e parlamentit nuk do t\u00eb p\u00ebrmir\u00ebsohet, tha Stanishiq.<\/p>\n<p><strong>Monitor<\/strong><\/p>\n<p><iframe loading=\"lazy\" src=\"\/\/www.dailymotion.com\/embed\/video\/x53d3u1?autoPlay=1\" width=\"508\" height=\"370\" frameborder=\"0\" allowfullscreen=\"allowfullscreen\"><\/iframe><\/p>\n","protected":false},"excerpt":{"rendered":"<p>N\u00eb seanc\u00ebn e sotme t\u00eb Kuvendit t\u00eb Malit t\u00eb Zi, kryetari i Socialdemokrat\u00ebve Ivan Brajoviq u zgjedh kryetar i ri i k\u00ebtij institucioni. P\u00ebr n\u00ebnkryetar t\u00eb Kuvendit u zgjodh\u00ebn Branimit Gvozdenoviq nga Partia Demokratike e Socialist\u00ebve dhe Deputeti i Koalicionit \u201cShqiptar\u00ebt e Vendosur\u201d Genci Nimanbegu. P\u00ebr zgjedhjen e tyre me votim t\u00eb fsheht\u00eb votuan 42 [&hellip;]<\/p>\n","protected":false},"author":1,"featured_media":0,"comment_status":"closed","ping_status":"closed","sticky":false,"template":"","format":"standard","meta":{"spay_email":"","jetpack_publicize_message":"","jetpack_is_tweetstorm":false,"jetpack_publicize_feature_enabled":true},"categories":[1,6],"tags":[],"jetpack_publicize_connections":[],"yoast_head":"<!-- This site is optimized with the Yoast SEO plugin v19.1 - https:\/\/yoast.com\/wordpress\/plugins\/seo\/ -->\n<title>Betimi Solemn i Genci Nimanbegut si Nenkryetar i Parlamentit - Video - Lajme nga Ulqini<\/title>\n<meta name=\"description\" content=\"N\u00eb seanc\u00ebn e sotme t\u00eb Kuvendit t\u00eb Malit t\u00eb Zi, kryetari i Socialdemokrat\u00ebve Ivan Brajoviq u zgjedh kryetar i ri i k\u00ebtij institucioni. P\u00ebr n\u00ebnkryetar t\u00eb\" \/>\n<meta name=\"robots\" content=\"index, follow, max-snippet:-1, max-image-preview:large, max-video-preview:-1\" \/>\n<link rel=\"canonical\" href=\"https:\/\/www.visit-ulcinj.com\/blog\/2016\/11\/24\/betimi-solemn-genci-nimanbegu-si-nenkryetar-parlamentit-video\/\" \/>\n<meta property=\"og:locale\" content=\"en_US\" \/>\n<meta property=\"og:type\" content=\"article\" \/>\n<meta property=\"og:title\" content=\"Betimi Solemn i Genci Nimanbegut si Nenkryetar i Parlamentit - Video - Lajme nga Ulqini\" \/>\n<meta property=\"og:description\" content=\"N\u00eb seanc\u00ebn e sotme t\u00eb Kuvendit t\u00eb Malit t\u00eb Zi, kryetari i Socialdemokrat\u00ebve Ivan Brajoviq u zgjedh kryetar i ri i k\u00ebtij institucioni. P\u00ebr n\u00ebnkryetar t\u00eb\" \/>\n<meta property=\"og:url\" content=\"https:\/\/www.visit-ulcinj.com\/blog\/2016\/11\/24\/betimi-solemn-genci-nimanbegu-si-nenkryetar-parlamentit-video\/\" \/>\n<meta property=\"og:site_name\" content=\"Lajme nga Ulqini\" \/>\n<meta property=\"article:published_time\" content=\"2016-11-24T18:12:29+00:00\" \/>\n<meta property=\"article:modified_time\" content=\"2016-11-25T19:04:19+00:00\" \/>\n<meta property=\"og:image\" content=\"http:\/\/www.visit-ulcinj.com\/blog\/wp-content\/uploads\/2016\/11\/Betimi-Solemn-i-Genci-Nimanbegu-si-Nenkryetar-i-Parlamentit.jpg\" \/>\n<meta name=\"twitter:label1\" content=\"Written by\" \/>\n\t<meta name=\"twitter:data1\" content=\"ulqini\" \/>\n\t<meta name=\"twitter:label2\" content=\"Est. reading time\" \/>\n\t<meta name=\"twitter:data2\" content=\"1 minute\" \/>\n<script type=\"application\/ld+json\" class=\"yoast-schema-graph\">{\"@context\":\"https:\/\/schema.org\",\"@graph\":[{\"@type\":\"WebSite\",\"@id\":\"https:\/\/www.visit-ulcinj.com\/blog\/#website\",\"url\":\"https:\/\/www.visit-ulcinj.com\/blog\/\",\"name\":\"Lajme nga Ulqini\",\"description\":\"Lajme,Vijesti,Ulqini,Ulqin,Crna Gora,Mali i Zi\",\"potentialAction\":[{\"@type\":\"SearchAction\",\"target\":{\"@type\":\"EntryPoint\",\"urlTemplate\":\"https:\/\/www.visit-ulcinj.com\/blog\/?s={search_term_string}\"},\"query-input\":\"required name=search_term_string\"}],\"inLanguage\":\"en-US\"},{\"@type\":\"ImageObject\",\"inLanguage\":\"en-US\",\"@id\":\"https:\/\/www.visit-ulcinj.com\/blog\/2016\/11\/24\/betimi-solemn-genci-nimanbegu-si-nenkryetar-parlamentit-video\/#primaryimage\",\"url\":\"https:\/\/www.visit-ulcinj.com\/blog\/wp-content\/uploads\/2016\/11\/Betimi-Solemn-i-Genci-Nimanbegu-si-Nenkryetar-i-Parlamentit.jpg\",\"contentUrl\":\"https:\/\/www.visit-ulcinj.com\/blog\/wp-content\/uploads\/2016\/11\/Betimi-Solemn-i-Genci-Nimanbegu-si-Nenkryetar-i-Parlamentit.jpg\",\"width\":702,\"height\":336},{\"@type\":\"WebPage\",\"@id\":\"https:\/\/www.visit-ulcinj.com\/blog\/2016\/11\/24\/betimi-solemn-genci-nimanbegu-si-nenkryetar-parlamentit-video\/#webpage\",\"url\":\"https:\/\/www.visit-ulcinj.com\/blog\/2016\/11\/24\/betimi-solemn-genci-nimanbegu-si-nenkryetar-parlamentit-video\/\",\"name\":\"Betimi Solemn i Genci Nimanbegut si Nenkryetar i Parlamentit - Video - Lajme nga Ulqini\",\"isPartOf\":{\"@id\":\"https:\/\/www.visit-ulcinj.com\/blog\/#website\"},\"primaryImageOfPage\":{\"@id\":\"https:\/\/www.visit-ulcinj.com\/blog\/2016\/11\/24\/betimi-solemn-genci-nimanbegu-si-nenkryetar-parlamentit-video\/#primaryimage\"},\"datePublished\":\"2016-11-24T18:12:29+00:00\",\"dateModified\":\"2016-11-25T19:04:19+00:00\",\"author\":{\"@id\":\"https:\/\/www.visit-ulcinj.com\/blog\/#\/schema\/person\/dcab619c614d3038751c63bc2aadc06d\"},\"description\":\"N\u00eb seanc\u00ebn e sotme t\u00eb Kuvendit t\u00eb Malit t\u00eb Zi, kryetari i Socialdemokrat\u00ebve Ivan Brajoviq u zgjedh kryetar i ri i k\u00ebtij institucioni. P\u00ebr n\u00ebnkryetar t\u00eb\",\"breadcrumb\":{\"@id\":\"https:\/\/www.visit-ulcinj.com\/blog\/2016\/11\/24\/betimi-solemn-genci-nimanbegu-si-nenkryetar-parlamentit-video\/#breadcrumb\"},\"inLanguage\":\"en-US\",\"potentialAction\":[{\"@type\":\"ReadAction\",\"target\":[\"https:\/\/www.visit-ulcinj.com\/blog\/2016\/11\/24\/betimi-solemn-genci-nimanbegu-si-nenkryetar-parlamentit-video\/\"]}]},{\"@type\":\"BreadcrumbList\",\"@id\":\"https:\/\/www.visit-ulcinj.com\/blog\/2016\/11\/24\/betimi-solemn-genci-nimanbegu-si-nenkryetar-parlamentit-video\/#breadcrumb\",\"itemListElement\":[{\"@type\":\"ListItem\",\"position\":1,\"name\":\"Betimi Solemn i Genci Nimanbegut si Nenkryetar i Parlamentit &#8211; Video\"}]},{\"@type\":\"Person\",\"@id\":\"https:\/\/www.visit-ulcinj.com\/blog\/#\/schema\/person\/dcab619c614d3038751c63bc2aadc06d\",\"name\":\"ulqini\",\"sameAs\":[\"http:\/\/www.visit-ulcinj.com\"],\"url\":\"https:\/\/www.visit-ulcinj.com\/blog\/author\/admin\/\"}]}<\/script>\n<!-- \/ Yoast SEO plugin. -->","yoast_head_json":{"title":"Betimi Solemn i Genci Nimanbegut si Nenkryetar i Parlamentit - Video - Lajme nga Ulqini","description":"N\u00eb seanc\u00ebn e sotme t\u00eb Kuvendit t\u00eb Malit t\u00eb Zi, kryetari i Socialdemokrat\u00ebve Ivan Brajoviq u zgjedh kryetar i ri i k\u00ebtij institucioni. P\u00ebr n\u00ebnkryetar t\u00eb","robots":{"index":"index","follow":"follow","max-snippet":"max-snippet:-1","max-image-preview":"max-image-preview:large","max-video-preview":"max-video-preview:-1"},"canonical":"https:\/\/www.visit-ulcinj.com\/blog\/2016\/11\/24\/betimi-solemn-genci-nimanbegu-si-nenkryetar-parlamentit-video\/","og_locale":"en_US","og_type":"article","og_title":"Betimi Solemn i Genci Nimanbegut si Nenkryetar i Parlamentit - Video - Lajme nga Ulqini","og_description":"N\u00eb seanc\u00ebn e sotme t\u00eb Kuvendit t\u00eb Malit t\u00eb Zi, kryetari i Socialdemokrat\u00ebve Ivan Brajoviq u zgjedh kryetar i ri i k\u00ebtij institucioni. P\u00ebr n\u00ebnkryetar t\u00eb","og_url":"https:\/\/www.visit-ulcinj.com\/blog\/2016\/11\/24\/betimi-solemn-genci-nimanbegu-si-nenkryetar-parlamentit-video\/","og_site_name":"Lajme nga Ulqini","article_published_time":"2016-11-24T18:12:29+00:00","article_modified_time":"2016-11-25T19:04:19+00:00","og_image":[{"url":"http:\/\/www.visit-ulcinj.com\/blog\/wp-content\/uploads\/2016\/11\/Betimi-Solemn-i-Genci-Nimanbegu-si-Nenkryetar-i-Parlamentit.jpg"}],"twitter_misc":{"Written by":"ulqini","Est. reading time":"1 minute"},"schema":{"@context":"https:\/\/schema.org","@graph":[{"@type":"WebSite","@id":"https:\/\/www.visit-ulcinj.com\/blog\/#website","url":"https:\/\/www.visit-ulcinj.com\/blog\/","name":"Lajme nga Ulqini","description":"Lajme,Vijesti,Ulqini,Ulqin,Crna Gora,Mali i Zi","potentialAction":[{"@type":"SearchAction","target":{"@type":"EntryPoint","urlTemplate":"https:\/\/www.visit-ulcinj.com\/blog\/?s={search_term_string}"},"query-input":"required name=search_term_string"}],"inLanguage":"en-US"},{"@type":"ImageObject","inLanguage":"en-US","@id":"https:\/\/www.visit-ulcinj.com\/blog\/2016\/11\/24\/betimi-solemn-genci-nimanbegu-si-nenkryetar-parlamentit-video\/#primaryimage","url":"https:\/\/www.visit-ulcinj.com\/blog\/wp-content\/uploads\/2016\/11\/Betimi-Solemn-i-Genci-Nimanbegu-si-Nenkryetar-i-Parlamentit.jpg","contentUrl":"https:\/\/www.visit-ulcinj.com\/blog\/wp-content\/uploads\/2016\/11\/Betimi-Solemn-i-Genci-Nimanbegu-si-Nenkryetar-i-Parlamentit.jpg","width":702,"height":336},{"@type":"WebPage","@id":"https:\/\/www.visit-ulcinj.com\/blog\/2016\/11\/24\/betimi-solemn-genci-nimanbegu-si-nenkryetar-parlamentit-video\/#webpage","url":"https:\/\/www.visit-ulcinj.com\/blog\/2016\/11\/24\/betimi-solemn-genci-nimanbegu-si-nenkryetar-parlamentit-video\/","name":"Betimi Solemn i Genci Nimanbegut si Nenkryetar i Parlamentit - Video - Lajme nga Ulqini","isPartOf":{"@id":"https:\/\/www.visit-ulcinj.com\/blog\/#website"},"primaryImageOfPage":{"@id":"https:\/\/www.visit-ulcinj.com\/blog\/2016\/11\/24\/betimi-solemn-genci-nimanbegu-si-nenkryetar-parlamentit-video\/#primaryimage"},"datePublished":"2016-11-24T18:12:29+00:00","dateModified":"2016-11-25T19:04:19+00:00","author":{"@id":"https:\/\/www.visit-ulcinj.com\/blog\/#\/schema\/person\/dcab619c614d3038751c63bc2aadc06d"},"description":"N\u00eb seanc\u00ebn e sotme t\u00eb Kuvendit t\u00eb Malit t\u00eb Zi, kryetari i Socialdemokrat\u00ebve Ivan Brajoviq u zgjedh kryetar i ri i k\u00ebtij institucioni. P\u00ebr n\u00ebnkryetar t\u00eb","breadcrumb":{"@id":"https:\/\/www.visit-ulcinj.com\/blog\/2016\/11\/24\/betimi-solemn-genci-nimanbegu-si-nenkryetar-parlamentit-video\/#breadcrumb"},"inLanguage":"en-US","potentialAction":[{"@type":"ReadAction","target":["https:\/\/www.visit-ulcinj.com\/blog\/2016\/11\/24\/betimi-solemn-genci-nimanbegu-si-nenkryetar-parlamentit-video\/"]}]},{"@type":"BreadcrumbList","@id":"https:\/\/www.visit-ulcinj.com\/blog\/2016\/11\/24\/betimi-solemn-genci-nimanbegu-si-nenkryetar-parlamentit-video\/#breadcrumb","itemListElement":[{"@type":"ListItem","position":1,"name":"Betimi Solemn i Genci Nimanbegut si Nenkryetar i Parlamentit &#8211; Video"}]},{"@type":"Person","@id":"https:\/\/www.visit-ulcinj.com\/blog\/#\/schema\/person\/dcab619c614d3038751c63bc2aadc06d","name":"ulqini","sameAs":["http:\/\/www.visit-ulcinj.com"],"url":"https:\/\/www.visit-ulcinj.com\/blog\/author\/admin\/"}]}},"jetpack_featured_media_url":"","jetpack_sharing_enabled":true,"jetpack_shortlink":"https:\/\/wp.me\/pe6lTn-qk9","_links":{"self":[{"href":"https:\/\/www.visit-ulcinj.com\/blog\/wp-json\/wp\/v2\/posts\/101193"}],"collection":[{"href":"https:\/\/www.visit-ulcinj.com\/blog\/wp-json\/wp\/v2\/posts"}],"about":[{"href":"https:\/\/www.visit-ulcinj.com\/blog\/wp-json\/wp\/v2\/types\/post"}],"author":[{"embeddable":true,"href":"https:\/\/www.visit-ulcinj.com\/blog\/wp-json\/wp\/v2\/users\/1"}],"replies":[{"embeddable":true,"href":"https:\/\/www.visit-ulcinj.com\/blog\/wp-json\/wp\/v2\/comments?post=101193"}],"version-history":[{"count":5,"href":"https:\/\/www.visit-ulcinj.com\/blog\/wp-json\/wp\/v2\/posts\/101193\/revisions"}],"predecessor-version":[{"id":101215,"href":"https:\/\/www.visit-ulcinj.com\/blog\/wp-json\/wp\/v2\/posts\/101193\/revisions\/101215"}],"wp:attachment":[{"href":"https:\/\/www.visit-ulcinj.com\/blog\/wp-json\/wp\/v2\/media?parent=101193"}],"wp:term":[{"taxonomy":"category","embeddable":true,"href":"https:\/\/www.visit-ulcinj.com\/blog\/wp-json\/wp\/v2\/categories?post=101193"},{"taxonomy":"post_tag","embeddable":true,"href":"https:\/\/www.visit-ulcinj.com\/blog\/wp-json\/wp\/v2\/tags?post=101193"}],"curies":[{"name":"wp","href":"https:\/\/api.w.org\/{rel}","templated":true}]}}