{"id":101197,"date":"2016-11-24T19:21:21","date_gmt":"2016-11-24T18:21:21","guid":{"rendered":"http:\/\/www.visit-ulcinj.com\/blog\/?p=101197"},"modified":"2016-11-26T01:07:09","modified_gmt":"2016-11-26T00:07:09","slug":"gvozdenovic-nimanbegu-potpredsjednici","status":"publish","type":"post","link":"https:\/\/www.visit-ulcinj.com\/blog\/2016\/11\/24\/gvozdenovic-nimanbegu-potpredsjednici\/","title":{"rendered":"Gvozdenovi\u0107 i Nimanbegu potpredsjednici"},"content":{"rendered":"<p><strong><a href=\"http:\/\/www.visit-ulcinj.com\/blog\/wp-content\/uploads\/2016\/11\/Gvozdenovic-Nimanbegu.jpg\"><img loading=\"lazy\" class=\"alignleft wp-image-101198\" src=\"http:\/\/www.visit-ulcinj.com\/blog\/wp-content\/uploads\/2016\/11\/Gvozdenovic-Nimanbegu.jpg\" alt=\"Gvozdenovic-Nimanbegu\" width=\"508\" height=\"170\" srcset=\"https:\/\/www.visit-ulcinj.com\/blog\/wp-content\/uploads\/2016\/11\/Gvozdenovic-Nimanbegu.jpg 900w, https:\/\/www.visit-ulcinj.com\/blog\/wp-content\/uploads\/2016\/11\/Gvozdenovic-Nimanbegu-300x100.jpg 300w, https:\/\/www.visit-ulcinj.com\/blog\/wp-content\/uploads\/2016\/11\/Gvozdenovic-Nimanbegu-768x257.jpg 768w\" sizes=\"(max-width: 508px) 100vw, 508px\" \/><\/a>Poslanici Demokratske partije socijalista (DPS) Branimir Gvozdenovi\u0107 i koalicije albanskih stranaka, Genci Nimanbegu, novi su potpredsjednici Skup\u0161tine Crne Gore.<\/strong><\/p>\n<p>Njihov izbor su, tajnim glasanjem, podr\u017eala 42 poslanika DPS-a, Socijaldemokrata, Liberalne partije i manjinskih stranaka.<\/p>\n<p>Poslanik DPS-a Milutin Simovi\u0107 kazao je da kako je siguran da \u0107e Gvozdenovi\u0107 predstavljati novi kvalitet u radu parlamentu.<\/p>\n<p>&#8220;Siguran sam da \u0107e Gvozdenovi\u0107 doprinijeti da Crna Gora ide naprijed\u201c, rekao je Simovi\u0107.<\/p>\n<p>Poslanik DPS-a Obrad Stani\u0161i\u0107 kazao je da se Nimanbegu dokazao kao borac za interese Crne Gore, posebno kada je rije\u010d o spoljno-politi\u010dkim prioritetima.<\/p>\n<p>&#8220;Nimanbegu nije zaboravio ni sredinu iz koje dolazi, ni narod koji predstavlja, ve\u0107 je potencirao ta pitanja. Uvjeren sam da \u0107e se njegovim izborom rad parlamenta pobolj\u0161ati\u201c, rekao je Stani\u0161i\u0107.<\/p>\n<p>Ni dana\u0161njoj sjednici nijesu prisustvovali poslanici opozicije.<\/p>\n<p>Prethodno je <a href=\"http:\/\/rtcg.me\/vijesti\/politika\/148319\/brajovic-novi-predsjednik-skupstine.html\">za predsjednika Skup\u0161tine izabran lider Socijaldemokrata Ivan Brajovi\u0107.<\/a><\/p>\n<p><strong>Izvor: RTCG<\/strong><\/p>\n","protected":false},"excerpt":{"rendered":"<p>Poslanici Demokratske partije socijalista (DPS) Branimir Gvozdenovi\u0107 i koalicije albanskih stranaka, Genci Nimanbegu, novi su potpredsjednici Skup\u0161tine Crne Gore. Njihov izbor su, tajnim glasanjem, podr\u017eala 42 poslanika DPS-a, Socijaldemokrata, Liberalne partije i manjinskih stranaka. Poslanik DPS-a Milutin Simovi\u0107 kazao je da kako je siguran da \u0107e Gvozdenovi\u0107 predstavljati novi kvalitet u radu parlamentu. &#8220;Siguran sam [&hellip;]<\/p>\n","protected":false},"author":1,"featured_media":0,"comment_status":"closed","ping_status":"closed","sticky":false,"template":"","format":"standard","meta":{"spay_email":"","jetpack_publicize_message":"","jetpack_is_tweetstorm":false,"jetpack_publicize_feature_enabled":true},"categories":[8337],"tags":[],"jetpack_publicize_connections":[],"yoast_head":"<!-- This site is optimized with the Yoast SEO plugin v19.1 - https:\/\/yoast.com\/wordpress\/plugins\/seo\/ -->\n<title>Gvozdenovi\u0107 i Nimanbegu potpredsjednici - Lajme nga Ulqini<\/title>\n<meta name=\"description\" content=\"Poslanici Demokratske partije socijalista (DPS) Branimir Gvozdenovi\u0107 i koalicije albanskih stranaka, Genci Nimanbegu, novi su potpredsjednici Skup\u0161tine\" \/>\n<meta name=\"robots\" content=\"index, follow, max-snippet:-1, max-image-preview:large, max-video-preview:-1\" \/>\n<link rel=\"canonical\" href=\"https:\/\/www.visit-ulcinj.com\/blog\/2016\/11\/24\/gvozdenovic-nimanbegu-potpredsjednici\/\" \/>\n<meta property=\"og:locale\" content=\"en_US\" \/>\n<meta property=\"og:type\" content=\"article\" \/>\n<meta property=\"og:title\" content=\"Gvozdenovi\u0107 i Nimanbegu potpredsjednici - Lajme nga Ulqini\" \/>\n<meta property=\"og:description\" content=\"Poslanici Demokratske partije socijalista (DPS) Branimir Gvozdenovi\u0107 i koalicije albanskih stranaka, Genci Nimanbegu, novi su potpredsjednici Skup\u0161tine\" \/>\n<meta property=\"og:url\" content=\"https:\/\/www.visit-ulcinj.com\/blog\/2016\/11\/24\/gvozdenovic-nimanbegu-potpredsjednici\/\" \/>\n<meta property=\"og:site_name\" content=\"Lajme nga Ulqini\" \/>\n<meta property=\"article:published_time\" content=\"2016-11-24T18:21:21+00:00\" \/>\n<meta property=\"article:modified_time\" content=\"2016-11-26T00:07:09+00:00\" \/>\n<meta property=\"og:image\" content=\"http:\/\/www.visit-ulcinj.com\/blog\/wp-content\/uploads\/2016\/11\/Gvozdenovic-Nimanbegu.jpg\" \/>\n<meta name=\"twitter:label1\" content=\"Written by\" \/>\n\t<meta name=\"twitter:data1\" content=\"ulqini\" \/>\n\t<meta name=\"twitter:label2\" content=\"Est. reading time\" \/>\n\t<meta name=\"twitter:data2\" content=\"1 minute\" \/>\n<script type=\"application\/ld+json\" class=\"yoast-schema-graph\">{\"@context\":\"https:\/\/schema.org\",\"@graph\":[{\"@type\":\"WebSite\",\"@id\":\"https:\/\/www.visit-ulcinj.com\/blog\/#website\",\"url\":\"https:\/\/www.visit-ulcinj.com\/blog\/\",\"name\":\"Lajme nga Ulqini\",\"description\":\"Lajme,Vijesti,Ulqini,Ulqin,Crna Gora,Mali i Zi\",\"potentialAction\":[{\"@type\":\"SearchAction\",\"target\":{\"@type\":\"EntryPoint\",\"urlTemplate\":\"https:\/\/www.visit-ulcinj.com\/blog\/?s={search_term_string}\"},\"query-input\":\"required name=search_term_string\"}],\"inLanguage\":\"en-US\"},{\"@type\":\"ImageObject\",\"inLanguage\":\"en-US\",\"@id\":\"https:\/\/www.visit-ulcinj.com\/blog\/2016\/11\/24\/gvozdenovic-nimanbegu-potpredsjednici\/#primaryimage\",\"url\":\"https:\/\/www.visit-ulcinj.com\/blog\/wp-content\/uploads\/2016\/11\/Gvozdenovic-Nimanbegu.jpg\",\"contentUrl\":\"https:\/\/www.visit-ulcinj.com\/blog\/wp-content\/uploads\/2016\/11\/Gvozdenovic-Nimanbegu.jpg\",\"width\":900,\"height\":301},{\"@type\":\"WebPage\",\"@id\":\"https:\/\/www.visit-ulcinj.com\/blog\/2016\/11\/24\/gvozdenovic-nimanbegu-potpredsjednici\/#webpage\",\"url\":\"https:\/\/www.visit-ulcinj.com\/blog\/2016\/11\/24\/gvozdenovic-nimanbegu-potpredsjednici\/\",\"name\":\"Gvozdenovi\u0107 i Nimanbegu potpredsjednici - Lajme nga Ulqini\",\"isPartOf\":{\"@id\":\"https:\/\/www.visit-ulcinj.com\/blog\/#website\"},\"primaryImageOfPage\":{\"@id\":\"https:\/\/www.visit-ulcinj.com\/blog\/2016\/11\/24\/gvozdenovic-nimanbegu-potpredsjednici\/#primaryimage\"},\"datePublished\":\"2016-11-24T18:21:21+00:00\",\"dateModified\":\"2016-11-26T00:07:09+00:00\",\"author\":{\"@id\":\"https:\/\/www.visit-ulcinj.com\/blog\/#\/schema\/person\/dcab619c614d3038751c63bc2aadc06d\"},\"description\":\"Poslanici Demokratske partije socijalista (DPS) Branimir Gvozdenovi\u0107 i koalicije albanskih stranaka, Genci Nimanbegu, novi su potpredsjednici Skup\u0161tine\",\"breadcrumb\":{\"@id\":\"https:\/\/www.visit-ulcinj.com\/blog\/2016\/11\/24\/gvozdenovic-nimanbegu-potpredsjednici\/#breadcrumb\"},\"inLanguage\":\"en-US\",\"potentialAction\":[{\"@type\":\"ReadAction\",\"target\":[\"https:\/\/www.visit-ulcinj.com\/blog\/2016\/11\/24\/gvozdenovic-nimanbegu-potpredsjednici\/\"]}]},{\"@type\":\"BreadcrumbList\",\"@id\":\"https:\/\/www.visit-ulcinj.com\/blog\/2016\/11\/24\/gvozdenovic-nimanbegu-potpredsjednici\/#breadcrumb\",\"itemListElement\":[{\"@type\":\"ListItem\",\"position\":1,\"name\":\"Gvozdenovi\u0107 i Nimanbegu potpredsjednici\"}]},{\"@type\":\"Person\",\"@id\":\"https:\/\/www.visit-ulcinj.com\/blog\/#\/schema\/person\/dcab619c614d3038751c63bc2aadc06d\",\"name\":\"ulqini\",\"sameAs\":[\"http:\/\/www.visit-ulcinj.com\"],\"url\":\"https:\/\/www.visit-ulcinj.com\/blog\/author\/admin\/\"}]}<\/script>\n<!-- \/ Yoast SEO plugin. -->","yoast_head_json":{"title":"Gvozdenovi\u0107 i Nimanbegu potpredsjednici - Lajme nga Ulqini","description":"Poslanici Demokratske partije socijalista (DPS) Branimir Gvozdenovi\u0107 i koalicije albanskih stranaka, Genci Nimanbegu, novi su potpredsjednici Skup\u0161tine","robots":{"index":"index","follow":"follow","max-snippet":"max-snippet:-1","max-image-preview":"max-image-preview:large","max-video-preview":"max-video-preview:-1"},"canonical":"https:\/\/www.visit-ulcinj.com\/blog\/2016\/11\/24\/gvozdenovic-nimanbegu-potpredsjednici\/","og_locale":"en_US","og_type":"article","og_title":"Gvozdenovi\u0107 i Nimanbegu potpredsjednici - Lajme nga Ulqini","og_description":"Poslanici Demokratske partije socijalista (DPS) Branimir Gvozdenovi\u0107 i koalicije albanskih stranaka, Genci Nimanbegu, novi su potpredsjednici Skup\u0161tine","og_url":"https:\/\/www.visit-ulcinj.com\/blog\/2016\/11\/24\/gvozdenovic-nimanbegu-potpredsjednici\/","og_site_name":"Lajme nga Ulqini","article_published_time":"2016-11-24T18:21:21+00:00","article_modified_time":"2016-11-26T00:07:09+00:00","og_image":[{"url":"http:\/\/www.visit-ulcinj.com\/blog\/wp-content\/uploads\/2016\/11\/Gvozdenovic-Nimanbegu.jpg"}],"twitter_misc":{"Written by":"ulqini","Est. reading time":"1 minute"},"schema":{"@context":"https:\/\/schema.org","@graph":[{"@type":"WebSite","@id":"https:\/\/www.visit-ulcinj.com\/blog\/#website","url":"https:\/\/www.visit-ulcinj.com\/blog\/","name":"Lajme nga Ulqini","description":"Lajme,Vijesti,Ulqini,Ulqin,Crna Gora,Mali i Zi","potentialAction":[{"@type":"SearchAction","target":{"@type":"EntryPoint","urlTemplate":"https:\/\/www.visit-ulcinj.com\/blog\/?s={search_term_string}"},"query-input":"required name=search_term_string"}],"inLanguage":"en-US"},{"@type":"ImageObject","inLanguage":"en-US","@id":"https:\/\/www.visit-ulcinj.com\/blog\/2016\/11\/24\/gvozdenovic-nimanbegu-potpredsjednici\/#primaryimage","url":"https:\/\/www.visit-ulcinj.com\/blog\/wp-content\/uploads\/2016\/11\/Gvozdenovic-Nimanbegu.jpg","contentUrl":"https:\/\/www.visit-ulcinj.com\/blog\/wp-content\/uploads\/2016\/11\/Gvozdenovic-Nimanbegu.jpg","width":900,"height":301},{"@type":"WebPage","@id":"https:\/\/www.visit-ulcinj.com\/blog\/2016\/11\/24\/gvozdenovic-nimanbegu-potpredsjednici\/#webpage","url":"https:\/\/www.visit-ulcinj.com\/blog\/2016\/11\/24\/gvozdenovic-nimanbegu-potpredsjednici\/","name":"Gvozdenovi\u0107 i Nimanbegu potpredsjednici - Lajme nga Ulqini","isPartOf":{"@id":"https:\/\/www.visit-ulcinj.com\/blog\/#website"},"primaryImageOfPage":{"@id":"https:\/\/www.visit-ulcinj.com\/blog\/2016\/11\/24\/gvozdenovic-nimanbegu-potpredsjednici\/#primaryimage"},"datePublished":"2016-11-24T18:21:21+00:00","dateModified":"2016-11-26T00:07:09+00:00","author":{"@id":"https:\/\/www.visit-ulcinj.com\/blog\/#\/schema\/person\/dcab619c614d3038751c63bc2aadc06d"},"description":"Poslanici Demokratske partije socijalista (DPS) Branimir Gvozdenovi\u0107 i koalicije albanskih stranaka, Genci Nimanbegu, novi su potpredsjednici Skup\u0161tine","breadcrumb":{"@id":"https:\/\/www.visit-ulcinj.com\/blog\/2016\/11\/24\/gvozdenovic-nimanbegu-potpredsjednici\/#breadcrumb"},"inLanguage":"en-US","potentialAction":[{"@type":"ReadAction","target":["https:\/\/www.visit-ulcinj.com\/blog\/2016\/11\/24\/gvozdenovic-nimanbegu-potpredsjednici\/"]}]},{"@type":"BreadcrumbList","@id":"https:\/\/www.visit-ulcinj.com\/blog\/2016\/11\/24\/gvozdenovic-nimanbegu-potpredsjednici\/#breadcrumb","itemListElement":[{"@type":"ListItem","position":1,"name":"Gvozdenovi\u0107 i Nimanbegu potpredsjednici"}]},{"@type":"Person","@id":"https:\/\/www.visit-ulcinj.com\/blog\/#\/schema\/person\/dcab619c614d3038751c63bc2aadc06d","name":"ulqini","sameAs":["http:\/\/www.visit-ulcinj.com"],"url":"https:\/\/www.visit-ulcinj.com\/blog\/author\/admin\/"}]}},"jetpack_featured_media_url":"","jetpack_sharing_enabled":true,"jetpack_shortlink":"https:\/\/wp.me\/pe6lTn-qkd","_links":{"self":[{"href":"https:\/\/www.visit-ulcinj.com\/blog\/wp-json\/wp\/v2\/posts\/101197"}],"collection":[{"href":"https:\/\/www.visit-ulcinj.com\/blog\/wp-json\/wp\/v2\/posts"}],"about":[{"href":"https:\/\/www.visit-ulcinj.com\/blog\/wp-json\/wp\/v2\/types\/post"}],"author":[{"embeddable":true,"href":"https:\/\/www.visit-ulcinj.com\/blog\/wp-json\/wp\/v2\/users\/1"}],"replies":[{"embeddable":true,"href":"https:\/\/www.visit-ulcinj.com\/blog\/wp-json\/wp\/v2\/comments?post=101197"}],"version-history":[{"count":1,"href":"https:\/\/www.visit-ulcinj.com\/blog\/wp-json\/wp\/v2\/posts\/101197\/revisions"}],"predecessor-version":[{"id":101199,"href":"https:\/\/www.visit-ulcinj.com\/blog\/wp-json\/wp\/v2\/posts\/101197\/revisions\/101199"}],"wp:attachment":[{"href":"https:\/\/www.visit-ulcinj.com\/blog\/wp-json\/wp\/v2\/media?parent=101197"}],"wp:term":[{"taxonomy":"category","embeddable":true,"href":"https:\/\/www.visit-ulcinj.com\/blog\/wp-json\/wp\/v2\/categories?post=101197"},{"taxonomy":"post_tag","embeddable":true,"href":"https:\/\/www.visit-ulcinj.com\/blog\/wp-json\/wp\/v2\/tags?post=101197"}],"curies":[{"name":"wp","href":"https:\/\/api.w.org\/{rel}","templated":true}]}}