{"id":101200,"date":"2016-11-24T19:26:19","date_gmt":"2016-11-24T18:26:19","guid":{"rendered":"http:\/\/www.visit-ulcinj.com\/blog\/?p=101200"},"modified":"2016-11-24T19:26:19","modified_gmt":"2016-11-24T18:26:19","slug":"brajoviq-u-zgjedh-kryetar-kuvendit-te-malit-te-zi","status":"publish","type":"post","link":"https:\/\/www.visit-ulcinj.com\/blog\/2016\/11\/24\/brajoviq-u-zgjedh-kryetar-kuvendit-te-malit-te-zi\/","title":{"rendered":"Brajoviq u zgjedh kryetar i kuvendit t\u00eb Malit t\u00eb Zi"},"content":{"rendered":"<p><a href=\"http:\/\/www.visit-ulcinj.com\/blog\/wp-content\/uploads\/2016\/11\/IVAN-BRAJEVIQ.jpg\"><img loading=\"lazy\" class=\"alignleft wp-image-101201\" src=\"http:\/\/www.visit-ulcinj.com\/blog\/wp-content\/uploads\/2016\/11\/IVAN-BRAJEVIQ.jpg\" alt=\"IVAN-BRAJEVIQ\" width=\"508\" height=\"339\" srcset=\"https:\/\/www.visit-ulcinj.com\/blog\/wp-content\/uploads\/2016\/11\/IVAN-BRAJEVIQ.jpg 900w, https:\/\/www.visit-ulcinj.com\/blog\/wp-content\/uploads\/2016\/11\/IVAN-BRAJEVIQ-300x200.jpg 300w, https:\/\/www.visit-ulcinj.com\/blog\/wp-content\/uploads\/2016\/11\/IVAN-BRAJEVIQ-768x512.jpg 768w\" sizes=\"(max-width: 508px) 100vw, 508px\" \/><\/a>N\u00eb mbledhjen e sotme konstituive t\u00eb parlamentit t\u00eb Malit t\u00eb Zi Ivan Brajoviq u zgjedh kryetar i kuvendit me votat e 42 deputet\u00ebve t\u00ebpranish\u00ebm. Ai duke dh\u00ebn\u00eb betimin ka theksuar se detyr\u00ebn do ta ushtroj sipas ligjit dhe kushtetut\u00ebs, me nder\u00eb p\u00ebrgjegj\u00ebsi dhe dinjitet. N\u00eb mbledhj\u00ebn e sotme t\u00eb kuvendit nuk kan\u00eb marr\u00eb pjes\u00eb deputet\u00ebt opozitar.<\/p>\n<p>Kryetari I sapozgjedhur i kuvendit Ivan Brajoviq i ka ftua t\u00eb gjith\u00eb deputet\u00ebt e zghedhur me vullnetin e popullit q\u00eb sa m\u00eb pare t\u00eb ky\u00e7\u00ebn n\u00eb pun\u00ebn e parlamentit duke shtuar se bojkotimi asnj\u00ebher\u00eb nuk ka sjedh\u00eb gj\u00eb t\u00eb mir\u00eb. Ai pas zgjedhjes n\u00eb k\u00ebt\u00eb funksion u ka deklarua gazetar\u00ebve se kuvendi duhet t\u00eb punoj n\u00eb m\u00ebnyr\u00eb m\u00eb efikase duke shtuar se di \u00a0t\u00eb p\u00ebrpiqt q\u00eb ta udh\u00ebheq at\u00eb me p\u00ebrkushtimin m\u00eb t\u00eb madh t\u00eb mundsh\u00ebm.<\/p>\n<p>TVCG<\/p>\n","protected":false},"excerpt":{"rendered":"<p>N\u00eb mbledhjen e sotme konstituive t\u00eb parlamentit t\u00eb Malit t\u00eb Zi Ivan Brajoviq u zgjedh kryetar i kuvendit me votat e 42 deputet\u00ebve t\u00ebpranish\u00ebm. Ai duke dh\u00ebn\u00eb betimin ka theksuar se detyr\u00ebn do ta ushtroj sipas ligjit dhe kushtetut\u00ebs, me nder\u00eb p\u00ebrgjegj\u00ebsi dhe dinjitet. N\u00eb mbledhj\u00ebn e sotme t\u00eb kuvendit nuk kan\u00eb marr\u00eb pjes\u00eb deputet\u00ebt [&hellip;]<\/p>\n","protected":false},"author":1,"featured_media":0,"comment_status":"closed","ping_status":"closed","sticky":false,"template":"","format":"standard","meta":{"spay_email":"","jetpack_publicize_message":"","jetpack_is_tweetstorm":false,"jetpack_publicize_feature_enabled":true},"categories":[6950],"tags":[],"jetpack_publicize_connections":[],"yoast_head":"<!-- This site is optimized with the Yoast SEO plugin v19.1 - https:\/\/yoast.com\/wordpress\/plugins\/seo\/ -->\n<title>Brajoviq u zgjedh kryetar i kuvendit t\u00eb Malit t\u00eb Zi - Lajme nga Ulqini<\/title>\n<meta name=\"description\" content=\"N\u00eb mbledhjen e sotme konstituive t\u00eb parlamentit t\u00eb Malit t\u00eb Zi Ivan Brajoviq u zgjedh kryetar i kuvendit me votat e 42 deputet\u00ebve t\u00ebpranish\u00ebm. Ai duke\" \/>\n<meta name=\"robots\" content=\"index, follow, max-snippet:-1, max-image-preview:large, max-video-preview:-1\" \/>\n<link rel=\"canonical\" href=\"https:\/\/www.visit-ulcinj.com\/blog\/2016\/11\/24\/brajoviq-u-zgjedh-kryetar-kuvendit-te-malit-te-zi\/\" \/>\n<meta property=\"og:locale\" content=\"en_US\" \/>\n<meta property=\"og:type\" content=\"article\" \/>\n<meta property=\"og:title\" content=\"Brajoviq u zgjedh kryetar i kuvendit t\u00eb Malit t\u00eb Zi - Lajme nga Ulqini\" \/>\n<meta property=\"og:description\" content=\"N\u00eb mbledhjen e sotme konstituive t\u00eb parlamentit t\u00eb Malit t\u00eb Zi Ivan Brajoviq u zgjedh kryetar i kuvendit me votat e 42 deputet\u00ebve t\u00ebpranish\u00ebm. Ai duke\" \/>\n<meta property=\"og:url\" content=\"https:\/\/www.visit-ulcinj.com\/blog\/2016\/11\/24\/brajoviq-u-zgjedh-kryetar-kuvendit-te-malit-te-zi\/\" \/>\n<meta property=\"og:site_name\" content=\"Lajme nga Ulqini\" \/>\n<meta property=\"article:published_time\" content=\"2016-11-24T18:26:19+00:00\" \/>\n<meta property=\"og:image\" content=\"http:\/\/www.visit-ulcinj.com\/blog\/wp-content\/uploads\/2016\/11\/IVAN-BRAJEVIQ.jpg\" \/>\n<meta name=\"twitter:label1\" content=\"Written by\" \/>\n\t<meta name=\"twitter:data1\" content=\"ulqini\" \/>\n\t<meta name=\"twitter:label2\" content=\"Est. reading time\" \/>\n\t<meta name=\"twitter:data2\" content=\"1 minute\" \/>\n<script type=\"application\/ld+json\" class=\"yoast-schema-graph\">{\"@context\":\"https:\/\/schema.org\",\"@graph\":[{\"@type\":\"WebSite\",\"@id\":\"https:\/\/www.visit-ulcinj.com\/blog\/#website\",\"url\":\"https:\/\/www.visit-ulcinj.com\/blog\/\",\"name\":\"Lajme nga Ulqini\",\"description\":\"Lajme,Vijesti,Ulqini,Ulqin,Crna Gora,Mali i Zi\",\"potentialAction\":[{\"@type\":\"SearchAction\",\"target\":{\"@type\":\"EntryPoint\",\"urlTemplate\":\"https:\/\/www.visit-ulcinj.com\/blog\/?s={search_term_string}\"},\"query-input\":\"required name=search_term_string\"}],\"inLanguage\":\"en-US\"},{\"@type\":\"ImageObject\",\"inLanguage\":\"en-US\",\"@id\":\"https:\/\/www.visit-ulcinj.com\/blog\/2016\/11\/24\/brajoviq-u-zgjedh-kryetar-kuvendit-te-malit-te-zi\/#primaryimage\",\"url\":\"https:\/\/www.visit-ulcinj.com\/blog\/wp-content\/uploads\/2016\/11\/IVAN-BRAJEVIQ.jpg\",\"contentUrl\":\"https:\/\/www.visit-ulcinj.com\/blog\/wp-content\/uploads\/2016\/11\/IVAN-BRAJEVIQ.jpg\",\"width\":900,\"height\":600},{\"@type\":\"WebPage\",\"@id\":\"https:\/\/www.visit-ulcinj.com\/blog\/2016\/11\/24\/brajoviq-u-zgjedh-kryetar-kuvendit-te-malit-te-zi\/#webpage\",\"url\":\"https:\/\/www.visit-ulcinj.com\/blog\/2016\/11\/24\/brajoviq-u-zgjedh-kryetar-kuvendit-te-malit-te-zi\/\",\"name\":\"Brajoviq u zgjedh kryetar i kuvendit t\u00eb Malit t\u00eb Zi - Lajme nga Ulqini\",\"isPartOf\":{\"@id\":\"https:\/\/www.visit-ulcinj.com\/blog\/#website\"},\"primaryImageOfPage\":{\"@id\":\"https:\/\/www.visit-ulcinj.com\/blog\/2016\/11\/24\/brajoviq-u-zgjedh-kryetar-kuvendit-te-malit-te-zi\/#primaryimage\"},\"datePublished\":\"2016-11-24T18:26:19+00:00\",\"dateModified\":\"2016-11-24T18:26:19+00:00\",\"author\":{\"@id\":\"https:\/\/www.visit-ulcinj.com\/blog\/#\/schema\/person\/dcab619c614d3038751c63bc2aadc06d\"},\"description\":\"N\u00eb mbledhjen e sotme konstituive t\u00eb parlamentit t\u00eb Malit t\u00eb Zi Ivan Brajoviq u zgjedh kryetar i kuvendit me votat e 42 deputet\u00ebve t\u00ebpranish\u00ebm. Ai duke\",\"breadcrumb\":{\"@id\":\"https:\/\/www.visit-ulcinj.com\/blog\/2016\/11\/24\/brajoviq-u-zgjedh-kryetar-kuvendit-te-malit-te-zi\/#breadcrumb\"},\"inLanguage\":\"en-US\",\"potentialAction\":[{\"@type\":\"ReadAction\",\"target\":[\"https:\/\/www.visit-ulcinj.com\/blog\/2016\/11\/24\/brajoviq-u-zgjedh-kryetar-kuvendit-te-malit-te-zi\/\"]}]},{\"@type\":\"BreadcrumbList\",\"@id\":\"https:\/\/www.visit-ulcinj.com\/blog\/2016\/11\/24\/brajoviq-u-zgjedh-kryetar-kuvendit-te-malit-te-zi\/#breadcrumb\",\"itemListElement\":[{\"@type\":\"ListItem\",\"position\":1,\"name\":\"Brajoviq u zgjedh kryetar i kuvendit t\u00eb Malit t\u00eb Zi\"}]},{\"@type\":\"Person\",\"@id\":\"https:\/\/www.visit-ulcinj.com\/blog\/#\/schema\/person\/dcab619c614d3038751c63bc2aadc06d\",\"name\":\"ulqini\",\"sameAs\":[\"http:\/\/www.visit-ulcinj.com\"],\"url\":\"https:\/\/www.visit-ulcinj.com\/blog\/author\/admin\/\"}]}<\/script>\n<!-- \/ Yoast SEO plugin. -->","yoast_head_json":{"title":"Brajoviq u zgjedh kryetar i kuvendit t\u00eb Malit t\u00eb Zi - Lajme nga Ulqini","description":"N\u00eb mbledhjen e sotme konstituive t\u00eb parlamentit t\u00eb Malit t\u00eb Zi Ivan Brajoviq u zgjedh kryetar i kuvendit me votat e 42 deputet\u00ebve t\u00ebpranish\u00ebm. Ai duke","robots":{"index":"index","follow":"follow","max-snippet":"max-snippet:-1","max-image-preview":"max-image-preview:large","max-video-preview":"max-video-preview:-1"},"canonical":"https:\/\/www.visit-ulcinj.com\/blog\/2016\/11\/24\/brajoviq-u-zgjedh-kryetar-kuvendit-te-malit-te-zi\/","og_locale":"en_US","og_type":"article","og_title":"Brajoviq u zgjedh kryetar i kuvendit t\u00eb Malit t\u00eb Zi - Lajme nga Ulqini","og_description":"N\u00eb mbledhjen e sotme konstituive t\u00eb parlamentit t\u00eb Malit t\u00eb Zi Ivan Brajoviq u zgjedh kryetar i kuvendit me votat e 42 deputet\u00ebve t\u00ebpranish\u00ebm. Ai duke","og_url":"https:\/\/www.visit-ulcinj.com\/blog\/2016\/11\/24\/brajoviq-u-zgjedh-kryetar-kuvendit-te-malit-te-zi\/","og_site_name":"Lajme nga Ulqini","article_published_time":"2016-11-24T18:26:19+00:00","og_image":[{"url":"http:\/\/www.visit-ulcinj.com\/blog\/wp-content\/uploads\/2016\/11\/IVAN-BRAJEVIQ.jpg"}],"twitter_misc":{"Written by":"ulqini","Est. reading time":"1 minute"},"schema":{"@context":"https:\/\/schema.org","@graph":[{"@type":"WebSite","@id":"https:\/\/www.visit-ulcinj.com\/blog\/#website","url":"https:\/\/www.visit-ulcinj.com\/blog\/","name":"Lajme nga Ulqini","description":"Lajme,Vijesti,Ulqini,Ulqin,Crna Gora,Mali i Zi","potentialAction":[{"@type":"SearchAction","target":{"@type":"EntryPoint","urlTemplate":"https:\/\/www.visit-ulcinj.com\/blog\/?s={search_term_string}"},"query-input":"required name=search_term_string"}],"inLanguage":"en-US"},{"@type":"ImageObject","inLanguage":"en-US","@id":"https:\/\/www.visit-ulcinj.com\/blog\/2016\/11\/24\/brajoviq-u-zgjedh-kryetar-kuvendit-te-malit-te-zi\/#primaryimage","url":"https:\/\/www.visit-ulcinj.com\/blog\/wp-content\/uploads\/2016\/11\/IVAN-BRAJEVIQ.jpg","contentUrl":"https:\/\/www.visit-ulcinj.com\/blog\/wp-content\/uploads\/2016\/11\/IVAN-BRAJEVIQ.jpg","width":900,"height":600},{"@type":"WebPage","@id":"https:\/\/www.visit-ulcinj.com\/blog\/2016\/11\/24\/brajoviq-u-zgjedh-kryetar-kuvendit-te-malit-te-zi\/#webpage","url":"https:\/\/www.visit-ulcinj.com\/blog\/2016\/11\/24\/brajoviq-u-zgjedh-kryetar-kuvendit-te-malit-te-zi\/","name":"Brajoviq u zgjedh kryetar i kuvendit t\u00eb Malit t\u00eb Zi - Lajme nga Ulqini","isPartOf":{"@id":"https:\/\/www.visit-ulcinj.com\/blog\/#website"},"primaryImageOfPage":{"@id":"https:\/\/www.visit-ulcinj.com\/blog\/2016\/11\/24\/brajoviq-u-zgjedh-kryetar-kuvendit-te-malit-te-zi\/#primaryimage"},"datePublished":"2016-11-24T18:26:19+00:00","dateModified":"2016-11-24T18:26:19+00:00","author":{"@id":"https:\/\/www.visit-ulcinj.com\/blog\/#\/schema\/person\/dcab619c614d3038751c63bc2aadc06d"},"description":"N\u00eb mbledhjen e sotme konstituive t\u00eb parlamentit t\u00eb Malit t\u00eb Zi Ivan Brajoviq u zgjedh kryetar i kuvendit me votat e 42 deputet\u00ebve t\u00ebpranish\u00ebm. Ai duke","breadcrumb":{"@id":"https:\/\/www.visit-ulcinj.com\/blog\/2016\/11\/24\/brajoviq-u-zgjedh-kryetar-kuvendit-te-malit-te-zi\/#breadcrumb"},"inLanguage":"en-US","potentialAction":[{"@type":"ReadAction","target":["https:\/\/www.visit-ulcinj.com\/blog\/2016\/11\/24\/brajoviq-u-zgjedh-kryetar-kuvendit-te-malit-te-zi\/"]}]},{"@type":"BreadcrumbList","@id":"https:\/\/www.visit-ulcinj.com\/blog\/2016\/11\/24\/brajoviq-u-zgjedh-kryetar-kuvendit-te-malit-te-zi\/#breadcrumb","itemListElement":[{"@type":"ListItem","position":1,"name":"Brajoviq u zgjedh kryetar i kuvendit t\u00eb Malit t\u00eb Zi"}]},{"@type":"Person","@id":"https:\/\/www.visit-ulcinj.com\/blog\/#\/schema\/person\/dcab619c614d3038751c63bc2aadc06d","name":"ulqini","sameAs":["http:\/\/www.visit-ulcinj.com"],"url":"https:\/\/www.visit-ulcinj.com\/blog\/author\/admin\/"}]}},"jetpack_featured_media_url":"","jetpack_sharing_enabled":true,"jetpack_shortlink":"https:\/\/wp.me\/pe6lTn-qkg","_links":{"self":[{"href":"https:\/\/www.visit-ulcinj.com\/blog\/wp-json\/wp\/v2\/posts\/101200"}],"collection":[{"href":"https:\/\/www.visit-ulcinj.com\/blog\/wp-json\/wp\/v2\/posts"}],"about":[{"href":"https:\/\/www.visit-ulcinj.com\/blog\/wp-json\/wp\/v2\/types\/post"}],"author":[{"embeddable":true,"href":"https:\/\/www.visit-ulcinj.com\/blog\/wp-json\/wp\/v2\/users\/1"}],"replies":[{"embeddable":true,"href":"https:\/\/www.visit-ulcinj.com\/blog\/wp-json\/wp\/v2\/comments?post=101200"}],"version-history":[{"count":1,"href":"https:\/\/www.visit-ulcinj.com\/blog\/wp-json\/wp\/v2\/posts\/101200\/revisions"}],"predecessor-version":[{"id":101202,"href":"https:\/\/www.visit-ulcinj.com\/blog\/wp-json\/wp\/v2\/posts\/101200\/revisions\/101202"}],"wp:attachment":[{"href":"https:\/\/www.visit-ulcinj.com\/blog\/wp-json\/wp\/v2\/media?parent=101200"}],"wp:term":[{"taxonomy":"category","embeddable":true,"href":"https:\/\/www.visit-ulcinj.com\/blog\/wp-json\/wp\/v2\/categories?post=101200"},{"taxonomy":"post_tag","embeddable":true,"href":"https:\/\/www.visit-ulcinj.com\/blog\/wp-json\/wp\/v2\/tags?post=101200"}],"curies":[{"name":"wp","href":"https:\/\/api.w.org\/{rel}","templated":true}]}}