{"id":101211,"date":"2016-11-25T20:01:58","date_gmt":"2016-11-25T19:01:58","guid":{"rendered":"http:\/\/www.visit-ulcinj.com\/blog\/?p=101211"},"modified":"2016-11-26T00:53:27","modified_gmt":"2016-11-25T23:53:27","slug":"festohet-ne-mal-te-zi-dita-e-pavaresise-se-republikes-se-shqiperise","status":"publish","type":"post","link":"https:\/\/www.visit-ulcinj.com\/blog\/2016\/11\/25\/festohet-ne-mal-te-zi-dita-e-pavaresise-se-republikes-se-shqiperise\/","title":{"rendered":"Festohet n\u00eb Mal t\u00eb Zi Dita e Pavar\u00ebsis\u00eb s\u00eb Republik\u00ebs s\u00eb Shqip\u00ebris\u00eb"},"content":{"rendered":"<p><a href=\"http:\/\/www.visit-ulcinj.com\/blog\/wp-content\/uploads\/2016\/11\/Festohet-n\u00eb-Mal-t\u00eb-Zi-Dita-e-Pavar\u00ebsis\u00eb-s\u00eb-Republik\u00ebs-s\u00eb-Shqip\u00ebris\u00eb-.jpg\"><img loading=\"lazy\" class=\"alignleft wp-image-101212\" src=\"http:\/\/www.visit-ulcinj.com\/blog\/wp-content\/uploads\/2016\/11\/Festohet-n\u00eb-Mal-t\u00eb-Zi-Dita-e-Pavar\u00ebsis\u00eb-s\u00eb-Republik\u00ebs-s\u00eb-Shqip\u00ebris\u00eb-.jpg\" alt=\"Festohet n\u00eb Mal t\u00eb Zi Dita e Pavar\u00ebsis\u00eb s\u00eb Republik\u00ebs s\u00eb Shqip\u00ebris\u00eb-\" width=\"508\" height=\"341\" srcset=\"https:\/\/www.visit-ulcinj.com\/blog\/wp-content\/uploads\/2016\/11\/Festohet-n\u00eb-Mal-t\u00eb-Zi-Dita-e-Pavar\u00ebsis\u00eb-s\u00eb-Republik\u00ebs-s\u00eb-Shqip\u00ebris\u00eb-.jpg 960w, https:\/\/www.visit-ulcinj.com\/blog\/wp-content\/uploads\/2016\/11\/Festohet-n\u00eb-Mal-t\u00eb-Zi-Dita-e-Pavar\u00ebsis\u00eb-s\u00eb-Republik\u00ebs-s\u00eb-Shqip\u00ebris\u00eb--300x201.jpg 300w, https:\/\/www.visit-ulcinj.com\/blog\/wp-content\/uploads\/2016\/11\/Festohet-n\u00eb-Mal-t\u00eb-Zi-Dita-e-Pavar\u00ebsis\u00eb-s\u00eb-Republik\u00ebs-s\u00eb-Shqip\u00ebris\u00eb--768x515.jpg 768w\" sizes=\"(max-width: 508px) 100vw, 508px\" \/><\/a>Dje, n\u00eb hotel Hilton, Ambasada organizoi pritjen zyrtare me rastin e Fest\u00ebs Komb\u00ebtare &#8211; Dit\u00ebs s\u00eb Pavar\u00ebsis\u00eb. T\u00eb ftuar ishin p\u00ebrfaq\u00ebsuesit e trupit diplomatik t\u00eb akredituar n\u00eb Mal t\u00eb Zi, zyrtar\u00ebt m\u00eb t\u00eb lart\u00eb t\u00eb vendit, presidenc\u00ebs, parlamentit, qeveris\u00eb, Ministris\u00eb s\u00eb Jashtme, p\u00ebrfaq\u00ebsues t\u00eb insitucioneve t\u00eb tjera zyrtare, forcave politike, mediave, t\u00eb institucioneve artistike, p\u00ebrfaq\u00ebsues t\u00eb feve, p\u00ebrfaq\u00ebsue<span class=\"text_exposed_show\">s t\u00eb biznesit, etj, si dhe p\u00ebrfaq\u00ebsuesit zyrtar\u00eb, t\u00eb nivelit qendror e vendor, t\u00eb komunitetit shqiptar n\u00eb Mal t\u00eb Zi, p\u00ebrfaq\u00ebsues shqiptar\u00eb t\u00eb institucioneve t\u00eb ndryshme zyrtare, t\u00eb shoqatave t\u00eb tyre, t\u00eb subjekteve politike shqiptare, t\u00eb mediave n\u00eb gjuh\u00ebn shqipe, etj.<\/span><\/p>\n<p><a href=\"http:\/\/www.visit-ulcinj.com\/blog\/wp-content\/uploads\/2016\/11\/Festohet-n\u00eb-Mal-t\u00eb-Zi-Dita-e-Pavar\u00ebsis\u00eb-s\u00eb-Republik\u00ebs-s\u00eb-Shqip\u00ebris\u00eb-1.jpg\"><img loading=\"lazy\" class=\"alignleft wp-image-101213\" src=\"http:\/\/www.visit-ulcinj.com\/blog\/wp-content\/uploads\/2016\/11\/Festohet-n\u00eb-Mal-t\u00eb-Zi-Dita-e-Pavar\u00ebsis\u00eb-s\u00eb-Republik\u00ebs-s\u00eb-Shqip\u00ebris\u00eb-1.jpg\" alt=\"Festohet n\u00eb Mal t\u00eb Zi Dita e Pavar\u00ebsis\u00eb s\u00eb Republik\u00ebs s\u00eb Shqip\u00ebris\u00eb-1\" width=\"508\" height=\"341\" srcset=\"https:\/\/www.visit-ulcinj.com\/blog\/wp-content\/uploads\/2016\/11\/Festohet-n\u00eb-Mal-t\u00eb-Zi-Dita-e-Pavar\u00ebsis\u00eb-s\u00eb-Republik\u00ebs-s\u00eb-Shqip\u00ebris\u00eb-1.jpg 960w, https:\/\/www.visit-ulcinj.com\/blog\/wp-content\/uploads\/2016\/11\/Festohet-n\u00eb-Mal-t\u00eb-Zi-Dita-e-Pavar\u00ebsis\u00eb-s\u00eb-Republik\u00ebs-s\u00eb-Shqip\u00ebris\u00eb-1-300x201.jpg 300w, https:\/\/www.visit-ulcinj.com\/blog\/wp-content\/uploads\/2016\/11\/Festohet-n\u00eb-Mal-t\u00eb-Zi-Dita-e-Pavar\u00ebsis\u00eb-s\u00eb-Republik\u00ebs-s\u00eb-Shqip\u00ebris\u00eb-1-768x515.jpg 768w\" sizes=\"(max-width: 508px) 100vw, 508px\" \/><\/a><\/p>\n<div class=\"text_exposed_show\">\n<p>Pas pritjes s\u00eb t\u00eb ftuarve, Ambasadori, z. Ernal Filo, mbajti nj\u00eb fjal\u00eb p\u00ebrsh\u00ebndet\u00ebse n\u00eb t\u00eb cil\u00ebn u evidentua r\u00ebnd\u00ebsia e k\u00ebsaj date, u vler\u00ebsiuan marr\u00ebdh\u00ebniet nd\u00ebrmjet dy vendeve, si dhe u p\u00ebrcoll\u00ebn mesazhe p\u00ebr bashkatdhetar\u00ebt tan\u00eb n\u00eb Mal t\u00eb Zi dhe p\u00ebrfaq\u00ebsuesit e tyre politik\u00eb e zyrtar\u00eb.<\/p>\n<p>Festa u mundesua nga dy sponzorizuesit kryesore, &#8220;SPIECAPAG ENTREPOSE&#8221;, &#8220;a.hak-International&#8221; si dhe sponzori &#8220;Albsig-Kastrati Group&#8221;.<\/p>\n<p>P\u00ebr t\u00eb pranishmit ishin siguruar edhe suvenire t\u00eb ndryshme me simbolik\u00eb komb\u00ebtare shqiptare.<\/p>\n<p id=\"js_ccx\" class=\"_5pbw _5vra\" data-ft=\"{&quot;tn&quot;:&quot;C&quot;}\"><strong><span class=\"fwn fcg\"><span class=\"fcg\"><span class=\"fwb\"><a id=\"js_dlg\" class=\"profileLink\" href=\"https:\/\/www.facebook.com\/AlEmbassyMNE\/?hc_ref=NEWSFEED\" data-ft=\"{&quot;tn&quot;:&quot;k&quot;}\" data-hovercard=\"\/ajax\/hovercard\/page.php?id=1467670880222035&amp;extragetparams=%7B%22hc_ref%22%3A%22NEWSFEED%22%7D\" data-hovercard-prefer-more-content-show=\"1\">Ambasada Shqiptare n\u00eb Mal t\u00eb Z Facebook<\/a><\/span> <\/span><\/span><\/strong><\/p>\n<\/div>\n","protected":false},"excerpt":{"rendered":"<p>Dje, n\u00eb hotel Hilton, Ambasada organizoi pritjen zyrtare me rastin e Fest\u00ebs Komb\u00ebtare &#8211; Dit\u00ebs s\u00eb Pavar\u00ebsis\u00eb. T\u00eb ftuar ishin p\u00ebrfaq\u00ebsuesit e trupit diplomatik t\u00eb akredituar n\u00eb Mal t\u00eb Zi, zyrtar\u00ebt m\u00eb t\u00eb lart\u00eb t\u00eb vendit, presidenc\u00ebs, parlamentit, qeveris\u00eb, Ministris\u00eb s\u00eb Jashtme, p\u00ebrfaq\u00ebsues t\u00eb insitucioneve t\u00eb tjera zyrtare, forcave politike, mediave, t\u00eb institucioneve artistike, p\u00ebrfaq\u00ebsues [&hellip;]<\/p>\n","protected":false},"author":1,"featured_media":0,"comment_status":"closed","ping_status":"closed","sticky":false,"template":"","format":"standard","meta":{"spay_email":"","jetpack_publicize_message":"","jetpack_is_tweetstorm":false,"jetpack_publicize_feature_enabled":true},"categories":[1,13],"tags":[],"jetpack_publicize_connections":[],"yoast_head":"<!-- This site is optimized with the Yoast SEO plugin v19.1 - https:\/\/yoast.com\/wordpress\/plugins\/seo\/ -->\n<title>Festohet n\u00eb Mal t\u00eb Zi Dita e Pavar\u00ebsis\u00eb s\u00eb Republik\u00ebs s\u00eb Shqip\u00ebris\u00eb - Lajme nga Ulqini<\/title>\n<meta name=\"description\" content=\"Dje, n\u00eb hotel Hilton, Ambasada organizoi pritjen zyrtare me rastin e Fest\u00ebs Komb\u00ebtare - Dit\u00ebs s\u00eb Pavar\u00ebsis\u00eb. T\u00eb ftuar ishin p\u00ebrfaq\u00ebsuesit e trupit\" \/>\n<meta name=\"robots\" content=\"index, follow, max-snippet:-1, max-image-preview:large, max-video-preview:-1\" \/>\n<link rel=\"canonical\" href=\"https:\/\/www.visit-ulcinj.com\/blog\/2016\/11\/25\/festohet-ne-mal-te-zi-dita-e-pavaresise-se-republikes-se-shqiperise\/\" \/>\n<meta property=\"og:locale\" content=\"en_US\" \/>\n<meta property=\"og:type\" content=\"article\" \/>\n<meta property=\"og:title\" content=\"Festohet n\u00eb Mal t\u00eb Zi Dita e Pavar\u00ebsis\u00eb s\u00eb Republik\u00ebs s\u00eb Shqip\u00ebris\u00eb - Lajme nga Ulqini\" \/>\n<meta property=\"og:description\" content=\"Dje, n\u00eb hotel Hilton, Ambasada organizoi pritjen zyrtare me rastin e Fest\u00ebs Komb\u00ebtare - Dit\u00ebs s\u00eb Pavar\u00ebsis\u00eb. T\u00eb ftuar ishin p\u00ebrfaq\u00ebsuesit e trupit\" \/>\n<meta property=\"og:url\" content=\"https:\/\/www.visit-ulcinj.com\/blog\/2016\/11\/25\/festohet-ne-mal-te-zi-dita-e-pavaresise-se-republikes-se-shqiperise\/\" \/>\n<meta property=\"og:site_name\" content=\"Lajme nga Ulqini\" \/>\n<meta property=\"article:published_time\" content=\"2016-11-25T19:01:58+00:00\" \/>\n<meta property=\"article:modified_time\" content=\"2016-11-25T23:53:27+00:00\" \/>\n<meta name=\"twitter:label1\" content=\"Written by\" \/>\n\t<meta name=\"twitter:data1\" content=\"ulqini\" \/>\n\t<meta name=\"twitter:label2\" content=\"Est. reading time\" \/>\n\t<meta name=\"twitter:data2\" content=\"1 minute\" \/>\n<script type=\"application\/ld+json\" class=\"yoast-schema-graph\">{\"@context\":\"https:\/\/schema.org\",\"@graph\":[{\"@type\":\"WebSite\",\"@id\":\"https:\/\/www.visit-ulcinj.com\/blog\/#website\",\"url\":\"https:\/\/www.visit-ulcinj.com\/blog\/\",\"name\":\"Lajme nga Ulqini\",\"description\":\"Lajme,Vijesti,Ulqini,Ulqin,Crna Gora,Mali i Zi\",\"potentialAction\":[{\"@type\":\"SearchAction\",\"target\":{\"@type\":\"EntryPoint\",\"urlTemplate\":\"https:\/\/www.visit-ulcinj.com\/blog\/?s={search_term_string}\"},\"query-input\":\"required name=search_term_string\"}],\"inLanguage\":\"en-US\"},{\"@type\":\"WebPage\",\"@id\":\"https:\/\/www.visit-ulcinj.com\/blog\/2016\/11\/25\/festohet-ne-mal-te-zi-dita-e-pavaresise-se-republikes-se-shqiperise\/#webpage\",\"url\":\"https:\/\/www.visit-ulcinj.com\/blog\/2016\/11\/25\/festohet-ne-mal-te-zi-dita-e-pavaresise-se-republikes-se-shqiperise\/\",\"name\":\"Festohet n\u00eb Mal t\u00eb Zi Dita e Pavar\u00ebsis\u00eb s\u00eb Republik\u00ebs s\u00eb Shqip\u00ebris\u00eb - Lajme nga Ulqini\",\"isPartOf\":{\"@id\":\"https:\/\/www.visit-ulcinj.com\/blog\/#website\"},\"datePublished\":\"2016-11-25T19:01:58+00:00\",\"dateModified\":\"2016-11-25T23:53:27+00:00\",\"author\":{\"@id\":\"https:\/\/www.visit-ulcinj.com\/blog\/#\/schema\/person\/dcab619c614d3038751c63bc2aadc06d\"},\"description\":\"Dje, n\u00eb hotel Hilton, Ambasada organizoi pritjen zyrtare me rastin e Fest\u00ebs Komb\u00ebtare - Dit\u00ebs s\u00eb Pavar\u00ebsis\u00eb. T\u00eb ftuar ishin p\u00ebrfaq\u00ebsuesit e trupit\",\"breadcrumb\":{\"@id\":\"https:\/\/www.visit-ulcinj.com\/blog\/2016\/11\/25\/festohet-ne-mal-te-zi-dita-e-pavaresise-se-republikes-se-shqiperise\/#breadcrumb\"},\"inLanguage\":\"en-US\",\"potentialAction\":[{\"@type\":\"ReadAction\",\"target\":[\"https:\/\/www.visit-ulcinj.com\/blog\/2016\/11\/25\/festohet-ne-mal-te-zi-dita-e-pavaresise-se-republikes-se-shqiperise\/\"]}]},{\"@type\":\"BreadcrumbList\",\"@id\":\"https:\/\/www.visit-ulcinj.com\/blog\/2016\/11\/25\/festohet-ne-mal-te-zi-dita-e-pavaresise-se-republikes-se-shqiperise\/#breadcrumb\",\"itemListElement\":[{\"@type\":\"ListItem\",\"position\":1,\"name\":\"Festohet n\u00eb Mal t\u00eb Zi Dita e Pavar\u00ebsis\u00eb s\u00eb Republik\u00ebs s\u00eb Shqip\u00ebris\u00eb\"}]},{\"@type\":\"Person\",\"@id\":\"https:\/\/www.visit-ulcinj.com\/blog\/#\/schema\/person\/dcab619c614d3038751c63bc2aadc06d\",\"name\":\"ulqini\",\"sameAs\":[\"http:\/\/www.visit-ulcinj.com\"],\"url\":\"https:\/\/www.visit-ulcinj.com\/blog\/author\/admin\/\"}]}<\/script>\n<!-- \/ Yoast SEO plugin. -->","yoast_head_json":{"title":"Festohet n\u00eb Mal t\u00eb Zi Dita e Pavar\u00ebsis\u00eb s\u00eb Republik\u00ebs s\u00eb Shqip\u00ebris\u00eb - Lajme nga Ulqini","description":"Dje, n\u00eb hotel Hilton, Ambasada organizoi pritjen zyrtare me rastin e Fest\u00ebs Komb\u00ebtare - Dit\u00ebs s\u00eb Pavar\u00ebsis\u00eb. T\u00eb ftuar ishin p\u00ebrfaq\u00ebsuesit e trupit","robots":{"index":"index","follow":"follow","max-snippet":"max-snippet:-1","max-image-preview":"max-image-preview:large","max-video-preview":"max-video-preview:-1"},"canonical":"https:\/\/www.visit-ulcinj.com\/blog\/2016\/11\/25\/festohet-ne-mal-te-zi-dita-e-pavaresise-se-republikes-se-shqiperise\/","og_locale":"en_US","og_type":"article","og_title":"Festohet n\u00eb Mal t\u00eb Zi Dita e Pavar\u00ebsis\u00eb s\u00eb Republik\u00ebs s\u00eb Shqip\u00ebris\u00eb - Lajme nga Ulqini","og_description":"Dje, n\u00eb hotel Hilton, Ambasada organizoi pritjen zyrtare me rastin e Fest\u00ebs Komb\u00ebtare - Dit\u00ebs s\u00eb Pavar\u00ebsis\u00eb. T\u00eb ftuar ishin p\u00ebrfaq\u00ebsuesit e trupit","og_url":"https:\/\/www.visit-ulcinj.com\/blog\/2016\/11\/25\/festohet-ne-mal-te-zi-dita-e-pavaresise-se-republikes-se-shqiperise\/","og_site_name":"Lajme nga Ulqini","article_published_time":"2016-11-25T19:01:58+00:00","article_modified_time":"2016-11-25T23:53:27+00:00","twitter_misc":{"Written by":"ulqini","Est. reading time":"1 minute"},"schema":{"@context":"https:\/\/schema.org","@graph":[{"@type":"WebSite","@id":"https:\/\/www.visit-ulcinj.com\/blog\/#website","url":"https:\/\/www.visit-ulcinj.com\/blog\/","name":"Lajme nga Ulqini","description":"Lajme,Vijesti,Ulqini,Ulqin,Crna Gora,Mali i Zi","potentialAction":[{"@type":"SearchAction","target":{"@type":"EntryPoint","urlTemplate":"https:\/\/www.visit-ulcinj.com\/blog\/?s={search_term_string}"},"query-input":"required name=search_term_string"}],"inLanguage":"en-US"},{"@type":"WebPage","@id":"https:\/\/www.visit-ulcinj.com\/blog\/2016\/11\/25\/festohet-ne-mal-te-zi-dita-e-pavaresise-se-republikes-se-shqiperise\/#webpage","url":"https:\/\/www.visit-ulcinj.com\/blog\/2016\/11\/25\/festohet-ne-mal-te-zi-dita-e-pavaresise-se-republikes-se-shqiperise\/","name":"Festohet n\u00eb Mal t\u00eb Zi Dita e Pavar\u00ebsis\u00eb s\u00eb Republik\u00ebs s\u00eb Shqip\u00ebris\u00eb - Lajme nga Ulqini","isPartOf":{"@id":"https:\/\/www.visit-ulcinj.com\/blog\/#website"},"datePublished":"2016-11-25T19:01:58+00:00","dateModified":"2016-11-25T23:53:27+00:00","author":{"@id":"https:\/\/www.visit-ulcinj.com\/blog\/#\/schema\/person\/dcab619c614d3038751c63bc2aadc06d"},"description":"Dje, n\u00eb hotel Hilton, Ambasada organizoi pritjen zyrtare me rastin e Fest\u00ebs Komb\u00ebtare - Dit\u00ebs s\u00eb Pavar\u00ebsis\u00eb. T\u00eb ftuar ishin p\u00ebrfaq\u00ebsuesit e trupit","breadcrumb":{"@id":"https:\/\/www.visit-ulcinj.com\/blog\/2016\/11\/25\/festohet-ne-mal-te-zi-dita-e-pavaresise-se-republikes-se-shqiperise\/#breadcrumb"},"inLanguage":"en-US","potentialAction":[{"@type":"ReadAction","target":["https:\/\/www.visit-ulcinj.com\/blog\/2016\/11\/25\/festohet-ne-mal-te-zi-dita-e-pavaresise-se-republikes-se-shqiperise\/"]}]},{"@type":"BreadcrumbList","@id":"https:\/\/www.visit-ulcinj.com\/blog\/2016\/11\/25\/festohet-ne-mal-te-zi-dita-e-pavaresise-se-republikes-se-shqiperise\/#breadcrumb","itemListElement":[{"@type":"ListItem","position":1,"name":"Festohet n\u00eb Mal t\u00eb Zi Dita e Pavar\u00ebsis\u00eb s\u00eb Republik\u00ebs s\u00eb Shqip\u00ebris\u00eb"}]},{"@type":"Person","@id":"https:\/\/www.visit-ulcinj.com\/blog\/#\/schema\/person\/dcab619c614d3038751c63bc2aadc06d","name":"ulqini","sameAs":["http:\/\/www.visit-ulcinj.com"],"url":"https:\/\/www.visit-ulcinj.com\/blog\/author\/admin\/"}]}},"jetpack_featured_media_url":"","jetpack_sharing_enabled":true,"jetpack_shortlink":"https:\/\/wp.me\/pe6lTn-qkr","_links":{"self":[{"href":"https:\/\/www.visit-ulcinj.com\/blog\/wp-json\/wp\/v2\/posts\/101211"}],"collection":[{"href":"https:\/\/www.visit-ulcinj.com\/blog\/wp-json\/wp\/v2\/posts"}],"about":[{"href":"https:\/\/www.visit-ulcinj.com\/blog\/wp-json\/wp\/v2\/types\/post"}],"author":[{"embeddable":true,"href":"https:\/\/www.visit-ulcinj.com\/blog\/wp-json\/wp\/v2\/users\/1"}],"replies":[{"embeddable":true,"href":"https:\/\/www.visit-ulcinj.com\/blog\/wp-json\/wp\/v2\/comments?post=101211"}],"version-history":[{"count":1,"href":"https:\/\/www.visit-ulcinj.com\/blog\/wp-json\/wp\/v2\/posts\/101211\/revisions"}],"predecessor-version":[{"id":101214,"href":"https:\/\/www.visit-ulcinj.com\/blog\/wp-json\/wp\/v2\/posts\/101211\/revisions\/101214"}],"wp:attachment":[{"href":"https:\/\/www.visit-ulcinj.com\/blog\/wp-json\/wp\/v2\/media?parent=101211"}],"wp:term":[{"taxonomy":"category","embeddable":true,"href":"https:\/\/www.visit-ulcinj.com\/blog\/wp-json\/wp\/v2\/categories?post=101211"},{"taxonomy":"post_tag","embeddable":true,"href":"https:\/\/www.visit-ulcinj.com\/blog\/wp-json\/wp\/v2\/tags?post=101211"}],"curies":[{"name":"wp","href":"https:\/\/api.w.org\/{rel}","templated":true}]}}