{"id":101216,"date":"2016-11-25T20:17:26","date_gmt":"2016-11-25T19:17:26","guid":{"rendered":"http:\/\/www.visit-ulcinj.com\/blog\/?p=101216"},"modified":"2016-11-26T11:17:13","modified_gmt":"2016-11-26T10:17:13","slug":"26-27-nentor-tirana-kryetaret-e-bashkive-teulqinit-prishtines-tetoves-dhe-presheves","status":"publish","type":"post","link":"https:\/\/www.visit-ulcinj.com\/blog\/2016\/11\/25\/26-27-nentor-tirana-kryetaret-e-bashkive-teulqinit-prishtines-tetoves-dhe-presheves\/","title":{"rendered":"26-27 N\u00ebntor, Tirana me kryetar\u00ebt e bashkive t\u00eb Ulqinit, Prishtin\u00ebs, Tetov\u00ebs dhe Preshev\u00ebs"},"content":{"rendered":"<p><strong><a href=\"http:\/\/www.visit-ulcinj.com\/blog\/wp-content\/uploads\/2012\/12\/Krijohet-Kuvendi-Komb\u00ebtar-i-Nj\u00ebsive-Vendore-Shqiptare.1_Nazif-Cungu.5.jpg\"><img loading=\"lazy\" class=\"alignleft wp-image-66300\" src=\"http:\/\/www.visit-ulcinj.com\/blog\/wp-content\/uploads\/2012\/12\/Krijohet-Kuvendi-Komb\u00ebtar-i-Nj\u00ebsive-Vendore-Shqiptare.1_Nazif-Cungu.5.jpg\" alt=\"Krijohet Kuvendi Komb\u00ebtar i Nj\u00ebsive Vendore Shqiptare.1_Nazif Cungu.5\" width=\"508\" height=\"338\" srcset=\"https:\/\/www.visit-ulcinj.com\/blog\/wp-content\/uploads\/2012\/12\/Krijohet-Kuvendi-Komb\u00ebtar-i-Nj\u00ebsive-Vendore-Shqiptare.1_Nazif-Cungu.5.jpg 960w, https:\/\/www.visit-ulcinj.com\/blog\/wp-content\/uploads\/2012\/12\/Krijohet-Kuvendi-Komb\u00ebtar-i-Nj\u00ebsive-Vendore-Shqiptare.1_Nazif-Cungu.5-300x199.jpg 300w\" sizes=\"(max-width: 508px) 100vw, 508px\" \/><\/a>T\u00eb Diel\u00ebn mbahet Konferenca e Unionit t\u00eb Bashkive Shqiptare n\u00eb Rajon.<\/strong><\/p>\n<p>Pas atmosfer\u00ebs s\u00eb bukur q\u00eb solli fundjav\u00ebn e shkuar n\u00eb Tiran\u00eb organizimi i Samitit t\u00eb Diaspor\u00ebs, kryeqyteti \u00ebsht\u00eb gati t\u00eb mir\u00ebpres\u00eb n\u00eb datat 26-27 N\u00ebntor, Konferenc\u00ebn e Unionit t\u00eb Bashkive Shqiptare n\u00eb Rajon, nj\u00eb ide e propozuar para disa jav\u00ebsh nga kryetari i Bashkis\u00eb s\u00eb Tiran\u00ebs, Erion Veliaj, n\u00eb takimin e tij me homologun kosovar, Shpend Ahmeti, n\u00eb Prishtin\u00eb.<\/p>\n<p>Kryetar\u00ebt e Komunave t\u00eb Prishtin\u00ebs, Tetov\u00ebs, Ulqinit dhe Preshev\u00ebs do t\u00eb mb\u00ebrrijn\u00eb sot pasdite n\u00eb kryeqytetin shqiptar, p\u00ebr t\u00eb vijuar nga nes\u00ebr me axhend\u00ebn e p\u00ebrgatitur nga Bashkia e Tiran\u00ebs, e cila kulmon dit\u00ebn e Diel\u00eb me organizimin e Konferenc\u00ebs s\u00eb par\u00eb t\u00eb Unionit t\u00eb Bashkive Shqiptare n\u00eb Rajon.<\/p>\n<p>Kryetari i Bashkis\u00eb s\u00eb Tiran\u00eb, Erion Veliaj do t\u2019i mir\u00ebpres\u00eb dit\u00ebn e Shtun\u00eb n\u00eb or\u00ebn 09.30 krer\u00ebt e Bashkive Shqiptare t\u00eb Rajonit dhe delegacionet q\u00eb i shoq\u00ebrojn\u00eb ata, ku edhe do t\u00eb mbajn\u00eb nj\u00eb konferenc\u00eb t\u00eb p\u00ebrbashk\u00ebt shtypi. M\u00eb pas, n\u00eb or\u00ebn 12:00, delegacionet nga Prishtina, Tetova, Ulqini dhe Presheva do t\u00eb marrin pjes\u00eb n\u00eb ceremonin\u00eb q\u00eb do t\u00eb zhvillohet me familjet firm\u00ebtare te Monumenti i Pavar\u00ebsis\u00eb, n\u00eb Parkun Rinia, q\u00eb i paraprin festimeve t\u00eb 104 vjetorit t\u00eb Shpalljes s\u00eb Pavar\u00ebsis\u00eb s\u00eb Shqip\u00ebris\u00eb.<\/p>\n<p>Gjat\u00eb q\u00ebndrimit t\u00eb tyre dy ditor n\u00eb Tiran\u00eb, delegacionet do t\u00eb vizitojn\u00eb n\u00eb terren edhe disa nga projektet madhore q\u00eb Bashkia e Tiran\u00ebs ka nisur t\u00eb zbatoj\u00eb, si rehabilitimi i Sheshit \u201cSk\u00ebnderbej\u201d, i cili \u00ebsht\u00eb konceptuar q\u00eb t\u00eb p\u00ebrfaq\u00ebsoj\u00eb t\u00eb gjitha trevat shqiptare, apo rind\u00ebrtimi i stadiumit \u201cQemal Stafa\u201d.<\/p>\n<p>Nd\u00ebrkaq, dit\u00ebn e Diel\u00eb, duke nisur\u00a0 nga ora 10:00, n\u00ebn kujdesin e Bashkis\u00eb s\u00eb Tiran\u00ebs, do t\u00eb mbahet Konferenca e Unionit t\u00eb Bashkive Shqiptare t\u00eb Rajonit n\u00eb Hotel Plaza.<\/p>\n<p><a href=\"http:\/\/www.visit-ulcinj.com\/blog\/wp-content\/uploads\/2016\/11\/Erion-Veliaj-Teuta-Arifi-Shpend-Ahmeti-Nazif-Cungu-Shqiprim-Arifi-Presheva-640x284.jpg\"><img loading=\"lazy\" class=\"alignleft wp-image-101247\" src=\"http:\/\/www.visit-ulcinj.com\/blog\/wp-content\/uploads\/2016\/11\/Erion-Veliaj-Teuta-Arifi-Shpend-Ahmeti-Nazif-Cungu-Shqiprim-Arifi-Presheva-640x284.jpg\" alt=\"Erion-Veliaj-Teuta-Arifi-Shpend-Ahmeti-Nazif-Cungu-Shqiprim-Arifi-Presheva-640x284\" width=\"508\" height=\"225\" srcset=\"https:\/\/www.visit-ulcinj.com\/blog\/wp-content\/uploads\/2016\/11\/Erion-Veliaj-Teuta-Arifi-Shpend-Ahmeti-Nazif-Cungu-Shqiprim-Arifi-Presheva-640x284.jpg 640w, https:\/\/www.visit-ulcinj.com\/blog\/wp-content\/uploads\/2016\/11\/Erion-Veliaj-Teuta-Arifi-Shpend-Ahmeti-Nazif-Cungu-Shqiprim-Arifi-Presheva-640x284-300x133.jpg 300w\" sizes=\"(max-width: 508px) 100vw, 508px\" \/><\/a><\/p>\n<p>Me k\u00ebt\u00eb rast, kryetari i Bashkis\u00eb s\u00eb Tiran\u00ebs, Erion Veliaj, do t\u00eb mbaj\u00eb fjal\u00ebn e mir\u00ebseardhjes, e cila do t\u00eb pasohet m\u00eb pas edhe nga fjal\u00ebt p\u00ebrsh\u00ebndet\u00ebse t\u00eb kryetarit t\u00eb Komun\u00ebs s\u00eb Prishtin\u00ebs, z. Shpend Ahmeti, kryetarit t\u00eb Komun\u00ebs s\u00eb Preshev\u00ebs, z. Shqiprim Arifi, kryetares s\u00eb Komun\u00ebs s\u00eb Tetov\u00ebs, znj. Teuta Arifi, si dhe nga kryetari i Bashkis\u00eb s\u00eb Ulqinit, z. Nazif Cungu.<\/p>\n<p>Mandej, konferenca do t\u00eb vijoj\u00eb me prezantimin dhe shk\u00ebmbimin e eksperiencave t\u00eb bashkive shqiptare n\u00eb rajon, si dhe n\u00eb fund t\u00eb saj do t\u00eb n\u00ebnshkruhet nj\u00eb marr\u00ebveshje bashk\u00ebpunimi mes 5 kryetar\u00ebve t\u00eb bashkive shqiptare.<\/p>\n","protected":false},"excerpt":{"rendered":"<p>T\u00eb Diel\u00ebn mbahet Konferenca e Unionit t\u00eb Bashkive Shqiptare n\u00eb Rajon. Pas atmosfer\u00ebs s\u00eb bukur q\u00eb solli fundjav\u00ebn e shkuar n\u00eb Tiran\u00eb organizimi i Samitit t\u00eb Diaspor\u00ebs, kryeqyteti \u00ebsht\u00eb gati t\u00eb mir\u00ebpres\u00eb n\u00eb datat 26-27 N\u00ebntor, Konferenc\u00ebn e Unionit t\u00eb Bashkive Shqiptare n\u00eb Rajon, nj\u00eb ide e propozuar para disa jav\u00ebsh nga kryetari i Bashkis\u00eb [&hellip;]<\/p>\n","protected":false},"author":1,"featured_media":0,"comment_status":"closed","ping_status":"closed","sticky":false,"template":"","format":"standard","meta":{"spay_email":"","jetpack_publicize_message":"","jetpack_is_tweetstorm":false,"jetpack_publicize_feature_enabled":true},"categories":[14],"tags":[],"jetpack_publicize_connections":[],"yoast_head":"<!-- This site is optimized with the Yoast SEO plugin v19.1 - https:\/\/yoast.com\/wordpress\/plugins\/seo\/ -->\n<title>26-27 N\u00ebntor, Tirana me kryetar\u00ebt e bashkive t\u00eb Ulqinit, Prishtin\u00ebs, Tetov\u00ebs dhe Preshev\u00ebs - Lajme nga Ulqini<\/title>\n<meta name=\"description\" content=\"T\u00eb Diel\u00ebn mbahet Konferenca e Unionit t\u00eb Bashkive Shqiptare n\u00eb Rajon. Pas atmosfer\u00ebs s\u00eb bukur q\u00eb solli fundjav\u00ebn e shkuar n\u00eb Tiran\u00eb organizimi i Samitit\" \/>\n<meta name=\"robots\" content=\"index, follow, max-snippet:-1, max-image-preview:large, max-video-preview:-1\" \/>\n<link rel=\"canonical\" href=\"https:\/\/www.visit-ulcinj.com\/blog\/2016\/11\/25\/26-27-nentor-tirana-kryetaret-e-bashkive-teulqinit-prishtines-tetoves-dhe-presheves\/\" \/>\n<meta property=\"og:locale\" content=\"en_US\" \/>\n<meta property=\"og:type\" content=\"article\" \/>\n<meta property=\"og:title\" content=\"26-27 N\u00ebntor, Tirana me kryetar\u00ebt e bashkive t\u00eb Ulqinit, Prishtin\u00ebs, Tetov\u00ebs dhe Preshev\u00ebs - Lajme nga Ulqini\" \/>\n<meta property=\"og:description\" content=\"T\u00eb Diel\u00ebn mbahet Konferenca e Unionit t\u00eb Bashkive Shqiptare n\u00eb Rajon. Pas atmosfer\u00ebs s\u00eb bukur q\u00eb solli fundjav\u00ebn e shkuar n\u00eb Tiran\u00eb organizimi i Samitit\" \/>\n<meta property=\"og:url\" content=\"https:\/\/www.visit-ulcinj.com\/blog\/2016\/11\/25\/26-27-nentor-tirana-kryetaret-e-bashkive-teulqinit-prishtines-tetoves-dhe-presheves\/\" \/>\n<meta property=\"og:site_name\" content=\"Lajme nga Ulqini\" \/>\n<meta property=\"article:published_time\" content=\"2016-11-25T19:17:26+00:00\" \/>\n<meta property=\"article:modified_time\" content=\"2016-11-26T10:17:13+00:00\" \/>\n<meta property=\"og:image\" content=\"http:\/\/www.visit-ulcinj.com\/blog\/wp-content\/uploads\/2016\/11\/Erion-Veliaj-Teuta-Arifi-Shpend-Ahmeti-Nazif-Cungu-Shqiprim-Arifi-Presheva-640x284.jpg\" \/>\n<meta name=\"twitter:label1\" content=\"Written by\" \/>\n\t<meta name=\"twitter:data1\" content=\"ulqini\" \/>\n\t<meta name=\"twitter:label2\" content=\"Est. reading time\" \/>\n\t<meta name=\"twitter:data2\" content=\"2 minutes\" \/>\n<script type=\"application\/ld+json\" class=\"yoast-schema-graph\">{\"@context\":\"https:\/\/schema.org\",\"@graph\":[{\"@type\":\"WebSite\",\"@id\":\"https:\/\/www.visit-ulcinj.com\/blog\/#website\",\"url\":\"https:\/\/www.visit-ulcinj.com\/blog\/\",\"name\":\"Lajme nga Ulqini\",\"description\":\"Lajme,Vijesti,Ulqini,Ulqin,Crna Gora,Mali i Zi\",\"potentialAction\":[{\"@type\":\"SearchAction\",\"target\":{\"@type\":\"EntryPoint\",\"urlTemplate\":\"https:\/\/www.visit-ulcinj.com\/blog\/?s={search_term_string}\"},\"query-input\":\"required name=search_term_string\"}],\"inLanguage\":\"en-US\"},{\"@type\":\"ImageObject\",\"inLanguage\":\"en-US\",\"@id\":\"https:\/\/www.visit-ulcinj.com\/blog\/2016\/11\/25\/26-27-nentor-tirana-kryetaret-e-bashkive-teulqinit-prishtines-tetoves-dhe-presheves\/#primaryimage\",\"url\":\"http:\/\/www.visit-ulcinj.com\/blog\/wp-content\/uploads\/2016\/11\/Erion-Veliaj-Teuta-Arifi-Shpend-Ahmeti-Nazif-Cungu-Shqiprim-Arifi-Presheva-640x284.jpg\",\"contentUrl\":\"http:\/\/www.visit-ulcinj.com\/blog\/wp-content\/uploads\/2016\/11\/Erion-Veliaj-Teuta-Arifi-Shpend-Ahmeti-Nazif-Cungu-Shqiprim-Arifi-Presheva-640x284.jpg\"},{\"@type\":\"WebPage\",\"@id\":\"https:\/\/www.visit-ulcinj.com\/blog\/2016\/11\/25\/26-27-nentor-tirana-kryetaret-e-bashkive-teulqinit-prishtines-tetoves-dhe-presheves\/#webpage\",\"url\":\"https:\/\/www.visit-ulcinj.com\/blog\/2016\/11\/25\/26-27-nentor-tirana-kryetaret-e-bashkive-teulqinit-prishtines-tetoves-dhe-presheves\/\",\"name\":\"26-27 N\u00ebntor, Tirana me kryetar\u00ebt e bashkive t\u00eb Ulqinit, Prishtin\u00ebs, Tetov\u00ebs dhe Preshev\u00ebs - Lajme nga Ulqini\",\"isPartOf\":{\"@id\":\"https:\/\/www.visit-ulcinj.com\/blog\/#website\"},\"primaryImageOfPage\":{\"@id\":\"https:\/\/www.visit-ulcinj.com\/blog\/2016\/11\/25\/26-27-nentor-tirana-kryetaret-e-bashkive-teulqinit-prishtines-tetoves-dhe-presheves\/#primaryimage\"},\"datePublished\":\"2016-11-25T19:17:26+00:00\",\"dateModified\":\"2016-11-26T10:17:13+00:00\",\"author\":{\"@id\":\"https:\/\/www.visit-ulcinj.com\/blog\/#\/schema\/person\/dcab619c614d3038751c63bc2aadc06d\"},\"description\":\"T\u00eb Diel\u00ebn mbahet Konferenca e Unionit t\u00eb Bashkive Shqiptare n\u00eb Rajon. Pas atmosfer\u00ebs s\u00eb bukur q\u00eb solli fundjav\u00ebn e shkuar n\u00eb Tiran\u00eb organizimi i Samitit\",\"breadcrumb\":{\"@id\":\"https:\/\/www.visit-ulcinj.com\/blog\/2016\/11\/25\/26-27-nentor-tirana-kryetaret-e-bashkive-teulqinit-prishtines-tetoves-dhe-presheves\/#breadcrumb\"},\"inLanguage\":\"en-US\",\"potentialAction\":[{\"@type\":\"ReadAction\",\"target\":[\"https:\/\/www.visit-ulcinj.com\/blog\/2016\/11\/25\/26-27-nentor-tirana-kryetaret-e-bashkive-teulqinit-prishtines-tetoves-dhe-presheves\/\"]}]},{\"@type\":\"BreadcrumbList\",\"@id\":\"https:\/\/www.visit-ulcinj.com\/blog\/2016\/11\/25\/26-27-nentor-tirana-kryetaret-e-bashkive-teulqinit-prishtines-tetoves-dhe-presheves\/#breadcrumb\",\"itemListElement\":[{\"@type\":\"ListItem\",\"position\":1,\"name\":\"26-27 N\u00ebntor, Tirana me kryetar\u00ebt e bashkive t\u00eb Ulqinit, Prishtin\u00ebs, Tetov\u00ebs dhe Preshev\u00ebs\"}]},{\"@type\":\"Person\",\"@id\":\"https:\/\/www.visit-ulcinj.com\/blog\/#\/schema\/person\/dcab619c614d3038751c63bc2aadc06d\",\"name\":\"ulqini\",\"sameAs\":[\"http:\/\/www.visit-ulcinj.com\"],\"url\":\"https:\/\/www.visit-ulcinj.com\/blog\/author\/admin\/\"}]}<\/script>\n<!-- \/ Yoast SEO plugin. -->","yoast_head_json":{"title":"26-27 N\u00ebntor, Tirana me kryetar\u00ebt e bashkive t\u00eb Ulqinit, Prishtin\u00ebs, Tetov\u00ebs dhe Preshev\u00ebs - Lajme nga Ulqini","description":"T\u00eb Diel\u00ebn mbahet Konferenca e Unionit t\u00eb Bashkive Shqiptare n\u00eb Rajon. Pas atmosfer\u00ebs s\u00eb bukur q\u00eb solli fundjav\u00ebn e shkuar n\u00eb Tiran\u00eb organizimi i Samitit","robots":{"index":"index","follow":"follow","max-snippet":"max-snippet:-1","max-image-preview":"max-image-preview:large","max-video-preview":"max-video-preview:-1"},"canonical":"https:\/\/www.visit-ulcinj.com\/blog\/2016\/11\/25\/26-27-nentor-tirana-kryetaret-e-bashkive-teulqinit-prishtines-tetoves-dhe-presheves\/","og_locale":"en_US","og_type":"article","og_title":"26-27 N\u00ebntor, Tirana me kryetar\u00ebt e bashkive t\u00eb Ulqinit, Prishtin\u00ebs, Tetov\u00ebs dhe Preshev\u00ebs - Lajme nga Ulqini","og_description":"T\u00eb Diel\u00ebn mbahet Konferenca e Unionit t\u00eb Bashkive Shqiptare n\u00eb Rajon. Pas atmosfer\u00ebs s\u00eb bukur q\u00eb solli fundjav\u00ebn e shkuar n\u00eb Tiran\u00eb organizimi i Samitit","og_url":"https:\/\/www.visit-ulcinj.com\/blog\/2016\/11\/25\/26-27-nentor-tirana-kryetaret-e-bashkive-teulqinit-prishtines-tetoves-dhe-presheves\/","og_site_name":"Lajme nga Ulqini","article_published_time":"2016-11-25T19:17:26+00:00","article_modified_time":"2016-11-26T10:17:13+00:00","og_image":[{"url":"http:\/\/www.visit-ulcinj.com\/blog\/wp-content\/uploads\/2016\/11\/Erion-Veliaj-Teuta-Arifi-Shpend-Ahmeti-Nazif-Cungu-Shqiprim-Arifi-Presheva-640x284.jpg"}],"twitter_misc":{"Written by":"ulqini","Est. reading time":"2 minutes"},"schema":{"@context":"https:\/\/schema.org","@graph":[{"@type":"WebSite","@id":"https:\/\/www.visit-ulcinj.com\/blog\/#website","url":"https:\/\/www.visit-ulcinj.com\/blog\/","name":"Lajme nga Ulqini","description":"Lajme,Vijesti,Ulqini,Ulqin,Crna Gora,Mali i Zi","potentialAction":[{"@type":"SearchAction","target":{"@type":"EntryPoint","urlTemplate":"https:\/\/www.visit-ulcinj.com\/blog\/?s={search_term_string}"},"query-input":"required name=search_term_string"}],"inLanguage":"en-US"},{"@type":"ImageObject","inLanguage":"en-US","@id":"https:\/\/www.visit-ulcinj.com\/blog\/2016\/11\/25\/26-27-nentor-tirana-kryetaret-e-bashkive-teulqinit-prishtines-tetoves-dhe-presheves\/#primaryimage","url":"http:\/\/www.visit-ulcinj.com\/blog\/wp-content\/uploads\/2016\/11\/Erion-Veliaj-Teuta-Arifi-Shpend-Ahmeti-Nazif-Cungu-Shqiprim-Arifi-Presheva-640x284.jpg","contentUrl":"http:\/\/www.visit-ulcinj.com\/blog\/wp-content\/uploads\/2016\/11\/Erion-Veliaj-Teuta-Arifi-Shpend-Ahmeti-Nazif-Cungu-Shqiprim-Arifi-Presheva-640x284.jpg"},{"@type":"WebPage","@id":"https:\/\/www.visit-ulcinj.com\/blog\/2016\/11\/25\/26-27-nentor-tirana-kryetaret-e-bashkive-teulqinit-prishtines-tetoves-dhe-presheves\/#webpage","url":"https:\/\/www.visit-ulcinj.com\/blog\/2016\/11\/25\/26-27-nentor-tirana-kryetaret-e-bashkive-teulqinit-prishtines-tetoves-dhe-presheves\/","name":"26-27 N\u00ebntor, Tirana me kryetar\u00ebt e bashkive t\u00eb Ulqinit, Prishtin\u00ebs, Tetov\u00ebs dhe Preshev\u00ebs - Lajme nga Ulqini","isPartOf":{"@id":"https:\/\/www.visit-ulcinj.com\/blog\/#website"},"primaryImageOfPage":{"@id":"https:\/\/www.visit-ulcinj.com\/blog\/2016\/11\/25\/26-27-nentor-tirana-kryetaret-e-bashkive-teulqinit-prishtines-tetoves-dhe-presheves\/#primaryimage"},"datePublished":"2016-11-25T19:17:26+00:00","dateModified":"2016-11-26T10:17:13+00:00","author":{"@id":"https:\/\/www.visit-ulcinj.com\/blog\/#\/schema\/person\/dcab619c614d3038751c63bc2aadc06d"},"description":"T\u00eb Diel\u00ebn mbahet Konferenca e Unionit t\u00eb Bashkive Shqiptare n\u00eb Rajon. Pas atmosfer\u00ebs s\u00eb bukur q\u00eb solli fundjav\u00ebn e shkuar n\u00eb Tiran\u00eb organizimi i Samitit","breadcrumb":{"@id":"https:\/\/www.visit-ulcinj.com\/blog\/2016\/11\/25\/26-27-nentor-tirana-kryetaret-e-bashkive-teulqinit-prishtines-tetoves-dhe-presheves\/#breadcrumb"},"inLanguage":"en-US","potentialAction":[{"@type":"ReadAction","target":["https:\/\/www.visit-ulcinj.com\/blog\/2016\/11\/25\/26-27-nentor-tirana-kryetaret-e-bashkive-teulqinit-prishtines-tetoves-dhe-presheves\/"]}]},{"@type":"BreadcrumbList","@id":"https:\/\/www.visit-ulcinj.com\/blog\/2016\/11\/25\/26-27-nentor-tirana-kryetaret-e-bashkive-teulqinit-prishtines-tetoves-dhe-presheves\/#breadcrumb","itemListElement":[{"@type":"ListItem","position":1,"name":"26-27 N\u00ebntor, Tirana me kryetar\u00ebt e bashkive t\u00eb Ulqinit, Prishtin\u00ebs, Tetov\u00ebs dhe Preshev\u00ebs"}]},{"@type":"Person","@id":"https:\/\/www.visit-ulcinj.com\/blog\/#\/schema\/person\/dcab619c614d3038751c63bc2aadc06d","name":"ulqini","sameAs":["http:\/\/www.visit-ulcinj.com"],"url":"https:\/\/www.visit-ulcinj.com\/blog\/author\/admin\/"}]}},"jetpack_featured_media_url":"","jetpack_sharing_enabled":true,"jetpack_shortlink":"https:\/\/wp.me\/pe6lTn-qkw","_links":{"self":[{"href":"https:\/\/www.visit-ulcinj.com\/blog\/wp-json\/wp\/v2\/posts\/101216"}],"collection":[{"href":"https:\/\/www.visit-ulcinj.com\/blog\/wp-json\/wp\/v2\/posts"}],"about":[{"href":"https:\/\/www.visit-ulcinj.com\/blog\/wp-json\/wp\/v2\/types\/post"}],"author":[{"embeddable":true,"href":"https:\/\/www.visit-ulcinj.com\/blog\/wp-json\/wp\/v2\/users\/1"}],"replies":[{"embeddable":true,"href":"https:\/\/www.visit-ulcinj.com\/blog\/wp-json\/wp\/v2\/comments?post=101216"}],"version-history":[{"count":3,"href":"https:\/\/www.visit-ulcinj.com\/blog\/wp-json\/wp\/v2\/posts\/101216\/revisions"}],"predecessor-version":[{"id":101248,"href":"https:\/\/www.visit-ulcinj.com\/blog\/wp-json\/wp\/v2\/posts\/101216\/revisions\/101248"}],"wp:attachment":[{"href":"https:\/\/www.visit-ulcinj.com\/blog\/wp-json\/wp\/v2\/media?parent=101216"}],"wp:term":[{"taxonomy":"category","embeddable":true,"href":"https:\/\/www.visit-ulcinj.com\/blog\/wp-json\/wp\/v2\/categories?post=101216"},{"taxonomy":"post_tag","embeddable":true,"href":"https:\/\/www.visit-ulcinj.com\/blog\/wp-json\/wp\/v2\/tags?post=101216"}],"curies":[{"name":"wp","href":"https:\/\/api.w.org\/{rel}","templated":true}]}}