{"id":101219,"date":"2016-11-25T20:26:44","date_gmt":"2016-11-25T19:26:44","guid":{"rendered":"http:\/\/www.visit-ulcinj.com\/blog\/?p=101219"},"modified":"2016-11-25T22:53:35","modified_gmt":"2016-11-25T21:53:35","slug":"shqiptaret-perfshihen-ne-qeverine-e-re-te-malit-te-zi","status":"publish","type":"post","link":"https:\/\/www.visit-ulcinj.com\/blog\/2016\/11\/25\/shqiptaret-perfshihen-ne-qeverine-e-re-te-malit-te-zi\/","title":{"rendered":"Shqiptar\u00ebt p\u00ebrfshihen n\u00eb qeverin\u00eb e re t\u00eb Malit t\u00eb Zi"},"content":{"rendered":"<div class=\"wysiwyg\">\n<p><a href=\"http:\/\/www.visit-ulcinj.com\/blog\/wp-content\/uploads\/2016\/11\/Kuvendi-I-Malit-te-Zi-Genci-Nimanbegu.jpg\"><img loading=\"lazy\" class=\"alignleft wp-image-101220\" src=\"http:\/\/www.visit-ulcinj.com\/blog\/wp-content\/uploads\/2016\/11\/Kuvendi-I-Malit-te-Zi-Genci-Nimanbegu.jpg\" alt=\"Kuvendi-I-Malit-te-Zi-Genci-Nimanbegu\" width=\"508\" height=\"338\" srcset=\"https:\/\/www.visit-ulcinj.com\/blog\/wp-content\/uploads\/2016\/11\/Kuvendi-I-Malit-te-Zi-Genci-Nimanbegu.jpg 800w, https:\/\/www.visit-ulcinj.com\/blog\/wp-content\/uploads\/2016\/11\/Kuvendi-I-Malit-te-Zi-Genci-Nimanbegu-300x200.jpg 300w, https:\/\/www.visit-ulcinj.com\/blog\/wp-content\/uploads\/2016\/11\/Kuvendi-I-Malit-te-Zi-Genci-Nimanbegu-768x512.jpg 768w\" sizes=\"(max-width: 508px) 100vw, 508px\" \/><\/a>Koalicioni \u201cShqiptar\u00ebt t\u00eb vendosur\u201d, i cili n\u00eb zgjedhjet e 16 tetorit mori nj\u00eb vend n\u00eb Parlamentin e Malit t\u00eb Zi, arriti sot marr\u00ebveshje me Partin\u00eb Demokratike Socialiste t\u00eb kryeministrit malazez Milo Gjukanoviq p\u00ebr bashk\u00ebqeverisje n\u00eb Malin e Zi.<\/p>\n<p>Marr\u00ebveshja u arrit pasi koalicioni shqiptar dhe Partia Demokratike Socialiste, q\u00eb fitoi m\u00eb shum\u00eb vota n\u00eb k\u00ebto zgjedhje, vendos\u00ebn q\u00eb qyteti i Tuzit me shumic\u00eb shqiptare n\u00eb Mal\u00ebsi, t\u00eb shpallet komun\u00eb e plot\u00eb dhe e pavarur deri n\u00eb pranver\u00eb t\u00eb vitit t\u00eb ardhsh\u00ebm.<\/p>\n<p>Po ashtu u vendos q\u00eb kryetari i Unionit Demokratik t\u00eb Shqiptar\u00ebve, Mehmet Zenka q\u00eb ishte pjes\u00eb e koalicionit, t\u00eb marr\u00eb postin e ministrit t\u00eb t\u00eb drejtave t\u00eb njeriut dhe t\u00eb pakicave n\u00eb Qeverin\u00eb e Mali t\u00eb Zi.<\/p>\n<p>Nd\u00ebrkoh\u00eb, deputeti i koalicionit \u201cShqiptar\u00ebt t\u00eb vendosur\u201d, Genci Nimanbegu \u00ebsht\u00eb zgjedhur n\u00ebnkryetar i Parlamentit t\u00eb Malit t\u00eb Zi me mb\u00ebshtetjen e 42 votave nga 81 vota q\u00eb ka Parlamenti. Zoti Nimanbegu e b\u00ebri n\u00eb gjuh\u00ebn shqipe betimin para deputet\u00ebve.<\/p>\n<p>Koalicioni \u201cShqiptar\u00ebt t\u00eb vendosur\u201d p\u00ebrb\u00ebhet nga tre partit\u00eb politike shqiptare: Forca, Unioni Demokratik i Shqiptar\u00ebve dhe Alternativa Shqiptare.<\/p>\n<p>Pas bisedimeve me p\u00ebrfaq\u00ebsuesit e pakicave, Partin\u00eb Boshnjake , Partin\u00eb Kroate dhe koalicionin shqiptar, mandatari p\u00ebr formimin e Qeveris\u00eb, Dushko Markoviq, pritet q\u00eb n\u00eb fillim t\u00eb jav\u00ebs s\u00eb ardhshme t\u00eb shpall\u00eb zyrtarisht Qeverin\u00eb e re t\u00eb Mal t\u00eb Zi.<\/p>\n<p>VAO<\/p>\n<\/div>\n","protected":false},"excerpt":{"rendered":"<p>Koalicioni \u201cShqiptar\u00ebt t\u00eb vendosur\u201d, i cili n\u00eb zgjedhjet e 16 tetorit mori nj\u00eb vend n\u00eb Parlamentin e Malit t\u00eb Zi, arriti sot marr\u00ebveshje me Partin\u00eb Demokratike Socialiste t\u00eb kryeministrit malazez Milo Gjukanoviq p\u00ebr bashk\u00ebqeverisje n\u00eb Malin e Zi. Marr\u00ebveshja u arrit pasi koalicioni shqiptar dhe Partia Demokratike Socialiste, q\u00eb fitoi m\u00eb shum\u00eb vota n\u00eb k\u00ebto [&hellip;]<\/p>\n","protected":false},"author":1,"featured_media":0,"comment_status":"closed","ping_status":"closed","sticky":false,"template":"","format":"standard","meta":{"spay_email":"","jetpack_publicize_message":"","jetpack_is_tweetstorm":false,"jetpack_publicize_feature_enabled":true},"categories":[1,12],"tags":[],"jetpack_publicize_connections":[],"yoast_head":"<!-- This site is optimized with the Yoast SEO plugin v19.1 - https:\/\/yoast.com\/wordpress\/plugins\/seo\/ -->\n<title>Shqiptar\u00ebt p\u00ebrfshihen n\u00eb qeverin\u00eb e re t\u00eb Malit t\u00eb Zi - Lajme nga Ulqini<\/title>\n<meta name=\"description\" content=\"Koalicioni \u201cShqiptar\u00ebt t\u00eb vendosur\u201d, i cili n\u00eb zgjedhjet e 16 tetorit mori nj\u00eb vend n\u00eb Parlamentin e Malit t\u00eb Zi, arriti sot marr\u00ebveshje me Partin\u00eb\" \/>\n<meta name=\"robots\" content=\"index, follow, max-snippet:-1, max-image-preview:large, max-video-preview:-1\" \/>\n<link rel=\"canonical\" href=\"https:\/\/www.visit-ulcinj.com\/blog\/2016\/11\/25\/shqiptaret-perfshihen-ne-qeverine-e-re-te-malit-te-zi\/\" \/>\n<meta property=\"og:locale\" content=\"en_US\" \/>\n<meta property=\"og:type\" content=\"article\" \/>\n<meta property=\"og:title\" content=\"Shqiptar\u00ebt p\u00ebrfshihen n\u00eb qeverin\u00eb e re t\u00eb Malit t\u00eb Zi - Lajme nga Ulqini\" \/>\n<meta property=\"og:description\" content=\"Koalicioni \u201cShqiptar\u00ebt t\u00eb vendosur\u201d, i cili n\u00eb zgjedhjet e 16 tetorit mori nj\u00eb vend n\u00eb Parlamentin e Malit t\u00eb Zi, arriti sot marr\u00ebveshje me Partin\u00eb\" \/>\n<meta property=\"og:url\" content=\"https:\/\/www.visit-ulcinj.com\/blog\/2016\/11\/25\/shqiptaret-perfshihen-ne-qeverine-e-re-te-malit-te-zi\/\" \/>\n<meta property=\"og:site_name\" content=\"Lajme nga Ulqini\" \/>\n<meta property=\"article:published_time\" content=\"2016-11-25T19:26:44+00:00\" \/>\n<meta property=\"article:modified_time\" content=\"2016-11-25T21:53:35+00:00\" \/>\n<meta property=\"og:image\" content=\"http:\/\/www.visit-ulcinj.com\/blog\/wp-content\/uploads\/2016\/11\/Kuvendi-I-Malit-te-Zi-Genci-Nimanbegu.jpg\" \/>\n<meta name=\"twitter:label1\" content=\"Written by\" \/>\n\t<meta name=\"twitter:data1\" content=\"ulqini\" \/>\n\t<meta name=\"twitter:label2\" content=\"Est. reading time\" \/>\n\t<meta name=\"twitter:data2\" content=\"1 minute\" \/>\n<script type=\"application\/ld+json\" class=\"yoast-schema-graph\">{\"@context\":\"https:\/\/schema.org\",\"@graph\":[{\"@type\":\"WebSite\",\"@id\":\"https:\/\/www.visit-ulcinj.com\/blog\/#website\",\"url\":\"https:\/\/www.visit-ulcinj.com\/blog\/\",\"name\":\"Lajme nga Ulqini\",\"description\":\"Lajme,Vijesti,Ulqini,Ulqin,Crna Gora,Mali i Zi\",\"potentialAction\":[{\"@type\":\"SearchAction\",\"target\":{\"@type\":\"EntryPoint\",\"urlTemplate\":\"https:\/\/www.visit-ulcinj.com\/blog\/?s={search_term_string}\"},\"query-input\":\"required name=search_term_string\"}],\"inLanguage\":\"en-US\"},{\"@type\":\"ImageObject\",\"inLanguage\":\"en-US\",\"@id\":\"https:\/\/www.visit-ulcinj.com\/blog\/2016\/11\/25\/shqiptaret-perfshihen-ne-qeverine-e-re-te-malit-te-zi\/#primaryimage\",\"url\":\"https:\/\/www.visit-ulcinj.com\/blog\/wp-content\/uploads\/2016\/11\/Kuvendi-I-Malit-te-Zi-Genci-Nimanbegu.jpg\",\"contentUrl\":\"https:\/\/www.visit-ulcinj.com\/blog\/wp-content\/uploads\/2016\/11\/Kuvendi-I-Malit-te-Zi-Genci-Nimanbegu.jpg\",\"width\":800,\"height\":533},{\"@type\":\"WebPage\",\"@id\":\"https:\/\/www.visit-ulcinj.com\/blog\/2016\/11\/25\/shqiptaret-perfshihen-ne-qeverine-e-re-te-malit-te-zi\/#webpage\",\"url\":\"https:\/\/www.visit-ulcinj.com\/blog\/2016\/11\/25\/shqiptaret-perfshihen-ne-qeverine-e-re-te-malit-te-zi\/\",\"name\":\"Shqiptar\u00ebt p\u00ebrfshihen n\u00eb qeverin\u00eb e re t\u00eb Malit t\u00eb Zi - Lajme nga Ulqini\",\"isPartOf\":{\"@id\":\"https:\/\/www.visit-ulcinj.com\/blog\/#website\"},\"primaryImageOfPage\":{\"@id\":\"https:\/\/www.visit-ulcinj.com\/blog\/2016\/11\/25\/shqiptaret-perfshihen-ne-qeverine-e-re-te-malit-te-zi\/#primaryimage\"},\"datePublished\":\"2016-11-25T19:26:44+00:00\",\"dateModified\":\"2016-11-25T21:53:35+00:00\",\"author\":{\"@id\":\"https:\/\/www.visit-ulcinj.com\/blog\/#\/schema\/person\/dcab619c614d3038751c63bc2aadc06d\"},\"description\":\"Koalicioni \u201cShqiptar\u00ebt t\u00eb vendosur\u201d, i cili n\u00eb zgjedhjet e 16 tetorit mori nj\u00eb vend n\u00eb Parlamentin e Malit t\u00eb Zi, arriti sot marr\u00ebveshje me Partin\u00eb\",\"breadcrumb\":{\"@id\":\"https:\/\/www.visit-ulcinj.com\/blog\/2016\/11\/25\/shqiptaret-perfshihen-ne-qeverine-e-re-te-malit-te-zi\/#breadcrumb\"},\"inLanguage\":\"en-US\",\"potentialAction\":[{\"@type\":\"ReadAction\",\"target\":[\"https:\/\/www.visit-ulcinj.com\/blog\/2016\/11\/25\/shqiptaret-perfshihen-ne-qeverine-e-re-te-malit-te-zi\/\"]}]},{\"@type\":\"BreadcrumbList\",\"@id\":\"https:\/\/www.visit-ulcinj.com\/blog\/2016\/11\/25\/shqiptaret-perfshihen-ne-qeverine-e-re-te-malit-te-zi\/#breadcrumb\",\"itemListElement\":[{\"@type\":\"ListItem\",\"position\":1,\"name\":\"Shqiptar\u00ebt p\u00ebrfshihen n\u00eb qeverin\u00eb e re t\u00eb Malit t\u00eb Zi\"}]},{\"@type\":\"Person\",\"@id\":\"https:\/\/www.visit-ulcinj.com\/blog\/#\/schema\/person\/dcab619c614d3038751c63bc2aadc06d\",\"name\":\"ulqini\",\"sameAs\":[\"http:\/\/www.visit-ulcinj.com\"],\"url\":\"https:\/\/www.visit-ulcinj.com\/blog\/author\/admin\/\"}]}<\/script>\n<!-- \/ Yoast SEO plugin. -->","yoast_head_json":{"title":"Shqiptar\u00ebt p\u00ebrfshihen n\u00eb qeverin\u00eb e re t\u00eb Malit t\u00eb Zi - Lajme nga Ulqini","description":"Koalicioni \u201cShqiptar\u00ebt t\u00eb vendosur\u201d, i cili n\u00eb zgjedhjet e 16 tetorit mori nj\u00eb vend n\u00eb Parlamentin e Malit t\u00eb Zi, arriti sot marr\u00ebveshje me Partin\u00eb","robots":{"index":"index","follow":"follow","max-snippet":"max-snippet:-1","max-image-preview":"max-image-preview:large","max-video-preview":"max-video-preview:-1"},"canonical":"https:\/\/www.visit-ulcinj.com\/blog\/2016\/11\/25\/shqiptaret-perfshihen-ne-qeverine-e-re-te-malit-te-zi\/","og_locale":"en_US","og_type":"article","og_title":"Shqiptar\u00ebt p\u00ebrfshihen n\u00eb qeverin\u00eb e re t\u00eb Malit t\u00eb Zi - Lajme nga Ulqini","og_description":"Koalicioni \u201cShqiptar\u00ebt t\u00eb vendosur\u201d, i cili n\u00eb zgjedhjet e 16 tetorit mori nj\u00eb vend n\u00eb Parlamentin e Malit t\u00eb Zi, arriti sot marr\u00ebveshje me Partin\u00eb","og_url":"https:\/\/www.visit-ulcinj.com\/blog\/2016\/11\/25\/shqiptaret-perfshihen-ne-qeverine-e-re-te-malit-te-zi\/","og_site_name":"Lajme nga Ulqini","article_published_time":"2016-11-25T19:26:44+00:00","article_modified_time":"2016-11-25T21:53:35+00:00","og_image":[{"url":"http:\/\/www.visit-ulcinj.com\/blog\/wp-content\/uploads\/2016\/11\/Kuvendi-I-Malit-te-Zi-Genci-Nimanbegu.jpg"}],"twitter_misc":{"Written by":"ulqini","Est. reading time":"1 minute"},"schema":{"@context":"https:\/\/schema.org","@graph":[{"@type":"WebSite","@id":"https:\/\/www.visit-ulcinj.com\/blog\/#website","url":"https:\/\/www.visit-ulcinj.com\/blog\/","name":"Lajme nga Ulqini","description":"Lajme,Vijesti,Ulqini,Ulqin,Crna Gora,Mali i Zi","potentialAction":[{"@type":"SearchAction","target":{"@type":"EntryPoint","urlTemplate":"https:\/\/www.visit-ulcinj.com\/blog\/?s={search_term_string}"},"query-input":"required name=search_term_string"}],"inLanguage":"en-US"},{"@type":"ImageObject","inLanguage":"en-US","@id":"https:\/\/www.visit-ulcinj.com\/blog\/2016\/11\/25\/shqiptaret-perfshihen-ne-qeverine-e-re-te-malit-te-zi\/#primaryimage","url":"https:\/\/www.visit-ulcinj.com\/blog\/wp-content\/uploads\/2016\/11\/Kuvendi-I-Malit-te-Zi-Genci-Nimanbegu.jpg","contentUrl":"https:\/\/www.visit-ulcinj.com\/blog\/wp-content\/uploads\/2016\/11\/Kuvendi-I-Malit-te-Zi-Genci-Nimanbegu.jpg","width":800,"height":533},{"@type":"WebPage","@id":"https:\/\/www.visit-ulcinj.com\/blog\/2016\/11\/25\/shqiptaret-perfshihen-ne-qeverine-e-re-te-malit-te-zi\/#webpage","url":"https:\/\/www.visit-ulcinj.com\/blog\/2016\/11\/25\/shqiptaret-perfshihen-ne-qeverine-e-re-te-malit-te-zi\/","name":"Shqiptar\u00ebt p\u00ebrfshihen n\u00eb qeverin\u00eb e re t\u00eb Malit t\u00eb Zi - Lajme nga Ulqini","isPartOf":{"@id":"https:\/\/www.visit-ulcinj.com\/blog\/#website"},"primaryImageOfPage":{"@id":"https:\/\/www.visit-ulcinj.com\/blog\/2016\/11\/25\/shqiptaret-perfshihen-ne-qeverine-e-re-te-malit-te-zi\/#primaryimage"},"datePublished":"2016-11-25T19:26:44+00:00","dateModified":"2016-11-25T21:53:35+00:00","author":{"@id":"https:\/\/www.visit-ulcinj.com\/blog\/#\/schema\/person\/dcab619c614d3038751c63bc2aadc06d"},"description":"Koalicioni \u201cShqiptar\u00ebt t\u00eb vendosur\u201d, i cili n\u00eb zgjedhjet e 16 tetorit mori nj\u00eb vend n\u00eb Parlamentin e Malit t\u00eb Zi, arriti sot marr\u00ebveshje me Partin\u00eb","breadcrumb":{"@id":"https:\/\/www.visit-ulcinj.com\/blog\/2016\/11\/25\/shqiptaret-perfshihen-ne-qeverine-e-re-te-malit-te-zi\/#breadcrumb"},"inLanguage":"en-US","potentialAction":[{"@type":"ReadAction","target":["https:\/\/www.visit-ulcinj.com\/blog\/2016\/11\/25\/shqiptaret-perfshihen-ne-qeverine-e-re-te-malit-te-zi\/"]}]},{"@type":"BreadcrumbList","@id":"https:\/\/www.visit-ulcinj.com\/blog\/2016\/11\/25\/shqiptaret-perfshihen-ne-qeverine-e-re-te-malit-te-zi\/#breadcrumb","itemListElement":[{"@type":"ListItem","position":1,"name":"Shqiptar\u00ebt p\u00ebrfshihen n\u00eb qeverin\u00eb e re t\u00eb Malit t\u00eb Zi"}]},{"@type":"Person","@id":"https:\/\/www.visit-ulcinj.com\/blog\/#\/schema\/person\/dcab619c614d3038751c63bc2aadc06d","name":"ulqini","sameAs":["http:\/\/www.visit-ulcinj.com"],"url":"https:\/\/www.visit-ulcinj.com\/blog\/author\/admin\/"}]}},"jetpack_featured_media_url":"","jetpack_sharing_enabled":true,"jetpack_shortlink":"https:\/\/wp.me\/pe6lTn-qkz","_links":{"self":[{"href":"https:\/\/www.visit-ulcinj.com\/blog\/wp-json\/wp\/v2\/posts\/101219"}],"collection":[{"href":"https:\/\/www.visit-ulcinj.com\/blog\/wp-json\/wp\/v2\/posts"}],"about":[{"href":"https:\/\/www.visit-ulcinj.com\/blog\/wp-json\/wp\/v2\/types\/post"}],"author":[{"embeddable":true,"href":"https:\/\/www.visit-ulcinj.com\/blog\/wp-json\/wp\/v2\/users\/1"}],"replies":[{"embeddable":true,"href":"https:\/\/www.visit-ulcinj.com\/blog\/wp-json\/wp\/v2\/comments?post=101219"}],"version-history":[{"count":1,"href":"https:\/\/www.visit-ulcinj.com\/blog\/wp-json\/wp\/v2\/posts\/101219\/revisions"}],"predecessor-version":[{"id":101221,"href":"https:\/\/www.visit-ulcinj.com\/blog\/wp-json\/wp\/v2\/posts\/101219\/revisions\/101221"}],"wp:attachment":[{"href":"https:\/\/www.visit-ulcinj.com\/blog\/wp-json\/wp\/v2\/media?parent=101219"}],"wp:term":[{"taxonomy":"category","embeddable":true,"href":"https:\/\/www.visit-ulcinj.com\/blog\/wp-json\/wp\/v2\/categories?post=101219"},{"taxonomy":"post_tag","embeddable":true,"href":"https:\/\/www.visit-ulcinj.com\/blog\/wp-json\/wp\/v2\/tags?post=101219"}],"curies":[{"name":"wp","href":"https:\/\/api.w.org\/{rel}","templated":true}]}}