{"id":101222,"date":"2016-11-25T20:39:00","date_gmt":"2016-11-25T19:39:00","guid":{"rendered":"http:\/\/www.visit-ulcinj.com\/blog\/?p=101222"},"modified":"2016-11-25T20:39:00","modified_gmt":"2016-11-25T19:39:00","slug":"rebalans-ulcinjskog-budzeta-na-cekanju","status":"publish","type":"post","link":"https:\/\/www.visit-ulcinj.com\/blog\/2016\/11\/25\/rebalans-ulcinjskog-budzeta-na-cekanju\/","title":{"rendered":"Rebalans ulcinjskog bud\u017eeta na \u010dekanju"},"content":{"rendered":"<p><a href=\"http:\/\/www.visit-ulcinj.com\/blog\/wp-content\/uploads\/2013\/12\/opstina-ulcinj.jpg\"><img loading=\"lazy\" class=\"alignleft wp-image-77143\" src=\"http:\/\/www.visit-ulcinj.com\/blog\/wp-content\/uploads\/2013\/12\/opstina-ulcinj.jpg\" alt=\"opstina-ulcinj\" width=\"508\" height=\"381\" srcset=\"https:\/\/www.visit-ulcinj.com\/blog\/wp-content\/uploads\/2013\/12\/opstina-ulcinj.jpg 1000w, https:\/\/www.visit-ulcinj.com\/blog\/wp-content\/uploads\/2013\/12\/opstina-ulcinj-300x225.jpg 300w\" sizes=\"(max-width: 508px) 100vw, 508px\" \/><\/a>Iako je bilo najavljeno da \u0107e do kraja ovog mjeseca biti odr\u017eana sjednica Skup\u0161tine op\u0161tine Ulcinj na kojoj bi se razmatrao rebalans bud\u017eeta za ovu godinu, to se ne\u0107e desiti, pi\u0161e Ul-info.<\/p>\n<p>Naime, izvr\u0161na vlast taj dokument nije uputila Parlamentu, jer se jo\u0161 \u010deka na saglasnost Ministarstva finansija.<\/p>\n<p>U rukovodstvu Skup\u0161tine op\u0161tine ka\u017eu da bi tokom decembra trebalo da se raspravlja i o Prostorno-urbanisti\u010dkom planu ove op\u0161tine.<\/p>\n<p>Izvor: RTCG<\/p>\n","protected":false},"excerpt":{"rendered":"<p>Iako je bilo najavljeno da \u0107e do kraja ovog mjeseca biti odr\u017eana sjednica Skup\u0161tine op\u0161tine Ulcinj na kojoj bi se razmatrao rebalans bud\u017eeta za ovu godinu, to se ne\u0107e desiti, pi\u0161e Ul-info. Naime, izvr\u0161na vlast taj dokument nije uputila Parlamentu, jer se jo\u0161 \u010deka na saglasnost Ministarstva finansija. U rukovodstvu Skup\u0161tine op\u0161tine ka\u017eu da bi [&hellip;]<\/p>\n","protected":false},"author":1,"featured_media":0,"comment_status":"closed","ping_status":"closed","sticky":false,"template":"","format":"standard","meta":{"spay_email":"","jetpack_publicize_message":"","jetpack_is_tweetstorm":false,"jetpack_publicize_feature_enabled":true},"categories":[8337],"tags":[],"jetpack_publicize_connections":[],"yoast_head":"<!-- This site is optimized with the Yoast SEO plugin v19.1 - https:\/\/yoast.com\/wordpress\/plugins\/seo\/ -->\n<title>Rebalans ulcinjskog bud\u017eeta na \u010dekanju - Lajme nga Ulqini<\/title>\n<meta name=\"description\" content=\"Iako je bilo najavljeno da \u0107e do kraja ovog mjeseca biti odr\u017eana sjednica Skup\u0161tine op\u0161tine Ulcinj na kojoj bi se razmatrao rebalans bud\u017eeta za ovu\" \/>\n<meta name=\"robots\" content=\"index, follow, max-snippet:-1, max-image-preview:large, max-video-preview:-1\" \/>\n<link rel=\"canonical\" href=\"https:\/\/www.visit-ulcinj.com\/blog\/2016\/11\/25\/rebalans-ulcinjskog-budzeta-na-cekanju\/\" \/>\n<meta property=\"og:locale\" content=\"en_US\" \/>\n<meta property=\"og:type\" content=\"article\" \/>\n<meta property=\"og:title\" content=\"Rebalans ulcinjskog bud\u017eeta na \u010dekanju - Lajme nga Ulqini\" \/>\n<meta property=\"og:description\" content=\"Iako je bilo najavljeno da \u0107e do kraja ovog mjeseca biti odr\u017eana sjednica Skup\u0161tine op\u0161tine Ulcinj na kojoj bi se razmatrao rebalans bud\u017eeta za ovu\" \/>\n<meta property=\"og:url\" content=\"https:\/\/www.visit-ulcinj.com\/blog\/2016\/11\/25\/rebalans-ulcinjskog-budzeta-na-cekanju\/\" \/>\n<meta property=\"og:site_name\" content=\"Lajme nga Ulqini\" \/>\n<meta property=\"article:published_time\" content=\"2016-11-25T19:39:00+00:00\" \/>\n<meta property=\"og:image\" content=\"http:\/\/www.visit-ulcinj.com\/blog\/wp-content\/uploads\/2013\/12\/opstina-ulcinj.jpg\" \/>\n<meta name=\"twitter:label1\" content=\"Written by\" \/>\n\t<meta name=\"twitter:data1\" content=\"ulqini\" \/>\n<script type=\"application\/ld+json\" class=\"yoast-schema-graph\">{\"@context\":\"https:\/\/schema.org\",\"@graph\":[{\"@type\":\"WebSite\",\"@id\":\"https:\/\/www.visit-ulcinj.com\/blog\/#website\",\"url\":\"https:\/\/www.visit-ulcinj.com\/blog\/\",\"name\":\"Lajme nga Ulqini\",\"description\":\"Lajme,Vijesti,Ulqini,Ulqin,Crna Gora,Mali i Zi\",\"potentialAction\":[{\"@type\":\"SearchAction\",\"target\":{\"@type\":\"EntryPoint\",\"urlTemplate\":\"https:\/\/www.visit-ulcinj.com\/blog\/?s={search_term_string}\"},\"query-input\":\"required name=search_term_string\"}],\"inLanguage\":\"en-US\"},{\"@type\":\"ImageObject\",\"inLanguage\":\"en-US\",\"@id\":\"https:\/\/www.visit-ulcinj.com\/blog\/2016\/11\/25\/rebalans-ulcinjskog-budzeta-na-cekanju\/#primaryimage\",\"url\":\"https:\/\/www.visit-ulcinj.com\/blog\/wp-content\/uploads\/2013\/12\/opstina-ulcinj.jpg\",\"contentUrl\":\"https:\/\/www.visit-ulcinj.com\/blog\/wp-content\/uploads\/2013\/12\/opstina-ulcinj.jpg\",\"width\":1000,\"height\":750},{\"@type\":\"WebPage\",\"@id\":\"https:\/\/www.visit-ulcinj.com\/blog\/2016\/11\/25\/rebalans-ulcinjskog-budzeta-na-cekanju\/#webpage\",\"url\":\"https:\/\/www.visit-ulcinj.com\/blog\/2016\/11\/25\/rebalans-ulcinjskog-budzeta-na-cekanju\/\",\"name\":\"Rebalans ulcinjskog bud\u017eeta na \u010dekanju - Lajme nga Ulqini\",\"isPartOf\":{\"@id\":\"https:\/\/www.visit-ulcinj.com\/blog\/#website\"},\"primaryImageOfPage\":{\"@id\":\"https:\/\/www.visit-ulcinj.com\/blog\/2016\/11\/25\/rebalans-ulcinjskog-budzeta-na-cekanju\/#primaryimage\"},\"datePublished\":\"2016-11-25T19:39:00+00:00\",\"dateModified\":\"2016-11-25T19:39:00+00:00\",\"author\":{\"@id\":\"https:\/\/www.visit-ulcinj.com\/blog\/#\/schema\/person\/dcab619c614d3038751c63bc2aadc06d\"},\"description\":\"Iako je bilo najavljeno da \u0107e do kraja ovog mjeseca biti odr\u017eana sjednica Skup\u0161tine op\u0161tine Ulcinj na kojoj bi se razmatrao rebalans bud\u017eeta za ovu\",\"breadcrumb\":{\"@id\":\"https:\/\/www.visit-ulcinj.com\/blog\/2016\/11\/25\/rebalans-ulcinjskog-budzeta-na-cekanju\/#breadcrumb\"},\"inLanguage\":\"en-US\",\"potentialAction\":[{\"@type\":\"ReadAction\",\"target\":[\"https:\/\/www.visit-ulcinj.com\/blog\/2016\/11\/25\/rebalans-ulcinjskog-budzeta-na-cekanju\/\"]}]},{\"@type\":\"BreadcrumbList\",\"@id\":\"https:\/\/www.visit-ulcinj.com\/blog\/2016\/11\/25\/rebalans-ulcinjskog-budzeta-na-cekanju\/#breadcrumb\",\"itemListElement\":[{\"@type\":\"ListItem\",\"position\":1,\"name\":\"Rebalans ulcinjskog bud\u017eeta na \u010dekanju\"}]},{\"@type\":\"Person\",\"@id\":\"https:\/\/www.visit-ulcinj.com\/blog\/#\/schema\/person\/dcab619c614d3038751c63bc2aadc06d\",\"name\":\"ulqini\",\"sameAs\":[\"http:\/\/www.visit-ulcinj.com\"],\"url\":\"https:\/\/www.visit-ulcinj.com\/blog\/author\/admin\/\"}]}<\/script>\n<!-- \/ Yoast SEO plugin. -->","yoast_head_json":{"title":"Rebalans ulcinjskog bud\u017eeta na \u010dekanju - Lajme nga Ulqini","description":"Iako je bilo najavljeno da \u0107e do kraja ovog mjeseca biti odr\u017eana sjednica Skup\u0161tine op\u0161tine Ulcinj na kojoj bi se razmatrao rebalans bud\u017eeta za ovu","robots":{"index":"index","follow":"follow","max-snippet":"max-snippet:-1","max-image-preview":"max-image-preview:large","max-video-preview":"max-video-preview:-1"},"canonical":"https:\/\/www.visit-ulcinj.com\/blog\/2016\/11\/25\/rebalans-ulcinjskog-budzeta-na-cekanju\/","og_locale":"en_US","og_type":"article","og_title":"Rebalans ulcinjskog bud\u017eeta na \u010dekanju - Lajme nga Ulqini","og_description":"Iako je bilo najavljeno da \u0107e do kraja ovog mjeseca biti odr\u017eana sjednica Skup\u0161tine op\u0161tine Ulcinj na kojoj bi se razmatrao rebalans bud\u017eeta za ovu","og_url":"https:\/\/www.visit-ulcinj.com\/blog\/2016\/11\/25\/rebalans-ulcinjskog-budzeta-na-cekanju\/","og_site_name":"Lajme nga Ulqini","article_published_time":"2016-11-25T19:39:00+00:00","og_image":[{"url":"http:\/\/www.visit-ulcinj.com\/blog\/wp-content\/uploads\/2013\/12\/opstina-ulcinj.jpg"}],"twitter_misc":{"Written by":"ulqini"},"schema":{"@context":"https:\/\/schema.org","@graph":[{"@type":"WebSite","@id":"https:\/\/www.visit-ulcinj.com\/blog\/#website","url":"https:\/\/www.visit-ulcinj.com\/blog\/","name":"Lajme nga Ulqini","description":"Lajme,Vijesti,Ulqini,Ulqin,Crna Gora,Mali i Zi","potentialAction":[{"@type":"SearchAction","target":{"@type":"EntryPoint","urlTemplate":"https:\/\/www.visit-ulcinj.com\/blog\/?s={search_term_string}"},"query-input":"required name=search_term_string"}],"inLanguage":"en-US"},{"@type":"ImageObject","inLanguage":"en-US","@id":"https:\/\/www.visit-ulcinj.com\/blog\/2016\/11\/25\/rebalans-ulcinjskog-budzeta-na-cekanju\/#primaryimage","url":"https:\/\/www.visit-ulcinj.com\/blog\/wp-content\/uploads\/2013\/12\/opstina-ulcinj.jpg","contentUrl":"https:\/\/www.visit-ulcinj.com\/blog\/wp-content\/uploads\/2013\/12\/opstina-ulcinj.jpg","width":1000,"height":750},{"@type":"WebPage","@id":"https:\/\/www.visit-ulcinj.com\/blog\/2016\/11\/25\/rebalans-ulcinjskog-budzeta-na-cekanju\/#webpage","url":"https:\/\/www.visit-ulcinj.com\/blog\/2016\/11\/25\/rebalans-ulcinjskog-budzeta-na-cekanju\/","name":"Rebalans ulcinjskog bud\u017eeta na \u010dekanju - Lajme nga Ulqini","isPartOf":{"@id":"https:\/\/www.visit-ulcinj.com\/blog\/#website"},"primaryImageOfPage":{"@id":"https:\/\/www.visit-ulcinj.com\/blog\/2016\/11\/25\/rebalans-ulcinjskog-budzeta-na-cekanju\/#primaryimage"},"datePublished":"2016-11-25T19:39:00+00:00","dateModified":"2016-11-25T19:39:00+00:00","author":{"@id":"https:\/\/www.visit-ulcinj.com\/blog\/#\/schema\/person\/dcab619c614d3038751c63bc2aadc06d"},"description":"Iako je bilo najavljeno da \u0107e do kraja ovog mjeseca biti odr\u017eana sjednica Skup\u0161tine op\u0161tine Ulcinj na kojoj bi se razmatrao rebalans bud\u017eeta za ovu","breadcrumb":{"@id":"https:\/\/www.visit-ulcinj.com\/blog\/2016\/11\/25\/rebalans-ulcinjskog-budzeta-na-cekanju\/#breadcrumb"},"inLanguage":"en-US","potentialAction":[{"@type":"ReadAction","target":["https:\/\/www.visit-ulcinj.com\/blog\/2016\/11\/25\/rebalans-ulcinjskog-budzeta-na-cekanju\/"]}]},{"@type":"BreadcrumbList","@id":"https:\/\/www.visit-ulcinj.com\/blog\/2016\/11\/25\/rebalans-ulcinjskog-budzeta-na-cekanju\/#breadcrumb","itemListElement":[{"@type":"ListItem","position":1,"name":"Rebalans ulcinjskog bud\u017eeta na \u010dekanju"}]},{"@type":"Person","@id":"https:\/\/www.visit-ulcinj.com\/blog\/#\/schema\/person\/dcab619c614d3038751c63bc2aadc06d","name":"ulqini","sameAs":["http:\/\/www.visit-ulcinj.com"],"url":"https:\/\/www.visit-ulcinj.com\/blog\/author\/admin\/"}]}},"jetpack_featured_media_url":"","jetpack_sharing_enabled":true,"jetpack_shortlink":"https:\/\/wp.me\/pe6lTn-qkC","_links":{"self":[{"href":"https:\/\/www.visit-ulcinj.com\/blog\/wp-json\/wp\/v2\/posts\/101222"}],"collection":[{"href":"https:\/\/www.visit-ulcinj.com\/blog\/wp-json\/wp\/v2\/posts"}],"about":[{"href":"https:\/\/www.visit-ulcinj.com\/blog\/wp-json\/wp\/v2\/types\/post"}],"author":[{"embeddable":true,"href":"https:\/\/www.visit-ulcinj.com\/blog\/wp-json\/wp\/v2\/users\/1"}],"replies":[{"embeddable":true,"href":"https:\/\/www.visit-ulcinj.com\/blog\/wp-json\/wp\/v2\/comments?post=101222"}],"version-history":[{"count":1,"href":"https:\/\/www.visit-ulcinj.com\/blog\/wp-json\/wp\/v2\/posts\/101222\/revisions"}],"predecessor-version":[{"id":101223,"href":"https:\/\/www.visit-ulcinj.com\/blog\/wp-json\/wp\/v2\/posts\/101222\/revisions\/101223"}],"wp:attachment":[{"href":"https:\/\/www.visit-ulcinj.com\/blog\/wp-json\/wp\/v2\/media?parent=101222"}],"wp:term":[{"taxonomy":"category","embeddable":true,"href":"https:\/\/www.visit-ulcinj.com\/blog\/wp-json\/wp\/v2\/categories?post=101222"},{"taxonomy":"post_tag","embeddable":true,"href":"https:\/\/www.visit-ulcinj.com\/blog\/wp-json\/wp\/v2\/tags?post=101222"}],"curies":[{"name":"wp","href":"https:\/\/api.w.org\/{rel}","templated":true}]}}